{"id":30163,"date":"2026-04-30T14:01:59","date_gmt":"2026-04-30T13:01:59","guid":{"rendered":"https:\/\/euricse.eu\/?p=30163"},"modified":"2026-04-30T14:01:59","modified_gmt":"2026-04-30T13:01:59","slug":"non-viceversa-leconomia-per-le-persone-i-territori-e-la-democrazia","status":"publish","type":"post","link":"https:\/\/euricse.eu\/it\/non-viceversa-leconomia-per-le-persone-i-territori-e-la-democrazia\/","title":{"rendered":"NON VICEVERSA. L\u2019economia per le persone, i territori e la democrazia"},"content":{"rendered":"<p>\u201c<a href=\"https:\/\/relazioni.online\/economia-per-le-persone-e-non-viceversa\/\" target=\"_blank\" rel=\"noopener\">NON VICEVERSA. L\u2019economia per le persone, i territori e la democrazia<\/a>\u201d a\u00a0cura di\u00a0<strong>Francesca Battistoni<\/strong>\u00a0e\u00a0<strong>Daniela Freddi\u00a0<\/strong>(Luca Sossella editore), \u00e8 un volume che\u00a0raccoglie contributi di vari autori sul ruolo dell\u2019economia nella societ\u00e0, tra cui un capitolo di\u00a0<strong>Gianluca Salvatori\u00a0<\/strong>dedicato all\u2019economia sociale. In occasione del\u00a0<strong>Festival dello Sviluppo Sostenibile 2026<\/strong>, il\u00a0<strong>12 maggio a Bologna<\/strong>\u00a0si terr\u00e0 un incontro di presentazione del volume, pensato come momento di confronto su modelli economici pi\u00f9 equi e sostenibili. Il focus \u00e8 sull\u2019idea che l\u2019economia debba essere al servizio delle persone, dei territori e della democrazia, e non guidata esclusivamente dalle logiche di mercato.<\/p>\n<p><a href=\"https:\/\/www.eventbrite.com\/e\/biglietti-non-viceversa-leconomia-per-le-persone-i-territori-e-la-democrazia-1987980291567\" target=\"_blank\" rel=\"noopener\">Prenota il tuo posto<\/a><\/p>\n","protected":false},"excerpt":{"rendered":"<p>\u201cNON VICEVERSA. L\u2019economia per le persone, i territori e la democrazia\u201d \u00e8 un volume che\u00a0raccoglie contributi di vari autori sul ruolo dell\u2019economia nella societ\u00e0, tra cui un capitolo di\u00a0Gianluca Salvatori\u00a0dedicato all\u2019economia sociale. Il 12 maggio a Bologna\u00a0si terr\u00e0 un incontro di presentazione del volume.<\/p>\n","protected":false},"author":35,"featured_media":30164,"comment_status":"closed","ping_status":"closed","sticky":false,"template":"","format":"standard","meta":{"_acf_changed":false,"episode_type":"","audio_file":"","cover_image":"","cover_image_id":"","duration":"","filesize":"","date_recorded":"","explicit":"","block":"","itunes_episode_number":"","itunes_title":"","itunes_season_number":"","itunes_episode_type":"","filesize_raw":"","footnotes":""},"categories":[17],"tags":[121,1111,2525,2526,2527,2528,2529],"class_list":["post-30163","post","type-post","status-publish","format-standard","has-post-thumbnail","hentry","category-news-it","tag-economia-sociale","tag-gianluca-salvatori-it","tag-non-viceversa-leconomia-per-le-persone","tag-i-territori-e-la-democrazia","tag-francesca-battistoni","tag-daniela-freddi","tag-festival-dello-sviluppo-sostenibile-2026"],"acf":[],"yoast_head":"<!-- This site is optimized with the Yoast SEO plugin v26.1.1 - https:\/\/yoast.com\/wordpress\/plugins\/seo\/ -->\n<title>NON VICEVERSA. L\u2019economia per le persone, i territori e la democrazia - Euricse<\/title>\n<meta name=\"description\" content=\"\u201cNON VICEVERSA. L\u2019economia per le persone, i territori e la democrazia\u201d \u00e8 un volume che\u00a0raccoglie contributi di vari autori sul ruolo dell\u2019economia nella societ\u00e0, tra cui un capitolo di\u00a0Gianluca Salvatori\u00a0dedicato all\u2019economia sociale. Il 12 maggio a Bologna\u00a0si terr\u00e0 un incontro di presentazione del volume.\" \/>\n<meta name=\"robots\" content=\"index, follow, max-snippet:-1, max-image-preview:large, max-video-preview:-1\" \/>\n<link rel=\"canonical\" href=\"https:\/\/euricse.eu\/it\/non-viceversa-leconomia-per-le-persone-i-territori-e-la-democrazia\/\" \/>\n<meta property=\"og:locale\" content=\"it_IT\" \/>\n<meta property=\"og:type\" content=\"article\" \/>\n<meta property=\"og:title\" content=\"NON VICEVERSA. L\u2019economia per le persone, i territori e la democrazia - Euricse\" \/>\n<meta property=\"og:description\" content=\"\u201cNON VICEVERSA. L\u2019economia per le persone, i territori e la democrazia\u201d \u00e8 un volume che\u00a0raccoglie contributi di vari autori sul ruolo dell\u2019economia nella societ\u00e0, tra cui un capitolo di\u00a0Gianluca Salvatori\u00a0dedicato all\u2019economia sociale. Il 12 maggio a Bologna\u00a0si terr\u00e0 un incontro di presentazione del volume.\" \/>\n<meta property=\"og:url\" content=\"https:\/\/euricse.eu\/it\/non-viceversa-leconomia-per-le-persone-i-territori-e-la-democrazia\/\" \/>\n<meta property=\"og:site_name\" content=\"Euricse\" \/>\n<meta property=\"article:published_time\" content=\"2026-04-30T13:01:59+00:00\" \/>\n<meta property=\"og:image\" content=\"https:\/\/euricse.eu\/wp-content\/uploads\/2026\/04\/NON-VICEVERSA.jpeg\" \/>\n\t<meta property=\"og:image:width\" content=\"500\" \/>\n\t<meta property=\"og:image:height\" content=\"500\" \/>\n\t<meta property=\"og:image:type\" content=\"image\/jpeg\" \/>\n<meta name=\"author\" content=\"comunicazione\" \/>\n<meta name=\"twitter:card\" content=\"summary_large_image\" \/>\n<meta name=\"twitter:label1\" content=\"Scritto da\" \/>\n\t<meta name=\"twitter:data1\" content=\"comunicazione\" \/>\n\t<meta name=\"twitter:label2\" content=\"Tempo di lettura stimato\" \/>\n\t<meta name=\"twitter:data2\" content=\"1 minuto\" \/>\n<script type=\"application\/ld+json\" class=\"yoast-schema-graph\">{\"@context\":\"https:\/\/schema.org\",\"@graph\":[{\"@type\":\"WebPage\",\"@id\":\"https:\/\/euricse.eu\/it\/non-viceversa-leconomia-per-le-persone-i-territori-e-la-democrazia\/\",\"url\":\"https:\/\/euricse.eu\/it\/non-viceversa-leconomia-per-le-persone-i-territori-e-la-democrazia\/\",\"name\":\"NON VICEVERSA. L\u2019economia per le persone, i territori e la democrazia - Euricse\",\"isPartOf\":{\"@id\":\"https:\/\/euricse.eu\/en\/#website\"},\"primaryImageOfPage\":{\"@id\":\"https:\/\/euricse.eu\/it\/non-viceversa-leconomia-per-le-persone-i-territori-e-la-democrazia\/#primaryimage\"},\"image\":{\"@id\":\"https:\/\/euricse.eu\/it\/non-viceversa-leconomia-per-le-persone-i-territori-e-la-democrazia\/#primaryimage\"},\"thumbnailUrl\":\"https:\/\/euricse.eu\/wp-content\/uploads\/2026\/04\/NON-VICEVERSA.jpeg\",\"datePublished\":\"2026-04-30T13:01:59+00:00\",\"author\":{\"@id\":\"https:\/\/euricse.eu\/en\/#\/schema\/person\/a6fb65fc189d71297f81c1e7bad30b9b\"},\"description\":\"\u201cNON VICEVERSA. L\u2019economia per le persone, i territori e la democrazia\u201d \u00e8 un volume che\u00a0raccoglie contributi di vari autori sul ruolo dell\u2019economia nella societ\u00e0, tra cui un capitolo di\u00a0Gianluca Salvatori\u00a0dedicato all\u2019economia sociale. Il 12 maggio a Bologna\u00a0si terr\u00e0 un incontro di presentazione del volume.\",\"breadcrumb\":{\"@id\":\"https:\/\/euricse.eu\/it\/non-viceversa-leconomia-per-le-persone-i-territori-e-la-democrazia\/#breadcrumb\"},\"inLanguage\":\"it-IT\",\"potentialAction\":[{\"@type\":\"ReadAction\",\"target\":[\"https:\/\/euricse.eu\/it\/non-viceversa-leconomia-per-le-persone-i-territori-e-la-democrazia\/\"]}]},{\"@type\":\"ImageObject\",\"inLanguage\":\"it-IT\",\"@id\":\"https:\/\/euricse.eu\/it\/non-viceversa-leconomia-per-le-persone-i-territori-e-la-democrazia\/#primaryimage\",\"url\":\"https:\/\/euricse.eu\/wp-content\/uploads\/2026\/04\/NON-VICEVERSA.jpeg\",\"contentUrl\":\"https:\/\/euricse.eu\/wp-content\/uploads\/2026\/04\/NON-VICEVERSA.jpeg\",\"width\":500,\"height\":500},{\"@type\":\"BreadcrumbList\",\"@id\":\"https:\/\/euricse.eu\/it\/non-viceversa-leconomia-per-le-persone-i-territori-e-la-democrazia\/#breadcrumb\",\"itemListElement\":[{\"@type\":\"ListItem\",\"position\":1,\"name\":\"Home\",\"item\":\"https:\/\/euricse.eu\/it\/\"},{\"@type\":\"ListItem\",\"position\":2,\"name\":\"NON VICEVERSA. L\u2019economia per le persone, i territori e la democrazia\"}]},{\"@type\":\"WebSite\",\"@id\":\"https:\/\/euricse.eu\/en\/#website\",\"url\":\"https:\/\/euricse.eu\/en\/\",\"name\":\"Euricse\",\"description\":\"Knowledge and innovation for cooperative and social enterprises.\",\"potentialAction\":[{\"@type\":\"SearchAction\",\"target\":{\"@type\":\"EntryPoint\",\"urlTemplate\":\"https:\/\/euricse.eu\/en\/?s={search_term_string}\"},\"query-input\":{\"@type\":\"PropertyValueSpecification\",\"valueRequired\":true,\"valueName\":\"search_term_string\"}}],\"inLanguage\":\"it-IT\"},{\"@type\":\"Person\",\"@id\":\"https:\/\/euricse.eu\/en\/#\/schema\/person\/a6fb65fc189d71297f81c1e7bad30b9b\",\"name\":\"comunicazione\",\"image\":{\"@type\":\"ImageObject\",\"inLanguage\":\"it-IT\",\"@id\":\"https:\/\/euricse.eu\/en\/#\/schema\/person\/image\/\",\"url\":\"https:\/\/secure.gravatar.com\/avatar\/7ac8e85cb1bd3ac912e2d8be2823f83faf319f680b909bfda1cb0b8239c97a6e?s=96&d=mm&r=g\",\"contentUrl\":\"https:\/\/secure.gravatar.com\/avatar\/7ac8e85cb1bd3ac912e2d8be2823f83faf319f680b909bfda1cb0b8239c97a6e?s=96&d=mm&r=g\",\"caption\":\"comunicazione\"},\"url\":\"https:\/\/euricse.eu\/it\/author\/comunicazione\/\"}]}<\/script>\n<!-- \/ Yoast SEO plugin. -->","yoast_head_json":{"title":"NON VICEVERSA. L\u2019economia per le persone, i territori e la democrazia - Euricse","description":"\u201cNON VICEVERSA. L\u2019economia per le persone, i territori e la democrazia\u201d \u00e8 un volume che\u00a0raccoglie contributi di vari autori sul ruolo dell\u2019economia nella societ\u00e0, tra cui un capitolo di\u00a0Gianluca Salvatori\u00a0dedicato all\u2019economia sociale. Il 12 maggio a Bologna\u00a0si terr\u00e0 un incontro di presentazione del volume.","robots":{"index":"index","follow":"follow","max-snippet":"max-snippet:-1","max-image-preview":"max-image-preview:large","max-video-preview":"max-video-preview:-1"},"canonical":"https:\/\/euricse.eu\/it\/non-viceversa-leconomia-per-le-persone-i-territori-e-la-democrazia\/","og_locale":"it_IT","og_type":"article","og_title":"NON VICEVERSA. L\u2019economia per le persone, i territori e la democrazia - Euricse","og_description":"\u201cNON VICEVERSA. L\u2019economia per le persone, i territori e la democrazia\u201d \u00e8 un volume che\u00a0raccoglie contributi di vari autori sul ruolo dell\u2019economia nella societ\u00e0, tra cui un capitolo di\u00a0Gianluca Salvatori\u00a0dedicato all\u2019economia sociale. Il 12 maggio a Bologna\u00a0si terr\u00e0 un incontro di presentazione del volume.","og_url":"https:\/\/euricse.eu\/it\/non-viceversa-leconomia-per-le-persone-i-territori-e-la-democrazia\/","og_site_name":"Euricse","article_published_time":"2026-04-30T13:01:59+00:00","og_image":[{"width":500,"height":500,"url":"https:\/\/euricse.eu\/wp-content\/uploads\/2026\/04\/NON-VICEVERSA.jpeg","type":"image\/jpeg"}],"author":"comunicazione","twitter_card":"summary_large_image","twitter_misc":{"Scritto da":"comunicazione","Tempo di lettura stimato":"1 minuto"},"schema":{"@context":"https:\/\/schema.org","@graph":[{"@type":"WebPage","@id":"https:\/\/euricse.eu\/it\/non-viceversa-leconomia-per-le-persone-i-territori-e-la-democrazia\/","url":"https:\/\/euricse.eu\/it\/non-viceversa-leconomia-per-le-persone-i-territori-e-la-democrazia\/","name":"NON VICEVERSA. L\u2019economia per le persone, i territori e la democrazia - Euricse","isPartOf":{"@id":"https:\/\/euricse.eu\/en\/#website"},"primaryImageOfPage":{"@id":"https:\/\/euricse.eu\/it\/non-viceversa-leconomia-per-le-persone-i-territori-e-la-democrazia\/#primaryimage"},"image":{"@id":"https:\/\/euricse.eu\/it\/non-viceversa-leconomia-per-le-persone-i-territori-e-la-democrazia\/#primaryimage"},"thumbnailUrl":"https:\/\/euricse.eu\/wp-content\/uploads\/2026\/04\/NON-VICEVERSA.jpeg","datePublished":"2026-04-30T13:01:59+00:00","author":{"@id":"https:\/\/euricse.eu\/en\/#\/schema\/person\/a6fb65fc189d71297f81c1e7bad30b9b"},"description":"\u201cNON VICEVERSA. L\u2019economia per le persone, i territori e la democrazia\u201d \u00e8 un volume che\u00a0raccoglie contributi di vari autori sul ruolo dell\u2019economia nella societ\u00e0, tra cui un capitolo di\u00a0Gianluca Salvatori\u00a0dedicato all\u2019economia sociale. Il 12 maggio a Bologna\u00a0si terr\u00e0 un incontro di presentazione del volume.","breadcrumb":{"@id":"https:\/\/euricse.eu\/it\/non-viceversa-leconomia-per-le-persone-i-territori-e-la-democrazia\/#breadcrumb"},"inLanguage":"it-IT","potentialAction":[{"@type":"ReadAction","target":["https:\/\/euricse.eu\/it\/non-viceversa-leconomia-per-le-persone-i-territori-e-la-democrazia\/"]}]},{"@type":"ImageObject","inLanguage":"it-IT","@id":"https:\/\/euricse.eu\/it\/non-viceversa-leconomia-per-le-persone-i-territori-e-la-democrazia\/#primaryimage","url":"https:\/\/euricse.eu\/wp-content\/uploads\/2026\/04\/NON-VICEVERSA.jpeg","contentUrl":"https:\/\/euricse.eu\/wp-content\/uploads\/2026\/04\/NON-VICEVERSA.jpeg","width":500,"height":500},{"@type":"BreadcrumbList","@id":"https:\/\/euricse.eu\/it\/non-viceversa-leconomia-per-le-persone-i-territori-e-la-democrazia\/#breadcrumb","itemListElement":[{"@type":"ListItem","position":1,"name":"Home","item":"https:\/\/euricse.eu\/it\/"},{"@type":"ListItem","position":2,"name":"NON VICEVERSA. L\u2019economia per le persone, i territori e la democrazia"}]},{"@type":"WebSite","@id":"https:\/\/euricse.eu\/en\/#website","url":"https:\/\/euricse.eu\/en\/","name":"Euricse","description":"Knowledge and innovation for cooperative and social enterprises.","potentialAction":[{"@type":"SearchAction","target":{"@type":"EntryPoint","urlTemplate":"https:\/\/euricse.eu\/en\/?s={search_term_string}"},"query-input":{"@type":"PropertyValueSpecification","valueRequired":true,"valueName":"search_term_string"}}],"inLanguage":"it-IT"},{"@type":"Person","@id":"https:\/\/euricse.eu\/en\/#\/schema\/person\/a6fb65fc189d71297f81c1e7bad30b9b","name":"comunicazione","image":{"@type":"ImageObject","inLanguage":"it-IT","@id":"https:\/\/euricse.eu\/en\/#\/schema\/person\/image\/","url":"https:\/\/secure.gravatar.com\/avatar\/7ac8e85cb1bd3ac912e2d8be2823f83faf319f680b909bfda1cb0b8239c97a6e?s=96&d=mm&r=g","contentUrl":"https:\/\/secure.gravatar.com\/avatar\/7ac8e85cb1bd3ac912e2d8be2823f83faf319f680b909bfda1cb0b8239c97a6e?s=96&d=mm&r=g","caption":"comunicazione"},"url":"https:\/\/euricse.eu\/it\/author\/comunicazione\/"}]}},"_links":{"self":[{"href":"https:\/\/euricse.eu\/it\/wp-json\/wp\/v2\/posts\/30163","targetHints":{"allow":["GET"]}}],"collection":[{"href":"https:\/\/euricse.eu\/it\/wp-json\/wp\/v2\/posts"}],"about":[{"href":"https:\/\/euricse.eu\/it\/wp-json\/wp\/v2\/types\/post"}],"author":[{"embeddable":true,"href":"https:\/\/euricse.eu\/it\/wp-json\/wp\/v2\/users\/35"}],"replies":[{"embeddable":true,"href":"https:\/\/euricse.eu\/it\/wp-json\/wp\/v2\/comments?post=30163"}],"version-history":[{"count":1,"href":"https:\/\/euricse.eu\/it\/wp-json\/wp\/v2\/posts\/30163\/revisions"}],"predecessor-version":[{"id":30166,"href":"https:\/\/euricse.eu\/it\/wp-json\/wp\/v2\/posts\/30163\/revisions\/30166"}],"wp:featuredmedia":[{"embeddable":true,"href":"https:\/\/euricse.eu\/it\/wp-json\/wp\/v2\/media\/30164"}],"wp:attachment":[{"href":"https:\/\/euricse.eu\/it\/wp-json\/wp\/v2\/media?parent=30163"}],"wp:term":[{"taxonomy":"category","embeddable":true,"href":"https:\/\/euricse.eu\/it\/wp-json\/wp\/v2\/categories?post=30163"},{"taxonomy":"post_tag","embeddable":true,"href":"https:\/\/euricse.eu\/it\/wp-json\/wp\/v2\/tags?post=30163"}],"curies":[{"name":"wp","href":"https:\/\/api.w.org\/{rel}","templated":true}]}}