{"id":30178,"date":"2026-04-30T14:14:52","date_gmt":"2026-04-30T13:14:52","guid":{"rendered":"https:\/\/euricse.eu\/?p=30178"},"modified":"2026-04-30T14:14:52","modified_gmt":"2026-04-30T13:14:52","slug":"diventa-protagonista-delleconomia-sociale-con-euricse-2","status":"publish","type":"post","link":"https:\/\/euricse.eu\/it\/diventa-protagonista-delleconomia-sociale-con-euricse-2\/","title":{"rendered":"Diventa protagonista dell\u2019economia sociale con EURICSE"},"content":{"rendered":"<p>Se credi nel potenziale dell\u2019<strong>economia sociale<\/strong>\u00a0e vuoi contribuire concretamente al suo sviluppo, diventare membro ordinario di EURICSE \u00e8 una scelta che fa la differenza. Con la tua adesione sostieni la nostra\u00a0<strong>ricerca scientifica\u00a0<\/strong>ed entri a far parte di una comunit\u00e0 che produce\u00a0<strong>conoscenza\u00a0<\/strong>sulle<strong>\u00a0<\/strong>organizzazioni dell\u2019economia sociale.<br \/>\nInoltre, puoi accedere a\u00a0<strong>servizi di consulenza<\/strong>\u00a0e\u00a0<strong>formazione<\/strong>\u00a0a condizioni agevolate e partecipare alla definizione delle\u00a0<strong>linee strategiche<\/strong>\u00a0dell\u2019organizzazione. Sono gi\u00e0 molte le realt\u00e0 che sostengono le nostre attivit\u00e0: unisciti anche tu e scopri i\u00a0<strong>vantaggi<\/strong>\u00a0<strong>riservati\u00a0<\/strong>ai membri ordinari.<br \/>\n<a href=\"https:\/\/euricse.us2.list-manage.com\/track\/click?u=1c9965065e22b72afa91c6488&amp;id=bbc311e31c&amp;e=ceda943ad7\" target=\"_blank\" rel=\"noopener\" data-saferedirecturl=\"https:\/\/www.google.com\/url?q=https:\/\/euricse.us2.list-manage.com\/track\/click?u%3D1c9965065e22b72afa91c6488%26id%3Dbbc311e31c%26e%3Dceda943ad7&amp;source=gmail&amp;ust=1777452089430000&amp;usg=AOvVaw2ooMaypvRObGHj_NBZppeP\">Scopri come aderire<\/a><\/p>\n","protected":false},"excerpt":{"rendered":"<p>Se credi nel potenziale dell\u2019economia sociale\u00a0e vuoi contribuire concretamente al suo sviluppo, diventare membro ordinario di EURICSE \u00e8 una scelta che fa la differenza.<\/p>\n","protected":false},"author":35,"featured_media":29947,"comment_status":"closed","ping_status":"closed","sticky":false,"template":"","format":"standard","meta":{"_acf_changed":false,"episode_type":"","audio_file":"","cover_image":"","cover_image_id":"","duration":"","filesize":"","date_recorded":"","explicit":"","block":"","itunes_episode_number":"","itunes_title":"","itunes_season_number":"","itunes_episode_type":"","filesize_raw":"","footnotes":""},"categories":[17],"tags":[121,264,2417,2539,2540,2541],"class_list":["post-30178","post","type-post","status-publish","format-standard","has-post-thumbnail","hentry","category-news-it","tag-economia-sociale","tag-formazione","tag-ricerca-scientifica","tag-conoscenza","tag-servizi-di-consulenza","tag-linee-strategiche"],"acf":[],"yoast_head":"<!-- This site is optimized with the Yoast SEO plugin v26.1.1 - https:\/\/yoast.com\/wordpress\/plugins\/seo\/ -->\n<title>Diventa protagonista dell\u2019economia sociale con EURICSE - Euricse<\/title>\n<meta name=\"description\" content=\"Se credi nel potenziale dell\u2019economia sociale\u00a0e vuoi contribuire concretamente al suo sviluppo, diventare membro ordinario di EURICSE \u00e8 una scelta che fa la differenza.\" \/>\n<meta name=\"robots\" content=\"index, follow, max-snippet:-1, max-image-preview:large, max-video-preview:-1\" \/>\n<link rel=\"canonical\" href=\"https:\/\/euricse.eu\/it\/diventa-protagonista-delleconomia-sociale-con-euricse-2\/\" \/>\n<meta property=\"og:locale\" content=\"it_IT\" \/>\n<meta property=\"og:type\" content=\"article\" \/>\n<meta property=\"og:title\" content=\"Diventa protagonista dell\u2019economia sociale con EURICSE - Euricse\" \/>\n<meta property=\"og:description\" content=\"Se credi nel potenziale dell\u2019economia sociale\u00a0e vuoi contribuire concretamente al suo sviluppo, diventare membro ordinario di EURICSE \u00e8 una scelta che fa la differenza.\" \/>\n<meta property=\"og:url\" content=\"https:\/\/euricse.eu\/it\/diventa-protagonista-delleconomia-sociale-con-euricse-2\/\" \/>\n<meta property=\"og:site_name\" content=\"Euricse\" \/>\n<meta property=\"article:published_time\" content=\"2026-04-30T13:14:52+00:00\" \/>\n<meta property=\"og:image\" content=\"https:\/\/euricse.eu\/wp-content\/uploads\/2026\/04\/unnamed-70.jpg\" \/>\n\t<meta property=\"og:image:width\" content=\"500\" \/>\n\t<meta property=\"og:image:height\" content=\"500\" \/>\n\t<meta property=\"og:image:type\" content=\"image\/jpeg\" \/>\n<meta name=\"author\" content=\"comunicazione\" \/>\n<meta name=\"twitter:card\" content=\"summary_large_image\" \/>\n<meta name=\"twitter:label1\" content=\"Scritto da\" \/>\n\t<meta name=\"twitter:data1\" content=\"comunicazione\" \/>\n\t<meta name=\"twitter:label2\" content=\"Tempo di lettura stimato\" \/>\n\t<meta name=\"twitter:data2\" content=\"1 minuto\" \/>\n<script type=\"application\/ld+json\" class=\"yoast-schema-graph\">{\"@context\":\"https:\/\/schema.org\",\"@graph\":[{\"@type\":\"WebPage\",\"@id\":\"https:\/\/euricse.eu\/it\/diventa-protagonista-delleconomia-sociale-con-euricse-2\/\",\"url\":\"https:\/\/euricse.eu\/it\/diventa-protagonista-delleconomia-sociale-con-euricse-2\/\",\"name\":\"Diventa protagonista dell\u2019economia sociale con EURICSE - Euricse\",\"isPartOf\":{\"@id\":\"https:\/\/euricse.eu\/en\/#website\"},\"primaryImageOfPage\":{\"@id\":\"https:\/\/euricse.eu\/it\/diventa-protagonista-delleconomia-sociale-con-euricse-2\/#primaryimage\"},\"image\":{\"@id\":\"https:\/\/euricse.eu\/it\/diventa-protagonista-delleconomia-sociale-con-euricse-2\/#primaryimage\"},\"thumbnailUrl\":\"https:\/\/euricse.eu\/wp-content\/uploads\/2026\/04\/unnamed-70.jpg\",\"datePublished\":\"2026-04-30T13:14:52+00:00\",\"author\":{\"@id\":\"https:\/\/euricse.eu\/en\/#\/schema\/person\/a6fb65fc189d71297f81c1e7bad30b9b\"},\"description\":\"Se credi nel potenziale dell\u2019economia sociale\u00a0e vuoi contribuire concretamente al suo sviluppo, diventare membro ordinario di EURICSE \u00e8 una scelta che fa la differenza.\",\"breadcrumb\":{\"@id\":\"https:\/\/euricse.eu\/it\/diventa-protagonista-delleconomia-sociale-con-euricse-2\/#breadcrumb\"},\"inLanguage\":\"it-IT\",\"potentialAction\":[{\"@type\":\"ReadAction\",\"target\":[\"https:\/\/euricse.eu\/it\/diventa-protagonista-delleconomia-sociale-con-euricse-2\/\"]}]},{\"@type\":\"ImageObject\",\"inLanguage\":\"it-IT\",\"@id\":\"https:\/\/euricse.eu\/it\/diventa-protagonista-delleconomia-sociale-con-euricse-2\/#primaryimage\",\"url\":\"https:\/\/euricse.eu\/wp-content\/uploads\/2026\/04\/unnamed-70.jpg\",\"contentUrl\":\"https:\/\/euricse.eu\/wp-content\/uploads\/2026\/04\/unnamed-70.jpg\",\"width\":500,\"height\":500},{\"@type\":\"BreadcrumbList\",\"@id\":\"https:\/\/euricse.eu\/it\/diventa-protagonista-delleconomia-sociale-con-euricse-2\/#breadcrumb\",\"itemListElement\":[{\"@type\":\"ListItem\",\"position\":1,\"name\":\"Home\",\"item\":\"https:\/\/euricse.eu\/it\/\"},{\"@type\":\"ListItem\",\"position\":2,\"name\":\"Diventa protagonista dell\u2019economia sociale con EURICSE\"}]},{\"@type\":\"WebSite\",\"@id\":\"https:\/\/euricse.eu\/en\/#website\",\"url\":\"https:\/\/euricse.eu\/en\/\",\"name\":\"Euricse\",\"description\":\"Knowledge and innovation for cooperative and social enterprises.\",\"potentialAction\":[{\"@type\":\"SearchAction\",\"target\":{\"@type\":\"EntryPoint\",\"urlTemplate\":\"https:\/\/euricse.eu\/en\/?s={search_term_string}\"},\"query-input\":{\"@type\":\"PropertyValueSpecification\",\"valueRequired\":true,\"valueName\":\"search_term_string\"}}],\"inLanguage\":\"it-IT\"},{\"@type\":\"Person\",\"@id\":\"https:\/\/euricse.eu\/en\/#\/schema\/person\/a6fb65fc189d71297f81c1e7bad30b9b\",\"name\":\"comunicazione\",\"image\":{\"@type\":\"ImageObject\",\"inLanguage\":\"it-IT\",\"@id\":\"https:\/\/euricse.eu\/en\/#\/schema\/person\/image\/\",\"url\":\"https:\/\/secure.gravatar.com\/avatar\/7ac8e85cb1bd3ac912e2d8be2823f83faf319f680b909bfda1cb0b8239c97a6e?s=96&d=mm&r=g\",\"contentUrl\":\"https:\/\/secure.gravatar.com\/avatar\/7ac8e85cb1bd3ac912e2d8be2823f83faf319f680b909bfda1cb0b8239c97a6e?s=96&d=mm&r=g\",\"caption\":\"comunicazione\"},\"url\":\"https:\/\/euricse.eu\/it\/author\/comunicazione\/\"}]}<\/script>\n<!-- \/ Yoast SEO plugin. -->","yoast_head_json":{"title":"Diventa protagonista dell\u2019economia sociale con EURICSE - Euricse","description":"Se credi nel potenziale dell\u2019economia sociale\u00a0e vuoi contribuire concretamente al suo sviluppo, diventare membro ordinario di EURICSE \u00e8 una scelta che fa la differenza.","robots":{"index":"index","follow":"follow","max-snippet":"max-snippet:-1","max-image-preview":"max-image-preview:large","max-video-preview":"max-video-preview:-1"},"canonical":"https:\/\/euricse.eu\/it\/diventa-protagonista-delleconomia-sociale-con-euricse-2\/","og_locale":"it_IT","og_type":"article","og_title":"Diventa protagonista dell\u2019economia sociale con EURICSE - Euricse","og_description":"Se credi nel potenziale dell\u2019economia sociale\u00a0e vuoi contribuire concretamente al suo sviluppo, diventare membro ordinario di EURICSE \u00e8 una scelta che fa la differenza.","og_url":"https:\/\/euricse.eu\/it\/diventa-protagonista-delleconomia-sociale-con-euricse-2\/","og_site_name":"Euricse","article_published_time":"2026-04-30T13:14:52+00:00","og_image":[{"width":500,"height":500,"url":"https:\/\/euricse.eu\/wp-content\/uploads\/2026\/04\/unnamed-70.jpg","type":"image\/jpeg"}],"author":"comunicazione","twitter_card":"summary_large_image","twitter_misc":{"Scritto da":"comunicazione","Tempo di lettura stimato":"1 minuto"},"schema":{"@context":"https:\/\/schema.org","@graph":[{"@type":"WebPage","@id":"https:\/\/euricse.eu\/it\/diventa-protagonista-delleconomia-sociale-con-euricse-2\/","url":"https:\/\/euricse.eu\/it\/diventa-protagonista-delleconomia-sociale-con-euricse-2\/","name":"Diventa protagonista dell\u2019economia sociale con EURICSE - Euricse","isPartOf":{"@id":"https:\/\/euricse.eu\/en\/#website"},"primaryImageOfPage":{"@id":"https:\/\/euricse.eu\/it\/diventa-protagonista-delleconomia-sociale-con-euricse-2\/#primaryimage"},"image":{"@id":"https:\/\/euricse.eu\/it\/diventa-protagonista-delleconomia-sociale-con-euricse-2\/#primaryimage"},"thumbnailUrl":"https:\/\/euricse.eu\/wp-content\/uploads\/2026\/04\/unnamed-70.jpg","datePublished":"2026-04-30T13:14:52+00:00","author":{"@id":"https:\/\/euricse.eu\/en\/#\/schema\/person\/a6fb65fc189d71297f81c1e7bad30b9b"},"description":"Se credi nel potenziale dell\u2019economia sociale\u00a0e vuoi contribuire concretamente al suo sviluppo, diventare membro ordinario di EURICSE \u00e8 una scelta che fa la differenza.","breadcrumb":{"@id":"https:\/\/euricse.eu\/it\/diventa-protagonista-delleconomia-sociale-con-euricse-2\/#breadcrumb"},"inLanguage":"it-IT","potentialAction":[{"@type":"ReadAction","target":["https:\/\/euricse.eu\/it\/diventa-protagonista-delleconomia-sociale-con-euricse-2\/"]}]},{"@type":"ImageObject","inLanguage":"it-IT","@id":"https:\/\/euricse.eu\/it\/diventa-protagonista-delleconomia-sociale-con-euricse-2\/#primaryimage","url":"https:\/\/euricse.eu\/wp-content\/uploads\/2026\/04\/unnamed-70.jpg","contentUrl":"https:\/\/euricse.eu\/wp-content\/uploads\/2026\/04\/unnamed-70.jpg","width":500,"height":500},{"@type":"BreadcrumbList","@id":"https:\/\/euricse.eu\/it\/diventa-protagonista-delleconomia-sociale-con-euricse-2\/#breadcrumb","itemListElement":[{"@type":"ListItem","position":1,"name":"Home","item":"https:\/\/euricse.eu\/it\/"},{"@type":"ListItem","position":2,"name":"Diventa protagonista dell\u2019economia sociale con EURICSE"}]},{"@type":"WebSite","@id":"https:\/\/euricse.eu\/en\/#website","url":"https:\/\/euricse.eu\/en\/","name":"Euricse","description":"Knowledge and innovation for cooperative and social enterprises.","potentialAction":[{"@type":"SearchAction","target":{"@type":"EntryPoint","urlTemplate":"https:\/\/euricse.eu\/en\/?s={search_term_string}"},"query-input":{"@type":"PropertyValueSpecification","valueRequired":true,"valueName":"search_term_string"}}],"inLanguage":"it-IT"},{"@type":"Person","@id":"https:\/\/euricse.eu\/en\/#\/schema\/person\/a6fb65fc189d71297f81c1e7bad30b9b","name":"comunicazione","image":{"@type":"ImageObject","inLanguage":"it-IT","@id":"https:\/\/euricse.eu\/en\/#\/schema\/person\/image\/","url":"https:\/\/secure.gravatar.com\/avatar\/7ac8e85cb1bd3ac912e2d8be2823f83faf319f680b909bfda1cb0b8239c97a6e?s=96&d=mm&r=g","contentUrl":"https:\/\/secure.gravatar.com\/avatar\/7ac8e85cb1bd3ac912e2d8be2823f83faf319f680b909bfda1cb0b8239c97a6e?s=96&d=mm&r=g","caption":"comunicazione"},"url":"https:\/\/euricse.eu\/it\/author\/comunicazione\/"}]}},"_links":{"self":[{"href":"https:\/\/euricse.eu\/it\/wp-json\/wp\/v2\/posts\/30178","targetHints":{"allow":["GET"]}}],"collection":[{"href":"https:\/\/euricse.eu\/it\/wp-json\/wp\/v2\/posts"}],"about":[{"href":"https:\/\/euricse.eu\/it\/wp-json\/wp\/v2\/types\/post"}],"author":[{"embeddable":true,"href":"https:\/\/euricse.eu\/it\/wp-json\/wp\/v2\/users\/35"}],"replies":[{"embeddable":true,"href":"https:\/\/euricse.eu\/it\/wp-json\/wp\/v2\/comments?post=30178"}],"version-history":[{"count":1,"href":"https:\/\/euricse.eu\/it\/wp-json\/wp\/v2\/posts\/30178\/revisions"}],"predecessor-version":[{"id":30179,"href":"https:\/\/euricse.eu\/it\/wp-json\/wp\/v2\/posts\/30178\/revisions\/30179"}],"wp:featuredmedia":[{"embeddable":true,"href":"https:\/\/euricse.eu\/it\/wp-json\/wp\/v2\/media\/29947"}],"wp:attachment":[{"href":"https:\/\/euricse.eu\/it\/wp-json\/wp\/v2\/media?parent=30178"}],"wp:term":[{"taxonomy":"category","embeddable":true,"href":"https:\/\/euricse.eu\/it\/wp-json\/wp\/v2\/categories?post=30178"},{"taxonomy":"post_tag","embeddable":true,"href":"https:\/\/euricse.eu\/it\/wp-json\/wp\/v2\/tags?post=30178"}],"curies":[{"name":"wp","href":"https:\/\/api.w.org\/{rel}","templated":true}]}}