{"id":30787,"date":"2026-06-25T14:48:49","date_gmt":"2026-06-25T13:48:49","guid":{"rendered":"https:\/\/euricse.eu\/?p=30787"},"modified":"2026-06-29T10:16:15","modified_gmt":"2026-06-29T09:16:15","slug":"oriente-occidente-tra-danza-e-innovazione-culturale","status":"publish","type":"post","link":"https:\/\/euricse.eu\/it\/oriente-occidente-tra-danza-e-innovazione-culturale\/","title":{"rendered":"Oriente Occidente, tra danza e innovazione culturale"},"content":{"rendered":"<p>Nell\u2019ambito del bando \u201cTra Dire e Fare\u201d promosso dalla Fondazione Caritro, EURICSE accompagna dieci organizzazioni del territorio in un percorso di ripensamento organizzativo e di definizione del proprio piano di sviluppo strategico. L\u2019obiettivo dell\u2019iniziativa \u00e8 sostenere le realt\u00e0 coinvolte nel rafforzamento delle proprie strutture e nella costruzione di traiettorie di crescita pi\u00f9 solide e sostenibili nel tempo.<\/p>\n<p>Tra le organizzazioni selezionate figura anche <a href=\"https:\/\/www.orienteoccidente.it\/\">Oriente Occidente<\/a>, realt\u00e0 culturale di riferimento a livello nazionale e internazionale per la danza contemporanea e le arti performative. In questo quadro, il lavoro di accompagnamento strategico promosso da EURICSE si configura come un\u2019opportunit\u00e0 per consolidare e rafforzare il posizionamento di Oriente Occidente, sostenendo un percorso di sviluppo organizzativo orientato alla sostenibilit\u00e0 e all\u2019evoluzione dell\u2019<strong>impresa sociale<\/strong> come una struttura con chiare radici nella sua storia ma con uno sguardo rivolto al futuro, sempre pi\u00f9 presente sul territorio in modo continuativo. Fondata a Rovereto nel 1981, Oriente Occidente rappresenta una delle esperienze pi\u00f9 consolidate nel panorama culturale italiano, capace di coniugare innovazione artistica, apertura internazionale e attenzione al territorio. La sua attivit\u00e0 si articola oggi in tre principali ambiti, <strong>Festival, Studio e People<\/strong>, che riflettono una visione integrata della produzione culturale.<\/p>\n<p>Il <strong>Festival<\/strong> costituisce il cuore della programmazione e trova la sua espressione principale in <a href=\"https:\/\/www.orienteoccidente.it\/festival\/46-oriente-occidente-dance-festival?type=all\">Oriente Occidente Dance Festival<\/a>, appuntamento che ogni anno porta in Trentino artisti, compagnie e produzioni da tutto il mondo offrendo uno sguardo sulle pi\u00f9 innovative tendenze della danza contemporanea, <strong>tra realt\u00e0 affermate e nuove, promettenti, proposte. <\/strong><\/p>\n<p>Attraverso lo spazio <strong>Studio<\/strong>, <strong>Oriente Occidente <\/strong>sostiene la ricerca e la creazione artistica, ospitando <strong>compagnie per<\/strong> <a href=\"https:\/\/www.orienteoccidente.it\/studio\/residenze-artistiche\">residenze<\/a> <strong>artistiche <\/strong>e favorendo processi di sperimentazione e confronto che rafforzano il legame tra produzione\u00a0<strong>artistica <\/strong>e territorio.<\/p>\n<p>Infine, l\u2019area <strong>People<\/strong> raccoglie le progettualit\u00e0 dedicate alla partecipazione e al welfare culturale, promuovendo percorsi che utilizzano l\u2019arte come strumento di relazione e crescita collettiva, con particolare attenzione alle comunit\u00e0 locali e a esperienze di coinvolgimento di pubblici specifici. Tra gli esempi pi\u00f9 recenti vi \u00e8 \u201c<strong>Urban Regeneration<\/strong>\u201d, un progetto di ampio respiro che vede Oriente Occidente come capofila di una rete impegnata nella rigenerazione dello spazio Urban Center di Rovereto, e <strong>il percorso <\/strong>dedicato alla terza et\u00e0 iniziato con <a href=\"https:\/\/www.orienteoccidente.it\/people\/progetti\/un-due-tre-stella\">Un due tre stella<\/a>, <strong>progetto sulla memoria del corpo diventato anche un documentario, e andato avanti per altri due anni con un coeso gruppo di persone over 65.<\/strong><\/p>\n<p>&nbsp;<\/p>\n<p>&nbsp;<\/p>\n<p><em>Credit photo &#8211; Residenza Sofia Nappi_Foto Giulia Lenzi<\/em><\/p>\n","protected":false},"excerpt":{"rendered":"<p>Nell\u2019ambito del bando \u201cTra Dire e Fare\u201d promosso dalla Fondazione Caritro, EURICSE affianca Oriente Occidente nel percorso di evoluzione organizzativa e culturale, con l\u2019obiettivo di rafforzarne il posizionamento e sostenere le traiettorie di sviluppo futuro.<\/p>\n","protected":false},"author":32,"featured_media":30797,"comment_status":"closed","ping_status":"closed","sticky":false,"template":"","format":"standard","meta":{"_acf_changed":false,"episode_type":"","audio_file":"","cover_image":"","cover_image_id":"","duration":"","filesize":"","date_recorded":"","explicit":"","block":"","itunes_episode_number":"","itunes_title":"","itunes_season_number":"","itunes_episode_type":"","filesize_raw":"","footnotes":""},"categories":[17],"tags":[1752,2618,2619],"class_list":["post-30787","post","type-post","status-publish","format-standard","has-post-thumbnail","hentry","category-news-it","tag-bando-tra-dire-e-fare","tag-oriente-occidente","tag-sviluppo-organizzativo"],"acf":[],"yoast_head":"<!-- This site is optimized with the Yoast SEO plugin v26.1.1 - https:\/\/yoast.com\/wordpress\/plugins\/seo\/ -->\n<title>Oriente Occidente, tra danza e innovazione culturale - Euricse<\/title>\n<meta name=\"description\" content=\"Nell\u2019ambito del bando \u201cTra Dire e Fare\u201d promosso dalla Fondazione Caritro, EURICSE affianca Oriente Occidente nel percorso di evoluzione organizzativa e culturale, con l\u2019obiettivo di rafforzarne il posizionamento e sostenere le traiettorie di sviluppo futuro.\" \/>\n<meta name=\"robots\" content=\"index, follow, max-snippet:-1, max-image-preview:large, max-video-preview:-1\" \/>\n<link rel=\"canonical\" href=\"https:\/\/euricse.eu\/it\/oriente-occidente-tra-danza-e-innovazione-culturale\/\" \/>\n<meta property=\"og:locale\" content=\"it_IT\" \/>\n<meta property=\"og:type\" content=\"article\" \/>\n<meta property=\"og:title\" content=\"Oriente Occidente, tra danza e innovazione culturale - Euricse\" \/>\n<meta property=\"og:description\" content=\"Nell\u2019ambito del bando \u201cTra Dire e Fare\u201d promosso dalla Fondazione Caritro, EURICSE affianca Oriente Occidente nel percorso di evoluzione organizzativa e culturale, con l\u2019obiettivo di rafforzarne il posizionamento e sostenere le traiettorie di sviluppo futuro.\" \/>\n<meta property=\"og:url\" content=\"https:\/\/euricse.eu\/it\/oriente-occidente-tra-danza-e-innovazione-culturale\/\" \/>\n<meta property=\"og:site_name\" content=\"Euricse\" \/>\n<meta property=\"article:published_time\" content=\"2026-06-25T13:48:49+00:00\" \/>\n<meta property=\"article:modified_time\" content=\"2026-06-29T09:16:15+00:00\" \/>\n<meta property=\"og:image\" content=\"https:\/\/euricse.eu\/wp-content\/uploads\/2026\/06\/Residenza-Sofia-Nappi_Foto-Giulia-Lenzi-1454575-scaled.jpg\" \/>\n\t<meta property=\"og:image:width\" content=\"2560\" \/>\n\t<meta property=\"og:image:height\" content=\"1705\" \/>\n\t<meta property=\"og:image:type\" content=\"image\/jpeg\" \/>\n<meta name=\"author\" content=\"Silvia\" \/>\n<meta name=\"twitter:card\" content=\"summary_large_image\" \/>\n<meta name=\"twitter:label1\" content=\"Scritto da\" \/>\n\t<meta name=\"twitter:data1\" content=\"Silvia\" \/>\n\t<meta name=\"twitter:label2\" content=\"Tempo di lettura stimato\" \/>\n\t<meta name=\"twitter:data2\" content=\"3 minuti\" \/>\n<script type=\"application\/ld+json\" class=\"yoast-schema-graph\">{\"@context\":\"https:\/\/schema.org\",\"@graph\":[{\"@type\":\"WebPage\",\"@id\":\"https:\/\/euricse.eu\/it\/oriente-occidente-tra-danza-e-innovazione-culturale\/\",\"url\":\"https:\/\/euricse.eu\/it\/oriente-occidente-tra-danza-e-innovazione-culturale\/\",\"name\":\"Oriente Occidente, tra danza e innovazione culturale - Euricse\",\"isPartOf\":{\"@id\":\"https:\/\/euricse.eu\/en\/#website\"},\"primaryImageOfPage\":{\"@id\":\"https:\/\/euricse.eu\/it\/oriente-occidente-tra-danza-e-innovazione-culturale\/#primaryimage\"},\"image\":{\"@id\":\"https:\/\/euricse.eu\/it\/oriente-occidente-tra-danza-e-innovazione-culturale\/#primaryimage\"},\"thumbnailUrl\":\"https:\/\/euricse.eu\/wp-content\/uploads\/2026\/06\/Residenza-Sofia-Nappi_Foto-Giulia-Lenzi-1454575-scaled.jpg\",\"datePublished\":\"2026-06-25T13:48:49+00:00\",\"dateModified\":\"2026-06-29T09:16:15+00:00\",\"author\":{\"@id\":\"https:\/\/euricse.eu\/en\/#\/schema\/person\/a5b25693531e3458dfedff34c273ba14\"},\"description\":\"Nell\u2019ambito del bando \u201cTra Dire e Fare\u201d promosso dalla Fondazione Caritro, EURICSE affianca Oriente Occidente nel percorso di evoluzione organizzativa e culturale, con l\u2019obiettivo di rafforzarne il posizionamento e sostenere le traiettorie di sviluppo futuro.\",\"breadcrumb\":{\"@id\":\"https:\/\/euricse.eu\/it\/oriente-occidente-tra-danza-e-innovazione-culturale\/#breadcrumb\"},\"inLanguage\":\"it-IT\",\"potentialAction\":[{\"@type\":\"ReadAction\",\"target\":[\"https:\/\/euricse.eu\/it\/oriente-occidente-tra-danza-e-innovazione-culturale\/\"]}]},{\"@type\":\"ImageObject\",\"inLanguage\":\"it-IT\",\"@id\":\"https:\/\/euricse.eu\/it\/oriente-occidente-tra-danza-e-innovazione-culturale\/#primaryimage\",\"url\":\"https:\/\/euricse.eu\/wp-content\/uploads\/2026\/06\/Residenza-Sofia-Nappi_Foto-Giulia-Lenzi-1454575-scaled.jpg\",\"contentUrl\":\"https:\/\/euricse.eu\/wp-content\/uploads\/2026\/06\/Residenza-Sofia-Nappi_Foto-Giulia-Lenzi-1454575-scaled.jpg\",\"width\":2560,\"height\":1705},{\"@type\":\"BreadcrumbList\",\"@id\":\"https:\/\/euricse.eu\/it\/oriente-occidente-tra-danza-e-innovazione-culturale\/#breadcrumb\",\"itemListElement\":[{\"@type\":\"ListItem\",\"position\":1,\"name\":\"Home\",\"item\":\"https:\/\/euricse.eu\/it\/\"},{\"@type\":\"ListItem\",\"position\":2,\"name\":\"Oriente Occidente, tra danza e innovazione culturale\"}]},{\"@type\":\"WebSite\",\"@id\":\"https:\/\/euricse.eu\/en\/#website\",\"url\":\"https:\/\/euricse.eu\/en\/\",\"name\":\"Euricse\",\"description\":\"Knowledge and innovation for cooperative and social enterprises.\",\"potentialAction\":[{\"@type\":\"SearchAction\",\"target\":{\"@type\":\"EntryPoint\",\"urlTemplate\":\"https:\/\/euricse.eu\/en\/?s={search_term_string}\"},\"query-input\":{\"@type\":\"PropertyValueSpecification\",\"valueRequired\":true,\"valueName\":\"search_term_string\"}}],\"inLanguage\":\"it-IT\"},{\"@type\":\"Person\",\"@id\":\"https:\/\/euricse.eu\/en\/#\/schema\/person\/a5b25693531e3458dfedff34c273ba14\",\"name\":\"Silvia\",\"image\":{\"@type\":\"ImageObject\",\"inLanguage\":\"it-IT\",\"@id\":\"https:\/\/euricse.eu\/en\/#\/schema\/person\/image\/\",\"url\":\"https:\/\/secure.gravatar.com\/avatar\/3cef1082b65edc85f1a4c0caa7ce4808f397a517b7217eab6215fe435640f8f7?s=96&d=mm&r=g\",\"contentUrl\":\"https:\/\/secure.gravatar.com\/avatar\/3cef1082b65edc85f1a4c0caa7ce4808f397a517b7217eab6215fe435640f8f7?s=96&d=mm&r=g\",\"caption\":\"Silvia\"},\"url\":\"https:\/\/euricse.eu\/it\/author\/silvia\/\"}]}<\/script>\n<!-- \/ Yoast SEO plugin. -->","yoast_head_json":{"title":"Oriente Occidente, tra danza e innovazione culturale - Euricse","description":"Nell\u2019ambito del bando \u201cTra Dire e Fare\u201d promosso dalla Fondazione Caritro, EURICSE affianca Oriente Occidente nel percorso di evoluzione organizzativa e culturale, con l\u2019obiettivo di rafforzarne il posizionamento e sostenere le traiettorie di sviluppo futuro.","robots":{"index":"index","follow":"follow","max-snippet":"max-snippet:-1","max-image-preview":"max-image-preview:large","max-video-preview":"max-video-preview:-1"},"canonical":"https:\/\/euricse.eu\/it\/oriente-occidente-tra-danza-e-innovazione-culturale\/","og_locale":"it_IT","og_type":"article","og_title":"Oriente Occidente, tra danza e innovazione culturale - Euricse","og_description":"Nell\u2019ambito del bando \u201cTra Dire e Fare\u201d promosso dalla Fondazione Caritro, EURICSE affianca Oriente Occidente nel percorso di evoluzione organizzativa e culturale, con l\u2019obiettivo di rafforzarne il posizionamento e sostenere le traiettorie di sviluppo futuro.","og_url":"https:\/\/euricse.eu\/it\/oriente-occidente-tra-danza-e-innovazione-culturale\/","og_site_name":"Euricse","article_published_time":"2026-06-25T13:48:49+00:00","article_modified_time":"2026-06-29T09:16:15+00:00","og_image":[{"width":2560,"height":1705,"url":"https:\/\/euricse.eu\/wp-content\/uploads\/2026\/06\/Residenza-Sofia-Nappi_Foto-Giulia-Lenzi-1454575-scaled.jpg","type":"image\/jpeg"}],"author":"Silvia","twitter_card":"summary_large_image","twitter_misc":{"Scritto da":"Silvia","Tempo di lettura stimato":"3 minuti"},"schema":{"@context":"https:\/\/schema.org","@graph":[{"@type":"WebPage","@id":"https:\/\/euricse.eu\/it\/oriente-occidente-tra-danza-e-innovazione-culturale\/","url":"https:\/\/euricse.eu\/it\/oriente-occidente-tra-danza-e-innovazione-culturale\/","name":"Oriente Occidente, tra danza e innovazione culturale - Euricse","isPartOf":{"@id":"https:\/\/euricse.eu\/en\/#website"},"primaryImageOfPage":{"@id":"https:\/\/euricse.eu\/it\/oriente-occidente-tra-danza-e-innovazione-culturale\/#primaryimage"},"image":{"@id":"https:\/\/euricse.eu\/it\/oriente-occidente-tra-danza-e-innovazione-culturale\/#primaryimage"},"thumbnailUrl":"https:\/\/euricse.eu\/wp-content\/uploads\/2026\/06\/Residenza-Sofia-Nappi_Foto-Giulia-Lenzi-1454575-scaled.jpg","datePublished":"2026-06-25T13:48:49+00:00","dateModified":"2026-06-29T09:16:15+00:00","author":{"@id":"https:\/\/euricse.eu\/en\/#\/schema\/person\/a5b25693531e3458dfedff34c273ba14"},"description":"Nell\u2019ambito del bando \u201cTra Dire e Fare\u201d promosso dalla Fondazione Caritro, EURICSE affianca Oriente Occidente nel percorso di evoluzione organizzativa e culturale, con l\u2019obiettivo di rafforzarne il posizionamento e sostenere le traiettorie di sviluppo futuro.","breadcrumb":{"@id":"https:\/\/euricse.eu\/it\/oriente-occidente-tra-danza-e-innovazione-culturale\/#breadcrumb"},"inLanguage":"it-IT","potentialAction":[{"@type":"ReadAction","target":["https:\/\/euricse.eu\/it\/oriente-occidente-tra-danza-e-innovazione-culturale\/"]}]},{"@type":"ImageObject","inLanguage":"it-IT","@id":"https:\/\/euricse.eu\/it\/oriente-occidente-tra-danza-e-innovazione-culturale\/#primaryimage","url":"https:\/\/euricse.eu\/wp-content\/uploads\/2026\/06\/Residenza-Sofia-Nappi_Foto-Giulia-Lenzi-1454575-scaled.jpg","contentUrl":"https:\/\/euricse.eu\/wp-content\/uploads\/2026\/06\/Residenza-Sofia-Nappi_Foto-Giulia-Lenzi-1454575-scaled.jpg","width":2560,"height":1705},{"@type":"BreadcrumbList","@id":"https:\/\/euricse.eu\/it\/oriente-occidente-tra-danza-e-innovazione-culturale\/#breadcrumb","itemListElement":[{"@type":"ListItem","position":1,"name":"Home","item":"https:\/\/euricse.eu\/it\/"},{"@type":"ListItem","position":2,"name":"Oriente Occidente, tra danza e innovazione culturale"}]},{"@type":"WebSite","@id":"https:\/\/euricse.eu\/en\/#website","url":"https:\/\/euricse.eu\/en\/","name":"Euricse","description":"Knowledge and innovation for cooperative and social enterprises.","potentialAction":[{"@type":"SearchAction","target":{"@type":"EntryPoint","urlTemplate":"https:\/\/euricse.eu\/en\/?s={search_term_string}"},"query-input":{"@type":"PropertyValueSpecification","valueRequired":true,"valueName":"search_term_string"}}],"inLanguage":"it-IT"},{"@type":"Person","@id":"https:\/\/euricse.eu\/en\/#\/schema\/person\/a5b25693531e3458dfedff34c273ba14","name":"Silvia","image":{"@type":"ImageObject","inLanguage":"it-IT","@id":"https:\/\/euricse.eu\/en\/#\/schema\/person\/image\/","url":"https:\/\/secure.gravatar.com\/avatar\/3cef1082b65edc85f1a4c0caa7ce4808f397a517b7217eab6215fe435640f8f7?s=96&d=mm&r=g","contentUrl":"https:\/\/secure.gravatar.com\/avatar\/3cef1082b65edc85f1a4c0caa7ce4808f397a517b7217eab6215fe435640f8f7?s=96&d=mm&r=g","caption":"Silvia"},"url":"https:\/\/euricse.eu\/it\/author\/silvia\/"}]}},"_links":{"self":[{"href":"https:\/\/euricse.eu\/it\/wp-json\/wp\/v2\/posts\/30787","targetHints":{"allow":["GET"]}}],"collection":[{"href":"https:\/\/euricse.eu\/it\/wp-json\/wp\/v2\/posts"}],"about":[{"href":"https:\/\/euricse.eu\/it\/wp-json\/wp\/v2\/types\/post"}],"author":[{"embeddable":true,"href":"https:\/\/euricse.eu\/it\/wp-json\/wp\/v2\/users\/32"}],"replies":[{"embeddable":true,"href":"https:\/\/euricse.eu\/it\/wp-json\/wp\/v2\/comments?post=30787"}],"version-history":[{"count":2,"href":"https:\/\/euricse.eu\/it\/wp-json\/wp\/v2\/posts\/30787\/revisions"}],"predecessor-version":[{"id":30800,"href":"https:\/\/euricse.eu\/it\/wp-json\/wp\/v2\/posts\/30787\/revisions\/30800"}],"wp:featuredmedia":[{"embeddable":true,"href":"https:\/\/euricse.eu\/it\/wp-json\/wp\/v2\/media\/30797"}],"wp:attachment":[{"href":"https:\/\/euricse.eu\/it\/wp-json\/wp\/v2\/media?parent=30787"}],"wp:term":[{"taxonomy":"category","embeddable":true,"href":"https:\/\/euricse.eu\/it\/wp-json\/wp\/v2\/categories?post=30787"},{"taxonomy":"post_tag","embeddable":true,"href":"https:\/\/euricse.eu\/it\/wp-json\/wp\/v2\/tags?post=30787"}],"curies":[{"name":"wp","href":"https:\/\/api.w.org\/{rel}","templated":true}]}}