{"id":31048,"date":"2026-08-26T09:21:35","date_gmt":"2026-08-26T08:21:35","guid":{"rendered":"https:\/\/euricse.eu\/?p=31048"},"modified":"2026-08-26T11:07:49","modified_gmt":"2026-08-26T10:07:49","slug":"jean-louis-laville-keynote-speaker-xix-colloquio-scientifico-sullimpresa-sociale","status":"publish","type":"post","link":"https:\/\/euricse.eu\/it\/jean-louis-laville-keynote-speaker-xix-colloquio-scientifico-sullimpresa-sociale\/","title":{"rendered":"Jean-Louis Laville keynote speaker XIX Colloquio Scientifico sull\u2019Impresa Sociale"},"content":{"rendered":"<p>Sono aperte le iscrizioni alla XIX edizione del\u00a0<strong>Colloquio Scientifico sull\u2019Impresa Sociale<\/strong>, in programma il <strong>23 e 24 ottobre a Siena<\/strong>. Due giornate per guardare al presente e al futuro dell\u2019impresa sociale attraverso il confronto tra ricerca, universit\u00e0 e imprenditorialit\u00e0. Il programma riunisce oltre\u00a0<strong>60 paper<\/strong>,\u00a0<strong>15 universit\u00e0<\/strong>,\u00a0<strong>10\u00a0centri<\/strong> di ricerca\u00a0insieme a\u00a0studiose\u00a0e\u00a0studiosi\u00a0del settore.\u00a0Tra i protagonisti\u00a0<strong>Jean-Louis Laville<\/strong>, economista e docente di Economia Solidale al CNAM di Parigi e membro della rete <strong>EMES International Research Network<\/strong>, che aprir\u00e0 i lavori con il\u00a0keynote speech. L\u2019iniziativa \u00e8 realizzata con il supporto organizzativo e scientifico di\u00a0<strong>EURICSE<\/strong>\u00a0e con il sostegno di\u00a0<strong>IKIGAI Social Hub<\/strong>,\u00a0<strong>Fondazione Monte dei Paschi di Siena\u00a0<\/strong>e\u00a0<strong>Fondazione Cattolica<\/strong>.<br \/>\nLa collaborazione con IKIGAI Social Hub rafforza inoltre la vocazione del Colloquio come spazio di incontro e confronto, creando nuove occasioni di dialogo tra il mondo della ricerca e quello dell\u2019impresa sociale.<\/p>\n<p>&nbsp;<\/p>\n<p><a href=\"https:\/\/www.rivistaimpresasociale.it\/forum\/articolo\/23-24-ottobre-a-siena-ecco-il-colloquio?utm_source=Contatti&amp;utm_campaign=ecc07ade39-EMAIL_CAMPAIGN_settembre2025_COPY_01&amp;utm_medium=email&amp;utm_term=0_-84301855d0-&amp;ct=t(EMAIL_CAMPAIGNEMAIL_settembre2025_COPY_01)\" target=\"_blank\" rel=\"noopener\" data-saferedirecturl=\"https:\/\/www.google.com\/url?q=https:\/\/www.rivistaimpresasociale.it\/forum\/articolo\/23-24-ottobre-a-siena-ecco-il-colloquio?utm_source%3DContatti%26utm_campaign%3Decc07ade39-EMAIL_CAMPAIGN_settembre2025_COPY_01%26utm_medium%3Demail%26utm_term%3D0_-84301855d0-%26ct%3Dt(EMAIL_CAMPAIGNEMAIL_settembre2025_COPY_01)&amp;source=gmail&amp;ust=1787815714803000&amp;usg=AOvVaw3ak0P2B_OiIOzO7QS0PgRG\">Iscriviti all&#8217;evento<\/a><\/p>\n","protected":false},"excerpt":{"rendered":"<p>A Siena, il 23 e 24 ottobre, la XIX edizione del Colloquio Scientifico sull\u2019Impresa Sociale riunir\u00e0 ricerca, universit\u00e0 e imprenditorialit\u00e0 sociale, con oltre 60 paper e il keynote di Jean-Louis Laville.<\/p>\n","protected":false},"author":32,"featured_media":31049,"comment_status":"closed","ping_status":"closed","sticky":false,"template":"","format":"standard","meta":{"_acf_changed":false,"episode_type":"","audio_file":"","cover_image":"","cover_image_id":"","duration":"","filesize":"","date_recorded":"","explicit":"","block":"","itunes_episode_number":"","itunes_title":"","itunes_season_number":"","itunes_episode_type":"","filesize_raw":"","footnotes":""},"categories":[17],"tags":[290,1922,1952,2390],"class_list":["post-31048","post","type-post","status-publish","format-standard","has-post-thumbnail","hentry","category-news-it","tag-impresa-sociale","tag-jean-louis-laville","tag-colloquio-scientifico-sullimpresa-sociale","tag-colloquio-scientifico-di-impresa-sociale"],"acf":[],"yoast_head":"<!-- This site is optimized with the Yoast SEO plugin v26.1.1 - https:\/\/yoast.com\/wordpress\/plugins\/seo\/ -->\n<title>Jean-Louis Laville keynote speaker XIX Colloquio Scientifico sull\u2019Impresa Sociale - Euricse<\/title>\n<meta name=\"description\" content=\"A Siena, il 23 e 24 ottobre, la XIX edizione del Colloquio Scientifico sull\u2019Impresa Sociale riunir\u00e0 ricerca, universit\u00e0 e imprenditorialit\u00e0 sociale, con oltre 60 paper e il keynote di Jean-Louis Laville.\" \/>\n<meta name=\"robots\" content=\"index, follow, max-snippet:-1, max-image-preview:large, max-video-preview:-1\" \/>\n<link rel=\"canonical\" href=\"https:\/\/euricse.eu\/it\/jean-louis-laville-keynote-speaker-xix-colloquio-scientifico-sullimpresa-sociale\/\" \/>\n<meta property=\"og:locale\" content=\"it_IT\" \/>\n<meta property=\"og:type\" content=\"article\" \/>\n<meta property=\"og:title\" content=\"Jean-Louis Laville keynote speaker XIX Colloquio Scientifico sull\u2019Impresa Sociale - Euricse\" \/>\n<meta property=\"og:description\" content=\"A Siena, il 23 e 24 ottobre, la XIX edizione del Colloquio Scientifico sull\u2019Impresa Sociale riunir\u00e0 ricerca, universit\u00e0 e imprenditorialit\u00e0 sociale, con oltre 60 paper e il keynote di Jean-Louis Laville.\" \/>\n<meta property=\"og:url\" content=\"https:\/\/euricse.eu\/it\/jean-louis-laville-keynote-speaker-xix-colloquio-scientifico-sullimpresa-sociale\/\" \/>\n<meta property=\"og:site_name\" content=\"Euricse\" \/>\n<meta property=\"article:published_time\" content=\"2026-08-26T08:21:35+00:00\" \/>\n<meta property=\"article:modified_time\" content=\"2026-08-26T10:07:49+00:00\" \/>\n<meta property=\"og:image\" content=\"https:\/\/euricse.eu\/wp-content\/uploads\/2026\/08\/ColloquioScientifico_NL.png\" \/>\n\t<meta property=\"og:image:width\" content=\"600\" \/>\n\t<meta property=\"og:image:height\" content=\"400\" \/>\n\t<meta property=\"og:image:type\" content=\"image\/png\" \/>\n<meta name=\"author\" content=\"Silvia\" \/>\n<meta name=\"twitter:card\" content=\"summary_large_image\" \/>\n<meta name=\"twitter:label1\" content=\"Scritto da\" \/>\n\t<meta name=\"twitter:data1\" content=\"Silvia\" \/>\n\t<meta name=\"twitter:label2\" content=\"Tempo di lettura stimato\" \/>\n\t<meta name=\"twitter:data2\" content=\"2 minuti\" \/>\n<script type=\"application\/ld+json\" class=\"yoast-schema-graph\">{\"@context\":\"https:\/\/schema.org\",\"@graph\":[{\"@type\":\"WebPage\",\"@id\":\"https:\/\/euricse.eu\/it\/jean-louis-laville-keynote-speaker-xix-colloquio-scientifico-sullimpresa-sociale\/\",\"url\":\"https:\/\/euricse.eu\/it\/jean-louis-laville-keynote-speaker-xix-colloquio-scientifico-sullimpresa-sociale\/\",\"name\":\"Jean-Louis Laville keynote speaker XIX Colloquio Scientifico sull\u2019Impresa Sociale - Euricse\",\"isPartOf\":{\"@id\":\"https:\/\/euricse.eu\/en\/#website\"},\"primaryImageOfPage\":{\"@id\":\"https:\/\/euricse.eu\/it\/jean-louis-laville-keynote-speaker-xix-colloquio-scientifico-sullimpresa-sociale\/#primaryimage\"},\"image\":{\"@id\":\"https:\/\/euricse.eu\/it\/jean-louis-laville-keynote-speaker-xix-colloquio-scientifico-sullimpresa-sociale\/#primaryimage\"},\"thumbnailUrl\":\"https:\/\/euricse.eu\/wp-content\/uploads\/2026\/08\/ColloquioScientifico_NL.png\",\"datePublished\":\"2026-08-26T08:21:35+00:00\",\"dateModified\":\"2026-08-26T10:07:49+00:00\",\"author\":{\"@id\":\"https:\/\/euricse.eu\/en\/#\/schema\/person\/a5b25693531e3458dfedff34c273ba14\"},\"description\":\"A Siena, il 23 e 24 ottobre, la XIX edizione del Colloquio Scientifico sull\u2019Impresa Sociale riunir\u00e0 ricerca, universit\u00e0 e imprenditorialit\u00e0 sociale, con oltre 60 paper e il keynote di Jean-Louis Laville.\",\"breadcrumb\":{\"@id\":\"https:\/\/euricse.eu\/it\/jean-louis-laville-keynote-speaker-xix-colloquio-scientifico-sullimpresa-sociale\/#breadcrumb\"},\"inLanguage\":\"it-IT\",\"potentialAction\":[{\"@type\":\"ReadAction\",\"target\":[\"https:\/\/euricse.eu\/it\/jean-louis-laville-keynote-speaker-xix-colloquio-scientifico-sullimpresa-sociale\/\"]}]},{\"@type\":\"ImageObject\",\"inLanguage\":\"it-IT\",\"@id\":\"https:\/\/euricse.eu\/it\/jean-louis-laville-keynote-speaker-xix-colloquio-scientifico-sullimpresa-sociale\/#primaryimage\",\"url\":\"https:\/\/euricse.eu\/wp-content\/uploads\/2026\/08\/ColloquioScientifico_NL.png\",\"contentUrl\":\"https:\/\/euricse.eu\/wp-content\/uploads\/2026\/08\/ColloquioScientifico_NL.png\",\"width\":600,\"height\":400},{\"@type\":\"BreadcrumbList\",\"@id\":\"https:\/\/euricse.eu\/it\/jean-louis-laville-keynote-speaker-xix-colloquio-scientifico-sullimpresa-sociale\/#breadcrumb\",\"itemListElement\":[{\"@type\":\"ListItem\",\"position\":1,\"name\":\"Home\",\"item\":\"https:\/\/euricse.eu\/it\/\"},{\"@type\":\"ListItem\",\"position\":2,\"name\":\"Jean-Louis Laville keynote speaker XIX Colloquio Scientifico sull\u2019Impresa Sociale\"}]},{\"@type\":\"WebSite\",\"@id\":\"https:\/\/euricse.eu\/en\/#website\",\"url\":\"https:\/\/euricse.eu\/en\/\",\"name\":\"Euricse\",\"description\":\"Knowledge and innovation for cooperative and social enterprises.\",\"potentialAction\":[{\"@type\":\"SearchAction\",\"target\":{\"@type\":\"EntryPoint\",\"urlTemplate\":\"https:\/\/euricse.eu\/en\/?s={search_term_string}\"},\"query-input\":{\"@type\":\"PropertyValueSpecification\",\"valueRequired\":true,\"valueName\":\"search_term_string\"}}],\"inLanguage\":\"it-IT\"},{\"@type\":\"Person\",\"@id\":\"https:\/\/euricse.eu\/en\/#\/schema\/person\/a5b25693531e3458dfedff34c273ba14\",\"name\":\"Silvia\",\"image\":{\"@type\":\"ImageObject\",\"inLanguage\":\"it-IT\",\"@id\":\"https:\/\/euricse.eu\/en\/#\/schema\/person\/image\/\",\"url\":\"https:\/\/secure.gravatar.com\/avatar\/3cef1082b65edc85f1a4c0caa7ce4808f397a517b7217eab6215fe435640f8f7?s=96&d=mm&r=g\",\"contentUrl\":\"https:\/\/secure.gravatar.com\/avatar\/3cef1082b65edc85f1a4c0caa7ce4808f397a517b7217eab6215fe435640f8f7?s=96&d=mm&r=g\",\"caption\":\"Silvia\"},\"url\":\"https:\/\/euricse.eu\/it\/author\/silvia\/\"}]}<\/script>\n<!-- \/ Yoast SEO plugin. -->","yoast_head_json":{"title":"Jean-Louis Laville keynote speaker XIX Colloquio Scientifico sull\u2019Impresa Sociale - Euricse","description":"A Siena, il 23 e 24 ottobre, la XIX edizione del Colloquio Scientifico sull\u2019Impresa Sociale riunir\u00e0 ricerca, universit\u00e0 e imprenditorialit\u00e0 sociale, con oltre 60 paper e il keynote di Jean-Louis Laville.","robots":{"index":"index","follow":"follow","max-snippet":"max-snippet:-1","max-image-preview":"max-image-preview:large","max-video-preview":"max-video-preview:-1"},"canonical":"https:\/\/euricse.eu\/it\/jean-louis-laville-keynote-speaker-xix-colloquio-scientifico-sullimpresa-sociale\/","og_locale":"it_IT","og_type":"article","og_title":"Jean-Louis Laville keynote speaker XIX Colloquio Scientifico sull\u2019Impresa Sociale - Euricse","og_description":"A Siena, il 23 e 24 ottobre, la XIX edizione del Colloquio Scientifico sull\u2019Impresa Sociale riunir\u00e0 ricerca, universit\u00e0 e imprenditorialit\u00e0 sociale, con oltre 60 paper e il keynote di Jean-Louis Laville.","og_url":"https:\/\/euricse.eu\/it\/jean-louis-laville-keynote-speaker-xix-colloquio-scientifico-sullimpresa-sociale\/","og_site_name":"Euricse","article_published_time":"2026-08-26T08:21:35+00:00","article_modified_time":"2026-08-26T10:07:49+00:00","og_image":[{"width":600,"height":400,"url":"https:\/\/euricse.eu\/wp-content\/uploads\/2026\/08\/ColloquioScientifico_NL.png","type":"image\/png"}],"author":"Silvia","twitter_card":"summary_large_image","twitter_misc":{"Scritto da":"Silvia","Tempo di lettura stimato":"2 minuti"},"schema":{"@context":"https:\/\/schema.org","@graph":[{"@type":"WebPage","@id":"https:\/\/euricse.eu\/it\/jean-louis-laville-keynote-speaker-xix-colloquio-scientifico-sullimpresa-sociale\/","url":"https:\/\/euricse.eu\/it\/jean-louis-laville-keynote-speaker-xix-colloquio-scientifico-sullimpresa-sociale\/","name":"Jean-Louis Laville keynote speaker XIX Colloquio Scientifico sull\u2019Impresa Sociale - Euricse","isPartOf":{"@id":"https:\/\/euricse.eu\/en\/#website"},"primaryImageOfPage":{"@id":"https:\/\/euricse.eu\/it\/jean-louis-laville-keynote-speaker-xix-colloquio-scientifico-sullimpresa-sociale\/#primaryimage"},"image":{"@id":"https:\/\/euricse.eu\/it\/jean-louis-laville-keynote-speaker-xix-colloquio-scientifico-sullimpresa-sociale\/#primaryimage"},"thumbnailUrl":"https:\/\/euricse.eu\/wp-content\/uploads\/2026\/08\/ColloquioScientifico_NL.png","datePublished":"2026-08-26T08:21:35+00:00","dateModified":"2026-08-26T10:07:49+00:00","author":{"@id":"https:\/\/euricse.eu\/en\/#\/schema\/person\/a5b25693531e3458dfedff34c273ba14"},"description":"A Siena, il 23 e 24 ottobre, la XIX edizione del Colloquio Scientifico sull\u2019Impresa Sociale riunir\u00e0 ricerca, universit\u00e0 e imprenditorialit\u00e0 sociale, con oltre 60 paper e il keynote di Jean-Louis Laville.","breadcrumb":{"@id":"https:\/\/euricse.eu\/it\/jean-louis-laville-keynote-speaker-xix-colloquio-scientifico-sullimpresa-sociale\/#breadcrumb"},"inLanguage":"it-IT","potentialAction":[{"@type":"ReadAction","target":["https:\/\/euricse.eu\/it\/jean-louis-laville-keynote-speaker-xix-colloquio-scientifico-sullimpresa-sociale\/"]}]},{"@type":"ImageObject","inLanguage":"it-IT","@id":"https:\/\/euricse.eu\/it\/jean-louis-laville-keynote-speaker-xix-colloquio-scientifico-sullimpresa-sociale\/#primaryimage","url":"https:\/\/euricse.eu\/wp-content\/uploads\/2026\/08\/ColloquioScientifico_NL.png","contentUrl":"https:\/\/euricse.eu\/wp-content\/uploads\/2026\/08\/ColloquioScientifico_NL.png","width":600,"height":400},{"@type":"BreadcrumbList","@id":"https:\/\/euricse.eu\/it\/jean-louis-laville-keynote-speaker-xix-colloquio-scientifico-sullimpresa-sociale\/#breadcrumb","itemListElement":[{"@type":"ListItem","position":1,"name":"Home","item":"https:\/\/euricse.eu\/it\/"},{"@type":"ListItem","position":2,"name":"Jean-Louis Laville keynote speaker XIX Colloquio Scientifico sull\u2019Impresa Sociale"}]},{"@type":"WebSite","@id":"https:\/\/euricse.eu\/en\/#website","url":"https:\/\/euricse.eu\/en\/","name":"Euricse","description":"Knowledge and innovation for cooperative and social enterprises.","potentialAction":[{"@type":"SearchAction","target":{"@type":"EntryPoint","urlTemplate":"https:\/\/euricse.eu\/en\/?s={search_term_string}"},"query-input":{"@type":"PropertyValueSpecification","valueRequired":true,"valueName":"search_term_string"}}],"inLanguage":"it-IT"},{"@type":"Person","@id":"https:\/\/euricse.eu\/en\/#\/schema\/person\/a5b25693531e3458dfedff34c273ba14","name":"Silvia","image":{"@type":"ImageObject","inLanguage":"it-IT","@id":"https:\/\/euricse.eu\/en\/#\/schema\/person\/image\/","url":"https:\/\/secure.gravatar.com\/avatar\/3cef1082b65edc85f1a4c0caa7ce4808f397a517b7217eab6215fe435640f8f7?s=96&d=mm&r=g","contentUrl":"https:\/\/secure.gravatar.com\/avatar\/3cef1082b65edc85f1a4c0caa7ce4808f397a517b7217eab6215fe435640f8f7?s=96&d=mm&r=g","caption":"Silvia"},"url":"https:\/\/euricse.eu\/it\/author\/silvia\/"}]}},"_links":{"self":[{"href":"https:\/\/euricse.eu\/it\/wp-json\/wp\/v2\/posts\/31048","targetHints":{"allow":["GET"]}}],"collection":[{"href":"https:\/\/euricse.eu\/it\/wp-json\/wp\/v2\/posts"}],"about":[{"href":"https:\/\/euricse.eu\/it\/wp-json\/wp\/v2\/types\/post"}],"author":[{"embeddable":true,"href":"https:\/\/euricse.eu\/it\/wp-json\/wp\/v2\/users\/32"}],"replies":[{"embeddable":true,"href":"https:\/\/euricse.eu\/it\/wp-json\/wp\/v2\/comments?post=31048"}],"version-history":[{"count":2,"href":"https:\/\/euricse.eu\/it\/wp-json\/wp\/v2\/posts\/31048\/revisions"}],"predecessor-version":[{"id":31066,"href":"https:\/\/euricse.eu\/it\/wp-json\/wp\/v2\/posts\/31048\/revisions\/31066"}],"wp:featuredmedia":[{"embeddable":true,"href":"https:\/\/euricse.eu\/it\/wp-json\/wp\/v2\/media\/31049"}],"wp:attachment":[{"href":"https:\/\/euricse.eu\/it\/wp-json\/wp\/v2\/media?parent=31048"}],"wp:term":[{"taxonomy":"category","embeddable":true,"href":"https:\/\/euricse.eu\/it\/wp-json\/wp\/v2\/categories?post=31048"},{"taxonomy":"post_tag","embeddable":true,"href":"https:\/\/euricse.eu\/it\/wp-json\/wp\/v2\/tags?post=31048"}],"curies":[{"name":"wp","href":"https:\/\/api.w.org\/{rel}","templated":true}]}}