{"id":4264,"date":"2016-05-25T14:37:43","date_gmt":"2016-05-25T13:37:43","guid":{"rendered":"https:\/\/euricse.staging.hgblu.com\/?p=4264"},"modified":"2016-06-03T19:39:36","modified_gmt":"2016-06-03T18:39:36","slug":"linnovazione-aperta-delle-cooperative-di-comunita","status":"publish","type":"post","link":"https:\/\/euricse.eu\/it\/linnovazione-aperta-delle-cooperative-di-comunita\/","title":{"rendered":"L\u2019innovazione aperta delle cooperative di comunit\u00e0"},"content":{"rendered":"<h3>La redazione del\u00a0Libro Bianco \u201cLe cooperative di comunit\u00e0\u201d\u00a0ci ha obbligati a \u201critessere le fila\u201d di percorsi di ricerca svolti negli anni passati. Il compito di raccontare tutti i passaggi\u00a0lo abbiamo affidato a Flaviano Zandonai, ricercatore e co-autore del volume.<\/h3>\n<p>Nonostante un numero crescente di ricercatori, policy maker, consulenti e progettisti tentino di catturarne il valore distintivo incasellandole in modelli organizzativi, forme giuridiche, politiche di sviluppo, le <strong>cooperative di comunit\u00e0<\/strong> rimangono oggetti sfuggenti rispetto ai modelli classici della partecipazione sociale e dell\u2019imprenditorialit\u00e0, anche di quella cooperativa. Operano infatti lungo le \u201cfaglie\u201d dove hanno preso forma le istituzioni moderne: tra produzione e consumo, tra mercato e dono, tra sfera pubblica e privata, tra lavoro volontario e retribuito, tra specializzazione settoriale e diversificazione, tra globale e locale.<!--more--><\/p>\n<p>Per essere affrontati questi temi necessitano di un<strong> nuovo approccio alla ricerca<\/strong> che si colloca nell\u2019ambito del paradigma, oggi sempre pi\u00f9 affermato, della <em>open innovation<\/em>. Le<a href=\"https:\/\/euricse.eu\/it\/linnovazione-aperta-delle-cooperative-di-comunita\/librobianco_copertina\/\" rel=\"attachment wp-att-4280\"><img loading=\"lazy\" decoding=\"async\" class=\"alignright wp-image-4280 size-medium\" src=\"https:\/\/euricse.eu\/wp-content\/uploads\/2016\/05\/LibroBianco_copertina-217x300.jpg\" alt=\"LibroBianco_copertina\" width=\"217\" height=\"300\" srcset=\"https:\/\/euricse.eu\/wp-content\/uploads\/2016\/05\/LibroBianco_copertina-217x300.jpg 217w, https:\/\/euricse.eu\/wp-content\/uploads\/2016\/05\/LibroBianco_copertina-289x400.jpg 289w, https:\/\/euricse.eu\/wp-content\/uploads\/2016\/05\/LibroBianco_copertina.jpg 491w\" sizes=\"auto, (max-width: 217px) 100vw, 217px\" \/><\/a> cooperative di comunit\u00e0, forse pi\u00f9 di altri fenomeni sociali e organizzativi analoghi, richiedono d\u2019intraprendere percorsi di formazione e diffusione della conoscenza pi\u00f9 aperti. Richiedono di coltivare in modo pi\u00f9 sistematico la <strong>multidisciplinariet\u00e0<\/strong> nella definizione dei framework analitici e dei modelli interpretativi. Ma richiedono anche di lavorare \u201cgomito a gomito\u201d con coloro che quotidianamente gestiscono queste realt\u00e0 e ne accompagnano l\u2019emersione la crescita. <strong>Practitioners<\/strong> preziosi non solo in sede di \u201ctrasferimento tecnologico\u201d, ma anche per elaborare una conoscenza di prima mano che alimenta le ipotesi di ricerca e la rilevazione sul campo. Si tratta infatti di indagini che richiedono una sensibilit\u00e0 particolare non solo per rilevare \u201cdati oggettivi\u201d di performance (economica o sociale che sia), ma soprattutto elementi di natura processuale dagli andamenti spesso \u201ccarsici\u201d e dagli esiti non sempre prevedibili. Un metodo di ricerca che, prima di \u201csomministrare\u201d strumenti di rilevazione, necessita di <strong>saper accedere e di abitare quei contesti generativi<\/strong> in cui le imprese comunitarie prendono forma, pena il rischio di restituire un quadro frammentato in tante esperienze specifiche e residuali, non in grado di cogliere il potenziale di affermazione di un nuovo modello di gestione economica per la coproduzione di beni e servizi di interesse collettivo.<\/p>\n<div style=\"float: right; text-align: right;\">\n<figure id=\"attachment_4266\" aria-describedby=\"caption-attachment-4266\" style=\"width: 300px\" class=\"wp-caption alignright\"><a href=\"https:\/\/it.wikibooks.org\/wiki\/Impresa_sociale_di_comunit%C3%A0\/Copertina\" rel=\"attachment wp-att-4266\"><img loading=\"lazy\" decoding=\"async\" class=\"wp-image-4266 size-medium\" src=\"https:\/\/euricse.eu\/wp-content\/uploads\/2016\/05\/Impresa_sociale_di_comunit\u00e0_copertina-300x245.png\" alt=\"Impresa_sociale_di_comunit\u00e0_copertina\" width=\"300\" height=\"245\" srcset=\"https:\/\/euricse.eu\/wp-content\/uploads\/2016\/05\/Impresa_sociale_di_comunit\u00e0_copertina-300x245.png 300w, https:\/\/euricse.eu\/wp-content\/uploads\/2016\/05\/Impresa_sociale_di_comunit\u00e0_copertina-491x400.png 491w, https:\/\/euricse.eu\/wp-content\/uploads\/2016\/05\/Impresa_sociale_di_comunit\u00e0_copertina.png 628w\" sizes=\"auto, (max-width: 300px) 100vw, 300px\" \/><\/a><figcaption id=\"caption-attachment-4266\" class=\"wp-caption-text\">La copertina del libro &#8220;Impresa sociale di comunit\u00e0<\/figcaption><\/figure>\n<\/div>\n<p><strong>Il nostro <a href=\"https:\/\/euricse.eu\/it\/comunita-cooperative-il-valore-sociale-per-rigenerare-economie-di-luogo\/\">Libro bianco <\/a>raccoglie questa sfida.<\/strong> Ci ha obbligati infatti a \u201critessere le fila\u201d di percorsi di ricerca svolti negli anni passati: <a href=\"https:\/\/it.wikibooks.org\/wiki\/Impresa_sociale_di_comunit%C3%A0\/Copertina\">le imprese sociali di comunit\u00e0 legate <\/a><a href=\"https:\/\/it.wikibooks.org\/wiki\/Impresa_sociale_di_comunit%C3%A0\/Copertina\">all\u2019esperienza della cooperazione sociale<\/a>, <a href=\"https:\/\/euricse.eu\/it\/projects\/imprese-e-cooperative-sociali-e-di-comunita\/publications\/\">le cooperative di utenza per la gestione di servizi pubblici locali<\/a>, <a href=\"https:\/\/euricse.eu\/wp-content\/uploads\/2015\/03\/1348571193_n2214.pdf\">l\u2019imprenditorialit\u00e0 che scaturisce dalla rigenerazione di immobili per scopi sociali, <\/a><a href=\"https:\/\/euricse.eu\/it\/people\/francesco-minora\/projects\/\">l\u2019innovazione dell\u2019abitare basata sulla condivisione di beni, servizi e spazi comuni<\/a>. Ci ha inoltre sollecitato a confrontarci con realt\u00e0 caratterizzate da peculiarit\u00e0 accentuate (nella genesi, sviluppo, consolidamento) che sono state spesso veicolate, anzi narrate in prima persona, dalle persone che le gestiscono. E al tempo stesso ci ha spinto ad <strong>allargare il campo di osservazione<\/strong>, a tessere legami fra fenomenologie distanti eppure per certi versi simili: tra le \u201ccooperative paese\u201d delle aree interne e i <em><a href=\"http:\/\/www.communityhub.it\/\">community hub<\/a><\/em> delle <em>smart cities<\/em>. Cos\u00ec facendo ci troviamo di fronte a esiti variegati e non del tutto prevedibili nei loro impatti: dagli elementi <em>hard<\/em> della normativa regionale allo sviluppo di un pi\u00f9 ampio complesso di politiche che direttamente e indirettamente incidono sullo sviluppo delle cooperative di comunit\u00e0, fino a intercettare gli approcci strategici e in senso lato culturali che riguardano i player tradizionali dell\u2019economia. Le imprese cooperative che declinano in forme e modi diversi il principio identitario del \u201c<em>concern for community<\/em>\u201d, al nonprofit che sviluppa una <strong>nuova imprenditorialit\u00e0<\/strong> legata non solo al tradizionale veicolo della cooperazione sociale, fino a casi di imprese di capitali che tentano di ridefinire la loro responsabilit\u00e0 sociale d\u2019impresa stabilizzandola e rendendola pi\u00f9 efficace. Anche la <strong>formazione<\/strong> contribuisce, da questo punto di vista, a questo percorso di innovazione aperta, considerando che nel giro di un biennio l\u2019imprenditoria comunitaria \u00e8 passata da una piccola \u201cpillola formativa\u201d nell\u2019ambito di un corso sull\u2019innovazione nell\u2019imprenditoria sociale e cooperativa a un elemento chiave della nuova <a href=\"http:\/\/www.sibec.eu\">Scuola italiana beni comuni (Sibec)<\/a> recentemente avviata in cooperazione con Labsus e l\u2019Universit\u00e0 di Trento.<\/p>\n<p>Il Libro bianco quindi svolge un&#8217;importante funzione di crocevia per percorsi che hanno origine diversa ed esiti altrettanto differenziati. Una modalit\u00e0 attraverso cui capitalizzare in forma nuova quanto prodotto e, al tempo stesso, rilanciare <strong>nuove piste di ricerca<\/strong> basate sulla creazione di vere e proprie <em>community<\/em> di ricercatori, esperti sul campo designer delle politiche. Un metodo che ottimizza la \u201c<a href=\"http:\/\/www.ibs.it\/code\/9788875780630\/anderson-chris\/coda-lunga-mercato.html\">coda lunga<\/a>\u201d della produzione della conoscenza e che, ci auguriamo, consente di accelerare il percorso di affermazione di innovazioni sociali, salvaguardandole gli elementi costitutivi e al tempo stesso rafforzandole rispetto a una domanda di cambiamento che ormai si esprime in modo sempre pi\u00f9 evidente.<\/p>\n<p>&nbsp;<\/p>\n<p><strong>Leggi anche:<\/strong><\/p>\n<p><a href=\"https:\/\/euricse.eu\/it\/perche-un-libro-bianco-sulle-cooperative-di-comunita\/\">Perch\u00e9 un Libro bianco sulle cooperative di comunit\u00e0?<\/a>\u00a0di Jacopo Sforzi<\/p>\n<p><a href=\"https:\/\/euricse.eu\/it\/libro-bianco-sulle-cooperative-di-comunita-unanteprima\/\">Libro Bianco sulle cooperative di comunit\u00e0. Un\u2019anteprima.<\/a><\/p>\n<p>Il progetto di ricerca <a href=\"https:\/\/euricse.eu\/it\/projects\/imprese-e-cooperative-sociali-e-di-comunita\/\">&#8220;Imprese e cooperative sociali e di comunit\u00e0&#8221;<\/a><\/p>\n","protected":false},"excerpt":{"rendered":"<p>La redazione del\u00a0Libro Bianco \u201cLe cooperative di comunit\u00e0\u201d\u00a0ci ha obbligati a \u201critessere le fila\u201d di percorsi di ricerca svolti negli anni passati. Il compito di raccontare tutti i passaggi\u00a0lo abbiamo affidato a Flaviano Zandonai, ricercatore e co-autore del volume. Nonostante un numero crescente di ricercatori, policy maker, consulenti e progettisti tentino di catturarne il valore [&hellip;]<\/p>\n","protected":false},"author":32,"featured_media":4270,"comment_status":"open","ping_status":"closed","sticky":false,"template":"","format":"standard","meta":{"_acf_changed":false,"episode_type":"","audio_file":"","cover_image":"","cover_image_id":"","duration":"","filesize":"","date_recorded":"","explicit":"","block":"","itunes_episode_number":"","itunes_title":"","itunes_season_number":"","itunes_episode_type":"","filesize_raw":"","footnotes":""},"categories":[16,17],"tags":[111,122,291],"class_list":["post-4264","post","type-post","status-publish","format-standard","has-post-thumbnail","hentry","category-approfondimenti","category-news-it","tag-imprese-sociali","tag-interesse-per-la-comunita","tag-cooperative-di-comunita"],"acf":[],"yoast_head":"<!-- This site is optimized with the Yoast SEO plugin v26.1.1 - https:\/\/yoast.com\/wordpress\/plugins\/seo\/ -->\n<title>L\u2019innovazione aperta delle cooperative di comunit\u00e0 - Euricse<\/title>\n<meta name=\"robots\" content=\"index, follow, max-snippet:-1, max-image-preview:large, max-video-preview:-1\" \/>\n<link rel=\"canonical\" href=\"https:\/\/euricse.eu\/it\/linnovazione-aperta-delle-cooperative-di-comunita\/\" \/>\n<meta property=\"og:locale\" content=\"it_IT\" \/>\n<meta property=\"og:type\" content=\"article\" \/>\n<meta property=\"og:title\" content=\"L\u2019innovazione aperta delle cooperative di comunit\u00e0 - Euricse\" \/>\n<meta property=\"og:description\" content=\"La redazione del\u00a0Libro Bianco \u201cLe cooperative di comunit\u00e0\u201d\u00a0ci ha obbligati a \u201critessere le fila\u201d di percorsi di ricerca svolti negli anni passati. Il compito di raccontare tutti i passaggi\u00a0lo abbiamo affidato a Flaviano Zandonai, ricercatore e co-autore del volume. Nonostante un numero crescente di ricercatori, policy maker, consulenti e progettisti tentino di catturarne il valore [&hellip;]\" \/>\n<meta property=\"og:url\" content=\"https:\/\/euricse.eu\/it\/linnovazione-aperta-delle-cooperative-di-comunita\/\" \/>\n<meta property=\"og:site_name\" content=\"Euricse\" \/>\n<meta property=\"article:published_time\" content=\"2016-05-25T13:37:43+00:00\" \/>\n<meta property=\"article:modified_time\" content=\"2016-06-03T18:39:36+00:00\" \/>\n<meta property=\"og:image\" content=\"https:\/\/euricse.eu\/wp-content\/uploads\/2016\/05\/libro-bianco-copertina-copy-1024x963.png\" \/>\n\t<meta property=\"og:image:width\" content=\"1024\" \/>\n\t<meta property=\"og:image:height\" content=\"963\" \/>\n\t<meta property=\"og:image:type\" content=\"image\/png\" \/>\n<meta name=\"author\" content=\"Silvia\" \/>\n<meta name=\"twitter:card\" content=\"summary_large_image\" \/>\n<meta name=\"twitter:label1\" content=\"Scritto da\" \/>\n\t<meta name=\"twitter:data1\" content=\"Silvia\" \/>\n\t<meta name=\"twitter:label2\" content=\"Tempo di lettura stimato\" \/>\n\t<meta name=\"twitter:data2\" content=\"4 minuti\" \/>\n<script type=\"application\/ld+json\" class=\"yoast-schema-graph\">{\"@context\":\"https:\/\/schema.org\",\"@graph\":[{\"@type\":\"WebPage\",\"@id\":\"https:\/\/euricse.eu\/it\/linnovazione-aperta-delle-cooperative-di-comunita\/\",\"url\":\"https:\/\/euricse.eu\/it\/linnovazione-aperta-delle-cooperative-di-comunita\/\",\"name\":\"L\u2019innovazione aperta delle cooperative di comunit\u00e0 - Euricse\",\"isPartOf\":{\"@id\":\"https:\/\/euricse.eu\/en\/#website\"},\"primaryImageOfPage\":{\"@id\":\"https:\/\/euricse.eu\/it\/linnovazione-aperta-delle-cooperative-di-comunita\/#primaryimage\"},\"image\":{\"@id\":\"https:\/\/euricse.eu\/it\/linnovazione-aperta-delle-cooperative-di-comunita\/#primaryimage\"},\"thumbnailUrl\":\"https:\/\/euricse.eu\/wp-content\/uploads\/2016\/05\/libro-bianco-copertina-copy.png\",\"datePublished\":\"2016-05-25T13:37:43+00:00\",\"dateModified\":\"2016-06-03T18:39:36+00:00\",\"author\":{\"@id\":\"https:\/\/euricse.eu\/en\/#\/schema\/person\/a5b25693531e3458dfedff34c273ba14\"},\"breadcrumb\":{\"@id\":\"https:\/\/euricse.eu\/it\/linnovazione-aperta-delle-cooperative-di-comunita\/#breadcrumb\"},\"inLanguage\":\"it-IT\",\"potentialAction\":[{\"@type\":\"ReadAction\",\"target\":[\"https:\/\/euricse.eu\/it\/linnovazione-aperta-delle-cooperative-di-comunita\/\"]}]},{\"@type\":\"ImageObject\",\"inLanguage\":\"it-IT\",\"@id\":\"https:\/\/euricse.eu\/it\/linnovazione-aperta-delle-cooperative-di-comunita\/#primaryimage\",\"url\":\"https:\/\/euricse.eu\/wp-content\/uploads\/2016\/05\/libro-bianco-copertina-copy.png\",\"contentUrl\":\"https:\/\/euricse.eu\/wp-content\/uploads\/2016\/05\/libro-bianco-copertina-copy.png\",\"width\":4498,\"height\":4231},{\"@type\":\"BreadcrumbList\",\"@id\":\"https:\/\/euricse.eu\/it\/linnovazione-aperta-delle-cooperative-di-comunita\/#breadcrumb\",\"itemListElement\":[{\"@type\":\"ListItem\",\"position\":1,\"name\":\"Home\",\"item\":\"https:\/\/euricse.eu\/it\/\"},{\"@type\":\"ListItem\",\"position\":2,\"name\":\"L\u2019innovazione aperta delle cooperative di comunit\u00e0\"}]},{\"@type\":\"WebSite\",\"@id\":\"https:\/\/euricse.eu\/en\/#website\",\"url\":\"https:\/\/euricse.eu\/en\/\",\"name\":\"Euricse\",\"description\":\"Knowledge and innovation for cooperative and social enterprises.\",\"potentialAction\":[{\"@type\":\"SearchAction\",\"target\":{\"@type\":\"EntryPoint\",\"urlTemplate\":\"https:\/\/euricse.eu\/en\/?s={search_term_string}\"},\"query-input\":{\"@type\":\"PropertyValueSpecification\",\"valueRequired\":true,\"valueName\":\"search_term_string\"}}],\"inLanguage\":\"it-IT\"},{\"@type\":\"Person\",\"@id\":\"https:\/\/euricse.eu\/en\/#\/schema\/person\/a5b25693531e3458dfedff34c273ba14\",\"name\":\"Silvia\",\"image\":{\"@type\":\"ImageObject\",\"inLanguage\":\"it-IT\",\"@id\":\"https:\/\/euricse.eu\/en\/#\/schema\/person\/image\/\",\"url\":\"https:\/\/secure.gravatar.com\/avatar\/3cef1082b65edc85f1a4c0caa7ce4808f397a517b7217eab6215fe435640f8f7?s=96&d=mm&r=g\",\"contentUrl\":\"https:\/\/secure.gravatar.com\/avatar\/3cef1082b65edc85f1a4c0caa7ce4808f397a517b7217eab6215fe435640f8f7?s=96&d=mm&r=g\",\"caption\":\"Silvia\"},\"url\":\"https:\/\/euricse.eu\/it\/author\/silvia\/\"}]}<\/script>\n<!-- \/ Yoast SEO plugin. -->","yoast_head_json":{"title":"L\u2019innovazione aperta delle cooperative di comunit\u00e0 - Euricse","robots":{"index":"index","follow":"follow","max-snippet":"max-snippet:-1","max-image-preview":"max-image-preview:large","max-video-preview":"max-video-preview:-1"},"canonical":"https:\/\/euricse.eu\/it\/linnovazione-aperta-delle-cooperative-di-comunita\/","og_locale":"it_IT","og_type":"article","og_title":"L\u2019innovazione aperta delle cooperative di comunit\u00e0 - Euricse","og_description":"La redazione del\u00a0Libro Bianco \u201cLe cooperative di comunit\u00e0\u201d\u00a0ci ha obbligati a \u201critessere le fila\u201d di percorsi di ricerca svolti negli anni passati. Il compito di raccontare tutti i passaggi\u00a0lo abbiamo affidato a Flaviano Zandonai, ricercatore e co-autore del volume. Nonostante un numero crescente di ricercatori, policy maker, consulenti e progettisti tentino di catturarne il valore [&hellip;]","og_url":"https:\/\/euricse.eu\/it\/linnovazione-aperta-delle-cooperative-di-comunita\/","og_site_name":"Euricse","article_published_time":"2016-05-25T13:37:43+00:00","article_modified_time":"2016-06-03T18:39:36+00:00","og_image":[{"width":1024,"height":963,"url":"https:\/\/euricse.eu\/wp-content\/uploads\/2016\/05\/libro-bianco-copertina-copy-1024x963.png","type":"image\/png"}],"author":"Silvia","twitter_card":"summary_large_image","twitter_misc":{"Scritto da":"Silvia","Tempo di lettura stimato":"4 minuti"},"schema":{"@context":"https:\/\/schema.org","@graph":[{"@type":"WebPage","@id":"https:\/\/euricse.eu\/it\/linnovazione-aperta-delle-cooperative-di-comunita\/","url":"https:\/\/euricse.eu\/it\/linnovazione-aperta-delle-cooperative-di-comunita\/","name":"L\u2019innovazione aperta delle cooperative di comunit\u00e0 - Euricse","isPartOf":{"@id":"https:\/\/euricse.eu\/en\/#website"},"primaryImageOfPage":{"@id":"https:\/\/euricse.eu\/it\/linnovazione-aperta-delle-cooperative-di-comunita\/#primaryimage"},"image":{"@id":"https:\/\/euricse.eu\/it\/linnovazione-aperta-delle-cooperative-di-comunita\/#primaryimage"},"thumbnailUrl":"https:\/\/euricse.eu\/wp-content\/uploads\/2016\/05\/libro-bianco-copertina-copy.png","datePublished":"2016-05-25T13:37:43+00:00","dateModified":"2016-06-03T18:39:36+00:00","author":{"@id":"https:\/\/euricse.eu\/en\/#\/schema\/person\/a5b25693531e3458dfedff34c273ba14"},"breadcrumb":{"@id":"https:\/\/euricse.eu\/it\/linnovazione-aperta-delle-cooperative-di-comunita\/#breadcrumb"},"inLanguage":"it-IT","potentialAction":[{"@type":"ReadAction","target":["https:\/\/euricse.eu\/it\/linnovazione-aperta-delle-cooperative-di-comunita\/"]}]},{"@type":"ImageObject","inLanguage":"it-IT","@id":"https:\/\/euricse.eu\/it\/linnovazione-aperta-delle-cooperative-di-comunita\/#primaryimage","url":"https:\/\/euricse.eu\/wp-content\/uploads\/2016\/05\/libro-bianco-copertina-copy.png","contentUrl":"https:\/\/euricse.eu\/wp-content\/uploads\/2016\/05\/libro-bianco-copertina-copy.png","width":4498,"height":4231},{"@type":"BreadcrumbList","@id":"https:\/\/euricse.eu\/it\/linnovazione-aperta-delle-cooperative-di-comunita\/#breadcrumb","itemListElement":[{"@type":"ListItem","position":1,"name":"Home","item":"https:\/\/euricse.eu\/it\/"},{"@type":"ListItem","position":2,"name":"L\u2019innovazione aperta delle cooperative di comunit\u00e0"}]},{"@type":"WebSite","@id":"https:\/\/euricse.eu\/en\/#website","url":"https:\/\/euricse.eu\/en\/","name":"Euricse","description":"Knowledge and innovation for cooperative and social enterprises.","potentialAction":[{"@type":"SearchAction","target":{"@type":"EntryPoint","urlTemplate":"https:\/\/euricse.eu\/en\/?s={search_term_string}"},"query-input":{"@type":"PropertyValueSpecification","valueRequired":true,"valueName":"search_term_string"}}],"inLanguage":"it-IT"},{"@type":"Person","@id":"https:\/\/euricse.eu\/en\/#\/schema\/person\/a5b25693531e3458dfedff34c273ba14","name":"Silvia","image":{"@type":"ImageObject","inLanguage":"it-IT","@id":"https:\/\/euricse.eu\/en\/#\/schema\/person\/image\/","url":"https:\/\/secure.gravatar.com\/avatar\/3cef1082b65edc85f1a4c0caa7ce4808f397a517b7217eab6215fe435640f8f7?s=96&d=mm&r=g","contentUrl":"https:\/\/secure.gravatar.com\/avatar\/3cef1082b65edc85f1a4c0caa7ce4808f397a517b7217eab6215fe435640f8f7?s=96&d=mm&r=g","caption":"Silvia"},"url":"https:\/\/euricse.eu\/it\/author\/silvia\/"}]}},"_links":{"self":[{"href":"https:\/\/euricse.eu\/it\/wp-json\/wp\/v2\/posts\/4264","targetHints":{"allow":["GET"]}}],"collection":[{"href":"https:\/\/euricse.eu\/it\/wp-json\/wp\/v2\/posts"}],"about":[{"href":"https:\/\/euricse.eu\/it\/wp-json\/wp\/v2\/types\/post"}],"author":[{"embeddable":true,"href":"https:\/\/euricse.eu\/it\/wp-json\/wp\/v2\/users\/32"}],"replies":[{"embeddable":true,"href":"https:\/\/euricse.eu\/it\/wp-json\/wp\/v2\/comments?post=4264"}],"version-history":[{"count":0,"href":"https:\/\/euricse.eu\/it\/wp-json\/wp\/v2\/posts\/4264\/revisions"}],"wp:featuredmedia":[{"embeddable":true,"href":"https:\/\/euricse.eu\/it\/wp-json\/wp\/v2\/media\/4270"}],"wp:attachment":[{"href":"https:\/\/euricse.eu\/it\/wp-json\/wp\/v2\/media?parent=4264"}],"wp:term":[{"taxonomy":"category","embeddable":true,"href":"https:\/\/euricse.eu\/it\/wp-json\/wp\/v2\/categories?post=4264"},{"taxonomy":"post_tag","embeddable":true,"href":"https:\/\/euricse.eu\/it\/wp-json\/wp\/v2\/tags?post=4264"}],"curies":[{"name":"wp","href":"https:\/\/api.w.org\/{rel}","templated":true}]}}