{"id":4963,"date":"2016-09-22T12:31:36","date_gmt":"2016-09-22T11:31:36","guid":{"rendered":"https:\/\/euricse.staging.hgblu.com\/?p=4963"},"modified":"2016-09-27T14:28:29","modified_gmt":"2016-09-27T13:28:29","slug":"euricse-presenta-il-metodo-impact-valutiamo-limpatto-sociale","status":"publish","type":"post","link":"https:\/\/euricse.eu\/it\/euricse-presenta-il-metodo-impact-valutiamo-limpatto-sociale\/","title":{"rendered":"Euricse presenta il metodo ImpACT. Valutiamo l&#8217;impatto sociale."},"content":{"rendered":"<p>Da qualche anno\u00a0ormai\u00a0valutazione e impatto sociale sono diventati concetti di particolare interesse sia per la comunit\u00e0 scientifica sia per gli operatori del Terzo Settore. Sono stati evocati nella Comunicazione della Commissione Europea Social Business Initiative e anche nella recente riforma del Terzo Settore, che prevede l\u2019obbligo per le imprese sociali di una chiara comunicazione dei risultati e rendicontazione sociale nonch\u00e9\u00a0 l\u2019implementazione di processi di valutazione dell\u2019impatto sociale. E mentre si attendono le linee guida ministeriali sul come impostare queste rilevazioni, le organizzazioni gi\u00e0 da un po\u2019 stanno sperimentando strade diverse.<\/p>\n<p>Una l\u2019abbiamo elaborata anche noi di Euricse e la presentiamo in questo position paper \u201c<strong><a href=\"https:\/\/euricse.eu\/it\/publications\/la-valutazione-dellimpatto-sociale-nel-terzo-settore\/\">La valutazione dell\u2019impatto sociale nel Terzo Settore. Il posizionamento di Euricse e il metodo ImpACT<\/a><\/strong>\u201d. L\u2019autrice \u00e8 <a href=\"https:\/\/euricse.eu\/it\/people\/sara-depedri\/\"><strong>Sara Depedri<\/strong><\/a>, ricercatrice senior da alcuni anni a capo delle indagini che hanno lo scopo di esplorare e cogliere tutte le sfumature dei traguardi raggiunti dalle imprese sociali e di individuare il modo migliore per presentarli. Durante questo percorso Depedri ha sperimentato con successo il <strong>metodo ImpACT<\/strong> in Trentino, Veneto e Friuli Venezia Giulia.<!--more--><\/p>\n<p>\u201cNel documento presentiamo i concetti di valutazione e di impatto sociale, forniamo una breve riflessione scientifica sul tema e soprattutto illustriamo il<\/p>\n<p><img loading=\"lazy\" decoding=\"async\" class=\"alignright wp-image-4982 size-thumbnail\" src=\"https:\/\/euricse.eu\/wp-content\/uploads\/2016\/09\/Copertina-283x400.jpg\" alt=\"Copertina\" width=\"283\" height=\"400\" srcset=\"https:\/\/euricse.eu\/wp-content\/uploads\/2016\/09\/Copertina-283x400.jpg 283w, https:\/\/euricse.eu\/wp-content\/uploads\/2016\/09\/Copertina-212x300.jpg 212w, https:\/\/euricse.eu\/wp-content\/uploads\/2016\/09\/Copertina-768x1086.jpg 768w, https:\/\/euricse.eu\/wp-content\/uploads\/2016\/09\/Copertina-724x1024.jpg 724w, https:\/\/euricse.eu\/wp-content\/uploads\/2016\/09\/Copertina.jpg 1654w\" sizes=\"auto, (max-width: 283px) 100vw, 283px\" \/>posizionamento del nostro istituto rispetto al tema della valutazione dell\u2019impatto sociale.\u00a0Il metodo di valutazione che abbiamo cercato di sviluppare integra le diverse necessit\u00e0 rendicontative delle imprese sociali, dando prevalenza ad un modello che porti a valutare le ricadute quantitative e qualitative in termini di efficienza e di efficacia dell&#8217;attivit\u00e0 realizzata\u201d, racconta <strong>Depedri<\/strong>.<\/p>\n<p>\u201cL\u2019impatto sociale identifica tutte le ricadute, dirette ed indirette, di medio e di lungo periodo, che l\u2019agire dell\u2019organizzazione produce sulla societ\u00e0 con cui si relaziona\u201d, \u00e8 la definizione da cui siamo partiti nella sperimanetazione e validazione di una autonoma metodologia.<\/p>\n<h3><strong>Cosa?<\/strong><\/h3>\n<p>I criteri che hanno guidato Euricse nella scelta della metodologia da utilizzare e degli strumenti da proporre sono stati:<\/p>\n<ul>\n<li>rispondere alle <strong>linee guida europee<\/strong> sulla misurazione di impatto sociale e alla legge di <strong>riforma del Terzo settore<\/strong>;<\/li>\n<li>proporre alle organizzazioni di Terzo settore una <strong>valutazione formativa e partecipata<\/strong>;<\/li>\n<li>individuare <strong>diversi strumenti<\/strong> per cogliere le molteplici sfaccettature dell\u2019impatto sociale;<\/li>\n<li>disporre di <strong>metodi e modelli<\/strong> che siano facilmente interpretabili e utili a pi\u00f9 stakeholder;<\/li>\n<li>conciliare la <strong>scientificit\u00e0<\/strong>, la <strong>replicabilit\u00e0<\/strong> e il <strong>rispetto di parametri internazionali<\/strong> con le specificit\u00e0 del modello italiano di impresa sociale<\/li>\n<\/ul>\n<h3>Come?<\/h3>\n<p>Gli strumenti utilizzati da Euricse per la valutazione dell\u2019impatto economico e sociale sono:<\/p>\n<ul>\n<li>questionario quali-quantitativo indirizzato alle imprese sociali e volto alla <strong>raccolta dati interni all\u2019organizzazione<\/strong>;<\/li>\n<li>questionari quali-quantitativi rivolti ai <strong>principali stakeholder<\/strong> dell\u2019ente, ovvero lavoratori normodotati e svantaggiati, soci, volontari, utenti e loro famigliari, imprese clienti, operatori della pubblica amministrazione che si relazionano con l\u2019impresa;<\/li>\n<li>tracce di intervista di natura qualitativa per approfondimenti dell\u2019impatto generato sulla sfera istituzionale e indirizzate quindi alle <strong>istituzioni pubbliche del territorio<\/strong>;<\/li>\n<li>analisi documentale dei bilanci delle <strong>imprese o organizzazioni<\/strong> interessate.<\/li>\n<\/ul>\n<h3>Per chi?<\/h3>\n<p>Nell&#8217;elaborazione del metodo abbiamo tenuto presente che diversi interlocutori hanno anche diverse necessit\u00e0 di valutazione e idee diverse sugli strumenti da promuovere e sui risultati da rendicontare:<\/p>\n<ul>\n<li>i\u00a0<strong>policy maker<\/strong> hanno l\u2019obiettivo di comprendere come le politiche sociali promosse, le modalit\u00e0 di finanziamento o di scambio previste, l\u2019insieme dei sostegni allo sviluppo dell\u2019impresa sociale in Europa ed in Italia abbiano influenzato i risultati raggiunti dal sistema e dai singoli e gli impatti sociali generati;<\/li>\n<li>i<strong> finanziatori e investitori<\/strong> hanno bisogno di strumenti che permettano di identificare il ritorno degli investimenti realizzati;<\/li>\n<li>ai <strong>cittadini<\/strong> va indirizzata una precisa comunicazione rispetto alla sostenibilit\u00e0 economica, ambientale e sociale delle attivit\u00e0 promosse anche per sensibilizzare e coinvolgere di pi\u00f9 la comunit\u00e0 nelle nuove dinamiche di welfare.<\/li>\n<\/ul>\n","protected":false},"excerpt":{"rendered":"<p>Da qualche anno\u00a0ormai\u00a0valutazione e impatto sociale sono diventati concetti di particolare interesse sia per la comunit\u00e0 scientifica sia per gli operatori del Terzo Settore. Sono stati evocati nella Comunicazione della Commissione Europea Social Business Initiative e anche nella recente riforma del Terzo Settore, che prevede l\u2019obbligo per le imprese sociali di una chiara comunicazione dei [&hellip;]<\/p>\n","protected":false},"author":32,"featured_media":4983,"comment_status":"open","ping_status":"closed","sticky":false,"template":"","format":"standard","meta":{"_acf_changed":false,"episode_type":"","audio_file":"","cover_image":"","cover_image_id":"","duration":"","filesize":"","date_recorded":"","explicit":"","block":"","itunes_episode_number":"","itunes_title":"","itunes_season_number":"","itunes_episode_type":"","filesize_raw":"","footnotes":""},"categories":[17],"tags":[261,381],"class_list":["post-4963","post","type-post","status-publish","format-standard","has-post-thumbnail","hentry","category-news-it","tag-impatto-sociale","tag-impact"],"acf":[],"yoast_head":"<!-- This site is optimized with the Yoast SEO plugin v26.1.1 - https:\/\/yoast.com\/wordpress\/plugins\/seo\/ -->\n<title>Euricse presenta il metodo ImpACT. Valutiamo l&#039;impatto sociale. - Euricse<\/title>\n<meta name=\"robots\" content=\"index, follow, max-snippet:-1, max-image-preview:large, max-video-preview:-1\" \/>\n<link rel=\"canonical\" href=\"https:\/\/euricse.eu\/it\/euricse-presenta-il-metodo-impact-valutiamo-limpatto-sociale\/\" \/>\n<meta property=\"og:locale\" content=\"it_IT\" \/>\n<meta property=\"og:type\" content=\"article\" \/>\n<meta property=\"og:title\" content=\"Euricse presenta il metodo ImpACT. Valutiamo l&#039;impatto sociale. - Euricse\" \/>\n<meta property=\"og:description\" content=\"Da qualche anno\u00a0ormai\u00a0valutazione e impatto sociale sono diventati concetti di particolare interesse sia per la comunit\u00e0 scientifica sia per gli operatori del Terzo Settore. Sono stati evocati nella Comunicazione della Commissione Europea Social Business Initiative e anche nella recente riforma del Terzo Settore, che prevede l\u2019obbligo per le imprese sociali di una chiara comunicazione dei [&hellip;]\" \/>\n<meta property=\"og:url\" content=\"https:\/\/euricse.eu\/it\/euricse-presenta-il-metodo-impact-valutiamo-limpatto-sociale\/\" \/>\n<meta property=\"og:site_name\" content=\"Euricse\" \/>\n<meta property=\"article:published_time\" content=\"2016-09-22T11:31:36+00:00\" \/>\n<meta property=\"article:modified_time\" content=\"2016-09-27T13:28:29+00:00\" \/>\n<meta property=\"og:image\" content=\"https:\/\/euricse.eu\/wp-content\/uploads\/2016\/09\/Home-Euricse-Impact5.jpg\" \/>\n\t<meta property=\"og:image:width\" content=\"1800\" \/>\n\t<meta property=\"og:image:height\" content=\"825\" \/>\n\t<meta property=\"og:image:type\" content=\"image\/jpeg\" \/>\n<meta name=\"author\" content=\"Silvia\" \/>\n<meta name=\"twitter:card\" content=\"summary_large_image\" \/>\n<meta name=\"twitter:label1\" content=\"Scritto da\" \/>\n\t<meta name=\"twitter:data1\" content=\"Silvia\" \/>\n\t<meta name=\"twitter:label2\" content=\"Tempo di lettura stimato\" \/>\n\t<meta name=\"twitter:data2\" content=\"3 minuti\" \/>\n<script type=\"application\/ld+json\" class=\"yoast-schema-graph\">{\"@context\":\"https:\/\/schema.org\",\"@graph\":[{\"@type\":\"WebPage\",\"@id\":\"https:\/\/euricse.eu\/it\/euricse-presenta-il-metodo-impact-valutiamo-limpatto-sociale\/\",\"url\":\"https:\/\/euricse.eu\/it\/euricse-presenta-il-metodo-impact-valutiamo-limpatto-sociale\/\",\"name\":\"Euricse presenta il metodo ImpACT. Valutiamo l'impatto sociale. - Euricse\",\"isPartOf\":{\"@id\":\"https:\/\/euricse.eu\/en\/#website\"},\"primaryImageOfPage\":{\"@id\":\"https:\/\/euricse.eu\/it\/euricse-presenta-il-metodo-impact-valutiamo-limpatto-sociale\/#primaryimage\"},\"image\":{\"@id\":\"https:\/\/euricse.eu\/it\/euricse-presenta-il-metodo-impact-valutiamo-limpatto-sociale\/#primaryimage\"},\"thumbnailUrl\":\"https:\/\/euricse.eu\/wp-content\/uploads\/2016\/09\/Home-Euricse-Impact5.jpg\",\"datePublished\":\"2016-09-22T11:31:36+00:00\",\"dateModified\":\"2016-09-27T13:28:29+00:00\",\"author\":{\"@id\":\"https:\/\/euricse.eu\/en\/#\/schema\/person\/a5b25693531e3458dfedff34c273ba14\"},\"breadcrumb\":{\"@id\":\"https:\/\/euricse.eu\/it\/euricse-presenta-il-metodo-impact-valutiamo-limpatto-sociale\/#breadcrumb\"},\"inLanguage\":\"it-IT\",\"potentialAction\":[{\"@type\":\"ReadAction\",\"target\":[\"https:\/\/euricse.eu\/it\/euricse-presenta-il-metodo-impact-valutiamo-limpatto-sociale\/\"]}]},{\"@type\":\"ImageObject\",\"inLanguage\":\"it-IT\",\"@id\":\"https:\/\/euricse.eu\/it\/euricse-presenta-il-metodo-impact-valutiamo-limpatto-sociale\/#primaryimage\",\"url\":\"https:\/\/euricse.eu\/wp-content\/uploads\/2016\/09\/Home-Euricse-Impact5.jpg\",\"contentUrl\":\"https:\/\/euricse.eu\/wp-content\/uploads\/2016\/09\/Home-Euricse-Impact5.jpg\",\"width\":1800,\"height\":825},{\"@type\":\"BreadcrumbList\",\"@id\":\"https:\/\/euricse.eu\/it\/euricse-presenta-il-metodo-impact-valutiamo-limpatto-sociale\/#breadcrumb\",\"itemListElement\":[{\"@type\":\"ListItem\",\"position\":1,\"name\":\"Home\",\"item\":\"https:\/\/euricse.eu\/it\/\"},{\"@type\":\"ListItem\",\"position\":2,\"name\":\"Euricse presenta il metodo ImpACT. Valutiamo l&#8217;impatto sociale.\"}]},{\"@type\":\"WebSite\",\"@id\":\"https:\/\/euricse.eu\/en\/#website\",\"url\":\"https:\/\/euricse.eu\/en\/\",\"name\":\"Euricse\",\"description\":\"Knowledge and innovation for cooperative and social enterprises.\",\"potentialAction\":[{\"@type\":\"SearchAction\",\"target\":{\"@type\":\"EntryPoint\",\"urlTemplate\":\"https:\/\/euricse.eu\/en\/?s={search_term_string}\"},\"query-input\":{\"@type\":\"PropertyValueSpecification\",\"valueRequired\":true,\"valueName\":\"search_term_string\"}}],\"inLanguage\":\"it-IT\"},{\"@type\":\"Person\",\"@id\":\"https:\/\/euricse.eu\/en\/#\/schema\/person\/a5b25693531e3458dfedff34c273ba14\",\"name\":\"Silvia\",\"image\":{\"@type\":\"ImageObject\",\"inLanguage\":\"it-IT\",\"@id\":\"https:\/\/euricse.eu\/en\/#\/schema\/person\/image\/\",\"url\":\"https:\/\/secure.gravatar.com\/avatar\/3cef1082b65edc85f1a4c0caa7ce4808f397a517b7217eab6215fe435640f8f7?s=96&d=mm&r=g\",\"contentUrl\":\"https:\/\/secure.gravatar.com\/avatar\/3cef1082b65edc85f1a4c0caa7ce4808f397a517b7217eab6215fe435640f8f7?s=96&d=mm&r=g\",\"caption\":\"Silvia\"},\"url\":\"https:\/\/euricse.eu\/it\/author\/silvia\/\"}]}<\/script>\n<!-- \/ Yoast SEO plugin. -->","yoast_head_json":{"title":"Euricse presenta il metodo ImpACT. Valutiamo l'impatto sociale. - Euricse","robots":{"index":"index","follow":"follow","max-snippet":"max-snippet:-1","max-image-preview":"max-image-preview:large","max-video-preview":"max-video-preview:-1"},"canonical":"https:\/\/euricse.eu\/it\/euricse-presenta-il-metodo-impact-valutiamo-limpatto-sociale\/","og_locale":"it_IT","og_type":"article","og_title":"Euricse presenta il metodo ImpACT. Valutiamo l'impatto sociale. - Euricse","og_description":"Da qualche anno\u00a0ormai\u00a0valutazione e impatto sociale sono diventati concetti di particolare interesse sia per la comunit\u00e0 scientifica sia per gli operatori del Terzo Settore. Sono stati evocati nella Comunicazione della Commissione Europea Social Business Initiative e anche nella recente riforma del Terzo Settore, che prevede l\u2019obbligo per le imprese sociali di una chiara comunicazione dei [&hellip;]","og_url":"https:\/\/euricse.eu\/it\/euricse-presenta-il-metodo-impact-valutiamo-limpatto-sociale\/","og_site_name":"Euricse","article_published_time":"2016-09-22T11:31:36+00:00","article_modified_time":"2016-09-27T13:28:29+00:00","og_image":[{"width":1800,"height":825,"url":"https:\/\/euricse.eu\/wp-content\/uploads\/2016\/09\/Home-Euricse-Impact5.jpg","type":"image\/jpeg"}],"author":"Silvia","twitter_card":"summary_large_image","twitter_misc":{"Scritto da":"Silvia","Tempo di lettura stimato":"3 minuti"},"schema":{"@context":"https:\/\/schema.org","@graph":[{"@type":"WebPage","@id":"https:\/\/euricse.eu\/it\/euricse-presenta-il-metodo-impact-valutiamo-limpatto-sociale\/","url":"https:\/\/euricse.eu\/it\/euricse-presenta-il-metodo-impact-valutiamo-limpatto-sociale\/","name":"Euricse presenta il metodo ImpACT. Valutiamo l'impatto sociale. - Euricse","isPartOf":{"@id":"https:\/\/euricse.eu\/en\/#website"},"primaryImageOfPage":{"@id":"https:\/\/euricse.eu\/it\/euricse-presenta-il-metodo-impact-valutiamo-limpatto-sociale\/#primaryimage"},"image":{"@id":"https:\/\/euricse.eu\/it\/euricse-presenta-il-metodo-impact-valutiamo-limpatto-sociale\/#primaryimage"},"thumbnailUrl":"https:\/\/euricse.eu\/wp-content\/uploads\/2016\/09\/Home-Euricse-Impact5.jpg","datePublished":"2016-09-22T11:31:36+00:00","dateModified":"2016-09-27T13:28:29+00:00","author":{"@id":"https:\/\/euricse.eu\/en\/#\/schema\/person\/a5b25693531e3458dfedff34c273ba14"},"breadcrumb":{"@id":"https:\/\/euricse.eu\/it\/euricse-presenta-il-metodo-impact-valutiamo-limpatto-sociale\/#breadcrumb"},"inLanguage":"it-IT","potentialAction":[{"@type":"ReadAction","target":["https:\/\/euricse.eu\/it\/euricse-presenta-il-metodo-impact-valutiamo-limpatto-sociale\/"]}]},{"@type":"ImageObject","inLanguage":"it-IT","@id":"https:\/\/euricse.eu\/it\/euricse-presenta-il-metodo-impact-valutiamo-limpatto-sociale\/#primaryimage","url":"https:\/\/euricse.eu\/wp-content\/uploads\/2016\/09\/Home-Euricse-Impact5.jpg","contentUrl":"https:\/\/euricse.eu\/wp-content\/uploads\/2016\/09\/Home-Euricse-Impact5.jpg","width":1800,"height":825},{"@type":"BreadcrumbList","@id":"https:\/\/euricse.eu\/it\/euricse-presenta-il-metodo-impact-valutiamo-limpatto-sociale\/#breadcrumb","itemListElement":[{"@type":"ListItem","position":1,"name":"Home","item":"https:\/\/euricse.eu\/it\/"},{"@type":"ListItem","position":2,"name":"Euricse presenta il metodo ImpACT. Valutiamo l&#8217;impatto sociale."}]},{"@type":"WebSite","@id":"https:\/\/euricse.eu\/en\/#website","url":"https:\/\/euricse.eu\/en\/","name":"Euricse","description":"Knowledge and innovation for cooperative and social enterprises.","potentialAction":[{"@type":"SearchAction","target":{"@type":"EntryPoint","urlTemplate":"https:\/\/euricse.eu\/en\/?s={search_term_string}"},"query-input":{"@type":"PropertyValueSpecification","valueRequired":true,"valueName":"search_term_string"}}],"inLanguage":"it-IT"},{"@type":"Person","@id":"https:\/\/euricse.eu\/en\/#\/schema\/person\/a5b25693531e3458dfedff34c273ba14","name":"Silvia","image":{"@type":"ImageObject","inLanguage":"it-IT","@id":"https:\/\/euricse.eu\/en\/#\/schema\/person\/image\/","url":"https:\/\/secure.gravatar.com\/avatar\/3cef1082b65edc85f1a4c0caa7ce4808f397a517b7217eab6215fe435640f8f7?s=96&d=mm&r=g","contentUrl":"https:\/\/secure.gravatar.com\/avatar\/3cef1082b65edc85f1a4c0caa7ce4808f397a517b7217eab6215fe435640f8f7?s=96&d=mm&r=g","caption":"Silvia"},"url":"https:\/\/euricse.eu\/it\/author\/silvia\/"}]}},"_links":{"self":[{"href":"https:\/\/euricse.eu\/it\/wp-json\/wp\/v2\/posts\/4963","targetHints":{"allow":["GET"]}}],"collection":[{"href":"https:\/\/euricse.eu\/it\/wp-json\/wp\/v2\/posts"}],"about":[{"href":"https:\/\/euricse.eu\/it\/wp-json\/wp\/v2\/types\/post"}],"author":[{"embeddable":true,"href":"https:\/\/euricse.eu\/it\/wp-json\/wp\/v2\/users\/32"}],"replies":[{"embeddable":true,"href":"https:\/\/euricse.eu\/it\/wp-json\/wp\/v2\/comments?post=4963"}],"version-history":[{"count":0,"href":"https:\/\/euricse.eu\/it\/wp-json\/wp\/v2\/posts\/4963\/revisions"}],"wp:featuredmedia":[{"embeddable":true,"href":"https:\/\/euricse.eu\/it\/wp-json\/wp\/v2\/media\/4983"}],"wp:attachment":[{"href":"https:\/\/euricse.eu\/it\/wp-json\/wp\/v2\/media?parent=4963"}],"wp:term":[{"taxonomy":"category","embeddable":true,"href":"https:\/\/euricse.eu\/it\/wp-json\/wp\/v2\/categories?post=4963"},{"taxonomy":"post_tag","embeddable":true,"href":"https:\/\/euricse.eu\/it\/wp-json\/wp\/v2\/tags?post=4963"}],"curies":[{"name":"wp","href":"https:\/\/api.w.org\/{rel}","templated":true}]}}