{"id":4997,"date":"2016-09-28T14:12:17","date_gmt":"2016-09-28T13:12:17","guid":{"rendered":"https:\/\/euricse.staging.hgblu.com\/?p=4997"},"modified":"2016-09-28T15:30:12","modified_gmt":"2016-09-28T14:30:12","slug":"inizia-la-raccolta-dati-sulle-cooperative-sanitarie-e-mutue","status":"publish","type":"post","link":"https:\/\/euricse.eu\/it\/inizia-la-raccolta-dati-sulle-cooperative-sanitarie-e-mutue\/","title":{"rendered":"Inizia la raccolta dati sulle cooperative sanitarie e mutue"},"content":{"rendered":"<p>In occasione del <a href=\"https:\/\/www.sommetinter.coop\/en\">Summit Internazionale sulle Cooperative,<\/a>\u00a0che si terr\u00e0 a Quebec City, nell&#8217;ambito dell&#8217;incontro settoriale &#8220;<a href=\"https:\/\/www.sommetinter.coop\/en\/programs\/2016\/10\/12\/events\">Health and Social Services &#8211; The Cooperatives&#8217; Way<\/a>&#8221; (Sectorial Meeting 4: Health and Services),\u00a0verr\u00e0 lanciata la ricerca \u201c<a href=\"https:\/\/euricse.eu\/it\/projects\/cooperative-sanitarie-e-mutue-unanalisi-del-contributo-delle-cooperative-alla-salute-dei-cittadini-a-livello-mondiale\/\">Cooperative sanitarie e mutue \u2013 Un\u2019analisi del contributo delle cooperative alla salute dei cittadini a livello mondiale<\/a>\u201d. Il 12 ottobre\u00a0<strong>Gianluca Salvatori<\/strong> presenter\u00e0 lo studio,\u00a0che si propone di analizzare\u00a0il contributo di cooperative sanitarie e mutue alla\u00a0promozione della salute della cittadinanza nei diversi sistemi nazionali di welfare. La ricerca verr\u00e0\u00a0realizzata in collaborazione con<a href=\"https:\/\/ihco.coop\/\"> IHCO<\/a> (International Health Co-operative Organisation, organizzazione settoriale dell\u2019ICA sulle cooperative sanitarie).<!--more--><img loading=\"lazy\" decoding=\"async\" class=\"alignright wp-image-4998 size-thumbnail\" src=\"https:\/\/euricse.eu\/wp-content\/uploads\/2016\/09\/clock1-600x400.jpg\" alt=\"clock1\" width=\"600\" height=\"400\" srcset=\"https:\/\/euricse.eu\/wp-content\/uploads\/2016\/09\/clock1-600x400.jpg 600w, https:\/\/euricse.eu\/wp-content\/uploads\/2016\/09\/clock1-300x200.jpg 300w, https:\/\/euricse.eu\/wp-content\/uploads\/2016\/09\/clock1-768x512.jpg 768w, https:\/\/euricse.eu\/wp-content\/uploads\/2016\/09\/clock1-1024x683.jpg 1024w\" sizes=\"auto, (max-width: 600px) 100vw, 600px\" \/><\/p>\n<p>In un contesto globale caratterizzato dall\u2019invecchiamento della popolazione nei paesi del nord, dall\u2019accresciuta domanda di servizi socio-sanitari nei paesi del sud e dal generalizzato declino dell\u2019apporto pubblico ai servizi di welfare, appare di strategica importanza lo studio del ruolo e delle potenzialit\u00e0 di cooperative e mutue sanitarie. L\u2019estrema variet\u00e0 a livello globale per quanto riguarda i sistemi di welfare, nonch\u00e9 le differenze esistenti nelle modalit\u00e0 di prestazione di servizi e tipologie organizzative che riguardano cooperative e mutue sanitarie, costituiscono un terreno fertile e tuttora parzialmente inesplorato per avviare una riflessione specifica in tal senso.<\/p>\n<p>Durante il primo anno la ricerca si concentrer\u00e0 su <strong>15 paesi in 4 continenti<\/strong>, con approfondimenti in sei paesi, dove verranno realizzati <strong>casi di studio<\/strong> riguardanti specifiche tipologie organizzative nell\u2019ambito della cooperazione sanitaria. <strong>La raccolta dati\u00a0inizier\u00e0\u00a0a partire dalla seconda met\u00e0 di ottobre tramite un questionario on-line somministrato alle federazioni di cooperative e mutue sanitarie nei vari paesi.<\/strong> I\u00a0dati verranno successivamente integrati grazie ad interviste semi-strutturate ad informatori chiave. Il rapporto relativo al primo anno della ricerca sar\u00e0 presentato nel mese di <strong>ottobre 2017<\/strong>.<\/p>\n<p>&nbsp;<\/p>\n<p>Per maggiori informazioni scarica il leaflet in<a href=\"https:\/\/euricse.eu\/wp-content\/uploads\/2016\/09\/one-pager_ihco_en_3.pdf\"> inglese<\/a> o in <a href=\"https:\/\/euricse.eu\/wp-content\/uploads\/2016\/09\/one-pager_ihco_fr_3.pdf\">francese<\/a>.<\/p>\n","protected":false},"excerpt":{"rendered":"<p>In occasione del Summit Internazionale sulle Cooperative,\u00a0che si terr\u00e0 a Quebec City, nell&#8217;ambito dell&#8217;incontro settoriale &#8220;Health and Social Services &#8211; The Cooperatives&#8217; Way&#8221; (Sectorial Meeting 4: Health and Services),\u00a0verr\u00e0 lanciata la ricerca \u201cCooperative sanitarie e mutue \u2013 Un\u2019analisi del contributo delle cooperative alla salute dei cittadini a livello mondiale\u201d. Il 12 ottobre\u00a0Gianluca Salvatori presenter\u00e0 lo [&hellip;]<\/p>\n","protected":false},"author":32,"featured_media":4998,"comment_status":"open","ping_status":"closed","sticky":false,"template":"","format":"standard","meta":{"_acf_changed":false,"episode_type":"","audio_file":"","cover_image":"","cover_image_id":"","duration":"","filesize":"","date_recorded":"","explicit":"","block":"","itunes_episode_number":"","itunes_title":"","itunes_season_number":"","itunes_episode_type":"","filesize_raw":"","footnotes":""},"categories":[17],"tags":[],"class_list":["post-4997","post","type-post","status-publish","format-standard","has-post-thumbnail","hentry","category-news-it"],"acf":[],"yoast_head":"<!-- This site is optimized with the Yoast SEO plugin v26.1.1 - https:\/\/yoast.com\/wordpress\/plugins\/seo\/ -->\n<title>Inizia la raccolta dati sulle cooperative sanitarie e mutue - Euricse<\/title>\n<meta name=\"robots\" content=\"index, follow, max-snippet:-1, max-image-preview:large, max-video-preview:-1\" \/>\n<link rel=\"canonical\" href=\"https:\/\/euricse.eu\/it\/inizia-la-raccolta-dati-sulle-cooperative-sanitarie-e-mutue\/\" \/>\n<meta property=\"og:locale\" content=\"it_IT\" \/>\n<meta property=\"og:type\" content=\"article\" \/>\n<meta property=\"og:title\" content=\"Inizia la raccolta dati sulle cooperative sanitarie e mutue - Euricse\" \/>\n<meta property=\"og:description\" content=\"In occasione del Summit Internazionale sulle Cooperative,\u00a0che si terr\u00e0 a Quebec City, nell&#8217;ambito dell&#8217;incontro settoriale &#8220;Health and Social Services &#8211; The Cooperatives&#8217; Way&#8221; (Sectorial Meeting 4: Health and Services),\u00a0verr\u00e0 lanciata la ricerca \u201cCooperative sanitarie e mutue \u2013 Un\u2019analisi del contributo delle cooperative alla salute dei cittadini a livello mondiale\u201d. Il 12 ottobre\u00a0Gianluca Salvatori presenter\u00e0 lo [&hellip;]\" \/>\n<meta property=\"og:url\" content=\"https:\/\/euricse.eu\/it\/inizia-la-raccolta-dati-sulle-cooperative-sanitarie-e-mutue\/\" \/>\n<meta property=\"og:site_name\" content=\"Euricse\" \/>\n<meta property=\"article:published_time\" content=\"2016-09-28T13:12:17+00:00\" \/>\n<meta property=\"article:modified_time\" content=\"2016-09-28T14:30:12+00:00\" \/>\n<meta property=\"og:image\" content=\"https:\/\/euricse.eu\/wp-content\/uploads\/2016\/09\/clock1-1024x683.jpg\" \/>\n\t<meta property=\"og:image:width\" content=\"1024\" \/>\n\t<meta property=\"og:image:height\" content=\"683\" \/>\n\t<meta property=\"og:image:type\" content=\"image\/jpeg\" \/>\n<meta name=\"author\" content=\"Silvia\" \/>\n<meta name=\"twitter:card\" content=\"summary_large_image\" \/>\n<meta name=\"twitter:label1\" content=\"Scritto da\" \/>\n\t<meta name=\"twitter:data1\" content=\"Silvia\" \/>\n\t<meta name=\"twitter:label2\" content=\"Tempo di lettura stimato\" \/>\n\t<meta name=\"twitter:data2\" content=\"1 minuto\" \/>\n<script type=\"application\/ld+json\" class=\"yoast-schema-graph\">{\"@context\":\"https:\/\/schema.org\",\"@graph\":[{\"@type\":\"WebPage\",\"@id\":\"https:\/\/euricse.eu\/it\/inizia-la-raccolta-dati-sulle-cooperative-sanitarie-e-mutue\/\",\"url\":\"https:\/\/euricse.eu\/it\/inizia-la-raccolta-dati-sulle-cooperative-sanitarie-e-mutue\/\",\"name\":\"Inizia la raccolta dati sulle cooperative sanitarie e mutue - Euricse\",\"isPartOf\":{\"@id\":\"https:\/\/euricse.eu\/en\/#website\"},\"primaryImageOfPage\":{\"@id\":\"https:\/\/euricse.eu\/it\/inizia-la-raccolta-dati-sulle-cooperative-sanitarie-e-mutue\/#primaryimage\"},\"image\":{\"@id\":\"https:\/\/euricse.eu\/it\/inizia-la-raccolta-dati-sulle-cooperative-sanitarie-e-mutue\/#primaryimage\"},\"thumbnailUrl\":\"https:\/\/euricse.eu\/wp-content\/uploads\/2016\/09\/clock1.jpg\",\"datePublished\":\"2016-09-28T13:12:17+00:00\",\"dateModified\":\"2016-09-28T14:30:12+00:00\",\"author\":{\"@id\":\"https:\/\/euricse.eu\/en\/#\/schema\/person\/a5b25693531e3458dfedff34c273ba14\"},\"breadcrumb\":{\"@id\":\"https:\/\/euricse.eu\/it\/inizia-la-raccolta-dati-sulle-cooperative-sanitarie-e-mutue\/#breadcrumb\"},\"inLanguage\":\"it-IT\",\"potentialAction\":[{\"@type\":\"ReadAction\",\"target\":[\"https:\/\/euricse.eu\/it\/inizia-la-raccolta-dati-sulle-cooperative-sanitarie-e-mutue\/\"]}]},{\"@type\":\"ImageObject\",\"inLanguage\":\"it-IT\",\"@id\":\"https:\/\/euricse.eu\/it\/inizia-la-raccolta-dati-sulle-cooperative-sanitarie-e-mutue\/#primaryimage\",\"url\":\"https:\/\/euricse.eu\/wp-content\/uploads\/2016\/09\/clock1.jpg\",\"contentUrl\":\"https:\/\/euricse.eu\/wp-content\/uploads\/2016\/09\/clock1.jpg\",\"width\":4272,\"height\":2848},{\"@type\":\"BreadcrumbList\",\"@id\":\"https:\/\/euricse.eu\/it\/inizia-la-raccolta-dati-sulle-cooperative-sanitarie-e-mutue\/#breadcrumb\",\"itemListElement\":[{\"@type\":\"ListItem\",\"position\":1,\"name\":\"Home\",\"item\":\"https:\/\/euricse.eu\/it\/\"},{\"@type\":\"ListItem\",\"position\":2,\"name\":\"Inizia la raccolta dati sulle cooperative sanitarie e mutue\"}]},{\"@type\":\"WebSite\",\"@id\":\"https:\/\/euricse.eu\/en\/#website\",\"url\":\"https:\/\/euricse.eu\/en\/\",\"name\":\"Euricse\",\"description\":\"Knowledge and innovation for cooperative and social enterprises.\",\"potentialAction\":[{\"@type\":\"SearchAction\",\"target\":{\"@type\":\"EntryPoint\",\"urlTemplate\":\"https:\/\/euricse.eu\/en\/?s={search_term_string}\"},\"query-input\":{\"@type\":\"PropertyValueSpecification\",\"valueRequired\":true,\"valueName\":\"search_term_string\"}}],\"inLanguage\":\"it-IT\"},{\"@type\":\"Person\",\"@id\":\"https:\/\/euricse.eu\/en\/#\/schema\/person\/a5b25693531e3458dfedff34c273ba14\",\"name\":\"Silvia\",\"image\":{\"@type\":\"ImageObject\",\"inLanguage\":\"it-IT\",\"@id\":\"https:\/\/euricse.eu\/en\/#\/schema\/person\/image\/\",\"url\":\"https:\/\/secure.gravatar.com\/avatar\/3cef1082b65edc85f1a4c0caa7ce4808f397a517b7217eab6215fe435640f8f7?s=96&d=mm&r=g\",\"contentUrl\":\"https:\/\/secure.gravatar.com\/avatar\/3cef1082b65edc85f1a4c0caa7ce4808f397a517b7217eab6215fe435640f8f7?s=96&d=mm&r=g\",\"caption\":\"Silvia\"},\"url\":\"https:\/\/euricse.eu\/it\/author\/silvia\/\"}]}<\/script>\n<!-- \/ Yoast SEO plugin. -->","yoast_head_json":{"title":"Inizia la raccolta dati sulle cooperative sanitarie e mutue - Euricse","robots":{"index":"index","follow":"follow","max-snippet":"max-snippet:-1","max-image-preview":"max-image-preview:large","max-video-preview":"max-video-preview:-1"},"canonical":"https:\/\/euricse.eu\/it\/inizia-la-raccolta-dati-sulle-cooperative-sanitarie-e-mutue\/","og_locale":"it_IT","og_type":"article","og_title":"Inizia la raccolta dati sulle cooperative sanitarie e mutue - Euricse","og_description":"In occasione del Summit Internazionale sulle Cooperative,\u00a0che si terr\u00e0 a Quebec City, nell&#8217;ambito dell&#8217;incontro settoriale &#8220;Health and Social Services &#8211; The Cooperatives&#8217; Way&#8221; (Sectorial Meeting 4: Health and Services),\u00a0verr\u00e0 lanciata la ricerca \u201cCooperative sanitarie e mutue \u2013 Un\u2019analisi del contributo delle cooperative alla salute dei cittadini a livello mondiale\u201d. Il 12 ottobre\u00a0Gianluca Salvatori presenter\u00e0 lo [&hellip;]","og_url":"https:\/\/euricse.eu\/it\/inizia-la-raccolta-dati-sulle-cooperative-sanitarie-e-mutue\/","og_site_name":"Euricse","article_published_time":"2016-09-28T13:12:17+00:00","article_modified_time":"2016-09-28T14:30:12+00:00","og_image":[{"width":1024,"height":683,"url":"https:\/\/euricse.eu\/wp-content\/uploads\/2016\/09\/clock1-1024x683.jpg","type":"image\/jpeg"}],"author":"Silvia","twitter_card":"summary_large_image","twitter_misc":{"Scritto da":"Silvia","Tempo di lettura stimato":"1 minuto"},"schema":{"@context":"https:\/\/schema.org","@graph":[{"@type":"WebPage","@id":"https:\/\/euricse.eu\/it\/inizia-la-raccolta-dati-sulle-cooperative-sanitarie-e-mutue\/","url":"https:\/\/euricse.eu\/it\/inizia-la-raccolta-dati-sulle-cooperative-sanitarie-e-mutue\/","name":"Inizia la raccolta dati sulle cooperative sanitarie e mutue - Euricse","isPartOf":{"@id":"https:\/\/euricse.eu\/en\/#website"},"primaryImageOfPage":{"@id":"https:\/\/euricse.eu\/it\/inizia-la-raccolta-dati-sulle-cooperative-sanitarie-e-mutue\/#primaryimage"},"image":{"@id":"https:\/\/euricse.eu\/it\/inizia-la-raccolta-dati-sulle-cooperative-sanitarie-e-mutue\/#primaryimage"},"thumbnailUrl":"https:\/\/euricse.eu\/wp-content\/uploads\/2016\/09\/clock1.jpg","datePublished":"2016-09-28T13:12:17+00:00","dateModified":"2016-09-28T14:30:12+00:00","author":{"@id":"https:\/\/euricse.eu\/en\/#\/schema\/person\/a5b25693531e3458dfedff34c273ba14"},"breadcrumb":{"@id":"https:\/\/euricse.eu\/it\/inizia-la-raccolta-dati-sulle-cooperative-sanitarie-e-mutue\/#breadcrumb"},"inLanguage":"it-IT","potentialAction":[{"@type":"ReadAction","target":["https:\/\/euricse.eu\/it\/inizia-la-raccolta-dati-sulle-cooperative-sanitarie-e-mutue\/"]}]},{"@type":"ImageObject","inLanguage":"it-IT","@id":"https:\/\/euricse.eu\/it\/inizia-la-raccolta-dati-sulle-cooperative-sanitarie-e-mutue\/#primaryimage","url":"https:\/\/euricse.eu\/wp-content\/uploads\/2016\/09\/clock1.jpg","contentUrl":"https:\/\/euricse.eu\/wp-content\/uploads\/2016\/09\/clock1.jpg","width":4272,"height":2848},{"@type":"BreadcrumbList","@id":"https:\/\/euricse.eu\/it\/inizia-la-raccolta-dati-sulle-cooperative-sanitarie-e-mutue\/#breadcrumb","itemListElement":[{"@type":"ListItem","position":1,"name":"Home","item":"https:\/\/euricse.eu\/it\/"},{"@type":"ListItem","position":2,"name":"Inizia la raccolta dati sulle cooperative sanitarie e mutue"}]},{"@type":"WebSite","@id":"https:\/\/euricse.eu\/en\/#website","url":"https:\/\/euricse.eu\/en\/","name":"Euricse","description":"Knowledge and innovation for cooperative and social enterprises.","potentialAction":[{"@type":"SearchAction","target":{"@type":"EntryPoint","urlTemplate":"https:\/\/euricse.eu\/en\/?s={search_term_string}"},"query-input":{"@type":"PropertyValueSpecification","valueRequired":true,"valueName":"search_term_string"}}],"inLanguage":"it-IT"},{"@type":"Person","@id":"https:\/\/euricse.eu\/en\/#\/schema\/person\/a5b25693531e3458dfedff34c273ba14","name":"Silvia","image":{"@type":"ImageObject","inLanguage":"it-IT","@id":"https:\/\/euricse.eu\/en\/#\/schema\/person\/image\/","url":"https:\/\/secure.gravatar.com\/avatar\/3cef1082b65edc85f1a4c0caa7ce4808f397a517b7217eab6215fe435640f8f7?s=96&d=mm&r=g","contentUrl":"https:\/\/secure.gravatar.com\/avatar\/3cef1082b65edc85f1a4c0caa7ce4808f397a517b7217eab6215fe435640f8f7?s=96&d=mm&r=g","caption":"Silvia"},"url":"https:\/\/euricse.eu\/it\/author\/silvia\/"}]}},"_links":{"self":[{"href":"https:\/\/euricse.eu\/it\/wp-json\/wp\/v2\/posts\/4997","targetHints":{"allow":["GET"]}}],"collection":[{"href":"https:\/\/euricse.eu\/it\/wp-json\/wp\/v2\/posts"}],"about":[{"href":"https:\/\/euricse.eu\/it\/wp-json\/wp\/v2\/types\/post"}],"author":[{"embeddable":true,"href":"https:\/\/euricse.eu\/it\/wp-json\/wp\/v2\/users\/32"}],"replies":[{"embeddable":true,"href":"https:\/\/euricse.eu\/it\/wp-json\/wp\/v2\/comments?post=4997"}],"version-history":[{"count":0,"href":"https:\/\/euricse.eu\/it\/wp-json\/wp\/v2\/posts\/4997\/revisions"}],"wp:featuredmedia":[{"embeddable":true,"href":"https:\/\/euricse.eu\/it\/wp-json\/wp\/v2\/media\/4998"}],"wp:attachment":[{"href":"https:\/\/euricse.eu\/it\/wp-json\/wp\/v2\/media?parent=4997"}],"wp:term":[{"taxonomy":"category","embeddable":true,"href":"https:\/\/euricse.eu\/it\/wp-json\/wp\/v2\/categories?post=4997"},{"taxonomy":"post_tag","embeddable":true,"href":"https:\/\/euricse.eu\/it\/wp-json\/wp\/v2\/tags?post=4997"}],"curies":[{"name":"wp","href":"https:\/\/api.w.org\/{rel}","templated":true}]}}