{"id":5073,"date":"2016-10-25T07:27:36","date_gmt":"2016-10-25T06:27:36","guid":{"rendered":"https:\/\/euricse.staging.hgblu.com\/?p=5073"},"modified":"2016-10-25T07:27:36","modified_gmt":"2016-10-25T06:27:36","slug":"summit-internazionale-cooperative-uscire-dalla-narrazione-per-dar-piu-forza-al-modello","status":"publish","type":"post","link":"https:\/\/euricse.eu\/it\/summit-internazionale-cooperative-uscire-dalla-narrazione-per-dar-piu-forza-al-modello\/","title":{"rendered":"Summit internazionale cooperative: uscire dalla narrazione per dar pi\u00f9 forza al modello"},"content":{"rendered":"<p>di Gianluca Salvatori\u00a0, segretario generale di Euricse<\/p>\n<blockquote><p>Il tema, piuttosto, \u00e8 quello di bilanciare l\u2019eccesso di semplificazioni, e di tenere aperta la prospettiva di altri scenari che tengano conto della diversit\u00e0 delle situazioni e dei contesti. Vanno trovati i modi per portare la discussione sul futuro della cooperazione dalla narrativa dei successi ad un confronto aperto tra scenari, fondato su analisi documentate e dati affidabili, ma al tempo stesso accessibile e comprensibile a tutti. Accettando la sfida della comunicazione, e rendendosi pi\u00f9 presenti nelle sedi in cui a livello internazionale si discute del modello cooperativo. Altrimenti serve a poco lamentarsi che il modello forgiato sulla grande cooperazione nordamericana stia diventando, nel mondo, il parametro di riferimento.<\/p><\/blockquote>\n<p><!--more--><\/p>\n<p>Il <strong>Summit internazionale delle cooperative<\/strong>, che si svolge a Quebec ogni due anni, \u00e8 arrivato alla terza edizione. A organizzarlo \u00e8 il Mouvement Desjardins, la pi\u00f9 grande banca di credito cooperativo canadese, in un rapporto di collaborazione con l\u2019International Cooperative Alliance che non risulta sempre evidente.<\/p>\n<p>Infatti l\u2019impostazione che al Summit prevale \u00e8 quella modellata sulle grandi cooperative, che dettano l\u2019agenda dell\u2019incontro. Le priorit\u00e0 si riassumono quindi in due linee: <strong>aumentare la competitivit\u00e0 delle grandi imprese cooperative<\/strong> rispetto alle loro concorrenti \u201ccapitalistiche\u201d e <strong>rappresentare all\u2019esterno la forza del movimento cooperativo<\/strong> per rivendicare pi\u00f9 influenza nella definizione di politiche e norme.<\/p>\n<p>Questa impostazione riflette in particolare la situazione delle <strong>grandi cooperative nord-americane<\/strong> e dei rispettivi settori di appartenenza. In Canada e negli Stati Uniti la cooperazione \u00e8 un modello d\u2019impresa che riguarda principalmente <strong>agricoltura, salute, credito e assicurazioni<\/strong>. Non a caso si tratta dei quattro temi che al Summit hanno avuto pi\u00f9 spazio. Le nuove frontiere del sociale sono invece meno rappresentate perch\u00e9 in quei contesti hanno preso spesso la strada di altri modelli organizzativi (ad es. la social entrepreneurship), nati fuori dalla tradizione cooperativa ed in qualche caso in esplicita contrapposizione.<img loading=\"lazy\" decoding=\"async\" class=\"alignright wp-image-5074 size-thumbnail\" src=\"https:\/\/euricse.eu\/wp-content\/uploads\/2016\/10\/6oct_dsc_5528_1-607x400.jpg\" alt=\"6oct_dsc_5528_1\" width=\"607\" height=\"400\" srcset=\"https:\/\/euricse.eu\/wp-content\/uploads\/2016\/10\/6oct_dsc_5528_1-607x400.jpg 607w, https:\/\/euricse.eu\/wp-content\/uploads\/2016\/10\/6oct_dsc_5528_1-300x198.jpg 300w, https:\/\/euricse.eu\/wp-content\/uploads\/2016\/10\/6oct_dsc_5528_1-768x506.jpg 768w, https:\/\/euricse.eu\/wp-content\/uploads\/2016\/10\/6oct_dsc_5528_1.jpg 850w\" sizes=\"auto, (max-width: 607px) 100vw, 607px\" \/><\/p>\n<p>Da una prospettiva europea quella del Summit \u00e8 una cooperazione piuttosto tradizionale, molto orientata al business development, concentrata essenzialmente sulla crescita dimensionale e sull\u2019acquisizione di quote sempre maggiori di mercato. Per certi versi \u00e8 un modello simile a quello dell\u2019impresa non cooperativa, da cui differisce per i valori che la ispirano pi\u00f9 che per le modalit\u00e0 organizzative o di gestione. Ma questo rapporto con i valori \u00e8 quasi uno sfondo, ancorato al momento fondativo, mentre nel presente prevale piuttosto l\u2019esigenza di rendere la propria diversit\u00e0 un brand riconoscibile. I principi cooperativi, pi\u00f9 che essere rielaborati per far fronte a nuove sfide sociali, sono riaffermati come parte di una narrativa per migliorare il posizionamento sul mercato e per rivendicare maggiore influenza sulla scena istituzionale.<\/p>\n<p>E\u2019 inevitabile che in incontri cos\u00ec affollati sia prese<br \/>\nnte un elemento auto-celebrativo. Ma la sensazione, che emerge soprattutto nella scelta dei contenuti e dei relatori delle sessioni plenarie, \u00e8 che<strong> il messaggio principale voglia essere quello della competizione per la crescita<\/strong>. Le cooperative &#8211; in quanto sono imprese che performano altrettanto bene, se non meglio, delle altre imprese \u2013 debbono puntare alla leadership di settore e contraddistinguersi come \u201cthe fastest growing business in the world\u201d.<\/p>\n<p>Non sorprende quindi che la scena del Summit sia stata occupata dai powerpoint delle grandi societ\u00e0 internazionali di consulenza pi\u00f9 che dalle riflessioni degli studiosi del modello cooperativo. N\u00e9 che tra i quasi tremila partecipanti si sia notata poco la presenza dei paesi diversi dal nord America. Non perch\u00e9 non ci fossero, ma perch\u00e9 la loro voce \u00e8 rimasta sullo sfondo. Anche se certo la responsabilit\u00e0 non sempre va imputata agli organizzatori: <strong>nel caso dell\u2019Europa \u00e8 prevalsa una complessiva incapacit\u00e0 di presentarsi<\/strong> con un\u2019agenda propria in grado di rispecchiare le esperienze, spesso innovative, che le diverse realt\u00e0 cooperative stanno sviluppando in reazione alla crisi della societ\u00e0 europea.<\/p>\n<p>Ovviamente il Summit non \u00e8 il movimento cooperativo ma solo una sua parte. Gi\u00e0 la partecipazione ad un<strong>\u2019assemblea generale dell\u2019ICA<\/strong> restituisce un\u2019immagine diversa dello stato della cooperazione nel mondo. Pi\u00f9 articolata e differenziata. Meno affermativa. Con <strong>pi\u00f9 spazio per sfumature, criticit\u00e0 e sperimentazioni<\/strong>.<\/p>\n<p>Per\u00f2, innegabilmente, la traccia prodotta dalle tre edizioni del Summit nella cultura del movimento cooperativo internazionale non \u00e8 per niente superficiale. Ha intercettato ed espresso un desiderio diffuso di affermazione del modello cooperativo attraverso la narrazione dei suoi successi. Anche a scapito di un approfondimento delle ragioni che hanno portato al successo (ma anche, in non pochi casi, all\u2019insuccesso). In fondo \u00e8 l\u2019immagine di un movimento cooperativo inevitabilmente figlio di questo tempo, dunque talvolta insofferente nei confronti degli eccessi di analisi e pi\u00f9 propenso a trovare il <em>payoff<\/em> pi\u00f9 accattivante per farsi riconoscere dal grande pubblico.<\/p>\n<p>Alla realt\u00e0 cooperativa italiana \u2013 e specie alla cooperazione sociale o alla nascente cooperazione di comunit\u00e0 &#8211; quest\u2019approccio va naturalmente stretto.\u00a0 Per\u00f2 sarebbe un errore ignorarlo. Il tema, piuttosto, \u00e8 quello di <strong>bilanciare l\u2019eccesso di semplificazioni<\/strong>, e di tenere aperta la prospettiva di altri scenari che tengano conto della diversit\u00e0 delle situazioni e dei contesti. Vanno trovati i modi per<strong> portare la discussione sul futuro della cooperazione dalla narrativa dei successi ad un confronto aperto tra scenari<\/strong>, fondato su analisi documentate e dati affidabili, ma al tempo stesso accessibile e comprensibile a tutti. Accettando la sfida della comunicazione, e rendendosi pi\u00f9 presenti nelle sedi in cui a livello internazionale si discute del modello cooperativo. Altrimenti serve a poco lamentarsi che il modello forgiato sulla grande cooperazione nordamericana stia diventando, nel mondo, il parametro di riferimento.<\/p>\n<p>&nbsp;<\/p>\n","protected":false},"excerpt":{"rendered":"<p>di Gianluca Salvatori\u00a0, segretario generale di Euricse Il tema, piuttosto, \u00e8 quello di bilanciare l\u2019eccesso di semplificazioni, e di tenere aperta la prospettiva di altri scenari che tengano conto della diversit\u00e0 delle situazioni e dei contesti. Vanno trovati i modi per portare la discussione sul futuro della cooperazione dalla narrativa dei successi ad un confronto [&hellip;]<\/p>\n","protected":false},"author":32,"featured_media":5075,"comment_status":"open","ping_status":"closed","sticky":false,"template":"","format":"standard","meta":{"_acf_changed":false,"episode_type":"","audio_file":"","cover_image":"","cover_image_id":"","duration":"","filesize":"","date_recorded":"","explicit":"","block":"","itunes_episode_number":"","itunes_title":"","itunes_season_number":"","itunes_episode_type":"","filesize_raw":"","footnotes":""},"categories":[14,17],"tags":[109],"class_list":["post-5073","post","type-post","status-publish","format-standard","has-post-thumbnail","hentry","category-blog-it","category-news-it","tag-cooperative"],"acf":[],"yoast_head":"<!-- This site is optimized with the Yoast SEO plugin v26.1.1 - https:\/\/yoast.com\/wordpress\/plugins\/seo\/ -->\n<title>Summit internazionale cooperative: uscire dalla narrazione per dar pi\u00f9 forza al modello - Euricse<\/title>\n<meta name=\"robots\" content=\"index, follow, max-snippet:-1, max-image-preview:large, max-video-preview:-1\" \/>\n<link rel=\"canonical\" href=\"https:\/\/euricse.eu\/it\/summit-internazionale-cooperative-uscire-dalla-narrazione-per-dar-piu-forza-al-modello\/\" \/>\n<meta property=\"og:locale\" content=\"it_IT\" \/>\n<meta property=\"og:type\" content=\"article\" \/>\n<meta property=\"og:title\" content=\"Summit internazionale cooperative: uscire dalla narrazione per dar pi\u00f9 forza al modello - Euricse\" \/>\n<meta property=\"og:description\" content=\"di Gianluca Salvatori\u00a0, segretario generale di Euricse Il tema, piuttosto, \u00e8 quello di bilanciare l\u2019eccesso di semplificazioni, e di tenere aperta la prospettiva di altri scenari che tengano conto della diversit\u00e0 delle situazioni e dei contesti. Vanno trovati i modi per portare la discussione sul futuro della cooperazione dalla narrativa dei successi ad un confronto [&hellip;]\" \/>\n<meta property=\"og:url\" content=\"https:\/\/euricse.eu\/it\/summit-internazionale-cooperative-uscire-dalla-narrazione-per-dar-piu-forza-al-modello\/\" \/>\n<meta property=\"og:site_name\" content=\"Euricse\" \/>\n<meta property=\"article:published_time\" content=\"2016-10-25T06:27:36+00:00\" \/>\n<meta property=\"og:image\" content=\"https:\/\/euricse.eu\/wp-content\/uploads\/2016\/10\/Logo_Sommet2016_4_En_V_rgb.jpg\" \/>\n\t<meta property=\"og:image:width\" content=\"480\" \/>\n\t<meta property=\"og:image:height\" content=\"309\" \/>\n\t<meta property=\"og:image:type\" content=\"image\/jpeg\" \/>\n<meta name=\"author\" content=\"Silvia\" \/>\n<meta name=\"twitter:card\" content=\"summary_large_image\" \/>\n<meta name=\"twitter:label1\" content=\"Scritto da\" \/>\n\t<meta name=\"twitter:data1\" content=\"Silvia\" \/>\n\t<meta name=\"twitter:label2\" content=\"Tempo di lettura stimato\" \/>\n\t<meta name=\"twitter:data2\" content=\"4 minuti\" \/>\n<script type=\"application\/ld+json\" class=\"yoast-schema-graph\">{\"@context\":\"https:\/\/schema.org\",\"@graph\":[{\"@type\":\"WebPage\",\"@id\":\"https:\/\/euricse.eu\/it\/summit-internazionale-cooperative-uscire-dalla-narrazione-per-dar-piu-forza-al-modello\/\",\"url\":\"https:\/\/euricse.eu\/it\/summit-internazionale-cooperative-uscire-dalla-narrazione-per-dar-piu-forza-al-modello\/\",\"name\":\"Summit internazionale cooperative: uscire dalla narrazione per dar pi\u00f9 forza al modello - Euricse\",\"isPartOf\":{\"@id\":\"https:\/\/euricse.eu\/en\/#website\"},\"primaryImageOfPage\":{\"@id\":\"https:\/\/euricse.eu\/it\/summit-internazionale-cooperative-uscire-dalla-narrazione-per-dar-piu-forza-al-modello\/#primaryimage\"},\"image\":{\"@id\":\"https:\/\/euricse.eu\/it\/summit-internazionale-cooperative-uscire-dalla-narrazione-per-dar-piu-forza-al-modello\/#primaryimage\"},\"thumbnailUrl\":\"https:\/\/euricse.eu\/wp-content\/uploads\/2016\/10\/Logo_Sommet2016_4_En_V_rgb.jpg\",\"datePublished\":\"2016-10-25T06:27:36+00:00\",\"author\":{\"@id\":\"https:\/\/euricse.eu\/en\/#\/schema\/person\/a5b25693531e3458dfedff34c273ba14\"},\"breadcrumb\":{\"@id\":\"https:\/\/euricse.eu\/it\/summit-internazionale-cooperative-uscire-dalla-narrazione-per-dar-piu-forza-al-modello\/#breadcrumb\"},\"inLanguage\":\"it-IT\",\"potentialAction\":[{\"@type\":\"ReadAction\",\"target\":[\"https:\/\/euricse.eu\/it\/summit-internazionale-cooperative-uscire-dalla-narrazione-per-dar-piu-forza-al-modello\/\"]}]},{\"@type\":\"ImageObject\",\"inLanguage\":\"it-IT\",\"@id\":\"https:\/\/euricse.eu\/it\/summit-internazionale-cooperative-uscire-dalla-narrazione-per-dar-piu-forza-al-modello\/#primaryimage\",\"url\":\"https:\/\/euricse.eu\/wp-content\/uploads\/2016\/10\/Logo_Sommet2016_4_En_V_rgb.jpg\",\"contentUrl\":\"https:\/\/euricse.eu\/wp-content\/uploads\/2016\/10\/Logo_Sommet2016_4_En_V_rgb.jpg\",\"width\":480,\"height\":309},{\"@type\":\"BreadcrumbList\",\"@id\":\"https:\/\/euricse.eu\/it\/summit-internazionale-cooperative-uscire-dalla-narrazione-per-dar-piu-forza-al-modello\/#breadcrumb\",\"itemListElement\":[{\"@type\":\"ListItem\",\"position\":1,\"name\":\"Home\",\"item\":\"https:\/\/euricse.eu\/it\/\"},{\"@type\":\"ListItem\",\"position\":2,\"name\":\"Summit internazionale cooperative: uscire dalla narrazione per dar pi\u00f9 forza al modello\"}]},{\"@type\":\"WebSite\",\"@id\":\"https:\/\/euricse.eu\/en\/#website\",\"url\":\"https:\/\/euricse.eu\/en\/\",\"name\":\"Euricse\",\"description\":\"Knowledge and innovation for cooperative and social enterprises.\",\"potentialAction\":[{\"@type\":\"SearchAction\",\"target\":{\"@type\":\"EntryPoint\",\"urlTemplate\":\"https:\/\/euricse.eu\/en\/?s={search_term_string}\"},\"query-input\":{\"@type\":\"PropertyValueSpecification\",\"valueRequired\":true,\"valueName\":\"search_term_string\"}}],\"inLanguage\":\"it-IT\"},{\"@type\":\"Person\",\"@id\":\"https:\/\/euricse.eu\/en\/#\/schema\/person\/a5b25693531e3458dfedff34c273ba14\",\"name\":\"Silvia\",\"image\":{\"@type\":\"ImageObject\",\"inLanguage\":\"it-IT\",\"@id\":\"https:\/\/euricse.eu\/en\/#\/schema\/person\/image\/\",\"url\":\"https:\/\/secure.gravatar.com\/avatar\/3cef1082b65edc85f1a4c0caa7ce4808f397a517b7217eab6215fe435640f8f7?s=96&d=mm&r=g\",\"contentUrl\":\"https:\/\/secure.gravatar.com\/avatar\/3cef1082b65edc85f1a4c0caa7ce4808f397a517b7217eab6215fe435640f8f7?s=96&d=mm&r=g\",\"caption\":\"Silvia\"},\"url\":\"https:\/\/euricse.eu\/it\/author\/silvia\/\"}]}<\/script>\n<!-- \/ Yoast SEO plugin. -->","yoast_head_json":{"title":"Summit internazionale cooperative: uscire dalla narrazione per dar pi\u00f9 forza al modello - Euricse","robots":{"index":"index","follow":"follow","max-snippet":"max-snippet:-1","max-image-preview":"max-image-preview:large","max-video-preview":"max-video-preview:-1"},"canonical":"https:\/\/euricse.eu\/it\/summit-internazionale-cooperative-uscire-dalla-narrazione-per-dar-piu-forza-al-modello\/","og_locale":"it_IT","og_type":"article","og_title":"Summit internazionale cooperative: uscire dalla narrazione per dar pi\u00f9 forza al modello - Euricse","og_description":"di Gianluca Salvatori\u00a0, segretario generale di Euricse Il tema, piuttosto, \u00e8 quello di bilanciare l\u2019eccesso di semplificazioni, e di tenere aperta la prospettiva di altri scenari che tengano conto della diversit\u00e0 delle situazioni e dei contesti. Vanno trovati i modi per portare la discussione sul futuro della cooperazione dalla narrativa dei successi ad un confronto [&hellip;]","og_url":"https:\/\/euricse.eu\/it\/summit-internazionale-cooperative-uscire-dalla-narrazione-per-dar-piu-forza-al-modello\/","og_site_name":"Euricse","article_published_time":"2016-10-25T06:27:36+00:00","og_image":[{"width":480,"height":309,"url":"https:\/\/euricse.eu\/wp-content\/uploads\/2016\/10\/Logo_Sommet2016_4_En_V_rgb.jpg","type":"image\/jpeg"}],"author":"Silvia","twitter_card":"summary_large_image","twitter_misc":{"Scritto da":"Silvia","Tempo di lettura stimato":"4 minuti"},"schema":{"@context":"https:\/\/schema.org","@graph":[{"@type":"WebPage","@id":"https:\/\/euricse.eu\/it\/summit-internazionale-cooperative-uscire-dalla-narrazione-per-dar-piu-forza-al-modello\/","url":"https:\/\/euricse.eu\/it\/summit-internazionale-cooperative-uscire-dalla-narrazione-per-dar-piu-forza-al-modello\/","name":"Summit internazionale cooperative: uscire dalla narrazione per dar pi\u00f9 forza al modello - Euricse","isPartOf":{"@id":"https:\/\/euricse.eu\/en\/#website"},"primaryImageOfPage":{"@id":"https:\/\/euricse.eu\/it\/summit-internazionale-cooperative-uscire-dalla-narrazione-per-dar-piu-forza-al-modello\/#primaryimage"},"image":{"@id":"https:\/\/euricse.eu\/it\/summit-internazionale-cooperative-uscire-dalla-narrazione-per-dar-piu-forza-al-modello\/#primaryimage"},"thumbnailUrl":"https:\/\/euricse.eu\/wp-content\/uploads\/2016\/10\/Logo_Sommet2016_4_En_V_rgb.jpg","datePublished":"2016-10-25T06:27:36+00:00","author":{"@id":"https:\/\/euricse.eu\/en\/#\/schema\/person\/a5b25693531e3458dfedff34c273ba14"},"breadcrumb":{"@id":"https:\/\/euricse.eu\/it\/summit-internazionale-cooperative-uscire-dalla-narrazione-per-dar-piu-forza-al-modello\/#breadcrumb"},"inLanguage":"it-IT","potentialAction":[{"@type":"ReadAction","target":["https:\/\/euricse.eu\/it\/summit-internazionale-cooperative-uscire-dalla-narrazione-per-dar-piu-forza-al-modello\/"]}]},{"@type":"ImageObject","inLanguage":"it-IT","@id":"https:\/\/euricse.eu\/it\/summit-internazionale-cooperative-uscire-dalla-narrazione-per-dar-piu-forza-al-modello\/#primaryimage","url":"https:\/\/euricse.eu\/wp-content\/uploads\/2016\/10\/Logo_Sommet2016_4_En_V_rgb.jpg","contentUrl":"https:\/\/euricse.eu\/wp-content\/uploads\/2016\/10\/Logo_Sommet2016_4_En_V_rgb.jpg","width":480,"height":309},{"@type":"BreadcrumbList","@id":"https:\/\/euricse.eu\/it\/summit-internazionale-cooperative-uscire-dalla-narrazione-per-dar-piu-forza-al-modello\/#breadcrumb","itemListElement":[{"@type":"ListItem","position":1,"name":"Home","item":"https:\/\/euricse.eu\/it\/"},{"@type":"ListItem","position":2,"name":"Summit internazionale cooperative: uscire dalla narrazione per dar pi\u00f9 forza al modello"}]},{"@type":"WebSite","@id":"https:\/\/euricse.eu\/en\/#website","url":"https:\/\/euricse.eu\/en\/","name":"Euricse","description":"Knowledge and innovation for cooperative and social enterprises.","potentialAction":[{"@type":"SearchAction","target":{"@type":"EntryPoint","urlTemplate":"https:\/\/euricse.eu\/en\/?s={search_term_string}"},"query-input":{"@type":"PropertyValueSpecification","valueRequired":true,"valueName":"search_term_string"}}],"inLanguage":"it-IT"},{"@type":"Person","@id":"https:\/\/euricse.eu\/en\/#\/schema\/person\/a5b25693531e3458dfedff34c273ba14","name":"Silvia","image":{"@type":"ImageObject","inLanguage":"it-IT","@id":"https:\/\/euricse.eu\/en\/#\/schema\/person\/image\/","url":"https:\/\/secure.gravatar.com\/avatar\/3cef1082b65edc85f1a4c0caa7ce4808f397a517b7217eab6215fe435640f8f7?s=96&d=mm&r=g","contentUrl":"https:\/\/secure.gravatar.com\/avatar\/3cef1082b65edc85f1a4c0caa7ce4808f397a517b7217eab6215fe435640f8f7?s=96&d=mm&r=g","caption":"Silvia"},"url":"https:\/\/euricse.eu\/it\/author\/silvia\/"}]}},"_links":{"self":[{"href":"https:\/\/euricse.eu\/it\/wp-json\/wp\/v2\/posts\/5073","targetHints":{"allow":["GET"]}}],"collection":[{"href":"https:\/\/euricse.eu\/it\/wp-json\/wp\/v2\/posts"}],"about":[{"href":"https:\/\/euricse.eu\/it\/wp-json\/wp\/v2\/types\/post"}],"author":[{"embeddable":true,"href":"https:\/\/euricse.eu\/it\/wp-json\/wp\/v2\/users\/32"}],"replies":[{"embeddable":true,"href":"https:\/\/euricse.eu\/it\/wp-json\/wp\/v2\/comments?post=5073"}],"version-history":[{"count":0,"href":"https:\/\/euricse.eu\/it\/wp-json\/wp\/v2\/posts\/5073\/revisions"}],"wp:featuredmedia":[{"embeddable":true,"href":"https:\/\/euricse.eu\/it\/wp-json\/wp\/v2\/media\/5075"}],"wp:attachment":[{"href":"https:\/\/euricse.eu\/it\/wp-json\/wp\/v2\/media?parent=5073"}],"wp:term":[{"taxonomy":"category","embeddable":true,"href":"https:\/\/euricse.eu\/it\/wp-json\/wp\/v2\/categories?post=5073"},{"taxonomy":"post_tag","embeddable":true,"href":"https:\/\/euricse.eu\/it\/wp-json\/wp\/v2\/tags?post=5073"}],"curies":[{"name":"wp","href":"https:\/\/api.w.org\/{rel}","templated":true}]}}