{"id":5159,"date":"2016-12-15T13:15:14","date_gmt":"2016-12-15T13:15:14","guid":{"rendered":"https:\/\/euricse.staging.hgblu.com\/?p=5159"},"modified":"2017-01-10T13:35:39","modified_gmt":"2017-01-10T13:35:39","slug":"highlights-2016","status":"publish","type":"post","link":"https:\/\/euricse.eu\/it\/highlights-2016\/","title":{"rendered":"HIGHLIGHTS 2016"},"content":{"rendered":"<p><strong>Ecco a voi un breve riepilogo del nostro 2016.<\/strong><\/p>\n<p>Lo staff di Euricse lo sta presentando, proprio in questi minuti, al Consiglio di indirizzo che si \u00e8 riunito per analizzare insieme i traguardi raggiunti. Come sempre questa \u00e8 anche l\u2019occasione per raccogliere spunti per le future ricerche, eventuali\u00a0domande\u00a0di\u00a0consulenza e richieste\u00a0di\u00a0collaborazione che trasformeremo nella strategia per il nuovo anno non perdendo mai di vista il nostro obiettivo principale: <strong>rilanciare la riflessione sul modello imprenditoriale cooperativo al fine di dimostrare la rilevanza nei moderni sistemi economici e sociali<\/strong>.<!--more--><\/p>\n<h3>Rapporto Italia<\/h3>\n<p>Nel corso del 2016 abbiamo continuato l\u2019attivit\u00e0 di <strong>misurazione e monitoraggio della performance e dell\u2019impatto delle cooperative italiane<\/strong>. Euricse dispone attualmente di una <strong>banca dati economico-finanziaria e occupazionale<\/strong> sulla cooperazione nazionale completa, che da quest\u2019anno tiene conto anche delle imprese controllate e dei singoli settori cooperativi.<\/p>\n<p>Il principale output di questa attivit\u00e0 \u00e8 il Rapporto Italia, giunto alla <strong>quarta edizione<\/strong>, che sar\u00e0 disponibile da gennaio.\u00a0A tal riguardo <strong>Carlo Borzaga<\/strong> ha gi\u00e0 presentato alcune<a href=\"https:\/\/euricse.eu\/it\/rilevanza-evoluzione-e-nuove-frontiere-della-cooperazione-italiana\/\"> anticipazioni <\/a>in occasione della\u00a0Biennale dell\u2019economia cooperativa.<\/p>\n<p>La quantit\u00e0 e la qualit\u00e0 del <em>dataset<\/em> Euricse, insieme all\u2019esperienza maturata nel corso del tempo, hanno consentito di includere in questa nuova edizione anche la stima dell\u2019impatto della cooperazione nel sistema economico italiano e di aggiornare e integrare ulteriormente gli <strong>indicatori economico-finanziari e occupazionali<\/strong>. In questo modo, si \u00e8 potuto, non solo dar conto del peso e del ruolo esercitati dalla cooperazione nell\u2019economia italiana, ma continuare anche a testare e ad approfondire l\u2019evoluzione e la performance di questa particolare forma d\u2019impresa.<\/p>\n<h3>Imprese e cooperative sociali e di comunit\u00e0<img loading=\"lazy\" decoding=\"async\" class=\"alignright wp-image-4280 size-thumbnail\" src=\"https:\/\/euricse.eu\/wp-content\/uploads\/2016\/05\/LibroBianco_copertina-289x400.jpg\" alt=\"LibroBianco_copertina\" width=\"289\" height=\"400\" srcset=\"https:\/\/euricse.eu\/wp-content\/uploads\/2016\/05\/LibroBianco_copertina-289x400.jpg 289w, https:\/\/euricse.eu\/wp-content\/uploads\/2016\/05\/LibroBianco_copertina-217x300.jpg 217w, https:\/\/euricse.eu\/wp-content\/uploads\/2016\/05\/LibroBianco_copertina.jpg 491w\" sizes=\"auto, (max-width: 289px) 100vw, 289px\" \/><\/h3>\n<p>All&#8217;inizio del 2016 abbiamo deciso di dedicare una riflessione pi\u00f9 approfondita \u00a0a questo tema. Lo riteniamo un <strong>modello di cooperazione efficace<\/strong> per contrastare le <strong>recenti trasformazioni economiche e sociali<\/strong> che influenzano negativamente lo <strong>sviluppo<\/strong> sia di <strong>comunit\u00e0 rurali<\/strong>, situate in aree marginali caratterizzate da problemi di isolamento, spopolamento, mancanza di servizi essenziali e scarse opportunit\u00e0 di reddito per gli abitanti, sia di <strong>comunit\u00e0 urbane<\/strong> caratterizzate dalla presenza di quartieri degradati, aree dismesse e fenomeni di marginalit\u00e0 sociale.<\/p>\n<p>Da allora abbiamo realizzato il <a href=\"https:\/\/euricse.eu\/it\/libro-bianco-sulle-cooperative-di-comunita-unanteprima\/\">Libro bianco sulle cooperative di comunit\u00e0<\/a>\u00a0che abbiamo presentato al <a href=\"https:\/\/euricse.eu\/it\/comunita-cooperative-il-valore-sociale-per-rigenerare-economie-di-luogo\/\">Festival dell\u2019economia di Trento<\/a>. Abbiamo, inoltre, analizzato\u00a0alcune\u00a0<strong>buone prassi internazionali<\/strong>\u00a0nell&#8217;ambito\u00a0dello<a href=\"https:\/\/euricse.eu\/it\/imprenditoria-comunitaria-a-matrice-cooperativa-apprendimenti-da-casi-internazionali\/\"> studio di fattibilit\u00e0<\/a> \u201cLo sviluppo delle cooperative di comunit\u00e0\u201d del Ministero dello Sviluppo Economico, in collaborazione con Invitalia, che aveva lo scopo di esaminare possibili strade e modelli di\u00a0<strong>collaborazione innovativa tra il sistema pubblico e il movimento cooperativo<\/strong>.<\/p>\n<p>Il nostro obiettivo generale \u00e8 quello di\u00a0<strong>elaborare nuovi modelli istituzionali e nuove metodologie organizzative<\/strong>\u00a0per capire e utilizzare le potenzialit\u00e0 delle imprese cooperative e sociali nella gestione di servizi di interesse generale.<\/p>\n<h3>ImpACT<\/h3>\n<p>Un altro anno di valutazione dell\u2019impatto sociale si \u00e8 concluso con la conferenza stampa di <a href=\"http:\/\/www.veneto.confcooperative.it\/L-Informazione\/Le-Notizie\/artmid\/496\/articleid\/2997\/Limpatto-delle-cooperative-sociali-in-Veneto\">presentazione dei risultati della ricerca realizzata da Euricse<\/a>, che si \u00e8 tenuta presso Confcooperative-Federsolidariet\u00e0 Veneto. La creazione di una <strong>nostra metodologia<\/strong>, ImpACT, per <strong>valutare l\u2019impatto economico e sociale generato dalle cooperative sociali su<img loading=\"lazy\" decoding=\"async\" class=\"alignright size-thumbnail wp-image-4961\" src=\"https:\/\/euricse.eu\/wp-content\/uploads\/2016\/09\/logoImpACT-593x400.png\" alt=\"logoImpACT\" width=\"593\" height=\"400\" srcset=\"https:\/\/euricse.eu\/wp-content\/uploads\/2016\/09\/logoImpACT-593x400.png 593w, https:\/\/euricse.eu\/wp-content\/uploads\/2016\/09\/logoImpACT-300x202.png 300w, https:\/\/euricse.eu\/wp-content\/uploads\/2016\/09\/logoImpACT.png 626w\" sizes=\"auto, (max-width: 593px) 100vw, 593px\" \/>l territorio<\/strong> era gi\u00e0 stata oggetto di riflessione scientifica e di pubblicazione nel <a href=\"https:\/\/euricse.eu\/it\/euricse-presenta-il-metodo-impact-valutiamo-limpatto-sociale\/\">position paper<\/a>\u00a0proposto negli scorsi mesi.<\/p>\n<p>Il modello ImpACT \u00e8 stato ad oggi <strong>applicato alle cooperative sociali trentine, a quelle della regione Friuli Venezia Giulia e a quelle venete<\/strong>. In particolare i dati raccolti riguardano 275 cooperative sociali\u00a0e 1.268 stakeholder tra cui soci, utenti e loro famigliari, lavoratori ordinari e svantaggiati, volontari, operatori, professionisti esterni e imprese clienti. Tale ricerca ha quindi dato la possibilit\u00e0 ad Euricse di creare delle <strong>banche dati<\/strong> particolarmente ricche e utili per l\u2019analisi dell\u2019impatto generato dalla cooperazione sociale sul territorio.<\/p>\n<h3>L\u2019impresa sociale e i suoi ecosistemi: una mappatura europea<\/h3>\n<p>Euricse ha <strong>coordinato<\/strong><a href=\"https:\/\/euricse.eu\/it\/le-imprese-sociali-guadagnano-il-terreno-in-europa\/\"> l\u2019indagine<\/a> insieme alla Rete europea EMES, per conto della Direzione Generale Occupazione, Affari Sociali e Inclusione della Commissione europea ed \u00e8 stato anche il <strong>responsabile<\/strong> <strong>dell\u2019aggiornamento del report nazionale\u00a0<\/strong><b>sull&#8217;Italia<\/b>.<\/p>\n<p>In <strong>Europa<\/strong>, il\u00a0<strong>numero di imprese sociali<\/strong> \u00e8 in <strong>aumento<\/strong>\u00a0cos\u00ec come \u00e8 in <strong>espansione<\/strong> <strong>la variet\u00e0 di settori<\/strong> in cui sono impegnate.\u00a0Molti paesi stanno introducendo\u00a0nuove leggi e azioni di sostegno\u00a0per favorire lo sviluppo delle imprese sociali. I mercati, il pubblico cos\u00ec come il privato,\u00a0offrono <strong>nuove opportunit\u00e0\u00a0per le imprese sociali<\/strong> sia nella fase di start up sia nella crescita e nello sviluppo di iniziative.<\/p>\n<p>Queste sono solo alcune delle rilevazioni dell\u2019indagine che ha dato seguito al primo\u00a0<em>Mapping study<\/em>, svolto nel 2014 e che aveva come obiettivo quello di migliorare la qualit\u00e0 dei risultati contenuti in sette dei 29 rapporti nazionali elaborati nel 2014 (Belgio, Francia, Irlanda, Italia, Polonia, Slovacchia e Spagna).<\/p>\n<h3>Pubblicazioni<\/h3>\n<p>Nel corso del 2016 \u00e8 proseguita l&#8217;<strong>attivit\u00e0 di studio<\/strong> sulla sostenibilit\u00e0, sulle specificit\u00e0 e sulle potenzialit\u00e0 delle imprese cooperative e sociali sia dal punto di vista teorico che nei diversi ambiti di attivit\u00e0.<br \/>\nIn concreto il lavoro si \u00e8 articolato in <strong>tre progetti<\/strong>, gestiti del tutto o in parte da Euricse, anche in collaborazione con studiosi esterni all&#8217;istituto.<br \/>\nNel primo, da cui \u00e8 derivata la pubblicazione di due speciali del <a href=\"https:\/\/euricse.eu\/it\/publications\/social-enterprise-as-a-bottom-up-dynamic\/\">International Review of Sociology<\/a> con n<img loading=\"lazy\" decoding=\"async\" class=\"alignright size-full wp-image-5182\" src=\"https:\/\/euricse.eu\/wp-content\/uploads\/2016\/12\/8b7044c1-a785-4342-a9db-5f21058e8af1.jpg\" alt=\"untitled\" width=\"200\" height=\"285\" \/>ove saggi complessivi, abbiamo analizzato le <strong>modalit\u00e0 con cui si sono formate le imprese sociali in diversi paesi<\/strong>, soprattutto al fine di mostrare come esse abbiano spesso avuto origine dal basso, come risposte<br \/>\nauto-organizzate a bisogni non soddisfatti da altre istituzioni.<br \/>\nIl secondo lavoro \u00e8 consistito nella collaborazione per individuare e reperire una serie<br \/>\ndi articoli su <strong>diverse esperienze di cooperazione in settori e paesi diversi<\/strong> che sono confluiti nel &#8220;<a href=\"https:\/\/global.oup.com\/academic\/product\/the-oxford-handbook-of-mutual-co-operative-and-co-owned-business-9780199684977?cc=it&amp;lang=en&amp;\">The Handbook of Co-operative and Mutual Businesses<\/a>&#8221; (a cura di J. Michie, J. Blasi &amp; C. Borzaga), il primo volume di questo genere sulle cooperative, le mutue e le imprese di propriet\u00e0 dei lavoratori pubblicato dalla prestigiosa Oxford University Press.<br \/>\nCon il 2016, infine, si \u00e8 chiuso il progetto di <a href=\"https:\/\/euricse.eu\/it\/projects\/la-regolamentazione-giuridica-delle-imprese-cooperative-e-sociali-a-livello-europeo-e-internazionale\/\">analisi della legislazione cooperativa<\/a> nei paesi europei, iniziato nel 2009 e sviluppato in diverse tappe. Il risultato finale, in cui si identificano i caratteri fondamentali di una <strong>legislazione delle imprese cooperative<\/strong> uniforme a livello europeo e coerente con i principi dell&#8217;Alleanza Cooperativa Internazionale, \u00e8 in corso di pubblicazione da parte della Intersentia International Publications. Il volume \u00e8 intitolato &#8220;<strong>Principles of European Cooperative Law. Principles, Commentaries and National Reports<\/strong>&#8221; e uscir\u00e0 nel corso del 2017.<\/p>\n<h3>World Co-operative Monitor<img loading=\"lazy\" decoding=\"async\" class=\"alignright size-thumbnail wp-image-5167\" src=\"https:\/\/euricse.eu\/wp-content\/uploads\/2016\/12\/Copertina-400x400.jpg\" alt=\"Copertina\" width=\"400\" height=\"400\" srcset=\"https:\/\/euricse.eu\/wp-content\/uploads\/2016\/12\/Copertina-400x400.jpg 400w, https:\/\/euricse.eu\/wp-content\/uploads\/2016\/12\/Copertina-300x300.jpg 300w, https:\/\/euricse.eu\/wp-content\/uploads\/2016\/12\/Copertina-768x768.jpg 768w, https:\/\/euricse.eu\/wp-content\/uploads\/2016\/12\/Copertina-16x16.jpg 16w, https:\/\/euricse.eu\/wp-content\/uploads\/2016\/12\/Copertina.jpg 992w\" sizes=\"auto, (max-width: 400px) 100vw, 400px\" \/><\/h3>\n<p>Quest\u2019anno il<a href=\"http:\/\/www.monitor.coop\">\u00a0World Co-operative Monitor<\/a>, ricerca annuale finanziata\u00a0dall\u2019Alleanza Cooperativa Internazionale (ICA) con il supporto scientifico e tecnico di Euricse, \u00e8 giunto alla <a href=\"https:\/\/euricse.eu\/it\/key-findings-from-the-world-co-operative-monitor-2016\/\">quinta edizione<\/a>. Il rapporto, primo e unico studio a trattare delle <strong>dimensioni economiche del movimento cooperativo a livello mondiale<\/strong>, \u00e8 quest\u2019anno arricchito da una nuova sezione: l\u2019<strong>analisi della struttura del capitale<\/strong> delle 300 organizzazioni della graduatoria\u00a0Top300. Il nuovo rapporto include inoltre una sezione speciale dedicata alle <strong>cooperative di consumo all&#8217;interno del settore del commercio<\/strong>.<\/p>\n<p><strong>Gianluca Salvatori<\/strong> ha presentato i dati principali dell\u2019indagine in occasione del\u00a0<a href=\"https:\/\/euricse.eu\/it\/summit-internazionale-cooperative-uscire-dalla-narrazione-per-dar-piu-forza-al-modello\/\">Summit internazionale delle cooperative<\/a>, che si svolge in\u00a0Quebec (Canada) ogni due anni.<\/p>\n<h3><strong>Migliorare\u00a0le statistiche sulle cooperative<\/strong><\/h3>\n<p>Migliorare le statistiche sulle cooperative \u00e8 un impegno congiunto di Euricse e ILO. Gli esperti in varie occasioni hanno riconosciuto \u00a0l&#8217;importanza di avere <strong>statistiche pi\u00f9 complete e comparabili a livello internazionale\u00a0relative alle cooperative<\/strong>. Questa esigenza \u00e8 stata riconosciuta da\u00a0ILO\u00a0nel documento sulla Promozione delle Cooperative che incoraggia i governi ad assicurare che le politiche nazionali \u201ccerchino di migliorare le statistiche nazionali sulle cooperative, da utilizzare nella formulazione e nell&#8217;attuazione di politiche di sviluppo\u201d. A ILO\u00a0\u00e8, \u00a0inoltre, stato chiesto di presentare un <strong>aggiornamento sui progressi<\/strong> alla 20esima edizione\u00a0della Conferenza Internazionale degli statistici del lavoro (ICLS) che si terr\u00e0 nell&#8217;ottobre 2018. A tal fine ILO\u00a0sta intraprendendo una serie di iniziative tra le quali una <strong>mappatura globale delle esperienze degli stati nel miglioramento delle statistiche sulle cooperative<\/strong>. Euricse \u00e8 lieta di contribuire alla mappatura globale con sei ulteriori casi di studio nazionali.<\/p>\n<h3>Cooperative sanitarie e mutue<\/h3>\n<p>Nel 2016 abbiamo lanciato la ricerca \u201c<a href=\"https:\/\/euricse.eu\/it\/inizia-la-raccolta-dati-sulle-cooperative-sanitarie-e-mutue\/\">Cooperative sanitarie e mutue \u2013 Un\u2019analisi del contributo delle cooperative alla salute dei cittadini a livello mondiale<\/a>\u201d. Lo studio, che si propone di analizzare\u00a0il <strong>contributo di cooperative sanitarie e mutue alla\u00a0promozione della salute della cittadinanza<\/strong> nei diversi sistemi nazionali di welfare, verr\u00e0\u00a0realizzato <strong>in collaborazione con\u00a0IHCO<\/strong>\u00a0(International Health Co-operative Organisation, organizzazione settoriale dell\u2019ICA sulle cooperative sanitarie).<\/p>\n<h3>Risposta alla consultazione della Banca d&#8217;Italia<\/h3>\n<p>Il <a href=\"https:\/\/euricse.eu\/it\/publications\/risposta-alla-consultazione-della-banca-ditalia-sulle-disposizioni-di-vigilanza-per-il-gruppo-bancario-cooperativo\/\">documento<\/a> evidenzia come le disposizioni di vigilanza per il Gruppo Bancario Cooperativo proposte da Banca d\u2019Italia non sembrano tenere conto del ruolo, delle specificit\u00e0 e dell\u2019<strong>importanza del credito cooperativo in Italia<\/strong>, concentrandosi troppo su alcune criticit\u00e0, che indubbiamente ci sono, ma che a nostro avviso non giustificano il tipo di intervento delineato da Banca d\u2019Italia.<\/p>\n<p>In particolare, le disposizioni porterebbero ad una perdita dell\u2019autonomia e dell\u2019identit\u00e0 cooperativa di queste banche, pregiudicando l\u2019importante ruolo che hanno sempre svolto a supporto dello sviluppo locale e comportando un inaridimento complessivo dell\u2019offerta creditizia, a danno soprattutto di famiglie e piccole imprese.<\/p>\n<h3>SIBEC<img loading=\"lazy\" decoding=\"async\" class=\"size-thumbnail wp-image-3438 alignright\" src=\"https:\/\/euricse.eu\/wp-content\/uploads\/2015\/12\/sibec-452x400.jpg\" alt=\"sibec\" width=\"452\" height=\"400\" srcset=\"https:\/\/euricse.eu\/wp-content\/uploads\/2015\/12\/sibec-452x400.jpg 452w, https:\/\/euricse.eu\/wp-content\/uploads\/2015\/12\/sibec-300x265.jpg 300w, https:\/\/euricse.eu\/wp-content\/uploads\/2015\/12\/sibec.jpg 974w\" sizes=\"auto, (max-width: 452px) 100vw, 452px\" \/><\/h3>\n<p>La prima edizione del <strong>Laboratorio di formazione itinerante<\/strong> \u201cLa gestione condivisa dei beni comuni\u201d, promosso da\u00a0<a href=\"http:\/\/www.sibec.eu\">SIBEC<\/a>,\u00a0la Scuola Italiana Beni Comuni ideata da Euricse,\u00a0Labsus\u00a0e\u00a0Universit\u00e0 degli Studi di Trento, si \u00e8 svolta da marzo a settembre 2016. I <strong>risultati<\/strong> sono <strong>positivi<\/strong> sia in termini di partecipazione sia in termini di visibilit\u00e0. Da pochi giorni abbiamo aperto l\u2019<strong>iscrizione per la seconda edizione<\/strong> del Laboratorio che inizier\u00e0 a marzo 2017.<\/p>\n<p>Tra i successi di SIBEC elenchiamo anche un <strong>accordo firmato con CSVnet<\/strong> per la formazione a livello nazionale dei quadri dei CSV locali.<\/p>\n<p>Per quanto riguarda la <strong>formazione a livello locale<\/strong>, abbiamo terminato con successo l\u2019esperienza di <a href=\"https:\/\/euricse.eu\/wp-content\/uploads\/2016\/09\/BENI-COMUNI-A2-final.pdf\">un corso<\/a>\u00a0per e con il Comune di Trento, abbiamo intrapreso un percorso con il CSV di Pavia e ne stiamo avviando uno con il Comune di Terni e la rete ANCI Umbria.<\/p>\n<h3>Master GIS<img loading=\"lazy\" decoding=\"async\" class=\"alignright size-thumbnail wp-image-5095\" src=\"https:\/\/euricse.eu\/wp-content\/uploads\/2016\/10\/MASTER-GIS-2016_2017_def-500x400.jpg\" alt=\"MASTER GIS 2016_2017_def\" width=\"500\" height=\"400\" srcset=\"https:\/\/euricse.eu\/wp-content\/uploads\/2016\/10\/MASTER-GIS-2016_2017_def-500x400.jpg 500w, https:\/\/euricse.eu\/wp-content\/uploads\/2016\/10\/MASTER-GIS-2016_2017_def-300x240.jpg 300w, https:\/\/euricse.eu\/wp-content\/uploads\/2016\/10\/MASTER-GIS-2016_2017_def-768x614.jpg 768w, https:\/\/euricse.eu\/wp-content\/uploads\/2016\/10\/MASTER-GIS-2016_2017_def.jpg 945w\" sizes=\"auto, (max-width: 500px) 100vw, 500px\" \/><\/h3>\n<p>I 23 diplomati della <strong>generazione 2015\/2016<\/strong> hanno concluso il percorso del Master GIS.\u00a0 I primi <strong>riscontri<\/strong> sono <strong>positivi<\/strong> in termini di <em>placement<\/em>: 10 proseguono con la stessa organizzazione di stage mentre 4 hanno trovato una prima occupazione in un&#8217;altra organizzazione. Come sempre Euricse monitorer\u00e0 e faciliter\u00e0 il loro inserimento nel mercato del lavoro per tutto il 2017.<\/p>\n<p>La <strong>nuova generazione<\/strong> di 17 corsisti, <strong>provenienti da tutta Italia e da diversi percorsi universitari<\/strong>, ha invece appena iniziato il suo cammino che si sviluppa nell&#8217;anno accademico 2016\/2017. La novit\u00e0 principale riguarda l\u2019ingresso ufficiale del Dipartimento di Sociologia e Ricerca Sociale e della Facolt\u00e0 di Giurisprudenza tra i <strong>soggetti promotori<\/strong> del Master, affianco allo storico Dipartimento di Economia e Management. Inoltre, abbiamo rinnovato il <strong>programma didattico e il corpo docenti<\/strong>\u00a0mentre abbiamo confermato gli <strong>\u201cstudi di caso\u201d reali e il tirocinio di 5 mesi<\/strong>.<\/p>\n<h3>Accompagnare il cambiamento cooperativo<\/h3>\n<p>In un quadro contrassegnato dalla <strong>crisi delle forme tradizionali di rappresentanza del mondo cooperativo<\/strong>, ma pi\u00f9 in generale di tutti i cosiddetti &#8220;corpi intermedi&#8221;, si evidenzia, sempre pi\u00f9 diffusa, una <strong>domanda di cambiamento<\/strong> che richiede, in un apparente paradosso, di <strong>ridisegnare le reti in senso pi\u00f9 cooperativo<\/strong>, anche fuori dal perimetro dell&#8217;economia sociale. Da questo punto di vista il driver di questo &#8220;rinascimento dei network&#8221; \u00e8 l\u2019<strong>innovazione<\/strong> che combina <strong>fattori tecnologici e sociali<\/strong> e che si definisce sempre pi\u00f9 come un <strong>processo aperto<\/strong>, in grado cio\u00e8 di recuperare il senso pi\u00f9 autentico del cooperare, condividendo cio\u00e8 mezzi e fini dell\u2019azione e agendo trasversalmente ai settori di attivit\u00e0, agli ambiti disciplinari, ai territori e alle matrici culturali ed ideologiche.<\/p>\n<p>Euricse si propone come <strong>facilitatore di processi di co-innovazione nelle reti cooperative<\/strong> e nel corso del 2016 sono stati aperti ben 4 cantieri.<\/p>\n<p>&#8211; A <strong>Verona<\/strong> con il locale consorzio di coop sociali per ridefinire il \u201cbouquet\u201d di servizi alle associate riallineandolo alla nuova mission consortile.<\/p>\n<p>&#8211; A <strong>Bergamo<\/strong> per individuare nuovi modelli di coordinamento tra consorzi territoriali e strutture di servizio nell&#8217;ambito di un \u201cecosistema\u201d cooperativo.<\/p>\n<p>&#8211; E in <strong>Trentino<\/strong> con due distinte iniziative:\u00a0l\u2019accompagnamento al settore LSSA per valorizzare il suo carattere plurale promuovendo sinergie lungo nuove filiere e\u00a0il re-design del consorzio Con.Solida puntando in particolare sulla ripartenza delle sue \u201caree\u201d (lavoro, educazione, ben-essere).<\/p>\n<p>&nbsp;<\/p>\n","protected":false},"excerpt":{"rendered":"<p>Ecco a voi un breve riepilogo del nostro 2016. Lo staff di Euricse lo sta presentando, proprio in questi minuti, al Consiglio di indirizzo che si \u00e8 riunito per analizzare insieme i traguardi raggiunti. Come sempre questa \u00e8 anche l\u2019occasione per raccogliere spunti per le future ricerche, eventuali\u00a0domande\u00a0di\u00a0consulenza e richieste\u00a0di\u00a0collaborazione che trasformeremo nella strategia per [&hellip;]<\/p>\n","protected":false},"author":32,"featured_media":5238,"comment_status":"open","ping_status":"closed","sticky":false,"template":"","format":"standard","meta":{"_acf_changed":false,"episode_type":"","audio_file":"","cover_image":"","cover_image_id":"","duration":"","filesize":"","date_recorded":"","explicit":"","block":"","itunes_episode_number":"","itunes_title":"","itunes_season_number":"","itunes_episode_type":"","filesize_raw":"","footnotes":""},"categories":[17],"tags":[],"class_list":["post-5159","post","type-post","status-publish","format-standard","has-post-thumbnail","hentry","category-news-it"],"acf":[],"yoast_head":"<!-- This site is optimized with the Yoast SEO plugin v26.1.1 - https:\/\/yoast.com\/wordpress\/plugins\/seo\/ -->\n<title>HIGHLIGHTS 2016 - Euricse<\/title>\n<meta name=\"robots\" content=\"index, follow, max-snippet:-1, max-image-preview:large, max-video-preview:-1\" \/>\n<link rel=\"canonical\" href=\"https:\/\/euricse.eu\/it\/highlights-2016\/\" \/>\n<meta property=\"og:locale\" content=\"it_IT\" \/>\n<meta property=\"og:type\" content=\"article\" \/>\n<meta property=\"og:title\" content=\"HIGHLIGHTS 2016 - Euricse\" \/>\n<meta property=\"og:description\" content=\"Ecco a voi un breve riepilogo del nostro 2016. Lo staff di Euricse lo sta presentando, proprio in questi minuti, al Consiglio di indirizzo che si \u00e8 riunito per analizzare insieme i traguardi raggiunti. Come sempre questa \u00e8 anche l\u2019occasione per raccogliere spunti per le future ricerche, eventuali\u00a0domande\u00a0di\u00a0consulenza e richieste\u00a0di\u00a0collaborazione che trasformeremo nella strategia per [&hellip;]\" \/>\n<meta property=\"og:url\" content=\"https:\/\/euricse.eu\/it\/highlights-2016\/\" \/>\n<meta property=\"og:site_name\" content=\"Euricse\" \/>\n<meta property=\"article:published_time\" content=\"2016-12-15T13:15:14+00:00\" \/>\n<meta property=\"article:modified_time\" content=\"2017-01-10T13:35:39+00:00\" \/>\n<meta property=\"og:image\" content=\"https:\/\/euricse.eu\/wp-content\/uploads\/2016\/12\/HIGHLIGHTS2016.jpg\" \/>\n\t<meta property=\"og:image:width\" content=\"1280\" \/>\n\t<meta property=\"og:image:height\" content=\"853\" \/>\n\t<meta property=\"og:image:type\" content=\"image\/jpeg\" \/>\n<meta name=\"author\" content=\"Silvia\" \/>\n<meta name=\"twitter:card\" content=\"summary_large_image\" \/>\n<meta name=\"twitter:label1\" content=\"Scritto da\" \/>\n\t<meta name=\"twitter:data1\" content=\"Silvia\" \/>\n\t<meta name=\"twitter:label2\" content=\"Tempo di lettura stimato\" \/>\n\t<meta name=\"twitter:data2\" content=\"10 minuti\" \/>\n<script type=\"application\/ld+json\" class=\"yoast-schema-graph\">{\"@context\":\"https:\/\/schema.org\",\"@graph\":[{\"@type\":\"WebPage\",\"@id\":\"https:\/\/euricse.eu\/it\/highlights-2016\/\",\"url\":\"https:\/\/euricse.eu\/it\/highlights-2016\/\",\"name\":\"HIGHLIGHTS 2016 - Euricse\",\"isPartOf\":{\"@id\":\"https:\/\/euricse.eu\/en\/#website\"},\"primaryImageOfPage\":{\"@id\":\"https:\/\/euricse.eu\/it\/highlights-2016\/#primaryimage\"},\"image\":{\"@id\":\"https:\/\/euricse.eu\/it\/highlights-2016\/#primaryimage\"},\"thumbnailUrl\":\"https:\/\/euricse.eu\/wp-content\/uploads\/2016\/12\/HIGHLIGHTS2016.jpg\",\"datePublished\":\"2016-12-15T13:15:14+00:00\",\"dateModified\":\"2017-01-10T13:35:39+00:00\",\"author\":{\"@id\":\"https:\/\/euricse.eu\/en\/#\/schema\/person\/a5b25693531e3458dfedff34c273ba14\"},\"breadcrumb\":{\"@id\":\"https:\/\/euricse.eu\/it\/highlights-2016\/#breadcrumb\"},\"inLanguage\":\"it-IT\",\"potentialAction\":[{\"@type\":\"ReadAction\",\"target\":[\"https:\/\/euricse.eu\/it\/highlights-2016\/\"]}]},{\"@type\":\"ImageObject\",\"inLanguage\":\"it-IT\",\"@id\":\"https:\/\/euricse.eu\/it\/highlights-2016\/#primaryimage\",\"url\":\"https:\/\/euricse.eu\/wp-content\/uploads\/2016\/12\/HIGHLIGHTS2016.jpg\",\"contentUrl\":\"https:\/\/euricse.eu\/wp-content\/uploads\/2016\/12\/HIGHLIGHTS2016.jpg\",\"width\":1280,\"height\":853},{\"@type\":\"BreadcrumbList\",\"@id\":\"https:\/\/euricse.eu\/it\/highlights-2016\/#breadcrumb\",\"itemListElement\":[{\"@type\":\"ListItem\",\"position\":1,\"name\":\"Home\",\"item\":\"https:\/\/euricse.eu\/it\/\"},{\"@type\":\"ListItem\",\"position\":2,\"name\":\"HIGHLIGHTS 2016\"}]},{\"@type\":\"WebSite\",\"@id\":\"https:\/\/euricse.eu\/en\/#website\",\"url\":\"https:\/\/euricse.eu\/en\/\",\"name\":\"Euricse\",\"description\":\"Knowledge and innovation for cooperative and social enterprises.\",\"potentialAction\":[{\"@type\":\"SearchAction\",\"target\":{\"@type\":\"EntryPoint\",\"urlTemplate\":\"https:\/\/euricse.eu\/en\/?s={search_term_string}\"},\"query-input\":{\"@type\":\"PropertyValueSpecification\",\"valueRequired\":true,\"valueName\":\"search_term_string\"}}],\"inLanguage\":\"it-IT\"},{\"@type\":\"Person\",\"@id\":\"https:\/\/euricse.eu\/en\/#\/schema\/person\/a5b25693531e3458dfedff34c273ba14\",\"name\":\"Silvia\",\"image\":{\"@type\":\"ImageObject\",\"inLanguage\":\"it-IT\",\"@id\":\"https:\/\/euricse.eu\/en\/#\/schema\/person\/image\/\",\"url\":\"https:\/\/secure.gravatar.com\/avatar\/3cef1082b65edc85f1a4c0caa7ce4808f397a517b7217eab6215fe435640f8f7?s=96&d=mm&r=g\",\"contentUrl\":\"https:\/\/secure.gravatar.com\/avatar\/3cef1082b65edc85f1a4c0caa7ce4808f397a517b7217eab6215fe435640f8f7?s=96&d=mm&r=g\",\"caption\":\"Silvia\"},\"url\":\"https:\/\/euricse.eu\/it\/author\/silvia\/\"}]}<\/script>\n<!-- \/ Yoast SEO plugin. -->","yoast_head_json":{"title":"HIGHLIGHTS 2016 - Euricse","robots":{"index":"index","follow":"follow","max-snippet":"max-snippet:-1","max-image-preview":"max-image-preview:large","max-video-preview":"max-video-preview:-1"},"canonical":"https:\/\/euricse.eu\/it\/highlights-2016\/","og_locale":"it_IT","og_type":"article","og_title":"HIGHLIGHTS 2016 - Euricse","og_description":"Ecco a voi un breve riepilogo del nostro 2016. Lo staff di Euricse lo sta presentando, proprio in questi minuti, al Consiglio di indirizzo che si \u00e8 riunito per analizzare insieme i traguardi raggiunti. Come sempre questa \u00e8 anche l\u2019occasione per raccogliere spunti per le future ricerche, eventuali\u00a0domande\u00a0di\u00a0consulenza e richieste\u00a0di\u00a0collaborazione che trasformeremo nella strategia per [&hellip;]","og_url":"https:\/\/euricse.eu\/it\/highlights-2016\/","og_site_name":"Euricse","article_published_time":"2016-12-15T13:15:14+00:00","article_modified_time":"2017-01-10T13:35:39+00:00","og_image":[{"width":1280,"height":853,"url":"https:\/\/euricse.eu\/wp-content\/uploads\/2016\/12\/HIGHLIGHTS2016.jpg","type":"image\/jpeg"}],"author":"Silvia","twitter_card":"summary_large_image","twitter_misc":{"Scritto da":"Silvia","Tempo di lettura stimato":"10 minuti"},"schema":{"@context":"https:\/\/schema.org","@graph":[{"@type":"WebPage","@id":"https:\/\/euricse.eu\/it\/highlights-2016\/","url":"https:\/\/euricse.eu\/it\/highlights-2016\/","name":"HIGHLIGHTS 2016 - Euricse","isPartOf":{"@id":"https:\/\/euricse.eu\/en\/#website"},"primaryImageOfPage":{"@id":"https:\/\/euricse.eu\/it\/highlights-2016\/#primaryimage"},"image":{"@id":"https:\/\/euricse.eu\/it\/highlights-2016\/#primaryimage"},"thumbnailUrl":"https:\/\/euricse.eu\/wp-content\/uploads\/2016\/12\/HIGHLIGHTS2016.jpg","datePublished":"2016-12-15T13:15:14+00:00","dateModified":"2017-01-10T13:35:39+00:00","author":{"@id":"https:\/\/euricse.eu\/en\/#\/schema\/person\/a5b25693531e3458dfedff34c273ba14"},"breadcrumb":{"@id":"https:\/\/euricse.eu\/it\/highlights-2016\/#breadcrumb"},"inLanguage":"it-IT","potentialAction":[{"@type":"ReadAction","target":["https:\/\/euricse.eu\/it\/highlights-2016\/"]}]},{"@type":"ImageObject","inLanguage":"it-IT","@id":"https:\/\/euricse.eu\/it\/highlights-2016\/#primaryimage","url":"https:\/\/euricse.eu\/wp-content\/uploads\/2016\/12\/HIGHLIGHTS2016.jpg","contentUrl":"https:\/\/euricse.eu\/wp-content\/uploads\/2016\/12\/HIGHLIGHTS2016.jpg","width":1280,"height":853},{"@type":"BreadcrumbList","@id":"https:\/\/euricse.eu\/it\/highlights-2016\/#breadcrumb","itemListElement":[{"@type":"ListItem","position":1,"name":"Home","item":"https:\/\/euricse.eu\/it\/"},{"@type":"ListItem","position":2,"name":"HIGHLIGHTS 2016"}]},{"@type":"WebSite","@id":"https:\/\/euricse.eu\/en\/#website","url":"https:\/\/euricse.eu\/en\/","name":"Euricse","description":"Knowledge and innovation for cooperative and social enterprises.","potentialAction":[{"@type":"SearchAction","target":{"@type":"EntryPoint","urlTemplate":"https:\/\/euricse.eu\/en\/?s={search_term_string}"},"query-input":{"@type":"PropertyValueSpecification","valueRequired":true,"valueName":"search_term_string"}}],"inLanguage":"it-IT"},{"@type":"Person","@id":"https:\/\/euricse.eu\/en\/#\/schema\/person\/a5b25693531e3458dfedff34c273ba14","name":"Silvia","image":{"@type":"ImageObject","inLanguage":"it-IT","@id":"https:\/\/euricse.eu\/en\/#\/schema\/person\/image\/","url":"https:\/\/secure.gravatar.com\/avatar\/3cef1082b65edc85f1a4c0caa7ce4808f397a517b7217eab6215fe435640f8f7?s=96&d=mm&r=g","contentUrl":"https:\/\/secure.gravatar.com\/avatar\/3cef1082b65edc85f1a4c0caa7ce4808f397a517b7217eab6215fe435640f8f7?s=96&d=mm&r=g","caption":"Silvia"},"url":"https:\/\/euricse.eu\/it\/author\/silvia\/"}]}},"_links":{"self":[{"href":"https:\/\/euricse.eu\/it\/wp-json\/wp\/v2\/posts\/5159","targetHints":{"allow":["GET"]}}],"collection":[{"href":"https:\/\/euricse.eu\/it\/wp-json\/wp\/v2\/posts"}],"about":[{"href":"https:\/\/euricse.eu\/it\/wp-json\/wp\/v2\/types\/post"}],"author":[{"embeddable":true,"href":"https:\/\/euricse.eu\/it\/wp-json\/wp\/v2\/users\/32"}],"replies":[{"embeddable":true,"href":"https:\/\/euricse.eu\/it\/wp-json\/wp\/v2\/comments?post=5159"}],"version-history":[{"count":0,"href":"https:\/\/euricse.eu\/it\/wp-json\/wp\/v2\/posts\/5159\/revisions"}],"wp:featuredmedia":[{"embeddable":true,"href":"https:\/\/euricse.eu\/it\/wp-json\/wp\/v2\/media\/5238"}],"wp:attachment":[{"href":"https:\/\/euricse.eu\/it\/wp-json\/wp\/v2\/media?parent=5159"}],"wp:term":[{"taxonomy":"category","embeddable":true,"href":"https:\/\/euricse.eu\/it\/wp-json\/wp\/v2\/categories?post=5159"},{"taxonomy":"post_tag","embeddable":true,"href":"https:\/\/euricse.eu\/it\/wp-json\/wp\/v2\/tags?post=5159"}],"curies":[{"name":"wp","href":"https:\/\/api.w.org\/{rel}","templated":true}]}}