{"id":5340,"date":"2017-02-23T13:57:04","date_gmt":"2017-02-23T13:57:04","guid":{"rendered":"https:\/\/euricse.staging.hgblu.com\/?p=5340"},"modified":"2017-02-23T13:57:04","modified_gmt":"2017-02-23T13:57:04","slug":"istat-e-euricse-firmano-la-convenzione","status":"publish","type":"post","link":"https:\/\/euricse.eu\/it\/istat-e-euricse-firmano-la-convenzione\/","title":{"rendered":"ISTAT e Euricse firmano la convenzione"},"content":{"rendered":"<blockquote><p>\u201cDimensioni, evoluzione e caratteristiche dell\u2019economia sociale\u201d \u00e8 il tema del progetto di ricerca ISTAT-Euricse, appena avviato e di durata biennale.<\/p><\/blockquote>\n<p style=\"text-align: justify;\">La decisione di rafforzare la collaborazione tra i due istituti \u00e8 nata dalla <strong>comune volont\u00e0<\/strong> di realizzare un\u2019<strong>analisi dello stato, delle dinamiche e delle performance delle organizzazioni dell\u2019economia sociale integrando le informazioni statistiche rilevate con i censimenti di settore con le informazioni di origine amministrativa gi\u00e0 disponibili in ISTAT a fini statistici.<\/strong><!--more--><\/p>\n<p style=\"text-align: justify;\"><strong>Fase centrale<\/strong> del progetto \u00e8 lo sviluppo e l\u2019applicazione di un set di indicatori che hanno lo scopo di:\u00a0<img loading=\"lazy\" decoding=\"async\" class=\"alignright size-full wp-image-5356\" src=\"https:\/\/euricse.eu\/wp-content\/uploads\/2017\/02\/logo-istat.jpg\" alt=\"logo-istat\" width=\"450\" height=\"170\" srcset=\"https:\/\/euricse.eu\/wp-content\/uploads\/2017\/02\/logo-istat.jpg 450w, https:\/\/euricse.eu\/wp-content\/uploads\/2017\/02\/logo-istat-300x113.jpg 300w\" sizes=\"auto, (max-width: 450px) 100vw, 450px\" \/><\/p>\n<ul style=\"text-align: justify;\">\n<li>descrivere l\u2019ambiente in cui operano le istituzioni dell\u2019economia sociale<\/li>\n<li>indagare la dimensione organizzativa e di <em>governance<\/em> di tali istituzioni<\/li>\n<li>valutare l\u2019impatto economico (occupazione generata e sue caratteristiche, contributo al PIL) e la dimensione sociale (coesione e il capitale sociale)<\/li>\n<li>valutare la solidit\u00e0 finanziaria, per verificare la capacit\u00e0 di proseguire le attivit\u00e0 economiche nel lungo periodo.<\/li>\n<\/ul>\n<p style=\"text-align: justify;\">I <strong>risultati<\/strong> ottenuti verranno congiuntamente diffusi in rapporti di ricerca sulla dimensione e sull\u2019evoluzione delle organizzazioni dell\u2019economia sociale e in analisi e approfondimenti di carattere scientifico, destinati al dibattito nazionale e internazionale.<\/p>\n<p style=\"text-align: justify;\">Parallelamente a questo progetto, il gruppo di ricerca di Euricse <strong>prosegue l\u2019<a href=\"https:\/\/euricse.eu\/it\/publications-cat\/rapporto-italia\/\">aggiornamento<\/a><\/strong>, con i dati fino al 2014, <strong>della stima della rilevanza economica ed occupazionale del sistema cooperativo, includendovi, per la prima volta, anche le imprese controllate da cooperative.<\/strong><\/p>\n","protected":false},"excerpt":{"rendered":"<p>\u201cDimensioni, evoluzione e caratteristiche dell\u2019economia sociale\u201d \u00e8 il tema del progetto di ricerca ISTAT-Euricse, appena avviato e di durata biennale. La decisione di rafforzare la collaborazione tra i due istituti \u00e8 nata dalla comune volont\u00e0 di realizzare un\u2019analisi dello stato, delle dinamiche e delle performance delle organizzazioni dell\u2019economia sociale integrando le informazioni statistiche rilevate con [&hellip;]<\/p>\n","protected":false},"author":32,"featured_media":5357,"comment_status":"open","ping_status":"closed","sticky":false,"template":"","format":"standard","meta":{"_acf_changed":false,"episode_type":"","audio_file":"","cover_image":"","cover_image_id":"","duration":"","filesize":"","date_recorded":"","explicit":"","block":"","itunes_episode_number":"","itunes_title":"","itunes_season_number":"","itunes_episode_type":"","filesize_raw":"","footnotes":""},"categories":[17],"tags":[108,212],"class_list":["post-5340","post","type-post","status-publish","format-standard","has-post-thumbnail","hentry","category-news-it","tag-statistiche","tag-rapporto-italia"],"acf":[],"yoast_head":"<!-- This site is optimized with the Yoast SEO plugin v26.1.1 - https:\/\/yoast.com\/wordpress\/plugins\/seo\/ -->\n<title>ISTAT e Euricse firmano la convenzione - Euricse<\/title>\n<meta name=\"robots\" content=\"index, follow, max-snippet:-1, max-image-preview:large, max-video-preview:-1\" \/>\n<link rel=\"canonical\" href=\"https:\/\/euricse.eu\/it\/istat-e-euricse-firmano-la-convenzione\/\" \/>\n<meta property=\"og:locale\" content=\"it_IT\" \/>\n<meta property=\"og:type\" content=\"article\" \/>\n<meta property=\"og:title\" content=\"ISTAT e Euricse firmano la convenzione - Euricse\" \/>\n<meta property=\"og:description\" content=\"\u201cDimensioni, evoluzione e caratteristiche dell\u2019economia sociale\u201d \u00e8 il tema del progetto di ricerca ISTAT-Euricse, appena avviato e di durata biennale. La decisione di rafforzare la collaborazione tra i due istituti \u00e8 nata dalla comune volont\u00e0 di realizzare un\u2019analisi dello stato, delle dinamiche e delle performance delle organizzazioni dell\u2019economia sociale integrando le informazioni statistiche rilevate con [&hellip;]\" \/>\n<meta property=\"og:url\" content=\"https:\/\/euricse.eu\/it\/istat-e-euricse-firmano-la-convenzione\/\" \/>\n<meta property=\"og:site_name\" content=\"Euricse\" \/>\n<meta property=\"article:published_time\" content=\"2017-02-23T13:57:04+00:00\" \/>\n<meta property=\"og:image\" content=\"https:\/\/euricse.eu\/wp-content\/uploads\/2017\/02\/dustin-lee-19667-1024x683.jpg\" \/>\n\t<meta property=\"og:image:width\" content=\"1024\" \/>\n\t<meta property=\"og:image:height\" content=\"683\" \/>\n\t<meta property=\"og:image:type\" content=\"image\/jpeg\" \/>\n<meta name=\"author\" content=\"Silvia\" \/>\n<meta name=\"twitter:card\" content=\"summary_large_image\" \/>\n<meta name=\"twitter:label1\" content=\"Scritto da\" \/>\n\t<meta name=\"twitter:data1\" content=\"Silvia\" \/>\n\t<meta name=\"twitter:label2\" content=\"Tempo di lettura stimato\" \/>\n\t<meta name=\"twitter:data2\" content=\"1 minuto\" \/>\n<script type=\"application\/ld+json\" class=\"yoast-schema-graph\">{\"@context\":\"https:\/\/schema.org\",\"@graph\":[{\"@type\":\"WebPage\",\"@id\":\"https:\/\/euricse.eu\/it\/istat-e-euricse-firmano-la-convenzione\/\",\"url\":\"https:\/\/euricse.eu\/it\/istat-e-euricse-firmano-la-convenzione\/\",\"name\":\"ISTAT e Euricse firmano la convenzione - Euricse\",\"isPartOf\":{\"@id\":\"https:\/\/euricse.eu\/en\/#website\"},\"primaryImageOfPage\":{\"@id\":\"https:\/\/euricse.eu\/it\/istat-e-euricse-firmano-la-convenzione\/#primaryimage\"},\"image\":{\"@id\":\"https:\/\/euricse.eu\/it\/istat-e-euricse-firmano-la-convenzione\/#primaryimage\"},\"thumbnailUrl\":\"https:\/\/euricse.eu\/wp-content\/uploads\/2017\/02\/dustin-lee-19667.jpg\",\"datePublished\":\"2017-02-23T13:57:04+00:00\",\"author\":{\"@id\":\"https:\/\/euricse.eu\/en\/#\/schema\/person\/a5b25693531e3458dfedff34c273ba14\"},\"breadcrumb\":{\"@id\":\"https:\/\/euricse.eu\/it\/istat-e-euricse-firmano-la-convenzione\/#breadcrumb\"},\"inLanguage\":\"it-IT\",\"potentialAction\":[{\"@type\":\"ReadAction\",\"target\":[\"https:\/\/euricse.eu\/it\/istat-e-euricse-firmano-la-convenzione\/\"]}]},{\"@type\":\"ImageObject\",\"inLanguage\":\"it-IT\",\"@id\":\"https:\/\/euricse.eu\/it\/istat-e-euricse-firmano-la-convenzione\/#primaryimage\",\"url\":\"https:\/\/euricse.eu\/wp-content\/uploads\/2017\/02\/dustin-lee-19667.jpg\",\"contentUrl\":\"https:\/\/euricse.eu\/wp-content\/uploads\/2017\/02\/dustin-lee-19667.jpg\",\"width\":4000,\"height\":2667},{\"@type\":\"BreadcrumbList\",\"@id\":\"https:\/\/euricse.eu\/it\/istat-e-euricse-firmano-la-convenzione\/#breadcrumb\",\"itemListElement\":[{\"@type\":\"ListItem\",\"position\":1,\"name\":\"Home\",\"item\":\"https:\/\/euricse.eu\/it\/\"},{\"@type\":\"ListItem\",\"position\":2,\"name\":\"ISTAT e Euricse firmano la convenzione\"}]},{\"@type\":\"WebSite\",\"@id\":\"https:\/\/euricse.eu\/en\/#website\",\"url\":\"https:\/\/euricse.eu\/en\/\",\"name\":\"Euricse\",\"description\":\"Knowledge and innovation for cooperative and social enterprises.\",\"potentialAction\":[{\"@type\":\"SearchAction\",\"target\":{\"@type\":\"EntryPoint\",\"urlTemplate\":\"https:\/\/euricse.eu\/en\/?s={search_term_string}\"},\"query-input\":{\"@type\":\"PropertyValueSpecification\",\"valueRequired\":true,\"valueName\":\"search_term_string\"}}],\"inLanguage\":\"it-IT\"},{\"@type\":\"Person\",\"@id\":\"https:\/\/euricse.eu\/en\/#\/schema\/person\/a5b25693531e3458dfedff34c273ba14\",\"name\":\"Silvia\",\"image\":{\"@type\":\"ImageObject\",\"inLanguage\":\"it-IT\",\"@id\":\"https:\/\/euricse.eu\/en\/#\/schema\/person\/image\/\",\"url\":\"https:\/\/secure.gravatar.com\/avatar\/3cef1082b65edc85f1a4c0caa7ce4808f397a517b7217eab6215fe435640f8f7?s=96&d=mm&r=g\",\"contentUrl\":\"https:\/\/secure.gravatar.com\/avatar\/3cef1082b65edc85f1a4c0caa7ce4808f397a517b7217eab6215fe435640f8f7?s=96&d=mm&r=g\",\"caption\":\"Silvia\"},\"url\":\"https:\/\/euricse.eu\/it\/author\/silvia\/\"}]}<\/script>\n<!-- \/ Yoast SEO plugin. -->","yoast_head_json":{"title":"ISTAT e Euricse firmano la convenzione - Euricse","robots":{"index":"index","follow":"follow","max-snippet":"max-snippet:-1","max-image-preview":"max-image-preview:large","max-video-preview":"max-video-preview:-1"},"canonical":"https:\/\/euricse.eu\/it\/istat-e-euricse-firmano-la-convenzione\/","og_locale":"it_IT","og_type":"article","og_title":"ISTAT e Euricse firmano la convenzione - Euricse","og_description":"\u201cDimensioni, evoluzione e caratteristiche dell\u2019economia sociale\u201d \u00e8 il tema del progetto di ricerca ISTAT-Euricse, appena avviato e di durata biennale. La decisione di rafforzare la collaborazione tra i due istituti \u00e8 nata dalla comune volont\u00e0 di realizzare un\u2019analisi dello stato, delle dinamiche e delle performance delle organizzazioni dell\u2019economia sociale integrando le informazioni statistiche rilevate con [&hellip;]","og_url":"https:\/\/euricse.eu\/it\/istat-e-euricse-firmano-la-convenzione\/","og_site_name":"Euricse","article_published_time":"2017-02-23T13:57:04+00:00","og_image":[{"width":1024,"height":683,"url":"https:\/\/euricse.eu\/wp-content\/uploads\/2017\/02\/dustin-lee-19667-1024x683.jpg","type":"image\/jpeg"}],"author":"Silvia","twitter_card":"summary_large_image","twitter_misc":{"Scritto da":"Silvia","Tempo di lettura stimato":"1 minuto"},"schema":{"@context":"https:\/\/schema.org","@graph":[{"@type":"WebPage","@id":"https:\/\/euricse.eu\/it\/istat-e-euricse-firmano-la-convenzione\/","url":"https:\/\/euricse.eu\/it\/istat-e-euricse-firmano-la-convenzione\/","name":"ISTAT e Euricse firmano la convenzione - Euricse","isPartOf":{"@id":"https:\/\/euricse.eu\/en\/#website"},"primaryImageOfPage":{"@id":"https:\/\/euricse.eu\/it\/istat-e-euricse-firmano-la-convenzione\/#primaryimage"},"image":{"@id":"https:\/\/euricse.eu\/it\/istat-e-euricse-firmano-la-convenzione\/#primaryimage"},"thumbnailUrl":"https:\/\/euricse.eu\/wp-content\/uploads\/2017\/02\/dustin-lee-19667.jpg","datePublished":"2017-02-23T13:57:04+00:00","author":{"@id":"https:\/\/euricse.eu\/en\/#\/schema\/person\/a5b25693531e3458dfedff34c273ba14"},"breadcrumb":{"@id":"https:\/\/euricse.eu\/it\/istat-e-euricse-firmano-la-convenzione\/#breadcrumb"},"inLanguage":"it-IT","potentialAction":[{"@type":"ReadAction","target":["https:\/\/euricse.eu\/it\/istat-e-euricse-firmano-la-convenzione\/"]}]},{"@type":"ImageObject","inLanguage":"it-IT","@id":"https:\/\/euricse.eu\/it\/istat-e-euricse-firmano-la-convenzione\/#primaryimage","url":"https:\/\/euricse.eu\/wp-content\/uploads\/2017\/02\/dustin-lee-19667.jpg","contentUrl":"https:\/\/euricse.eu\/wp-content\/uploads\/2017\/02\/dustin-lee-19667.jpg","width":4000,"height":2667},{"@type":"BreadcrumbList","@id":"https:\/\/euricse.eu\/it\/istat-e-euricse-firmano-la-convenzione\/#breadcrumb","itemListElement":[{"@type":"ListItem","position":1,"name":"Home","item":"https:\/\/euricse.eu\/it\/"},{"@type":"ListItem","position":2,"name":"ISTAT e Euricse firmano la convenzione"}]},{"@type":"WebSite","@id":"https:\/\/euricse.eu\/en\/#website","url":"https:\/\/euricse.eu\/en\/","name":"Euricse","description":"Knowledge and innovation for cooperative and social enterprises.","potentialAction":[{"@type":"SearchAction","target":{"@type":"EntryPoint","urlTemplate":"https:\/\/euricse.eu\/en\/?s={search_term_string}"},"query-input":{"@type":"PropertyValueSpecification","valueRequired":true,"valueName":"search_term_string"}}],"inLanguage":"it-IT"},{"@type":"Person","@id":"https:\/\/euricse.eu\/en\/#\/schema\/person\/a5b25693531e3458dfedff34c273ba14","name":"Silvia","image":{"@type":"ImageObject","inLanguage":"it-IT","@id":"https:\/\/euricse.eu\/en\/#\/schema\/person\/image\/","url":"https:\/\/secure.gravatar.com\/avatar\/3cef1082b65edc85f1a4c0caa7ce4808f397a517b7217eab6215fe435640f8f7?s=96&d=mm&r=g","contentUrl":"https:\/\/secure.gravatar.com\/avatar\/3cef1082b65edc85f1a4c0caa7ce4808f397a517b7217eab6215fe435640f8f7?s=96&d=mm&r=g","caption":"Silvia"},"url":"https:\/\/euricse.eu\/it\/author\/silvia\/"}]}},"_links":{"self":[{"href":"https:\/\/euricse.eu\/it\/wp-json\/wp\/v2\/posts\/5340","targetHints":{"allow":["GET"]}}],"collection":[{"href":"https:\/\/euricse.eu\/it\/wp-json\/wp\/v2\/posts"}],"about":[{"href":"https:\/\/euricse.eu\/it\/wp-json\/wp\/v2\/types\/post"}],"author":[{"embeddable":true,"href":"https:\/\/euricse.eu\/it\/wp-json\/wp\/v2\/users\/32"}],"replies":[{"embeddable":true,"href":"https:\/\/euricse.eu\/it\/wp-json\/wp\/v2\/comments?post=5340"}],"version-history":[{"count":0,"href":"https:\/\/euricse.eu\/it\/wp-json\/wp\/v2\/posts\/5340\/revisions"}],"wp:featuredmedia":[{"embeddable":true,"href":"https:\/\/euricse.eu\/it\/wp-json\/wp\/v2\/media\/5357"}],"wp:attachment":[{"href":"https:\/\/euricse.eu\/it\/wp-json\/wp\/v2\/media?parent=5340"}],"wp:term":[{"taxonomy":"category","embeddable":true,"href":"https:\/\/euricse.eu\/it\/wp-json\/wp\/v2\/categories?post=5340"},{"taxonomy":"post_tag","embeddable":true,"href":"https:\/\/euricse.eu\/it\/wp-json\/wp\/v2\/tags?post=5340"}],"curies":[{"name":"wp","href":"https:\/\/api.w.org\/{rel}","templated":true}]}}