{"id":5424,"date":"2017-03-09T13:09:54","date_gmt":"2017-03-09T13:09:54","guid":{"rendered":"https:\/\/euricse.staging.hgblu.com\/?p=5424"},"modified":"2017-03-09T13:54:43","modified_gmt":"2017-03-09T13:54:43","slug":"per-una-legge-europea-sullimpresa-sociale","status":"publish","type":"post","link":"https:\/\/euricse.eu\/it\/per-una-legge-europea-sullimpresa-sociale\/","title":{"rendered":"Per una legge europea sull\u2019impresa sociale"},"content":{"rendered":"<blockquote><p>Con il professor <a href=\"https:\/\/euricse.eu\/it\/people\/antonio-fici\/\">Antonio Fici<\/a>, sul suo ultimo studio fatto per il Parlamento europeo.<br \/>\n\u201cLa speranza adesso \u00e8 che dagli studi si passi ai fatti, cio\u00e8 a concrete iniziative legislative che individuino e promuovano le imprese sociali.\u201d<\/p><\/blockquote>\n<p style=\"text-align: justify;\">Le imprese sociali sono soggette ad una legislazione ad hoc in un numero crescente di giurisdizioni europee e le istituzioni dell\u2019Unione Europea si stanno attrezzando per realizzare iniziative legislative in materia. Con lo scopo di fare pi\u00f9 chiarezza il Dipartimento tematico Diritti dei cittadini e Affari costituzionali del Parlamento Europeo ha commissionato, supervisionato e pubblicato, proprio qualche giorno fa, l\u2019approfondimento \u201cUna legge europea sull\u2019impresa sociale\u201d.<!--more--><\/p>\n<p style=\"text-align: justify;\">Lo studio \u00e8 stato condotto dal professor\u00a0Antonio Fici, che insegna Diritto privato\u00a0nell\u2019Universit\u00e0 del Molise ed \u00e8 consulente del Ministero del Lavoro e delle Politiche Sociali per\u00a0la riforma del Terzo Settore. Il professor Fici da diversi anni collabora stabilmente con Euricse sui diversi progetti di ricerca in tema di <a href=\"https:\/\/euricse.eu\/it\/una-legge-europea-sullimpresa-sociale\/\">diritto comparato delle societ\u00e0 cooperative e delle imprese sociali<\/a>.<\/p>\n<p style=\"text-align: justify;\">Abbiamo approfittato di questa nuova pubblicazione per rivolgergli qualche domanda in merito allo stato dell\u2019arte della legislazione sull\u2019impresa sociale nell\u2019ambito europeo.<\/p>\n<p style=\"text-align: justify;\"><strong>Quel \u00e8 il significato e l\u2019importanza di questo studio?<\/strong><\/p>\n<p style=\"text-align: justify;\">R: Lo studio costituisce la dimostrazione di come tra le istituzioni europee il tema degli enti dell\u2019economia sociale, ed in particolare delle imprese sociali, stia assumendo un\u2019importanza sempre maggiore. In questi soggetti l\u2019Unione europea sembra fare sempre pi\u00f9 affidamento per elevare il tasso di socialit\u00e0 che connota il mercato unico, ma anche come antidoto ai fallimenti del mercato e alla crisi occupazionale. La speranza adesso \u00e8 che dagli studi si passi ai fatti, cio\u00e8 a concrete iniziative legislative che individuino e promuovano le imprese sociali.<\/p>\n<p style=\"text-align: justify;\"><strong>Perch\u00e9 una normativa su misura per le imprese sociali \u00e8 essenziale per<img loading=\"lazy\" decoding=\"async\" class=\"alignright size-thumbnail wp-image-5427\" src=\"https:\/\/euricse.eu\/wp-content\/uploads\/2017\/03\/fici-266x400.jpg\" alt=\"fici\" width=\"266\" height=\"400\" srcset=\"https:\/\/euricse.eu\/wp-content\/uploads\/2017\/03\/fici.jpg 266w, https:\/\/euricse.eu\/wp-content\/uploads\/2017\/03\/fici-200x300.jpg 200w\" sizes=\"auto, (max-width: 266px) 100vw, 266px\" \/> lo sviluppo di questa forma d\u2019impresa?<\/strong><\/p>\n<p style=\"text-align: justify;\">R: Una legislazione specifica \u00e8 essenziale per lo sviluppo delle imprese sociali per diverse ragioni, che nello studio sono presentate ed esposte nel dettaglio. In particolare, essa permette\u00a0agli imprenditori sociali di segnalare e veicolare la loro distinta identit\u00e0 di fronte ai vari <em>stakeholder<\/em>, ed in questo modo avvantaggiarsi dei vantaggi competitivi che l\u2019operare sotto il marchio legale di \u201cimpresa sociale\u201d dovrebbe essere in grado di garantire loro. Lo sviluppo notevole del fenomeno dell\u2019impresa sociale che si \u00e8 verificato in paesi come Italia ed Inghilterra all\u2019indomani dell\u2019approvazione di leggi specifiche sull\u2019impresa sociale \u00e8 forse la prova storica pi\u00f9 evidente di quanto lo studio teorizza. Anche la crescente tendenza degli Stati Membri a dotarsi di leggi sull\u2019impresa sociale sembra dimostrare la medesima cosa. Oggi, gi\u00e0 almeno 18 paesi dell\u2019Ue hanno leggi specifiche sull\u2019impresa sociale, e qualcuno persino pi\u00f9 di una.<\/p>\n<p style=\"text-align: justify;\"><strong>Quali sono i modelli di regolamentazione dell\u2019impresa sociale esistenti?<\/strong><\/p>\n<p style=\"text-align: justify;\">R: I modelli di disciplina dell\u2019impresa sociale si possono classificare e catalogare in vario modo. La pi\u00f9 importante distinzione \u00e8, per\u00f2, quella tra leggi europee nelle quali l\u2019impresa sociale \u00e8 una particolare forma di cooperativa o di societ\u00e0 di capitali e leggi europee nelle quali l\u2019impresa sociale \u00e8 una qualifica normativa che organizzazioni con diversa forma giuridica (fondazione, associazione, cooperativa, societ\u00e0 di capitali, ecc.) possono acquisire, purch\u00e9 soddisfino alcuni requisiti comuni necessari ai fini dell\u2019assunzione e conservazione di questa qualifica. Nello studio si analizzano entrambi i modelli e si conclude dando preferenza al secondo modello, che \u00e8 peraltro quello attualmente vigente in Italia per effetto del d.lgs. 155\/2006.<\/p>\n<p style=\"text-align: justify;\"><strong>Quali sono gli elementi fondamentali dell\u2019identit\u00e0 giuridica di un\u2019impresa sociale?<\/strong><\/p>\n<p style=\"text-align: justify;\">R: L\u2019identit\u00e0 giuridica dell\u2019impresa sociale dipende, ovviamente, dalla legislazione nazionale che la ha ad oggetto. Tuttavia, a livello europeo, sembra stia emergendo un\u2019identit\u00e0 condivisa. Nello studio si individuano i tratti identitari che formano il nucleo comune dell\u2019impresa sociale europea. Tra essi particolare importanza hanno l\u2019agire senza scopo di lucro prevalente e per finalit\u00e0 di interesse generale, lo svolgere un\u2019attivit\u00e0 d\u2019impresa di utilit\u00e0 sociale, il possedere una struttura interna di <em>governance<\/em> democratica o quanto meno partecipativa ed inclusiva dei vari <em>stakeholder<\/em> dell\u2019impresa sociale. Naturalmente, questi profili sono declinati in forma diversa da ciascuna legge europea.<\/p>\n<p style=\"text-align: justify;\"><strong>Quali sono le principali raccomandazioni su potenziali forme e contenuti di uno statuto giuridico europeo?<\/strong><\/p>\n<p style=\"text-align: justify;\">R: Nello studio si raccomanda l\u2019adozione di una legge europea che riconosca e disciplini l\u2019impresa sociale come una particolare qualifica normativa (o status giuridico). Al riguardo si suggerisce altres\u00ec la denominazione di \u201cimpresa sociale europea\u201d da riservarsi alle organizzazioni imprenditoriali che rispettino questo statuto europeo e siano dunque in possesso di tutti i requisiti identificativi dell\u2019impresa sociale europea. Nello studio si suggerisce poi di individuare questi requisiti identificativi sulla base della legislazione vigente negli Stati membri ed in particolare di quella comune identit\u00e0 di cui si diceva in precedenza. Per effetto di questo statuto sulla \u201cimpresa sociale europea\u201d, ciascuno Stato membro dell\u2019Ue finirebbe dunque per avere una legge sull\u2019impresa sociale che identifica allo stesso modo l\u2019impresa sociale, facendo peraltro salve le specificit\u00e0 di ciascun ordinamento europeo. L\u2019uniformit\u00e0 riguarderebbe gli elementi essenziali dell\u2019identit\u00e0 delle imprese sociali e contribuirebbe non poco allo sviluppo delle imprese sociali, accrescendone la visibilit\u00e0 a livello europeo.<\/p>\n","protected":false},"excerpt":{"rendered":"<p>Con il professor Antonio Fici, sul suo ultimo studio fatto per il Parlamento europeo. \u201cLa speranza adesso \u00e8 che dagli studi si passi ai fatti, cio\u00e8 a concrete iniziative legislative che individuino e promuovano le imprese sociali.\u201d Le imprese sociali sono soggette ad una legislazione ad hoc in un numero crescente di giurisdizioni europee e [&hellip;]<\/p>\n","protected":false},"author":32,"featured_media":5453,"comment_status":"open","ping_status":"closed","sticky":false,"template":"","format":"standard","meta":{"_acf_changed":false,"episode_type":"","audio_file":"","cover_image":"","cover_image_id":"","duration":"","filesize":"","date_recorded":"","explicit":"","block":"","itunes_episode_number":"","itunes_title":"","itunes_season_number":"","itunes_episode_type":"","filesize_raw":"","footnotes":""},"categories":[17],"tags":[118,407],"class_list":["post-5424","post","type-post","status-publish","format-standard","has-post-thumbnail","hentry","category-news-it","tag-europa","tag-quadro-giuridico"],"acf":[],"yoast_head":"<!-- This site is optimized with the Yoast SEO plugin v26.1.1 - https:\/\/yoast.com\/wordpress\/plugins\/seo\/ -->\n<title>Per una legge europea sull\u2019impresa sociale - Euricse<\/title>\n<meta name=\"robots\" content=\"index, follow, max-snippet:-1, max-image-preview:large, max-video-preview:-1\" \/>\n<link rel=\"canonical\" href=\"https:\/\/euricse.eu\/it\/per-una-legge-europea-sullimpresa-sociale\/\" \/>\n<meta property=\"og:locale\" content=\"it_IT\" \/>\n<meta property=\"og:type\" content=\"article\" \/>\n<meta property=\"og:title\" content=\"Per una legge europea sull\u2019impresa sociale - Euricse\" \/>\n<meta property=\"og:description\" content=\"Con il professor Antonio Fici, sul suo ultimo studio fatto per il Parlamento europeo. \u201cLa speranza adesso \u00e8 che dagli studi si passi ai fatti, cio\u00e8 a concrete iniziative legislative che individuino e promuovano le imprese sociali.\u201d Le imprese sociali sono soggette ad una legislazione ad hoc in un numero crescente di giurisdizioni europee e [&hellip;]\" \/>\n<meta property=\"og:url\" content=\"https:\/\/euricse.eu\/it\/per-una-legge-europea-sullimpresa-sociale\/\" \/>\n<meta property=\"og:site_name\" content=\"Euricse\" \/>\n<meta property=\"article:published_time\" content=\"2017-03-09T13:09:54+00:00\" \/>\n<meta property=\"article:modified_time\" content=\"2017-03-09T13:54:43+00:00\" \/>\n<meta property=\"og:image\" content=\"https:\/\/euricse.eu\/wp-content\/uploads\/2017\/03\/tumblr_nmxffl30MX1qfirfao1_1280.jpg\" \/>\n\t<meta property=\"og:image:width\" content=\"1280\" \/>\n\t<meta property=\"og:image:height\" content=\"779\" \/>\n\t<meta property=\"og:image:type\" content=\"image\/jpeg\" \/>\n<meta name=\"author\" content=\"Silvia\" \/>\n<meta name=\"twitter:card\" content=\"summary_large_image\" \/>\n<meta name=\"twitter:label1\" content=\"Scritto da\" \/>\n\t<meta name=\"twitter:data1\" content=\"Silvia\" \/>\n\t<meta name=\"twitter:label2\" content=\"Tempo di lettura stimato\" \/>\n\t<meta name=\"twitter:data2\" content=\"4 minuti\" \/>\n<script type=\"application\/ld+json\" class=\"yoast-schema-graph\">{\"@context\":\"https:\/\/schema.org\",\"@graph\":[{\"@type\":\"WebPage\",\"@id\":\"https:\/\/euricse.eu\/it\/per-una-legge-europea-sullimpresa-sociale\/\",\"url\":\"https:\/\/euricse.eu\/it\/per-una-legge-europea-sullimpresa-sociale\/\",\"name\":\"Per una legge europea sull\u2019impresa sociale - Euricse\",\"isPartOf\":{\"@id\":\"https:\/\/euricse.eu\/en\/#website\"},\"primaryImageOfPage\":{\"@id\":\"https:\/\/euricse.eu\/it\/per-una-legge-europea-sullimpresa-sociale\/#primaryimage\"},\"image\":{\"@id\":\"https:\/\/euricse.eu\/it\/per-una-legge-europea-sullimpresa-sociale\/#primaryimage\"},\"thumbnailUrl\":\"https:\/\/euricse.eu\/wp-content\/uploads\/2017\/03\/tumblr_nmxffl30MX1qfirfao1_1280.jpg\",\"datePublished\":\"2017-03-09T13:09:54+00:00\",\"dateModified\":\"2017-03-09T13:54:43+00:00\",\"author\":{\"@id\":\"https:\/\/euricse.eu\/en\/#\/schema\/person\/a5b25693531e3458dfedff34c273ba14\"},\"breadcrumb\":{\"@id\":\"https:\/\/euricse.eu\/it\/per-una-legge-europea-sullimpresa-sociale\/#breadcrumb\"},\"inLanguage\":\"it-IT\",\"potentialAction\":[{\"@type\":\"ReadAction\",\"target\":[\"https:\/\/euricse.eu\/it\/per-una-legge-europea-sullimpresa-sociale\/\"]}]},{\"@type\":\"ImageObject\",\"inLanguage\":\"it-IT\",\"@id\":\"https:\/\/euricse.eu\/it\/per-una-legge-europea-sullimpresa-sociale\/#primaryimage\",\"url\":\"https:\/\/euricse.eu\/wp-content\/uploads\/2017\/03\/tumblr_nmxffl30MX1qfirfao1_1280.jpg\",\"contentUrl\":\"https:\/\/euricse.eu\/wp-content\/uploads\/2017\/03\/tumblr_nmxffl30MX1qfirfao1_1280.jpg\",\"width\":1280,\"height\":779},{\"@type\":\"BreadcrumbList\",\"@id\":\"https:\/\/euricse.eu\/it\/per-una-legge-europea-sullimpresa-sociale\/#breadcrumb\",\"itemListElement\":[{\"@type\":\"ListItem\",\"position\":1,\"name\":\"Home\",\"item\":\"https:\/\/euricse.eu\/it\/\"},{\"@type\":\"ListItem\",\"position\":2,\"name\":\"Per una legge europea sull\u2019impresa sociale\"}]},{\"@type\":\"WebSite\",\"@id\":\"https:\/\/euricse.eu\/en\/#website\",\"url\":\"https:\/\/euricse.eu\/en\/\",\"name\":\"Euricse\",\"description\":\"Knowledge and innovation for cooperative and social enterprises.\",\"potentialAction\":[{\"@type\":\"SearchAction\",\"target\":{\"@type\":\"EntryPoint\",\"urlTemplate\":\"https:\/\/euricse.eu\/en\/?s={search_term_string}\"},\"query-input\":{\"@type\":\"PropertyValueSpecification\",\"valueRequired\":true,\"valueName\":\"search_term_string\"}}],\"inLanguage\":\"it-IT\"},{\"@type\":\"Person\",\"@id\":\"https:\/\/euricse.eu\/en\/#\/schema\/person\/a5b25693531e3458dfedff34c273ba14\",\"name\":\"Silvia\",\"image\":{\"@type\":\"ImageObject\",\"inLanguage\":\"it-IT\",\"@id\":\"https:\/\/euricse.eu\/en\/#\/schema\/person\/image\/\",\"url\":\"https:\/\/secure.gravatar.com\/avatar\/3cef1082b65edc85f1a4c0caa7ce4808f397a517b7217eab6215fe435640f8f7?s=96&d=mm&r=g\",\"contentUrl\":\"https:\/\/secure.gravatar.com\/avatar\/3cef1082b65edc85f1a4c0caa7ce4808f397a517b7217eab6215fe435640f8f7?s=96&d=mm&r=g\",\"caption\":\"Silvia\"},\"url\":\"https:\/\/euricse.eu\/it\/author\/silvia\/\"}]}<\/script>\n<!-- \/ Yoast SEO plugin. -->","yoast_head_json":{"title":"Per una legge europea sull\u2019impresa sociale - Euricse","robots":{"index":"index","follow":"follow","max-snippet":"max-snippet:-1","max-image-preview":"max-image-preview:large","max-video-preview":"max-video-preview:-1"},"canonical":"https:\/\/euricse.eu\/it\/per-una-legge-europea-sullimpresa-sociale\/","og_locale":"it_IT","og_type":"article","og_title":"Per una legge europea sull\u2019impresa sociale - Euricse","og_description":"Con il professor Antonio Fici, sul suo ultimo studio fatto per il Parlamento europeo. \u201cLa speranza adesso \u00e8 che dagli studi si passi ai fatti, cio\u00e8 a concrete iniziative legislative che individuino e promuovano le imprese sociali.\u201d Le imprese sociali sono soggette ad una legislazione ad hoc in un numero crescente di giurisdizioni europee e [&hellip;]","og_url":"https:\/\/euricse.eu\/it\/per-una-legge-europea-sullimpresa-sociale\/","og_site_name":"Euricse","article_published_time":"2017-03-09T13:09:54+00:00","article_modified_time":"2017-03-09T13:54:43+00:00","og_image":[{"width":1280,"height":779,"url":"https:\/\/euricse.eu\/wp-content\/uploads\/2017\/03\/tumblr_nmxffl30MX1qfirfao1_1280.jpg","type":"image\/jpeg"}],"author":"Silvia","twitter_card":"summary_large_image","twitter_misc":{"Scritto da":"Silvia","Tempo di lettura stimato":"4 minuti"},"schema":{"@context":"https:\/\/schema.org","@graph":[{"@type":"WebPage","@id":"https:\/\/euricse.eu\/it\/per-una-legge-europea-sullimpresa-sociale\/","url":"https:\/\/euricse.eu\/it\/per-una-legge-europea-sullimpresa-sociale\/","name":"Per una legge europea sull\u2019impresa sociale - Euricse","isPartOf":{"@id":"https:\/\/euricse.eu\/en\/#website"},"primaryImageOfPage":{"@id":"https:\/\/euricse.eu\/it\/per-una-legge-europea-sullimpresa-sociale\/#primaryimage"},"image":{"@id":"https:\/\/euricse.eu\/it\/per-una-legge-europea-sullimpresa-sociale\/#primaryimage"},"thumbnailUrl":"https:\/\/euricse.eu\/wp-content\/uploads\/2017\/03\/tumblr_nmxffl30MX1qfirfao1_1280.jpg","datePublished":"2017-03-09T13:09:54+00:00","dateModified":"2017-03-09T13:54:43+00:00","author":{"@id":"https:\/\/euricse.eu\/en\/#\/schema\/person\/a5b25693531e3458dfedff34c273ba14"},"breadcrumb":{"@id":"https:\/\/euricse.eu\/it\/per-una-legge-europea-sullimpresa-sociale\/#breadcrumb"},"inLanguage":"it-IT","potentialAction":[{"@type":"ReadAction","target":["https:\/\/euricse.eu\/it\/per-una-legge-europea-sullimpresa-sociale\/"]}]},{"@type":"ImageObject","inLanguage":"it-IT","@id":"https:\/\/euricse.eu\/it\/per-una-legge-europea-sullimpresa-sociale\/#primaryimage","url":"https:\/\/euricse.eu\/wp-content\/uploads\/2017\/03\/tumblr_nmxffl30MX1qfirfao1_1280.jpg","contentUrl":"https:\/\/euricse.eu\/wp-content\/uploads\/2017\/03\/tumblr_nmxffl30MX1qfirfao1_1280.jpg","width":1280,"height":779},{"@type":"BreadcrumbList","@id":"https:\/\/euricse.eu\/it\/per-una-legge-europea-sullimpresa-sociale\/#breadcrumb","itemListElement":[{"@type":"ListItem","position":1,"name":"Home","item":"https:\/\/euricse.eu\/it\/"},{"@type":"ListItem","position":2,"name":"Per una legge europea sull\u2019impresa sociale"}]},{"@type":"WebSite","@id":"https:\/\/euricse.eu\/en\/#website","url":"https:\/\/euricse.eu\/en\/","name":"Euricse","description":"Knowledge and innovation for cooperative and social enterprises.","potentialAction":[{"@type":"SearchAction","target":{"@type":"EntryPoint","urlTemplate":"https:\/\/euricse.eu\/en\/?s={search_term_string}"},"query-input":{"@type":"PropertyValueSpecification","valueRequired":true,"valueName":"search_term_string"}}],"inLanguage":"it-IT"},{"@type":"Person","@id":"https:\/\/euricse.eu\/en\/#\/schema\/person\/a5b25693531e3458dfedff34c273ba14","name":"Silvia","image":{"@type":"ImageObject","inLanguage":"it-IT","@id":"https:\/\/euricse.eu\/en\/#\/schema\/person\/image\/","url":"https:\/\/secure.gravatar.com\/avatar\/3cef1082b65edc85f1a4c0caa7ce4808f397a517b7217eab6215fe435640f8f7?s=96&d=mm&r=g","contentUrl":"https:\/\/secure.gravatar.com\/avatar\/3cef1082b65edc85f1a4c0caa7ce4808f397a517b7217eab6215fe435640f8f7?s=96&d=mm&r=g","caption":"Silvia"},"url":"https:\/\/euricse.eu\/it\/author\/silvia\/"}]}},"_links":{"self":[{"href":"https:\/\/euricse.eu\/it\/wp-json\/wp\/v2\/posts\/5424","targetHints":{"allow":["GET"]}}],"collection":[{"href":"https:\/\/euricse.eu\/it\/wp-json\/wp\/v2\/posts"}],"about":[{"href":"https:\/\/euricse.eu\/it\/wp-json\/wp\/v2\/types\/post"}],"author":[{"embeddable":true,"href":"https:\/\/euricse.eu\/it\/wp-json\/wp\/v2\/users\/32"}],"replies":[{"embeddable":true,"href":"https:\/\/euricse.eu\/it\/wp-json\/wp\/v2\/comments?post=5424"}],"version-history":[{"count":0,"href":"https:\/\/euricse.eu\/it\/wp-json\/wp\/v2\/posts\/5424\/revisions"}],"wp:featuredmedia":[{"embeddable":true,"href":"https:\/\/euricse.eu\/it\/wp-json\/wp\/v2\/media\/5453"}],"wp:attachment":[{"href":"https:\/\/euricse.eu\/it\/wp-json\/wp\/v2\/media?parent=5424"}],"wp:term":[{"taxonomy":"category","embeddable":true,"href":"https:\/\/euricse.eu\/it\/wp-json\/wp\/v2\/categories?post=5424"},{"taxonomy":"post_tag","embeddable":true,"href":"https:\/\/euricse.eu\/it\/wp-json\/wp\/v2\/tags?post=5424"}],"curies":[{"name":"wp","href":"https:\/\/api.w.org\/{rel}","templated":true}]}}