{"id":5448,"date":"2017-03-09T13:48:48","date_gmt":"2017-03-09T13:48:48","guid":{"rendered":"https:\/\/euricse.staging.hgblu.com\/?p=5448"},"modified":"2017-03-09T13:49:33","modified_gmt":"2017-03-09T13:49:33","slug":"lo-stato-economico-occupazionale-delle-cooperative-bergamasche","status":"publish","type":"post","link":"https:\/\/euricse.eu\/it\/lo-stato-economico-occupazionale-delle-cooperative-bergamasche\/","title":{"rendered":"Lo stato economico occupazionale delle cooperative bergamasche"},"content":{"rendered":"<p>&#8220;Imprese cooperative tra presente e futuro. Una risorsa per il territorio, creazione di valore e nuovi servizi per il suo sviluppo\u201d \u00e8 il titolo del convegno di Centro Servizi aziendali COESI e Confcooperative Bergamo che si terr\u00e0 sabato<strong> 18 marzo<\/strong> dalle <strong>ore<\/strong> <strong>9.30<\/strong> presso Palazzo dei Contratti e delle Manifestazioni, in Piazza Libert\u00e0 a Bergamo.<!--more--><\/p>\n<p>In quest\u2019occasione<a href=\"https:\/\/euricse.eu\/it\/people\/chiara-carini\/\"><strong> Chiara Carini<\/strong><\/a>, ricreatrice di Euricse, presenter\u00e0 lo studio realizzato allo scopo di presentare la situazione economico occupazionale delle cooperative della provincia di Bergamo, con particolare attenzione sulla situazione fino al 2014 e sull\u2019evoluzione negli anni della crisi.<\/p>\n<p>E\u2019 prevista inoltre la partecipazione di <strong>Paolo Malvestiti<\/strong> (Presidente CCIIAA Bergamo), <strong>Giuseppe Guerini<\/strong> (Presidente Confcooperative Bergamo), <strong>Maurizio Martina\u00a0<\/strong>( Ministro delle politiche agricole alimentari e forestali), <strong>Matteo Rossi<\/strong> (Presidente Provincia di Bergamo), <strong>Giorgio Gori<\/strong> (Sindaco del Comune di Bergamo), <strong>Lucio Moioli<\/strong> (Presidente Centro Servizi Aziendali Coesi), <strong>Luca Jahier<\/strong> (Presidente del gruppo Attivit\u00e0 diverse del Comitato economico e sociale europeo &#8211; CESE), <strong>Annalisa Cristini<\/strong> (CESC &#8211; Universit\u00e0 di Bergamo), <strong>Cristiano Arrigoni<\/strong> (Direttore di Bergamo Sviluppo &#8211; Azienda Speciale della Camera di Commercio di Bergamo).<\/p>\n<p>Per maggiori informazioni consultare il <a href=\"https:\/\/euricse.eu\/wp-content\/uploads\/2017\/03\/invito-18-marzo-2017-2.jpg\">programma dettagliato<\/a>.<\/p>\n","protected":false},"excerpt":{"rendered":"<p>&#8220;Imprese cooperative tra presente e futuro. Una risorsa per il territorio, creazione di valore e nuovi servizi per il suo sviluppo\u201d \u00e8 il titolo del convegno di Centro Servizi aziendali COESI e Confcooperative Bergamo che si terr\u00e0 sabato 18 marzo dalle ore 9.30 presso Palazzo dei Contratti e delle Manifestazioni, in Piazza Libert\u00e0 a Bergamo.<\/p>\n","protected":false},"author":32,"featured_media":5451,"comment_status":"open","ping_status":"closed","sticky":false,"template":"","format":"standard","meta":{"_acf_changed":false,"episode_type":"","audio_file":"","cover_image":"","cover_image_id":"","duration":"","filesize":"","date_recorded":"","explicit":"","block":"","itunes_episode_number":"","itunes_title":"","itunes_season_number":"","itunes_episode_type":"","filesize_raw":"","footnotes":""},"categories":[17],"tags":[108,109],"class_list":["post-5448","post","type-post","status-publish","format-standard","has-post-thumbnail","hentry","category-news-it","tag-statistiche","tag-cooperative"],"acf":[],"yoast_head":"<!-- This site is optimized with the Yoast SEO plugin v26.1.1 - https:\/\/yoast.com\/wordpress\/plugins\/seo\/ -->\n<title>Lo stato economico occupazionale delle cooperative bergamasche - Euricse<\/title>\n<meta name=\"robots\" content=\"index, follow, max-snippet:-1, max-image-preview:large, max-video-preview:-1\" \/>\n<link rel=\"canonical\" href=\"https:\/\/euricse.eu\/it\/lo-stato-economico-occupazionale-delle-cooperative-bergamasche\/\" \/>\n<meta property=\"og:locale\" content=\"it_IT\" \/>\n<meta property=\"og:type\" content=\"article\" \/>\n<meta property=\"og:title\" content=\"Lo stato economico occupazionale delle cooperative bergamasche - Euricse\" \/>\n<meta property=\"og:description\" content=\"&#8220;Imprese cooperative tra presente e futuro. Una risorsa per il territorio, creazione di valore e nuovi servizi per il suo sviluppo\u201d \u00e8 il titolo del convegno di Centro Servizi aziendali COESI e Confcooperative Bergamo che si terr\u00e0 sabato 18 marzo dalle ore 9.30 presso Palazzo dei Contratti e delle Manifestazioni, in Piazza Libert\u00e0 a Bergamo.\" \/>\n<meta property=\"og:url\" content=\"https:\/\/euricse.eu\/it\/lo-stato-economico-occupazionale-delle-cooperative-bergamasche\/\" \/>\n<meta property=\"og:site_name\" content=\"Euricse\" \/>\n<meta property=\"article:published_time\" content=\"2017-03-09T13:48:48+00:00\" \/>\n<meta property=\"article:modified_time\" content=\"2017-03-09T13:49:33+00:00\" \/>\n<meta property=\"og:image\" content=\"https:\/\/euricse.eu\/wp-content\/uploads\/2017\/03\/Bergamo-1024x560.png\" \/>\n\t<meta property=\"og:image:width\" content=\"1024\" \/>\n\t<meta property=\"og:image:height\" content=\"560\" \/>\n\t<meta property=\"og:image:type\" content=\"image\/png\" \/>\n<meta name=\"author\" content=\"Silvia\" \/>\n<meta name=\"twitter:card\" content=\"summary_large_image\" \/>\n<meta name=\"twitter:label1\" content=\"Scritto da\" \/>\n\t<meta name=\"twitter:data1\" content=\"Silvia\" \/>\n\t<meta name=\"twitter:label2\" content=\"Tempo di lettura stimato\" \/>\n\t<meta name=\"twitter:data2\" content=\"1 minuto\" \/>\n<script type=\"application\/ld+json\" class=\"yoast-schema-graph\">{\"@context\":\"https:\/\/schema.org\",\"@graph\":[{\"@type\":\"WebPage\",\"@id\":\"https:\/\/euricse.eu\/it\/lo-stato-economico-occupazionale-delle-cooperative-bergamasche\/\",\"url\":\"https:\/\/euricse.eu\/it\/lo-stato-economico-occupazionale-delle-cooperative-bergamasche\/\",\"name\":\"Lo stato economico occupazionale delle cooperative bergamasche - Euricse\",\"isPartOf\":{\"@id\":\"https:\/\/euricse.eu\/en\/#website\"},\"primaryImageOfPage\":{\"@id\":\"https:\/\/euricse.eu\/it\/lo-stato-economico-occupazionale-delle-cooperative-bergamasche\/#primaryimage\"},\"image\":{\"@id\":\"https:\/\/euricse.eu\/it\/lo-stato-economico-occupazionale-delle-cooperative-bergamasche\/#primaryimage\"},\"thumbnailUrl\":\"https:\/\/euricse.eu\/wp-content\/uploads\/2017\/03\/Bergamo.png\",\"datePublished\":\"2017-03-09T13:48:48+00:00\",\"dateModified\":\"2017-03-09T13:49:33+00:00\",\"author\":{\"@id\":\"https:\/\/euricse.eu\/en\/#\/schema\/person\/a5b25693531e3458dfedff34c273ba14\"},\"breadcrumb\":{\"@id\":\"https:\/\/euricse.eu\/it\/lo-stato-economico-occupazionale-delle-cooperative-bergamasche\/#breadcrumb\"},\"inLanguage\":\"it-IT\",\"potentialAction\":[{\"@type\":\"ReadAction\",\"target\":[\"https:\/\/euricse.eu\/it\/lo-stato-economico-occupazionale-delle-cooperative-bergamasche\/\"]}]},{\"@type\":\"ImageObject\",\"inLanguage\":\"it-IT\",\"@id\":\"https:\/\/euricse.eu\/it\/lo-stato-economico-occupazionale-delle-cooperative-bergamasche\/#primaryimage\",\"url\":\"https:\/\/euricse.eu\/wp-content\/uploads\/2017\/03\/Bergamo.png\",\"contentUrl\":\"https:\/\/euricse.eu\/wp-content\/uploads\/2017\/03\/Bergamo.png\",\"width\":2349,\"height\":1285},{\"@type\":\"BreadcrumbList\",\"@id\":\"https:\/\/euricse.eu\/it\/lo-stato-economico-occupazionale-delle-cooperative-bergamasche\/#breadcrumb\",\"itemListElement\":[{\"@type\":\"ListItem\",\"position\":1,\"name\":\"Home\",\"item\":\"https:\/\/euricse.eu\/it\/\"},{\"@type\":\"ListItem\",\"position\":2,\"name\":\"Lo stato economico occupazionale delle cooperative bergamasche\"}]},{\"@type\":\"WebSite\",\"@id\":\"https:\/\/euricse.eu\/en\/#website\",\"url\":\"https:\/\/euricse.eu\/en\/\",\"name\":\"Euricse\",\"description\":\"Knowledge and innovation for cooperative and social enterprises.\",\"potentialAction\":[{\"@type\":\"SearchAction\",\"target\":{\"@type\":\"EntryPoint\",\"urlTemplate\":\"https:\/\/euricse.eu\/en\/?s={search_term_string}\"},\"query-input\":{\"@type\":\"PropertyValueSpecification\",\"valueRequired\":true,\"valueName\":\"search_term_string\"}}],\"inLanguage\":\"it-IT\"},{\"@type\":\"Person\",\"@id\":\"https:\/\/euricse.eu\/en\/#\/schema\/person\/a5b25693531e3458dfedff34c273ba14\",\"name\":\"Silvia\",\"image\":{\"@type\":\"ImageObject\",\"inLanguage\":\"it-IT\",\"@id\":\"https:\/\/euricse.eu\/en\/#\/schema\/person\/image\/\",\"url\":\"https:\/\/secure.gravatar.com\/avatar\/3cef1082b65edc85f1a4c0caa7ce4808f397a517b7217eab6215fe435640f8f7?s=96&d=mm&r=g\",\"contentUrl\":\"https:\/\/secure.gravatar.com\/avatar\/3cef1082b65edc85f1a4c0caa7ce4808f397a517b7217eab6215fe435640f8f7?s=96&d=mm&r=g\",\"caption\":\"Silvia\"},\"url\":\"https:\/\/euricse.eu\/it\/author\/silvia\/\"}]}<\/script>\n<!-- \/ Yoast SEO plugin. -->","yoast_head_json":{"title":"Lo stato economico occupazionale delle cooperative bergamasche - Euricse","robots":{"index":"index","follow":"follow","max-snippet":"max-snippet:-1","max-image-preview":"max-image-preview:large","max-video-preview":"max-video-preview:-1"},"canonical":"https:\/\/euricse.eu\/it\/lo-stato-economico-occupazionale-delle-cooperative-bergamasche\/","og_locale":"it_IT","og_type":"article","og_title":"Lo stato economico occupazionale delle cooperative bergamasche - Euricse","og_description":"&#8220;Imprese cooperative tra presente e futuro. Una risorsa per il territorio, creazione di valore e nuovi servizi per il suo sviluppo\u201d \u00e8 il titolo del convegno di Centro Servizi aziendali COESI e Confcooperative Bergamo che si terr\u00e0 sabato 18 marzo dalle ore 9.30 presso Palazzo dei Contratti e delle Manifestazioni, in Piazza Libert\u00e0 a Bergamo.","og_url":"https:\/\/euricse.eu\/it\/lo-stato-economico-occupazionale-delle-cooperative-bergamasche\/","og_site_name":"Euricse","article_published_time":"2017-03-09T13:48:48+00:00","article_modified_time":"2017-03-09T13:49:33+00:00","og_image":[{"width":1024,"height":560,"url":"https:\/\/euricse.eu\/wp-content\/uploads\/2017\/03\/Bergamo-1024x560.png","type":"image\/png"}],"author":"Silvia","twitter_card":"summary_large_image","twitter_misc":{"Scritto da":"Silvia","Tempo di lettura stimato":"1 minuto"},"schema":{"@context":"https:\/\/schema.org","@graph":[{"@type":"WebPage","@id":"https:\/\/euricse.eu\/it\/lo-stato-economico-occupazionale-delle-cooperative-bergamasche\/","url":"https:\/\/euricse.eu\/it\/lo-stato-economico-occupazionale-delle-cooperative-bergamasche\/","name":"Lo stato economico occupazionale delle cooperative bergamasche - Euricse","isPartOf":{"@id":"https:\/\/euricse.eu\/en\/#website"},"primaryImageOfPage":{"@id":"https:\/\/euricse.eu\/it\/lo-stato-economico-occupazionale-delle-cooperative-bergamasche\/#primaryimage"},"image":{"@id":"https:\/\/euricse.eu\/it\/lo-stato-economico-occupazionale-delle-cooperative-bergamasche\/#primaryimage"},"thumbnailUrl":"https:\/\/euricse.eu\/wp-content\/uploads\/2017\/03\/Bergamo.png","datePublished":"2017-03-09T13:48:48+00:00","dateModified":"2017-03-09T13:49:33+00:00","author":{"@id":"https:\/\/euricse.eu\/en\/#\/schema\/person\/a5b25693531e3458dfedff34c273ba14"},"breadcrumb":{"@id":"https:\/\/euricse.eu\/it\/lo-stato-economico-occupazionale-delle-cooperative-bergamasche\/#breadcrumb"},"inLanguage":"it-IT","potentialAction":[{"@type":"ReadAction","target":["https:\/\/euricse.eu\/it\/lo-stato-economico-occupazionale-delle-cooperative-bergamasche\/"]}]},{"@type":"ImageObject","inLanguage":"it-IT","@id":"https:\/\/euricse.eu\/it\/lo-stato-economico-occupazionale-delle-cooperative-bergamasche\/#primaryimage","url":"https:\/\/euricse.eu\/wp-content\/uploads\/2017\/03\/Bergamo.png","contentUrl":"https:\/\/euricse.eu\/wp-content\/uploads\/2017\/03\/Bergamo.png","width":2349,"height":1285},{"@type":"BreadcrumbList","@id":"https:\/\/euricse.eu\/it\/lo-stato-economico-occupazionale-delle-cooperative-bergamasche\/#breadcrumb","itemListElement":[{"@type":"ListItem","position":1,"name":"Home","item":"https:\/\/euricse.eu\/it\/"},{"@type":"ListItem","position":2,"name":"Lo stato economico occupazionale delle cooperative bergamasche"}]},{"@type":"WebSite","@id":"https:\/\/euricse.eu\/en\/#website","url":"https:\/\/euricse.eu\/en\/","name":"Euricse","description":"Knowledge and innovation for cooperative and social enterprises.","potentialAction":[{"@type":"SearchAction","target":{"@type":"EntryPoint","urlTemplate":"https:\/\/euricse.eu\/en\/?s={search_term_string}"},"query-input":{"@type":"PropertyValueSpecification","valueRequired":true,"valueName":"search_term_string"}}],"inLanguage":"it-IT"},{"@type":"Person","@id":"https:\/\/euricse.eu\/en\/#\/schema\/person\/a5b25693531e3458dfedff34c273ba14","name":"Silvia","image":{"@type":"ImageObject","inLanguage":"it-IT","@id":"https:\/\/euricse.eu\/en\/#\/schema\/person\/image\/","url":"https:\/\/secure.gravatar.com\/avatar\/3cef1082b65edc85f1a4c0caa7ce4808f397a517b7217eab6215fe435640f8f7?s=96&d=mm&r=g","contentUrl":"https:\/\/secure.gravatar.com\/avatar\/3cef1082b65edc85f1a4c0caa7ce4808f397a517b7217eab6215fe435640f8f7?s=96&d=mm&r=g","caption":"Silvia"},"url":"https:\/\/euricse.eu\/it\/author\/silvia\/"}]}},"_links":{"self":[{"href":"https:\/\/euricse.eu\/it\/wp-json\/wp\/v2\/posts\/5448","targetHints":{"allow":["GET"]}}],"collection":[{"href":"https:\/\/euricse.eu\/it\/wp-json\/wp\/v2\/posts"}],"about":[{"href":"https:\/\/euricse.eu\/it\/wp-json\/wp\/v2\/types\/post"}],"author":[{"embeddable":true,"href":"https:\/\/euricse.eu\/it\/wp-json\/wp\/v2\/users\/32"}],"replies":[{"embeddable":true,"href":"https:\/\/euricse.eu\/it\/wp-json\/wp\/v2\/comments?post=5448"}],"version-history":[{"count":0,"href":"https:\/\/euricse.eu\/it\/wp-json\/wp\/v2\/posts\/5448\/revisions"}],"wp:featuredmedia":[{"embeddable":true,"href":"https:\/\/euricse.eu\/it\/wp-json\/wp\/v2\/media\/5451"}],"wp:attachment":[{"href":"https:\/\/euricse.eu\/it\/wp-json\/wp\/v2\/media?parent=5448"}],"wp:term":[{"taxonomy":"category","embeddable":true,"href":"https:\/\/euricse.eu\/it\/wp-json\/wp\/v2\/categories?post=5448"},{"taxonomy":"post_tag","embeddable":true,"href":"https:\/\/euricse.eu\/it\/wp-json\/wp\/v2\/tags?post=5448"}],"curies":[{"name":"wp","href":"https:\/\/api.w.org\/{rel}","templated":true}]}}