{"id":5640,"date":"2017-04-26T16:44:15","date_gmt":"2017-04-26T15:44:15","guid":{"rendered":"https:\/\/euricse.staging.hgblu.com\/?p=5640"},"modified":"2017-04-26T16:44:45","modified_gmt":"2017-04-26T15:44:45","slug":"porta-sibec-sul-tuo-territorio","status":"publish","type":"post","link":"https:\/\/euricse.eu\/it\/porta-sibec-sul-tuo-territorio\/","title":{"rendered":"Porta SIBEC sul tuo territorio!"},"content":{"rendered":"<p><span style=\"font-weight: 400;\">E mentre il secondo corso base di SIBEC (<\/span><b>Scuola Italiana Beni Comuni)<\/b><span style=\"font-weight: 400;\"> si sta avviando verso la terza e penultima tappa\u00a0<strong>(&#8220;<\/strong><\/span><b>Attivare e valorizzare le risorse: tra finanza e persone&#8221;) che si terr\u00e0 dal 11 al 13 maggio a Siena, vi ricordiamo che potete attivare e portare SIBEC\u00a0sul vostro territorio. <\/b><\/p>\n<p><b>Ecco come attivare i nostri percorsi cuciti su misura.<\/b><\/p>\n<p><span style=\"font-weight: 400;\">La gestione condivisa dei beni comuni non \u00e8, o almeno non solo, un tema di moda. Le richieste di collaborazione ricevute e le partnership attivate nell\u2019ultimo anno da SIBEC rivelano un interesse diffuso da parte di molteplici attori, ma soprattutto una consapevolezza profonda dell\u2019importanza strategica che il tema riveste per lo sviluppo sostenibile dei territori.<\/span><!--more--><\/p>\n<p><span style=\"font-weight: 400;\">Ed \u00e8 in questo senso che attori come Banca Etica hanno rinnovato il loro supporto alla proposta formativa SIBEC. Parallelamente, \u00e8 stata intrapresa una collaborazione con CSVnet, il Coordinamento Nazionale dei Centri di Servizio per il Volontariato. Grazie a questo accordo \u00e8 stato avviato un percorso congiunto, fatto di iniziative mirate ed attivit\u00e0 di formazione, come quelle che nel corso del 2017 saranno rivolte ai dirigenti e presidenti dei CSV locali. La formazione avr\u00e0 ad oggetto aspetti fondamental<img loading=\"lazy\" decoding=\"async\" class=\"alignright size-thumbnail wp-image-5641\" src=\"https:\/\/euricse.eu\/wp-content\/uploads\/2017\/04\/20170318_130227-533x400.jpg\" alt=\"20170318_130227\" width=\"533\" height=\"400\" \/>i della gestione condivisa, come le potenzialit\u00e0 di sviluppo territoriale offerte dalla governance dei commons, le collaborazioni con il settore pubblico e privato, le forme imprenditoriali e le risorse disponili, l\u2019utilizzo di strumenti di coprogettazione.<\/span><\/p>\n<p><span style=\"font-weight: 400;\">Nella stessa direzione va il coinvolgimento di SIBEC nel progetto \u201cGiovani&amp;FuturoComune\u201d, promosso dall\u2019Associazione Goodwill in partnership con Fondazione Vodafone Italia e Fondazione con il Sud, con l\u2019obiettivo di stimolare il protagonismo dei giovani nella costruzione di un modello sociale ed economico positivo nella regione Calabria, un modello basato sulla legalit\u00e0, il rispetto delle persone e la valorizzazione delle risorse locali proprio a partire da iniziative centrate sulla gestione condivisa dei beni comuni.\u00a0<\/span><\/p>\n<p><span style=\"font-weight: 400;\">Non sono mancate esperienze di coprogettazione formativa nel nord d\u2019Italia: \u201cBeni Comuni: volontariato, cittadinanza e amministrazioni pubbliche\u201d, \u00e8 stato il ciclo di incontri promosso qualche mese fa da SIBEC insieme \u00a0con il Comune di Trento e il Centro Servizi Volontariato del Trentino. Il percorso, di 20 ore complessive, \u00e8 stato articolato in due moduli: \u201cVerso l&#8217;amministrazione condivisa\u201d e \u201cBuone pratiche sui beni comuni\u201d, con una partecipazione di oltre 100 iscritti tra cittadini attivi, imprenditori (for profit e non profit), membri di organizzazioni del Terzo Settore e amministratori locali.<\/span><\/p>\n<p><span style=\"font-weight: 400;\">Una proposta formativa che viaggia dunque su due livelli, quello nazionale e quello locale, distinti ma necessariamente connessi.<\/span><\/p>\n<p><b>Se volete proporre il percorso formativo SIBEC sul vostro territorio scriveteci all\u2019indirizzo info@sibec.eu, saremo ben contenti di valutare le vostre richieste di collaborazione ed ampliare la rete di organizzazioni, enti, cittadini che vedono nella gestione condivisa e sostenibile dei beni comuni un\u2019autentica opportunit\u00e0 di sviluppo socio-economico, una possibilit\u00e0 pi\u00f9 intelligente, pi\u00f9 efficace, pi\u00f9 inclusiva di utilizzare le nostre risorse, a beneficio della comunit\u00e0.<\/b><\/p>\n","protected":false},"excerpt":{"rendered":"<p>E mentre il secondo corso base di SIBEC (Scuola Italiana Beni Comuni) si sta avviando verso la terza e penultima tappa\u00a0(&#8220;Attivare e valorizzare le risorse: tra finanza e persone&#8221;) che si terr\u00e0 dal 11 al 13 maggio a Siena, vi ricordiamo che potete attivare e portare SIBEC\u00a0sul vostro territorio. Ecco come attivare i nostri percorsi [&hellip;]<\/p>\n","protected":false},"author":32,"featured_media":3438,"comment_status":"open","ping_status":"closed","sticky":false,"template":"","format":"standard","meta":{"_acf_changed":false,"episode_type":"","audio_file":"","cover_image":"","cover_image_id":"","duration":"","filesize":"","date_recorded":"","explicit":"","block":"","itunes_episode_number":"","itunes_title":"","itunes_season_number":"","itunes_episode_type":"","filesize_raw":"","footnotes":""},"categories":[17],"tags":[123,263],"class_list":["post-5640","post","type-post","status-publish","format-standard","has-post-thumbnail","hentry","category-news-it","tag-beni-comuni","tag-sibec"],"acf":[],"yoast_head":"<!-- This site is optimized with the Yoast SEO plugin v26.1.1 - https:\/\/yoast.com\/wordpress\/plugins\/seo\/ -->\n<title>Porta SIBEC sul tuo territorio! - Euricse<\/title>\n<meta name=\"robots\" content=\"index, follow, max-snippet:-1, max-image-preview:large, max-video-preview:-1\" \/>\n<link rel=\"canonical\" href=\"https:\/\/euricse.eu\/it\/porta-sibec-sul-tuo-territorio\/\" \/>\n<meta property=\"og:locale\" content=\"it_IT\" \/>\n<meta property=\"og:type\" content=\"article\" \/>\n<meta property=\"og:title\" content=\"Porta SIBEC sul tuo territorio! - Euricse\" \/>\n<meta property=\"og:description\" content=\"E mentre il secondo corso base di SIBEC (Scuola Italiana Beni Comuni) si sta avviando verso la terza e penultima tappa\u00a0(&#8220;Attivare e valorizzare le risorse: tra finanza e persone&#8221;) che si terr\u00e0 dal 11 al 13 maggio a Siena, vi ricordiamo che potete attivare e portare SIBEC\u00a0sul vostro territorio. Ecco come attivare i nostri percorsi [&hellip;]\" \/>\n<meta property=\"og:url\" content=\"https:\/\/euricse.eu\/it\/porta-sibec-sul-tuo-territorio\/\" \/>\n<meta property=\"og:site_name\" content=\"Euricse\" \/>\n<meta property=\"article:published_time\" content=\"2017-04-26T15:44:15+00:00\" \/>\n<meta property=\"article:modified_time\" content=\"2017-04-26T15:44:45+00:00\" \/>\n<meta property=\"og:image\" content=\"https:\/\/euricse.eu\/wp-content\/uploads\/2015\/12\/sibec.jpg\" \/>\n\t<meta property=\"og:image:width\" content=\"974\" \/>\n\t<meta property=\"og:image:height\" content=\"861\" \/>\n\t<meta property=\"og:image:type\" content=\"image\/jpeg\" \/>\n<meta name=\"author\" content=\"Silvia\" \/>\n<meta name=\"twitter:card\" content=\"summary_large_image\" \/>\n<meta name=\"twitter:label1\" content=\"Scritto da\" \/>\n\t<meta name=\"twitter:data1\" content=\"Silvia\" \/>\n\t<meta name=\"twitter:label2\" content=\"Tempo di lettura stimato\" \/>\n\t<meta name=\"twitter:data2\" content=\"2 minuti\" \/>\n<script type=\"application\/ld+json\" class=\"yoast-schema-graph\">{\"@context\":\"https:\/\/schema.org\",\"@graph\":[{\"@type\":\"WebPage\",\"@id\":\"https:\/\/euricse.eu\/it\/porta-sibec-sul-tuo-territorio\/\",\"url\":\"https:\/\/euricse.eu\/it\/porta-sibec-sul-tuo-territorio\/\",\"name\":\"Porta SIBEC sul tuo territorio! - Euricse\",\"isPartOf\":{\"@id\":\"https:\/\/euricse.eu\/en\/#website\"},\"primaryImageOfPage\":{\"@id\":\"https:\/\/euricse.eu\/it\/porta-sibec-sul-tuo-territorio\/#primaryimage\"},\"image\":{\"@id\":\"https:\/\/euricse.eu\/it\/porta-sibec-sul-tuo-territorio\/#primaryimage\"},\"thumbnailUrl\":\"https:\/\/euricse.eu\/wp-content\/uploads\/2015\/12\/sibec.jpg\",\"datePublished\":\"2017-04-26T15:44:15+00:00\",\"dateModified\":\"2017-04-26T15:44:45+00:00\",\"author\":{\"@id\":\"https:\/\/euricse.eu\/en\/#\/schema\/person\/a5b25693531e3458dfedff34c273ba14\"},\"breadcrumb\":{\"@id\":\"https:\/\/euricse.eu\/it\/porta-sibec-sul-tuo-territorio\/#breadcrumb\"},\"inLanguage\":\"it-IT\",\"potentialAction\":[{\"@type\":\"ReadAction\",\"target\":[\"https:\/\/euricse.eu\/it\/porta-sibec-sul-tuo-territorio\/\"]}]},{\"@type\":\"ImageObject\",\"inLanguage\":\"it-IT\",\"@id\":\"https:\/\/euricse.eu\/it\/porta-sibec-sul-tuo-territorio\/#primaryimage\",\"url\":\"https:\/\/euricse.eu\/wp-content\/uploads\/2015\/12\/sibec.jpg\",\"contentUrl\":\"https:\/\/euricse.eu\/wp-content\/uploads\/2015\/12\/sibec.jpg\",\"width\":974,\"height\":861},{\"@type\":\"BreadcrumbList\",\"@id\":\"https:\/\/euricse.eu\/it\/porta-sibec-sul-tuo-territorio\/#breadcrumb\",\"itemListElement\":[{\"@type\":\"ListItem\",\"position\":1,\"name\":\"Home\",\"item\":\"https:\/\/euricse.eu\/it\/\"},{\"@type\":\"ListItem\",\"position\":2,\"name\":\"Porta SIBEC sul tuo territorio!\"}]},{\"@type\":\"WebSite\",\"@id\":\"https:\/\/euricse.eu\/en\/#website\",\"url\":\"https:\/\/euricse.eu\/en\/\",\"name\":\"Euricse\",\"description\":\"Knowledge and innovation for cooperative and social enterprises.\",\"potentialAction\":[{\"@type\":\"SearchAction\",\"target\":{\"@type\":\"EntryPoint\",\"urlTemplate\":\"https:\/\/euricse.eu\/en\/?s={search_term_string}\"},\"query-input\":{\"@type\":\"PropertyValueSpecification\",\"valueRequired\":true,\"valueName\":\"search_term_string\"}}],\"inLanguage\":\"it-IT\"},{\"@type\":\"Person\",\"@id\":\"https:\/\/euricse.eu\/en\/#\/schema\/person\/a5b25693531e3458dfedff34c273ba14\",\"name\":\"Silvia\",\"image\":{\"@type\":\"ImageObject\",\"inLanguage\":\"it-IT\",\"@id\":\"https:\/\/euricse.eu\/en\/#\/schema\/person\/image\/\",\"url\":\"https:\/\/secure.gravatar.com\/avatar\/3cef1082b65edc85f1a4c0caa7ce4808f397a517b7217eab6215fe435640f8f7?s=96&d=mm&r=g\",\"contentUrl\":\"https:\/\/secure.gravatar.com\/avatar\/3cef1082b65edc85f1a4c0caa7ce4808f397a517b7217eab6215fe435640f8f7?s=96&d=mm&r=g\",\"caption\":\"Silvia\"},\"url\":\"https:\/\/euricse.eu\/it\/author\/silvia\/\"}]}<\/script>\n<!-- \/ Yoast SEO plugin. -->","yoast_head_json":{"title":"Porta SIBEC sul tuo territorio! - Euricse","robots":{"index":"index","follow":"follow","max-snippet":"max-snippet:-1","max-image-preview":"max-image-preview:large","max-video-preview":"max-video-preview:-1"},"canonical":"https:\/\/euricse.eu\/it\/porta-sibec-sul-tuo-territorio\/","og_locale":"it_IT","og_type":"article","og_title":"Porta SIBEC sul tuo territorio! - Euricse","og_description":"E mentre il secondo corso base di SIBEC (Scuola Italiana Beni Comuni) si sta avviando verso la terza e penultima tappa\u00a0(&#8220;Attivare e valorizzare le risorse: tra finanza e persone&#8221;) che si terr\u00e0 dal 11 al 13 maggio a Siena, vi ricordiamo che potete attivare e portare SIBEC\u00a0sul vostro territorio. Ecco come attivare i nostri percorsi [&hellip;]","og_url":"https:\/\/euricse.eu\/it\/porta-sibec-sul-tuo-territorio\/","og_site_name":"Euricse","article_published_time":"2017-04-26T15:44:15+00:00","article_modified_time":"2017-04-26T15:44:45+00:00","og_image":[{"width":974,"height":861,"url":"https:\/\/euricse.eu\/wp-content\/uploads\/2015\/12\/sibec.jpg","type":"image\/jpeg"}],"author":"Silvia","twitter_card":"summary_large_image","twitter_misc":{"Scritto da":"Silvia","Tempo di lettura stimato":"2 minuti"},"schema":{"@context":"https:\/\/schema.org","@graph":[{"@type":"WebPage","@id":"https:\/\/euricse.eu\/it\/porta-sibec-sul-tuo-territorio\/","url":"https:\/\/euricse.eu\/it\/porta-sibec-sul-tuo-territorio\/","name":"Porta SIBEC sul tuo territorio! - Euricse","isPartOf":{"@id":"https:\/\/euricse.eu\/en\/#website"},"primaryImageOfPage":{"@id":"https:\/\/euricse.eu\/it\/porta-sibec-sul-tuo-territorio\/#primaryimage"},"image":{"@id":"https:\/\/euricse.eu\/it\/porta-sibec-sul-tuo-territorio\/#primaryimage"},"thumbnailUrl":"https:\/\/euricse.eu\/wp-content\/uploads\/2015\/12\/sibec.jpg","datePublished":"2017-04-26T15:44:15+00:00","dateModified":"2017-04-26T15:44:45+00:00","author":{"@id":"https:\/\/euricse.eu\/en\/#\/schema\/person\/a5b25693531e3458dfedff34c273ba14"},"breadcrumb":{"@id":"https:\/\/euricse.eu\/it\/porta-sibec-sul-tuo-territorio\/#breadcrumb"},"inLanguage":"it-IT","potentialAction":[{"@type":"ReadAction","target":["https:\/\/euricse.eu\/it\/porta-sibec-sul-tuo-territorio\/"]}]},{"@type":"ImageObject","inLanguage":"it-IT","@id":"https:\/\/euricse.eu\/it\/porta-sibec-sul-tuo-territorio\/#primaryimage","url":"https:\/\/euricse.eu\/wp-content\/uploads\/2015\/12\/sibec.jpg","contentUrl":"https:\/\/euricse.eu\/wp-content\/uploads\/2015\/12\/sibec.jpg","width":974,"height":861},{"@type":"BreadcrumbList","@id":"https:\/\/euricse.eu\/it\/porta-sibec-sul-tuo-territorio\/#breadcrumb","itemListElement":[{"@type":"ListItem","position":1,"name":"Home","item":"https:\/\/euricse.eu\/it\/"},{"@type":"ListItem","position":2,"name":"Porta SIBEC sul tuo territorio!"}]},{"@type":"WebSite","@id":"https:\/\/euricse.eu\/en\/#website","url":"https:\/\/euricse.eu\/en\/","name":"Euricse","description":"Knowledge and innovation for cooperative and social enterprises.","potentialAction":[{"@type":"SearchAction","target":{"@type":"EntryPoint","urlTemplate":"https:\/\/euricse.eu\/en\/?s={search_term_string}"},"query-input":{"@type":"PropertyValueSpecification","valueRequired":true,"valueName":"search_term_string"}}],"inLanguage":"it-IT"},{"@type":"Person","@id":"https:\/\/euricse.eu\/en\/#\/schema\/person\/a5b25693531e3458dfedff34c273ba14","name":"Silvia","image":{"@type":"ImageObject","inLanguage":"it-IT","@id":"https:\/\/euricse.eu\/en\/#\/schema\/person\/image\/","url":"https:\/\/secure.gravatar.com\/avatar\/3cef1082b65edc85f1a4c0caa7ce4808f397a517b7217eab6215fe435640f8f7?s=96&d=mm&r=g","contentUrl":"https:\/\/secure.gravatar.com\/avatar\/3cef1082b65edc85f1a4c0caa7ce4808f397a517b7217eab6215fe435640f8f7?s=96&d=mm&r=g","caption":"Silvia"},"url":"https:\/\/euricse.eu\/it\/author\/silvia\/"}]}},"_links":{"self":[{"href":"https:\/\/euricse.eu\/it\/wp-json\/wp\/v2\/posts\/5640","targetHints":{"allow":["GET"]}}],"collection":[{"href":"https:\/\/euricse.eu\/it\/wp-json\/wp\/v2\/posts"}],"about":[{"href":"https:\/\/euricse.eu\/it\/wp-json\/wp\/v2\/types\/post"}],"author":[{"embeddable":true,"href":"https:\/\/euricse.eu\/it\/wp-json\/wp\/v2\/users\/32"}],"replies":[{"embeddable":true,"href":"https:\/\/euricse.eu\/it\/wp-json\/wp\/v2\/comments?post=5640"}],"version-history":[{"count":0,"href":"https:\/\/euricse.eu\/it\/wp-json\/wp\/v2\/posts\/5640\/revisions"}],"wp:featuredmedia":[{"embeddable":true,"href":"https:\/\/euricse.eu\/it\/wp-json\/wp\/v2\/media\/3438"}],"wp:attachment":[{"href":"https:\/\/euricse.eu\/it\/wp-json\/wp\/v2\/media?parent=5640"}],"wp:term":[{"taxonomy":"category","embeddable":true,"href":"https:\/\/euricse.eu\/it\/wp-json\/wp\/v2\/categories?post=5640"},{"taxonomy":"post_tag","embeddable":true,"href":"https:\/\/euricse.eu\/it\/wp-json\/wp\/v2\/tags?post=5640"}],"curies":[{"name":"wp","href":"https:\/\/api.w.org\/{rel}","templated":true}]}}