{"id":5692,"date":"2017-05-24T13:49:05","date_gmt":"2017-05-24T12:49:05","guid":{"rendered":"https:\/\/euricse.staging.hgblu.com\/?p=5692"},"modified":"2017-05-24T14:14:45","modified_gmt":"2017-05-24T13:14:45","slug":"storie-di-stage-leonardo-tedeschi","status":"publish","type":"post","link":"https:\/\/euricse.eu\/it\/storie-di-stage-leonardo-tedeschi\/","title":{"rendered":"Storie di stage: Leonardo Tedeschi"},"content":{"rendered":"<blockquote><p><em> Mi sono inserito all\u2019interno del neonato Ufficio di Immaginazione Civica che si occupa di strutturare quest\u2019anno per la prima volta in via sperimentale i Laboratori di Quartiere.<\/em><\/p><\/blockquote>\n<p>Sono <strong>Leonardo Tedeschi<\/strong>, nato a Bologna e laureato in architettura a Ferrara nel 2015. Dopo alcune esperienze lavorative e di attivismo civico soprattutto legato ad Instabile Portazza, realt\u00e0 di cui sono co-fondatore, ho sentito la necessit\u00e0 di integrare le mie competenze in ambito socio-imprenditoriale.\u00a0<!--more--><\/p>\n<p>Al Master GIS ho trovato un ambiente radicalmente <strong>multidisciplinare<\/strong>, dove l\u2019oggetto principale dell\u2019attenzione \u00e8 la complessit\u00e0 reale delle progettualit\u00e0. L\u2019alta professionalit\u00e0 dei docenti e il supporto costante nei cinque mesi di corso\u00a0mi hanno permesso\u00a0di acquisire strumenti estremamente utili al fine che mi ero prefisso.<\/p>\n<p><img loading=\"lazy\" decoding=\"async\" class=\"wp-image-5693 size-thumbnail alignright\" src=\"https:\/\/euricse.eu\/wp-content\/uploads\/2017\/05\/l.tedeschi-400x400.jpg\" alt=\"l.tedeschi\" width=\"400\" height=\"400\" srcset=\"https:\/\/euricse.eu\/wp-content\/uploads\/2017\/05\/l.tedeschi-400x400.jpg 400w, https:\/\/euricse.eu\/wp-content\/uploads\/2017\/05\/l.tedeschi-300x300.jpg 300w, https:\/\/euricse.eu\/wp-content\/uploads\/2017\/05\/l.tedeschi-768x768.jpg 768w, https:\/\/euricse.eu\/wp-content\/uploads\/2017\/05\/l.tedeschi-16x16.jpg 16w, https:\/\/euricse.eu\/wp-content\/uploads\/2017\/05\/l.tedeschi.jpg 789w\" sizes=\"auto, (max-width: 400px) 100vw, 400px\" \/><\/p>\n<p>Sto svolgendo il tirocinio presso <a href=\"http:\/\/www.urbancenterbologna.it\/\">Urban Center Bologna<\/a>. Mi sono inserito all\u2019interno del neonato <strong>Ufficio di Immaginazione Civica<\/strong> che si occupa di strutturare quest\u2019anno per la prima volta in via sperimentale i Laboratori di Quartiere. Si tratta di\u00a0arene civiche di prossimit\u00e0 che, quartiere per quartiere, ambiscono ad essere lo spazio di co-progettazione fra cittadini e amministrazione per ideare insieme nuovi interventi sullo spazio pubblico e le linee di indirizzo di alcune politiche pubbliche.<\/p>\n<hr \/>\n<p>La rubrica \u201cStorie di stage\u201d \u00e8 stata creata per dare la possibilit\u00e0 ai Corsisti del Master GIS di condividere le loro storie ed esperienze durante i periodi di tirocinio. Le iscrizioni per una nuova edizione del Master sono aperte. Per informazioni e iscrizioni visita <a href=\"https:\/\/euricse.eu\/it\/training\/master-gis\/\">la pagina dedicata al corso.<\/a><\/p>\n<hr \/>\n<p>&nbsp;<\/p>\n","protected":false},"excerpt":{"rendered":"<p>Mi sono inserito all\u2019interno del neonato Ufficio di Immaginazione Civica che si occupa di strutturare quest\u2019anno per la prima volta in via sperimentale i Laboratori di Quartiere. Sono Leonardo Tedeschi, nato a Bologna e laureato in architettura a Ferrara nel 2015. Dopo alcune esperienze lavorative e di attivismo civico soprattutto legato ad Instabile Portazza, realt\u00e0 [&hellip;]<\/p>\n","protected":false},"author":32,"featured_media":5694,"comment_status":"open","ping_status":"closed","sticky":false,"template":"","format":"standard","meta":{"_acf_changed":false,"episode_type":"","audio_file":"","cover_image":"","cover_image_id":"","duration":"","filesize":"","date_recorded":"","explicit":"","block":"","itunes_episode_number":"","itunes_title":"","itunes_season_number":"","itunes_episode_type":"","filesize_raw":"","footnotes":""},"categories":[14],"tags":[292,430],"class_list":["post-5692","post","type-post","status-publish","format-standard","has-post-thumbnail","hentry","category-blog-it","tag-master-gis","tag-storie-di-stage"],"acf":[],"yoast_head":"<!-- This site is optimized with the Yoast SEO plugin v26.1.1 - https:\/\/yoast.com\/wordpress\/plugins\/seo\/ -->\n<title>Storie di stage: Leonardo Tedeschi - Euricse<\/title>\n<meta name=\"robots\" content=\"index, follow, max-snippet:-1, max-image-preview:large, max-video-preview:-1\" \/>\n<link rel=\"canonical\" href=\"https:\/\/euricse.eu\/it\/storie-di-stage-leonardo-tedeschi\/\" \/>\n<meta property=\"og:locale\" content=\"it_IT\" \/>\n<meta property=\"og:type\" content=\"article\" \/>\n<meta property=\"og:title\" content=\"Storie di stage: Leonardo Tedeschi - Euricse\" \/>\n<meta property=\"og:description\" content=\"Mi sono inserito all\u2019interno del neonato Ufficio di Immaginazione Civica che si occupa di strutturare quest\u2019anno per la prima volta in via sperimentale i Laboratori di Quartiere. Sono Leonardo Tedeschi, nato a Bologna e laureato in architettura a Ferrara nel 2015. Dopo alcune esperienze lavorative e di attivismo civico soprattutto legato ad Instabile Portazza, realt\u00e0 [&hellip;]\" \/>\n<meta property=\"og:url\" content=\"https:\/\/euricse.eu\/it\/storie-di-stage-leonardo-tedeschi\/\" \/>\n<meta property=\"og:site_name\" content=\"Euricse\" \/>\n<meta property=\"article:published_time\" content=\"2017-05-24T12:49:05+00:00\" \/>\n<meta property=\"article:modified_time\" content=\"2017-05-24T13:14:45+00:00\" \/>\n<meta property=\"og:image\" content=\"https:\/\/euricse.eu\/wp-content\/uploads\/2017\/05\/UrbanCenterBologna_tedeschi.jpg\" \/>\n\t<meta property=\"og:image:width\" content=\"788\" \/>\n\t<meta property=\"og:image:height\" content=\"592\" \/>\n\t<meta property=\"og:image:type\" content=\"image\/jpeg\" \/>\n<meta name=\"author\" content=\"Silvia\" \/>\n<meta name=\"twitter:card\" content=\"summary_large_image\" \/>\n<meta name=\"twitter:label1\" content=\"Scritto da\" \/>\n\t<meta name=\"twitter:data1\" content=\"Silvia\" \/>\n\t<meta name=\"twitter:label2\" content=\"Tempo di lettura stimato\" \/>\n\t<meta name=\"twitter:data2\" content=\"1 minuto\" \/>\n<script type=\"application\/ld+json\" class=\"yoast-schema-graph\">{\"@context\":\"https:\/\/schema.org\",\"@graph\":[{\"@type\":\"WebPage\",\"@id\":\"https:\/\/euricse.eu\/it\/storie-di-stage-leonardo-tedeschi\/\",\"url\":\"https:\/\/euricse.eu\/it\/storie-di-stage-leonardo-tedeschi\/\",\"name\":\"Storie di stage: Leonardo Tedeschi - Euricse\",\"isPartOf\":{\"@id\":\"https:\/\/euricse.eu\/en\/#website\"},\"primaryImageOfPage\":{\"@id\":\"https:\/\/euricse.eu\/it\/storie-di-stage-leonardo-tedeschi\/#primaryimage\"},\"image\":{\"@id\":\"https:\/\/euricse.eu\/it\/storie-di-stage-leonardo-tedeschi\/#primaryimage\"},\"thumbnailUrl\":\"https:\/\/euricse.eu\/wp-content\/uploads\/2017\/05\/UrbanCenterBologna_tedeschi.jpg\",\"datePublished\":\"2017-05-24T12:49:05+00:00\",\"dateModified\":\"2017-05-24T13:14:45+00:00\",\"author\":{\"@id\":\"https:\/\/euricse.eu\/en\/#\/schema\/person\/a5b25693531e3458dfedff34c273ba14\"},\"breadcrumb\":{\"@id\":\"https:\/\/euricse.eu\/it\/storie-di-stage-leonardo-tedeschi\/#breadcrumb\"},\"inLanguage\":\"it-IT\",\"potentialAction\":[{\"@type\":\"ReadAction\",\"target\":[\"https:\/\/euricse.eu\/it\/storie-di-stage-leonardo-tedeschi\/\"]}]},{\"@type\":\"ImageObject\",\"inLanguage\":\"it-IT\",\"@id\":\"https:\/\/euricse.eu\/it\/storie-di-stage-leonardo-tedeschi\/#primaryimage\",\"url\":\"https:\/\/euricse.eu\/wp-content\/uploads\/2017\/05\/UrbanCenterBologna_tedeschi.jpg\",\"contentUrl\":\"https:\/\/euricse.eu\/wp-content\/uploads\/2017\/05\/UrbanCenterBologna_tedeschi.jpg\",\"width\":788,\"height\":592},{\"@type\":\"BreadcrumbList\",\"@id\":\"https:\/\/euricse.eu\/it\/storie-di-stage-leonardo-tedeschi\/#breadcrumb\",\"itemListElement\":[{\"@type\":\"ListItem\",\"position\":1,\"name\":\"Home\",\"item\":\"https:\/\/euricse.eu\/it\/\"},{\"@type\":\"ListItem\",\"position\":2,\"name\":\"Storie di stage: Leonardo Tedeschi\"}]},{\"@type\":\"WebSite\",\"@id\":\"https:\/\/euricse.eu\/en\/#website\",\"url\":\"https:\/\/euricse.eu\/en\/\",\"name\":\"Euricse\",\"description\":\"Knowledge and innovation for cooperative and social enterprises.\",\"potentialAction\":[{\"@type\":\"SearchAction\",\"target\":{\"@type\":\"EntryPoint\",\"urlTemplate\":\"https:\/\/euricse.eu\/en\/?s={search_term_string}\"},\"query-input\":{\"@type\":\"PropertyValueSpecification\",\"valueRequired\":true,\"valueName\":\"search_term_string\"}}],\"inLanguage\":\"it-IT\"},{\"@type\":\"Person\",\"@id\":\"https:\/\/euricse.eu\/en\/#\/schema\/person\/a5b25693531e3458dfedff34c273ba14\",\"name\":\"Silvia\",\"image\":{\"@type\":\"ImageObject\",\"inLanguage\":\"it-IT\",\"@id\":\"https:\/\/euricse.eu\/en\/#\/schema\/person\/image\/\",\"url\":\"https:\/\/secure.gravatar.com\/avatar\/3cef1082b65edc85f1a4c0caa7ce4808f397a517b7217eab6215fe435640f8f7?s=96&d=mm&r=g\",\"contentUrl\":\"https:\/\/secure.gravatar.com\/avatar\/3cef1082b65edc85f1a4c0caa7ce4808f397a517b7217eab6215fe435640f8f7?s=96&d=mm&r=g\",\"caption\":\"Silvia\"},\"url\":\"https:\/\/euricse.eu\/it\/author\/silvia\/\"}]}<\/script>\n<!-- \/ Yoast SEO plugin. -->","yoast_head_json":{"title":"Storie di stage: Leonardo Tedeschi - Euricse","robots":{"index":"index","follow":"follow","max-snippet":"max-snippet:-1","max-image-preview":"max-image-preview:large","max-video-preview":"max-video-preview:-1"},"canonical":"https:\/\/euricse.eu\/it\/storie-di-stage-leonardo-tedeschi\/","og_locale":"it_IT","og_type":"article","og_title":"Storie di stage: Leonardo Tedeschi - Euricse","og_description":"Mi sono inserito all\u2019interno del neonato Ufficio di Immaginazione Civica che si occupa di strutturare quest\u2019anno per la prima volta in via sperimentale i Laboratori di Quartiere. Sono Leonardo Tedeschi, nato a Bologna e laureato in architettura a Ferrara nel 2015. Dopo alcune esperienze lavorative e di attivismo civico soprattutto legato ad Instabile Portazza, realt\u00e0 [&hellip;]","og_url":"https:\/\/euricse.eu\/it\/storie-di-stage-leonardo-tedeschi\/","og_site_name":"Euricse","article_published_time":"2017-05-24T12:49:05+00:00","article_modified_time":"2017-05-24T13:14:45+00:00","og_image":[{"width":788,"height":592,"url":"https:\/\/euricse.eu\/wp-content\/uploads\/2017\/05\/UrbanCenterBologna_tedeschi.jpg","type":"image\/jpeg"}],"author":"Silvia","twitter_card":"summary_large_image","twitter_misc":{"Scritto da":"Silvia","Tempo di lettura stimato":"1 minuto"},"schema":{"@context":"https:\/\/schema.org","@graph":[{"@type":"WebPage","@id":"https:\/\/euricse.eu\/it\/storie-di-stage-leonardo-tedeschi\/","url":"https:\/\/euricse.eu\/it\/storie-di-stage-leonardo-tedeschi\/","name":"Storie di stage: Leonardo Tedeschi - Euricse","isPartOf":{"@id":"https:\/\/euricse.eu\/en\/#website"},"primaryImageOfPage":{"@id":"https:\/\/euricse.eu\/it\/storie-di-stage-leonardo-tedeschi\/#primaryimage"},"image":{"@id":"https:\/\/euricse.eu\/it\/storie-di-stage-leonardo-tedeschi\/#primaryimage"},"thumbnailUrl":"https:\/\/euricse.eu\/wp-content\/uploads\/2017\/05\/UrbanCenterBologna_tedeschi.jpg","datePublished":"2017-05-24T12:49:05+00:00","dateModified":"2017-05-24T13:14:45+00:00","author":{"@id":"https:\/\/euricse.eu\/en\/#\/schema\/person\/a5b25693531e3458dfedff34c273ba14"},"breadcrumb":{"@id":"https:\/\/euricse.eu\/it\/storie-di-stage-leonardo-tedeschi\/#breadcrumb"},"inLanguage":"it-IT","potentialAction":[{"@type":"ReadAction","target":["https:\/\/euricse.eu\/it\/storie-di-stage-leonardo-tedeschi\/"]}]},{"@type":"ImageObject","inLanguage":"it-IT","@id":"https:\/\/euricse.eu\/it\/storie-di-stage-leonardo-tedeschi\/#primaryimage","url":"https:\/\/euricse.eu\/wp-content\/uploads\/2017\/05\/UrbanCenterBologna_tedeschi.jpg","contentUrl":"https:\/\/euricse.eu\/wp-content\/uploads\/2017\/05\/UrbanCenterBologna_tedeschi.jpg","width":788,"height":592},{"@type":"BreadcrumbList","@id":"https:\/\/euricse.eu\/it\/storie-di-stage-leonardo-tedeschi\/#breadcrumb","itemListElement":[{"@type":"ListItem","position":1,"name":"Home","item":"https:\/\/euricse.eu\/it\/"},{"@type":"ListItem","position":2,"name":"Storie di stage: Leonardo Tedeschi"}]},{"@type":"WebSite","@id":"https:\/\/euricse.eu\/en\/#website","url":"https:\/\/euricse.eu\/en\/","name":"Euricse","description":"Knowledge and innovation for cooperative and social enterprises.","potentialAction":[{"@type":"SearchAction","target":{"@type":"EntryPoint","urlTemplate":"https:\/\/euricse.eu\/en\/?s={search_term_string}"},"query-input":{"@type":"PropertyValueSpecification","valueRequired":true,"valueName":"search_term_string"}}],"inLanguage":"it-IT"},{"@type":"Person","@id":"https:\/\/euricse.eu\/en\/#\/schema\/person\/a5b25693531e3458dfedff34c273ba14","name":"Silvia","image":{"@type":"ImageObject","inLanguage":"it-IT","@id":"https:\/\/euricse.eu\/en\/#\/schema\/person\/image\/","url":"https:\/\/secure.gravatar.com\/avatar\/3cef1082b65edc85f1a4c0caa7ce4808f397a517b7217eab6215fe435640f8f7?s=96&d=mm&r=g","contentUrl":"https:\/\/secure.gravatar.com\/avatar\/3cef1082b65edc85f1a4c0caa7ce4808f397a517b7217eab6215fe435640f8f7?s=96&d=mm&r=g","caption":"Silvia"},"url":"https:\/\/euricse.eu\/it\/author\/silvia\/"}]}},"_links":{"self":[{"href":"https:\/\/euricse.eu\/it\/wp-json\/wp\/v2\/posts\/5692","targetHints":{"allow":["GET"]}}],"collection":[{"href":"https:\/\/euricse.eu\/it\/wp-json\/wp\/v2\/posts"}],"about":[{"href":"https:\/\/euricse.eu\/it\/wp-json\/wp\/v2\/types\/post"}],"author":[{"embeddable":true,"href":"https:\/\/euricse.eu\/it\/wp-json\/wp\/v2\/users\/32"}],"replies":[{"embeddable":true,"href":"https:\/\/euricse.eu\/it\/wp-json\/wp\/v2\/comments?post=5692"}],"version-history":[{"count":0,"href":"https:\/\/euricse.eu\/it\/wp-json\/wp\/v2\/posts\/5692\/revisions"}],"wp:featuredmedia":[{"embeddable":true,"href":"https:\/\/euricse.eu\/it\/wp-json\/wp\/v2\/media\/5694"}],"wp:attachment":[{"href":"https:\/\/euricse.eu\/it\/wp-json\/wp\/v2\/media?parent=5692"}],"wp:term":[{"taxonomy":"category","embeddable":true,"href":"https:\/\/euricse.eu\/it\/wp-json\/wp\/v2\/categories?post=5692"},{"taxonomy":"post_tag","embeddable":true,"href":"https:\/\/euricse.eu\/it\/wp-json\/wp\/v2\/tags?post=5692"}],"curies":[{"name":"wp","href":"https:\/\/api.w.org\/{rel}","templated":true}]}}