{"id":5728,"date":"2017-06-08T15:02:06","date_gmt":"2017-06-08T14:02:06","guid":{"rendered":"https:\/\/euricse.staging.hgblu.com\/?p=5728"},"modified":"2017-07-05T13:55:51","modified_gmt":"2017-07-05T12:55:51","slug":"storie-di-stage-samuele-verucchi","status":"publish","type":"post","link":"https:\/\/euricse.eu\/it\/storie-di-stage-samuele-verucchi\/","title":{"rendered":"Storie di stage: Samuele Verucchi"},"content":{"rendered":"<blockquote><p><em>La Polveriera \u00e8 co-progettazione e co-decisione, \u00e8 una #community che non ha et\u00e0 e confini, \u00e8 un luogo che non ha porte ma solo passaggi\u2026 E\u2019 \u201cUn luogo di vita pensato per tutti\u201d.<\/em><\/p><\/blockquote>\n<p>Mi chiamo Samuele Verucchi, nato a Sassuolo (MO) e laureato in Scienze dell\u2019educazione el 2013. Nel mio percorso di vita ho sentito che gli anziani erano le persone da cui pi\u00f9 avevo ricevuto e a cui pi\u00f9 volevo donare attenzione. Per tale motivo ho svolto vari progetti riguardanti l\u2019invecchiamento attivo in Italia ed Europa.<\/p>\n<p>La scelta di dirigermi verso Trento e frequentare il Master GIS \u00e8 stata influenzata dal voler <strong>apprendere competenze economiche, finanziarie e di management<\/strong> che mi permettessero di apprendere come dare sostenibilit\u00e0, impatto ed efficacia a future e presenti attivit\u00e0 di progettazione. In questa mio cammino e ricerca il Master GIS \u00e8 stato un faro che ha saputo indicarmi competenze e materie da approfondire attraverso una didattica veramente attiva.<!--more--><\/p>\n<p>Un valore aggiunto del Master GIS \u00e8 stato sicuramente la <strong>possibilit\u00e0 di lavorare in un gruppo eterogeneo per i 6 mesi d\u2019aula<\/strong>, un gruppo che come<img loading=\"lazy\" decoding=\"async\" class=\"alignright size-thumbnail wp-image-5730\" src=\"https:\/\/euricse.eu\/wp-content\/uploads\/2017\/06\/Foto-Verucchi-318x400.png\" alt=\"Foto Verucchi\" width=\"318\" height=\"400\" srcset=\"https:\/\/euricse.eu\/wp-content\/uploads\/2017\/06\/Foto-Verucchi-318x400.png 318w, https:\/\/euricse.eu\/wp-content\/uploads\/2017\/06\/Foto-Verucchi-239x300.png 239w, https:\/\/euricse.eu\/wp-content\/uploads\/2017\/06\/Foto-Verucchi.png 457w\" sizes=\"auto, (max-width: 318px) 100vw, 318px\" \/> un cristallo riflette criticit\u00e0 e punti di forza, ma che illumina quali sono gli obiettivi di miglioramento perseguibili. I mesi in aula mi hanno fatto capire perch\u00e9 non bisogna mai dare per scontato il valore delle \u201creti\u201d, qual \u00e8 l\u2019importanza del sapersi auto-valutare, come rispettare le regole del gioco cooperativo per raggiungere gli obiettivi di miglioramento prefissati.<\/p>\n<p>Attualmente sono in <strong>tirocinio presso \u201cPolveriera s.r.l\u201d<\/strong> un luogo nato all\u2019interno di un progetto di rigenerazione urbana nel quartiere Mirabello di Reggio Emilia.<\/p>\n<p>Il mio ruolo \u00e8 quello di Community Manager per il Presidio di Polveriera, di cui fanno parte un rappresentante per ogni cooperativa del Consorzio Oscar Romero. Il mio obiettivo \u00e8 <strong>facilitare e seguire la creazione di progetti<\/strong> che nascono per soddisfare i bisogni di tutti gli abitanti presenti e futuri della Polveriera, attraverso l\u2019incontro e il coinvolgimenti attivo di tutti loro.<\/p>\n<p>Nella pratica quotidiana sto iniziando dalla <strong>mappatura delle competenze<\/strong> e delle conoscenze degli abitanti della Polveriera, ci\u00f2 al fine di attivare una community in grado di valorizzare le capacit\u00e0 e le risorse del Consorzio, delle cooperative e dei singoli soci presenti. Da questo lavoro spero possano generarsi ipotesi progettuali per realizzare nuovi servizi e attivit\u00e0 in grado di servire e coinvolgere l\u2019intero quartiere e la sua comunit\u00e0.<\/p>\n<p>La Polveriera \u00e8 co-progettazione e co-decisione, \u00e8 una #community che non ha et\u00e0 e confini, \u00e8 un luogo che non ha porte ma solo passaggi\u2026 \u00a0E\u2019 \u201cUn luogo di vita pensato per tutti\u201d.<\/p>\n<hr \/>\n<p><em>La rubrica \u201cStorie di stage\u201d \u00e8 stata creata per dare la possibilit\u00e0 ai Corsisti del Master GIS di condividere le loro storie ed esperienze durante i periodi di tirocinio. Le iscrizioni per una nuova edizione del Master sono aperte. Per informazioni e iscrizioni visita la <a href=\"https:\/\/euricse.eu\/it\/training\/master-gis\/\">pagina dedicata <\/a>al corso.<\/em><\/p>\n<hr \/>\n<p>&nbsp;<\/p>\n<p>&nbsp;<\/p>\n<p>&nbsp;<\/p>\n<p>&nbsp;<\/p>\n<p>&nbsp;<\/p>\n<p>&nbsp;<\/p>\n<p>&nbsp;<\/p>\n<p>&nbsp;<\/p>\n","protected":false},"excerpt":{"rendered":"<p>La Polveriera \u00e8 co-progettazione e co-decisione, \u00e8 una #community che non ha et\u00e0 e confini, \u00e8 un luogo che non ha porte ma solo passaggi\u2026 E\u2019 \u201cUn luogo di vita pensato per tutti\u201d. Mi chiamo Samuele Verucchi, nato a Sassuolo (MO) e laureato in Scienze dell\u2019educazione el 2013. Nel mio percorso di vita ho sentito [&hellip;]<\/p>\n","protected":false},"author":32,"featured_media":5729,"comment_status":"open","ping_status":"closed","sticky":false,"template":"","format":"standard","meta":{"_acf_changed":false,"episode_type":"","audio_file":"","cover_image":"","cover_image_id":"","duration":"","filesize":"","date_recorded":"","explicit":"","block":"","itunes_episode_number":"","itunes_title":"","itunes_season_number":"","itunes_episode_type":"","filesize_raw":"","footnotes":""},"categories":[14],"tags":[292,430],"class_list":["post-5728","post","type-post","status-publish","format-standard","has-post-thumbnail","hentry","category-blog-it","tag-master-gis","tag-storie-di-stage"],"acf":[],"yoast_head":"<!-- This site is optimized with the Yoast SEO plugin v26.1.1 - https:\/\/yoast.com\/wordpress\/plugins\/seo\/ -->\n<title>Storie di stage: Samuele Verucchi - Euricse<\/title>\n<meta name=\"robots\" content=\"index, follow, max-snippet:-1, max-image-preview:large, max-video-preview:-1\" \/>\n<link rel=\"canonical\" href=\"https:\/\/euricse.eu\/it\/storie-di-stage-samuele-verucchi\/\" \/>\n<meta property=\"og:locale\" content=\"it_IT\" \/>\n<meta property=\"og:type\" content=\"article\" \/>\n<meta property=\"og:title\" content=\"Storie di stage: Samuele Verucchi - Euricse\" \/>\n<meta property=\"og:description\" content=\"La Polveriera \u00e8 co-progettazione e co-decisione, \u00e8 una #community che non ha et\u00e0 e confini, \u00e8 un luogo che non ha porte ma solo passaggi\u2026 E\u2019 \u201cUn luogo di vita pensato per tutti\u201d. Mi chiamo Samuele Verucchi, nato a Sassuolo (MO) e laureato in Scienze dell\u2019educazione el 2013. Nel mio percorso di vita ho sentito [&hellip;]\" \/>\n<meta property=\"og:url\" content=\"https:\/\/euricse.eu\/it\/storie-di-stage-samuele-verucchi\/\" \/>\n<meta property=\"og:site_name\" content=\"Euricse\" \/>\n<meta property=\"article:published_time\" content=\"2017-06-08T14:02:06+00:00\" \/>\n<meta property=\"article:modified_time\" content=\"2017-07-05T12:55:51+00:00\" \/>\n<meta property=\"og:image\" content=\"https:\/\/euricse.eu\/wp-content\/uploads\/2017\/06\/Foto-Polveriera.png\" \/>\n\t<meta property=\"og:image:width\" content=\"775\" \/>\n\t<meta property=\"og:image:height\" content=\"430\" \/>\n\t<meta property=\"og:image:type\" content=\"image\/png\" \/>\n<meta name=\"author\" content=\"Silvia\" \/>\n<meta name=\"twitter:card\" content=\"summary_large_image\" \/>\n<meta name=\"twitter:label1\" content=\"Scritto da\" \/>\n\t<meta name=\"twitter:data1\" content=\"Silvia\" \/>\n\t<meta name=\"twitter:label2\" content=\"Tempo di lettura stimato\" \/>\n\t<meta name=\"twitter:data2\" content=\"2 minuti\" \/>\n<script type=\"application\/ld+json\" class=\"yoast-schema-graph\">{\"@context\":\"https:\/\/schema.org\",\"@graph\":[{\"@type\":\"WebPage\",\"@id\":\"https:\/\/euricse.eu\/it\/storie-di-stage-samuele-verucchi\/\",\"url\":\"https:\/\/euricse.eu\/it\/storie-di-stage-samuele-verucchi\/\",\"name\":\"Storie di stage: Samuele Verucchi - Euricse\",\"isPartOf\":{\"@id\":\"https:\/\/euricse.eu\/en\/#website\"},\"primaryImageOfPage\":{\"@id\":\"https:\/\/euricse.eu\/it\/storie-di-stage-samuele-verucchi\/#primaryimage\"},\"image\":{\"@id\":\"https:\/\/euricse.eu\/it\/storie-di-stage-samuele-verucchi\/#primaryimage\"},\"thumbnailUrl\":\"https:\/\/euricse.eu\/wp-content\/uploads\/2017\/06\/Foto-Polveriera.png\",\"datePublished\":\"2017-06-08T14:02:06+00:00\",\"dateModified\":\"2017-07-05T12:55:51+00:00\",\"author\":{\"@id\":\"https:\/\/euricse.eu\/en\/#\/schema\/person\/a5b25693531e3458dfedff34c273ba14\"},\"breadcrumb\":{\"@id\":\"https:\/\/euricse.eu\/it\/storie-di-stage-samuele-verucchi\/#breadcrumb\"},\"inLanguage\":\"it-IT\",\"potentialAction\":[{\"@type\":\"ReadAction\",\"target\":[\"https:\/\/euricse.eu\/it\/storie-di-stage-samuele-verucchi\/\"]}]},{\"@type\":\"ImageObject\",\"inLanguage\":\"it-IT\",\"@id\":\"https:\/\/euricse.eu\/it\/storie-di-stage-samuele-verucchi\/#primaryimage\",\"url\":\"https:\/\/euricse.eu\/wp-content\/uploads\/2017\/06\/Foto-Polveriera.png\",\"contentUrl\":\"https:\/\/euricse.eu\/wp-content\/uploads\/2017\/06\/Foto-Polveriera.png\",\"width\":775,\"height\":430},{\"@type\":\"BreadcrumbList\",\"@id\":\"https:\/\/euricse.eu\/it\/storie-di-stage-samuele-verucchi\/#breadcrumb\",\"itemListElement\":[{\"@type\":\"ListItem\",\"position\":1,\"name\":\"Home\",\"item\":\"https:\/\/euricse.eu\/it\/\"},{\"@type\":\"ListItem\",\"position\":2,\"name\":\"Storie di stage: Samuele Verucchi\"}]},{\"@type\":\"WebSite\",\"@id\":\"https:\/\/euricse.eu\/en\/#website\",\"url\":\"https:\/\/euricse.eu\/en\/\",\"name\":\"Euricse\",\"description\":\"Knowledge and innovation for cooperative and social enterprises.\",\"potentialAction\":[{\"@type\":\"SearchAction\",\"target\":{\"@type\":\"EntryPoint\",\"urlTemplate\":\"https:\/\/euricse.eu\/en\/?s={search_term_string}\"},\"query-input\":{\"@type\":\"PropertyValueSpecification\",\"valueRequired\":true,\"valueName\":\"search_term_string\"}}],\"inLanguage\":\"it-IT\"},{\"@type\":\"Person\",\"@id\":\"https:\/\/euricse.eu\/en\/#\/schema\/person\/a5b25693531e3458dfedff34c273ba14\",\"name\":\"Silvia\",\"image\":{\"@type\":\"ImageObject\",\"inLanguage\":\"it-IT\",\"@id\":\"https:\/\/euricse.eu\/en\/#\/schema\/person\/image\/\",\"url\":\"https:\/\/secure.gravatar.com\/avatar\/3cef1082b65edc85f1a4c0caa7ce4808f397a517b7217eab6215fe435640f8f7?s=96&d=mm&r=g\",\"contentUrl\":\"https:\/\/secure.gravatar.com\/avatar\/3cef1082b65edc85f1a4c0caa7ce4808f397a517b7217eab6215fe435640f8f7?s=96&d=mm&r=g\",\"caption\":\"Silvia\"},\"url\":\"https:\/\/euricse.eu\/it\/author\/silvia\/\"}]}<\/script>\n<!-- \/ Yoast SEO plugin. -->","yoast_head_json":{"title":"Storie di stage: Samuele Verucchi - Euricse","robots":{"index":"index","follow":"follow","max-snippet":"max-snippet:-1","max-image-preview":"max-image-preview:large","max-video-preview":"max-video-preview:-1"},"canonical":"https:\/\/euricse.eu\/it\/storie-di-stage-samuele-verucchi\/","og_locale":"it_IT","og_type":"article","og_title":"Storie di stage: Samuele Verucchi - Euricse","og_description":"La Polveriera \u00e8 co-progettazione e co-decisione, \u00e8 una #community che non ha et\u00e0 e confini, \u00e8 un luogo che non ha porte ma solo passaggi\u2026 E\u2019 \u201cUn luogo di vita pensato per tutti\u201d. Mi chiamo Samuele Verucchi, nato a Sassuolo (MO) e laureato in Scienze dell\u2019educazione el 2013. Nel mio percorso di vita ho sentito [&hellip;]","og_url":"https:\/\/euricse.eu\/it\/storie-di-stage-samuele-verucchi\/","og_site_name":"Euricse","article_published_time":"2017-06-08T14:02:06+00:00","article_modified_time":"2017-07-05T12:55:51+00:00","og_image":[{"width":775,"height":430,"url":"https:\/\/euricse.eu\/wp-content\/uploads\/2017\/06\/Foto-Polveriera.png","type":"image\/png"}],"author":"Silvia","twitter_card":"summary_large_image","twitter_misc":{"Scritto da":"Silvia","Tempo di lettura stimato":"2 minuti"},"schema":{"@context":"https:\/\/schema.org","@graph":[{"@type":"WebPage","@id":"https:\/\/euricse.eu\/it\/storie-di-stage-samuele-verucchi\/","url":"https:\/\/euricse.eu\/it\/storie-di-stage-samuele-verucchi\/","name":"Storie di stage: Samuele Verucchi - Euricse","isPartOf":{"@id":"https:\/\/euricse.eu\/en\/#website"},"primaryImageOfPage":{"@id":"https:\/\/euricse.eu\/it\/storie-di-stage-samuele-verucchi\/#primaryimage"},"image":{"@id":"https:\/\/euricse.eu\/it\/storie-di-stage-samuele-verucchi\/#primaryimage"},"thumbnailUrl":"https:\/\/euricse.eu\/wp-content\/uploads\/2017\/06\/Foto-Polveriera.png","datePublished":"2017-06-08T14:02:06+00:00","dateModified":"2017-07-05T12:55:51+00:00","author":{"@id":"https:\/\/euricse.eu\/en\/#\/schema\/person\/a5b25693531e3458dfedff34c273ba14"},"breadcrumb":{"@id":"https:\/\/euricse.eu\/it\/storie-di-stage-samuele-verucchi\/#breadcrumb"},"inLanguage":"it-IT","potentialAction":[{"@type":"ReadAction","target":["https:\/\/euricse.eu\/it\/storie-di-stage-samuele-verucchi\/"]}]},{"@type":"ImageObject","inLanguage":"it-IT","@id":"https:\/\/euricse.eu\/it\/storie-di-stage-samuele-verucchi\/#primaryimage","url":"https:\/\/euricse.eu\/wp-content\/uploads\/2017\/06\/Foto-Polveriera.png","contentUrl":"https:\/\/euricse.eu\/wp-content\/uploads\/2017\/06\/Foto-Polveriera.png","width":775,"height":430},{"@type":"BreadcrumbList","@id":"https:\/\/euricse.eu\/it\/storie-di-stage-samuele-verucchi\/#breadcrumb","itemListElement":[{"@type":"ListItem","position":1,"name":"Home","item":"https:\/\/euricse.eu\/it\/"},{"@type":"ListItem","position":2,"name":"Storie di stage: Samuele Verucchi"}]},{"@type":"WebSite","@id":"https:\/\/euricse.eu\/en\/#website","url":"https:\/\/euricse.eu\/en\/","name":"Euricse","description":"Knowledge and innovation for cooperative and social enterprises.","potentialAction":[{"@type":"SearchAction","target":{"@type":"EntryPoint","urlTemplate":"https:\/\/euricse.eu\/en\/?s={search_term_string}"},"query-input":{"@type":"PropertyValueSpecification","valueRequired":true,"valueName":"search_term_string"}}],"inLanguage":"it-IT"},{"@type":"Person","@id":"https:\/\/euricse.eu\/en\/#\/schema\/person\/a5b25693531e3458dfedff34c273ba14","name":"Silvia","image":{"@type":"ImageObject","inLanguage":"it-IT","@id":"https:\/\/euricse.eu\/en\/#\/schema\/person\/image\/","url":"https:\/\/secure.gravatar.com\/avatar\/3cef1082b65edc85f1a4c0caa7ce4808f397a517b7217eab6215fe435640f8f7?s=96&d=mm&r=g","contentUrl":"https:\/\/secure.gravatar.com\/avatar\/3cef1082b65edc85f1a4c0caa7ce4808f397a517b7217eab6215fe435640f8f7?s=96&d=mm&r=g","caption":"Silvia"},"url":"https:\/\/euricse.eu\/it\/author\/silvia\/"}]}},"_links":{"self":[{"href":"https:\/\/euricse.eu\/it\/wp-json\/wp\/v2\/posts\/5728","targetHints":{"allow":["GET"]}}],"collection":[{"href":"https:\/\/euricse.eu\/it\/wp-json\/wp\/v2\/posts"}],"about":[{"href":"https:\/\/euricse.eu\/it\/wp-json\/wp\/v2\/types\/post"}],"author":[{"embeddable":true,"href":"https:\/\/euricse.eu\/it\/wp-json\/wp\/v2\/users\/32"}],"replies":[{"embeddable":true,"href":"https:\/\/euricse.eu\/it\/wp-json\/wp\/v2\/comments?post=5728"}],"version-history":[{"count":0,"href":"https:\/\/euricse.eu\/it\/wp-json\/wp\/v2\/posts\/5728\/revisions"}],"wp:featuredmedia":[{"embeddable":true,"href":"https:\/\/euricse.eu\/it\/wp-json\/wp\/v2\/media\/5729"}],"wp:attachment":[{"href":"https:\/\/euricse.eu\/it\/wp-json\/wp\/v2\/media?parent=5728"}],"wp:term":[{"taxonomy":"category","embeddable":true,"href":"https:\/\/euricse.eu\/it\/wp-json\/wp\/v2\/categories?post=5728"},{"taxonomy":"post_tag","embeddable":true,"href":"https:\/\/euricse.eu\/it\/wp-json\/wp\/v2\/tags?post=5728"}],"curies":[{"name":"wp","href":"https:\/\/api.w.org\/{rel}","templated":true}]}}