{"id":5783,"date":"2017-08-16T15:45:56","date_gmt":"2017-08-16T14:45:56","guid":{"rendered":"https:\/\/euricse.staging.hgblu.com\/?p=5783"},"modified":"2017-09-11T15:47:35","modified_gmt":"2017-09-11T14:47:35","slug":"formazione-dirigenti-presentiamo-il-modulo-impatto-e-strategia","status":"publish","type":"post","link":"https:\/\/euricse.eu\/it\/formazione-dirigenti-presentiamo-il-modulo-impatto-e-strategia\/","title":{"rendered":"Formazione dirigenti: #Impatto e strategia"},"content":{"rendered":"<p>Date: <strong>21-22 settembre<\/strong> (docenza); <strong>05-06<\/strong> ottobre (laboratorio).<\/p>\n<p>Sede: Trento<\/p>\n<p><strong>Scadenza iscrizioni: 15 settembre<\/strong><\/p>\n<p>Parlare oggi di valutazione dell\u2019impatto sociale \u00e8 estremamente attuale e urgente, e non solo perch\u00e9 \u00e8 \u00a0previsto dalla<strong> Riforma del Terzo settore<\/strong> come elemento obbligatorio. E\u2019 urgente perch\u00e9 stanno velocemente mutando per le<strong> imprese sociali<\/strong> le modalit\u00e0 con cui si relazionano con gli enti pubblici, con il mercato e con la \u201ccomunit\u00e0\u201d, e tali mutamenti impongo di migliorare sempre di pi\u00f9 la <strong>pianificazione<\/strong>, la <strong>rendicontazione<\/strong> e la <strong>comunicazione<\/strong> dei risultati raggiunti dall\u2019organizzazione. E\u2019 dunque essenziale farsi trovare preparati e dotarsi di strumenti che siano al contempo adeguati sia alle linee guida ministeriali, sia al mutamento dello scenario.<!--more--><\/p>\n<p>Il modulo aiuter\u00e0 ad identificare qual \u00e8 il <strong>valore aggiunto<\/strong> della valutazione d\u2019impatto sociale e come rendere un adempimento ministeriale un\u2019occasione utile per migliorare le proprie strategie di crescita e sviluppo.<\/p>\n<p>Le organizzazione iscritte, coinvolte attivamente e accompagnate singolarmente, potranno<strong> sviluppare propri indici ed indicatori d\u2019impatto<\/strong> grazie ai quali realizzare una \u201cvalutazione qualitativa e quantitativa, sul breve, medio e lungo periodo, degli effetti delle attivit\u00e0 svolte sulla comunit\u00e0 di riferimento rispetto all\u2019obiettivo individuato\u201d (art.7, L.106\/2016).<\/p>\n<h2><span style=\"color: #3366ff;\"><a style=\"color: #3366ff;\" href=\"https:\/\/docs.google.com\/a\/euricse.d.gummyindustries.com\/forms\/d\/e\/1FAIpQLScBT2uKB0vyuOP59y4vKDsdmNIYPQNXLdl8MCR1sbedcpKeQQ\/viewform\">Iscriviti!<\/a><\/span><\/h2>\n<p>Per informazioni o per conoscere altri moduli visita la <span style=\"color: #3366ff;\"><a style=\"color: #3366ff;\" href=\"https:\/\/euricse.eu\/it\/training\/formazione-per-manager-di-imprese-sociali-e-organizzazioni-nonprofit\/\">pagina del corso<\/a><\/span>.<strong><img loading=\"lazy\" decoding=\"async\" class=\"wp-image-1290 alignright\" src=\"https:\/\/euricse.eu\/wp-content\/uploads\/2015\/02\/Sara1-197x300.jpg\" alt=\"Sara Depedri\" width=\"145\" height=\"221\" \/><\/strong><\/p>\n<h2>Conosci i nostri docenti<\/h2>\n<p><strong>Sara Depedri<\/strong>, Ph.D in Law and Economics, \u00e8 ricercatrice senior di Euricse, dove da anni svolge attivit\u00e0 di ricerca, consulenza e formazione prevalentemente sui temi dell&#8217;analisi del ruolo delle imprese cooperative e sociali nei sistemi socio-economici, dell&#8217;inserimento lavorativo di persone svantaggiate e della valutazione dell&#8217;impatto economico e sociale degli enti di Terzo settore. Ha sviluppato negli ultimi anni il metodo ImpACT sperimentato in Triveneto per la valutazione dell&#8217;impatto sociale. E&#8217; inoltre docente a contratto di Valutazione dei servizi sociali presso il Dipartimento di sociologia e ricerca sociale dell&#8217;Universit\u00e0 degli studi di Trento.<\/p>\n<hr \/>\n<p>&nbsp;<\/p>\n<p><strong><img loading=\"lazy\" decoding=\"async\" class=\"wp-image-1227 alignright\" src=\"https:\/\/euricse.eu\/wp-content\/uploads\/2015\/02\/IMG_4725-2-314x400.jpg\" alt=\"IMG_4725 (2)\" width=\"114\" height=\"144\" srcset=\"https:\/\/euricse.eu\/wp-content\/uploads\/2015\/02\/IMG_4725-2-314x400.jpg 314w, https:\/\/euricse.eu\/wp-content\/uploads\/2015\/02\/IMG_4725-2-236x300.jpg 236w, https:\/\/euricse.eu\/wp-content\/uploads\/2015\/02\/IMG_4725-2-805x1024.jpg 805w\" sizes=\"auto, (max-width: 114px) 100vw, 114px\" \/>Stefania Turri<\/strong>, laureata\u00a0in Management e consulenza aziendale presso l\u2019Universit\u00e0 degli Studi di Trento, \u00e8 oggi ricercatrice junior di Euricse. Le sue attivit\u00e0 di ricerca hanno carattere di tipo empirico, occupandosi prevalentemente di metodologia (dalla creazione degli strumenti di rilevazione alla raccolta e rielaborazione del dato) e studiando in particolare le relazioni sociali e la funzione sociale delle varie forme di cooperative a livello regionale e nazionale. Fa inoltre parte del gruppo di lavoro World Cooperative Monitor.<\/p>\n<p><img loading=\"lazy\" decoding=\"async\" class=\"aligncenter wp-image-5785 size-large\" src=\"https:\/\/euricse.eu\/wp-content\/uploads\/2017\/06\/Impatto-photo-1024x324.jpg\" alt=\"Impatto photo\" width=\"1024\" height=\"324\" srcset=\"https:\/\/euricse.eu\/wp-content\/uploads\/2017\/06\/Impatto-photo-1024x324.jpg 1024w, https:\/\/euricse.eu\/wp-content\/uploads\/2017\/06\/Impatto-photo-670x212.jpg 670w, https:\/\/euricse.eu\/wp-content\/uploads\/2017\/06\/Impatto-photo-300x95.jpg 300w, https:\/\/euricse.eu\/wp-content\/uploads\/2017\/06\/Impatto-photo-768x243.jpg 768w\" sizes=\"auto, (max-width: 1024px) 100vw, 1024px\" \/><\/p>\n<h3><\/h3>\n<h3><span style=\"color: #3366ff;\"><a style=\"color: #3366ff;\" href=\"https:\/\/docs.google.com\/a\/euricse.d.gummyindustries.com\/forms\/d\/1wzfpyI0BSLcflW5Sc54Fjo5IDdLU0gwMwMxpTE8a0r0\/prefill\">Compila il modulo online per iscriverti!<\/a><\/span><\/h3>\n","protected":false},"excerpt":{"rendered":"<p>Date: 21-22 settembre (docenza); 05-06 ottobre (laboratorio). Sede: Trento Scadenza iscrizioni: 15 settembre Parlare oggi di valutazione dell\u2019impatto sociale \u00e8 estremamente attuale e urgente, e non solo perch\u00e9 \u00e8 \u00a0previsto dalla Riforma del Terzo settore come elemento obbligatorio. E\u2019 urgente perch\u00e9 stanno velocemente mutando per le imprese sociali le modalit\u00e0 con cui si relazionano con [&hellip;]<\/p>\n","protected":false},"author":32,"featured_media":5925,"comment_status":"open","ping_status":"closed","sticky":false,"template":"","format":"standard","meta":{"_acf_changed":false,"episode_type":"","audio_file":"","cover_image":"","cover_image_id":"","duration":"","filesize":"","date_recorded":"","explicit":"","block":"","itunes_episode_number":"","itunes_title":"","itunes_season_number":"","itunes_episode_type":"","filesize_raw":"","footnotes":""},"categories":[17],"tags":[261,381],"class_list":["post-5783","post","type-post","status-publish","format-standard","has-post-thumbnail","hentry","category-news-it","tag-impatto-sociale","tag-impact"],"acf":[],"yoast_head":"<!-- This site is optimized with the Yoast SEO plugin v26.1.1 - https:\/\/yoast.com\/wordpress\/plugins\/seo\/ -->\n<title>Formazione dirigenti: #Impatto e strategia - Euricse<\/title>\n<meta name=\"robots\" content=\"index, follow, max-snippet:-1, max-image-preview:large, max-video-preview:-1\" \/>\n<link rel=\"canonical\" href=\"https:\/\/euricse.eu\/it\/formazione-dirigenti-presentiamo-il-modulo-impatto-e-strategia\/\" \/>\n<meta property=\"og:locale\" content=\"it_IT\" \/>\n<meta property=\"og:type\" content=\"article\" \/>\n<meta property=\"og:title\" content=\"Formazione dirigenti: #Impatto e strategia - Euricse\" \/>\n<meta property=\"og:description\" content=\"Date: 21-22 settembre (docenza); 05-06 ottobre (laboratorio). Sede: Trento Scadenza iscrizioni: 15 settembre Parlare oggi di valutazione dell\u2019impatto sociale \u00e8 estremamente attuale e urgente, e non solo perch\u00e9 \u00e8 \u00a0previsto dalla Riforma del Terzo settore come elemento obbligatorio. E\u2019 urgente perch\u00e9 stanno velocemente mutando per le imprese sociali le modalit\u00e0 con cui si relazionano con [&hellip;]\" \/>\n<meta property=\"og:url\" content=\"https:\/\/euricse.eu\/it\/formazione-dirigenti-presentiamo-il-modulo-impatto-e-strategia\/\" \/>\n<meta property=\"og:site_name\" content=\"Euricse\" \/>\n<meta property=\"article:published_time\" content=\"2017-08-16T14:45:56+00:00\" \/>\n<meta property=\"article:modified_time\" content=\"2017-09-11T14:47:35+00:00\" \/>\n<meta property=\"og:image\" content=\"https:\/\/euricse.eu\/wp-content\/uploads\/2017\/08\/Euricse-FB-Impatto.jpg\" \/>\n\t<meta property=\"og:image:width\" content=\"1200\" \/>\n\t<meta property=\"og:image:height\" content=\"628\" \/>\n\t<meta property=\"og:image:type\" content=\"image\/jpeg\" \/>\n<meta name=\"author\" content=\"Silvia\" \/>\n<meta name=\"twitter:card\" content=\"summary_large_image\" \/>\n<meta name=\"twitter:label1\" content=\"Scritto da\" \/>\n\t<meta name=\"twitter:data1\" content=\"Silvia\" \/>\n\t<meta name=\"twitter:label2\" content=\"Tempo di lettura stimato\" \/>\n\t<meta name=\"twitter:data2\" content=\"2 minuti\" \/>\n<script type=\"application\/ld+json\" class=\"yoast-schema-graph\">{\"@context\":\"https:\/\/schema.org\",\"@graph\":[{\"@type\":\"WebPage\",\"@id\":\"https:\/\/euricse.eu\/it\/formazione-dirigenti-presentiamo-il-modulo-impatto-e-strategia\/\",\"url\":\"https:\/\/euricse.eu\/it\/formazione-dirigenti-presentiamo-il-modulo-impatto-e-strategia\/\",\"name\":\"Formazione dirigenti: #Impatto e strategia - Euricse\",\"isPartOf\":{\"@id\":\"https:\/\/euricse.eu\/en\/#website\"},\"primaryImageOfPage\":{\"@id\":\"https:\/\/euricse.eu\/it\/formazione-dirigenti-presentiamo-il-modulo-impatto-e-strategia\/#primaryimage\"},\"image\":{\"@id\":\"https:\/\/euricse.eu\/it\/formazione-dirigenti-presentiamo-il-modulo-impatto-e-strategia\/#primaryimage\"},\"thumbnailUrl\":\"https:\/\/euricse.eu\/wp-content\/uploads\/2017\/08\/Euricse-FB-Impatto.jpg\",\"datePublished\":\"2017-08-16T14:45:56+00:00\",\"dateModified\":\"2017-09-11T14:47:35+00:00\",\"author\":{\"@id\":\"https:\/\/euricse.eu\/en\/#\/schema\/person\/a5b25693531e3458dfedff34c273ba14\"},\"breadcrumb\":{\"@id\":\"https:\/\/euricse.eu\/it\/formazione-dirigenti-presentiamo-il-modulo-impatto-e-strategia\/#breadcrumb\"},\"inLanguage\":\"it-IT\",\"potentialAction\":[{\"@type\":\"ReadAction\",\"target\":[\"https:\/\/euricse.eu\/it\/formazione-dirigenti-presentiamo-il-modulo-impatto-e-strategia\/\"]}]},{\"@type\":\"ImageObject\",\"inLanguage\":\"it-IT\",\"@id\":\"https:\/\/euricse.eu\/it\/formazione-dirigenti-presentiamo-il-modulo-impatto-e-strategia\/#primaryimage\",\"url\":\"https:\/\/euricse.eu\/wp-content\/uploads\/2017\/08\/Euricse-FB-Impatto.jpg\",\"contentUrl\":\"https:\/\/euricse.eu\/wp-content\/uploads\/2017\/08\/Euricse-FB-Impatto.jpg\",\"width\":1200,\"height\":628},{\"@type\":\"BreadcrumbList\",\"@id\":\"https:\/\/euricse.eu\/it\/formazione-dirigenti-presentiamo-il-modulo-impatto-e-strategia\/#breadcrumb\",\"itemListElement\":[{\"@type\":\"ListItem\",\"position\":1,\"name\":\"Home\",\"item\":\"https:\/\/euricse.eu\/it\/\"},{\"@type\":\"ListItem\",\"position\":2,\"name\":\"Formazione dirigenti: #Impatto e strategia\"}]},{\"@type\":\"WebSite\",\"@id\":\"https:\/\/euricse.eu\/en\/#website\",\"url\":\"https:\/\/euricse.eu\/en\/\",\"name\":\"Euricse\",\"description\":\"Knowledge and innovation for cooperative and social enterprises.\",\"potentialAction\":[{\"@type\":\"SearchAction\",\"target\":{\"@type\":\"EntryPoint\",\"urlTemplate\":\"https:\/\/euricse.eu\/en\/?s={search_term_string}\"},\"query-input\":{\"@type\":\"PropertyValueSpecification\",\"valueRequired\":true,\"valueName\":\"search_term_string\"}}],\"inLanguage\":\"it-IT\"},{\"@type\":\"Person\",\"@id\":\"https:\/\/euricse.eu\/en\/#\/schema\/person\/a5b25693531e3458dfedff34c273ba14\",\"name\":\"Silvia\",\"image\":{\"@type\":\"ImageObject\",\"inLanguage\":\"it-IT\",\"@id\":\"https:\/\/euricse.eu\/en\/#\/schema\/person\/image\/\",\"url\":\"https:\/\/secure.gravatar.com\/avatar\/3cef1082b65edc85f1a4c0caa7ce4808f397a517b7217eab6215fe435640f8f7?s=96&d=mm&r=g\",\"contentUrl\":\"https:\/\/secure.gravatar.com\/avatar\/3cef1082b65edc85f1a4c0caa7ce4808f397a517b7217eab6215fe435640f8f7?s=96&d=mm&r=g\",\"caption\":\"Silvia\"},\"url\":\"https:\/\/euricse.eu\/it\/author\/silvia\/\"}]}<\/script>\n<!-- \/ Yoast SEO plugin. -->","yoast_head_json":{"title":"Formazione dirigenti: #Impatto e strategia - Euricse","robots":{"index":"index","follow":"follow","max-snippet":"max-snippet:-1","max-image-preview":"max-image-preview:large","max-video-preview":"max-video-preview:-1"},"canonical":"https:\/\/euricse.eu\/it\/formazione-dirigenti-presentiamo-il-modulo-impatto-e-strategia\/","og_locale":"it_IT","og_type":"article","og_title":"Formazione dirigenti: #Impatto e strategia - Euricse","og_description":"Date: 21-22 settembre (docenza); 05-06 ottobre (laboratorio). Sede: Trento Scadenza iscrizioni: 15 settembre Parlare oggi di valutazione dell\u2019impatto sociale \u00e8 estremamente attuale e urgente, e non solo perch\u00e9 \u00e8 \u00a0previsto dalla Riforma del Terzo settore come elemento obbligatorio. E\u2019 urgente perch\u00e9 stanno velocemente mutando per le imprese sociali le modalit\u00e0 con cui si relazionano con [&hellip;]","og_url":"https:\/\/euricse.eu\/it\/formazione-dirigenti-presentiamo-il-modulo-impatto-e-strategia\/","og_site_name":"Euricse","article_published_time":"2017-08-16T14:45:56+00:00","article_modified_time":"2017-09-11T14:47:35+00:00","og_image":[{"width":1200,"height":628,"url":"https:\/\/euricse.eu\/wp-content\/uploads\/2017\/08\/Euricse-FB-Impatto.jpg","type":"image\/jpeg"}],"author":"Silvia","twitter_card":"summary_large_image","twitter_misc":{"Scritto da":"Silvia","Tempo di lettura stimato":"2 minuti"},"schema":{"@context":"https:\/\/schema.org","@graph":[{"@type":"WebPage","@id":"https:\/\/euricse.eu\/it\/formazione-dirigenti-presentiamo-il-modulo-impatto-e-strategia\/","url":"https:\/\/euricse.eu\/it\/formazione-dirigenti-presentiamo-il-modulo-impatto-e-strategia\/","name":"Formazione dirigenti: #Impatto e strategia - Euricse","isPartOf":{"@id":"https:\/\/euricse.eu\/en\/#website"},"primaryImageOfPage":{"@id":"https:\/\/euricse.eu\/it\/formazione-dirigenti-presentiamo-il-modulo-impatto-e-strategia\/#primaryimage"},"image":{"@id":"https:\/\/euricse.eu\/it\/formazione-dirigenti-presentiamo-il-modulo-impatto-e-strategia\/#primaryimage"},"thumbnailUrl":"https:\/\/euricse.eu\/wp-content\/uploads\/2017\/08\/Euricse-FB-Impatto.jpg","datePublished":"2017-08-16T14:45:56+00:00","dateModified":"2017-09-11T14:47:35+00:00","author":{"@id":"https:\/\/euricse.eu\/en\/#\/schema\/person\/a5b25693531e3458dfedff34c273ba14"},"breadcrumb":{"@id":"https:\/\/euricse.eu\/it\/formazione-dirigenti-presentiamo-il-modulo-impatto-e-strategia\/#breadcrumb"},"inLanguage":"it-IT","potentialAction":[{"@type":"ReadAction","target":["https:\/\/euricse.eu\/it\/formazione-dirigenti-presentiamo-il-modulo-impatto-e-strategia\/"]}]},{"@type":"ImageObject","inLanguage":"it-IT","@id":"https:\/\/euricse.eu\/it\/formazione-dirigenti-presentiamo-il-modulo-impatto-e-strategia\/#primaryimage","url":"https:\/\/euricse.eu\/wp-content\/uploads\/2017\/08\/Euricse-FB-Impatto.jpg","contentUrl":"https:\/\/euricse.eu\/wp-content\/uploads\/2017\/08\/Euricse-FB-Impatto.jpg","width":1200,"height":628},{"@type":"BreadcrumbList","@id":"https:\/\/euricse.eu\/it\/formazione-dirigenti-presentiamo-il-modulo-impatto-e-strategia\/#breadcrumb","itemListElement":[{"@type":"ListItem","position":1,"name":"Home","item":"https:\/\/euricse.eu\/it\/"},{"@type":"ListItem","position":2,"name":"Formazione dirigenti: #Impatto e strategia"}]},{"@type":"WebSite","@id":"https:\/\/euricse.eu\/en\/#website","url":"https:\/\/euricse.eu\/en\/","name":"Euricse","description":"Knowledge and innovation for cooperative and social enterprises.","potentialAction":[{"@type":"SearchAction","target":{"@type":"EntryPoint","urlTemplate":"https:\/\/euricse.eu\/en\/?s={search_term_string}"},"query-input":{"@type":"PropertyValueSpecification","valueRequired":true,"valueName":"search_term_string"}}],"inLanguage":"it-IT"},{"@type":"Person","@id":"https:\/\/euricse.eu\/en\/#\/schema\/person\/a5b25693531e3458dfedff34c273ba14","name":"Silvia","image":{"@type":"ImageObject","inLanguage":"it-IT","@id":"https:\/\/euricse.eu\/en\/#\/schema\/person\/image\/","url":"https:\/\/secure.gravatar.com\/avatar\/3cef1082b65edc85f1a4c0caa7ce4808f397a517b7217eab6215fe435640f8f7?s=96&d=mm&r=g","contentUrl":"https:\/\/secure.gravatar.com\/avatar\/3cef1082b65edc85f1a4c0caa7ce4808f397a517b7217eab6215fe435640f8f7?s=96&d=mm&r=g","caption":"Silvia"},"url":"https:\/\/euricse.eu\/it\/author\/silvia\/"}]}},"_links":{"self":[{"href":"https:\/\/euricse.eu\/it\/wp-json\/wp\/v2\/posts\/5783","targetHints":{"allow":["GET"]}}],"collection":[{"href":"https:\/\/euricse.eu\/it\/wp-json\/wp\/v2\/posts"}],"about":[{"href":"https:\/\/euricse.eu\/it\/wp-json\/wp\/v2\/types\/post"}],"author":[{"embeddable":true,"href":"https:\/\/euricse.eu\/it\/wp-json\/wp\/v2\/users\/32"}],"replies":[{"embeddable":true,"href":"https:\/\/euricse.eu\/it\/wp-json\/wp\/v2\/comments?post=5783"}],"version-history":[{"count":0,"href":"https:\/\/euricse.eu\/it\/wp-json\/wp\/v2\/posts\/5783\/revisions"}],"wp:featuredmedia":[{"embeddable":true,"href":"https:\/\/euricse.eu\/it\/wp-json\/wp\/v2\/media\/5925"}],"wp:attachment":[{"href":"https:\/\/euricse.eu\/it\/wp-json\/wp\/v2\/media?parent=5783"}],"wp:term":[{"taxonomy":"category","embeddable":true,"href":"https:\/\/euricse.eu\/it\/wp-json\/wp\/v2\/categories?post=5783"},{"taxonomy":"post_tag","embeddable":true,"href":"https:\/\/euricse.eu\/it\/wp-json\/wp\/v2\/tags?post=5783"}],"curies":[{"name":"wp","href":"https:\/\/api.w.org\/{rel}","templated":true}]}}