{"id":5813,"date":"2017-06-23T10:22:11","date_gmt":"2017-06-23T09:22:11","guid":{"rendered":"https:\/\/euricse.staging.hgblu.com\/?p=5813"},"modified":"2017-07-05T13:56:44","modified_gmt":"2017-07-05T12:56:44","slug":"storie-di-stage-claudia-baconcini","status":"publish","type":"post","link":"https:\/\/euricse.eu\/it\/storie-di-stage-claudia-baconcini\/","title":{"rendered":"Storie di stage: Claudia Baconcini"},"content":{"rendered":"<blockquote><p><em>Sto svolgendo il mio stage presso la Cooperativa Sociale Apriti Sesamo, organizzazione che opera su Roma dal 1994, offrendo servizi socio-assistenziali e interculturali principalmente a minori e famiglie. Apriti Sesamo e la sua prospettiva di crescita imprenditoriale mi ha subito attratta<\/em><\/p><\/blockquote>\n<p>Ciao a tutti, mi chiamo Claudia Baconcini, sono nata e cresciuta a Roma ed \u00e8 proprio qui che ho deciso di tornare per svolgere il mio stage. Il percorso che mi ha visto arrivare a Trento \u00e8 stato scandito da una laurea triennale in servizio sociale ed una laurea specialistica in politiche sociali, conseguite entrambe presso l\u2019Universit\u00e0 di Roma La sapienza.<!--more--><\/p>\n<p>Gli studi accademici sono stati professionalizzanti e mi hanno permesso di cogliere sin da subito il grande potenziale insito nel ruolo dell\u2019assistente sociale e nelle organizzazioni in cui questa figura spesso di trova ad operare.<img loading=\"lazy\" decoding=\"async\" class=\"alignright size-thumbnail wp-image-5816\" src=\"https:\/\/euricse.eu\/wp-content\/uploads\/2017\/06\/boconcini-close-643x400.png\" alt=\"boconcini close\" width=\"643\" height=\"400\" srcset=\"https:\/\/euricse.eu\/wp-content\/uploads\/2017\/06\/boconcini-close-643x400.png 643w, https:\/\/euricse.eu\/wp-content\/uploads\/2017\/06\/boconcini-close-300x187.png 300w, https:\/\/euricse.eu\/wp-content\/uploads\/2017\/06\/boconcini-close-768x478.png 768w, https:\/\/euricse.eu\/wp-content\/uploads\/2017\/06\/boconcini-close-1024x637.png 1024w, https:\/\/euricse.eu\/wp-content\/uploads\/2017\/06\/boconcini-close.png 2023w\" sizes=\"auto, (max-width: 643px) 100vw, 643px\" \/><\/p>\n<p>Le esperienze di stage e volontariato in cooperative sociali e associazioni mi hanno permesso di costruire una salda consapevolezza circa l\u2019importante ruolo che queste organizzazioni svolgono nel sistema di welfare locale. Proprio da qui nasce la volont\u00e0 di ampliare il bagaglio di conoscenze e competenze, integrando l\u2019interiorizzata prospettiva sociale con una nuova competenza manageriale, strettamente necessaria per diventare professionista attiva e propositiva all\u2019interno del terzo settore:<strong> il Master GIS \u00e8 stata la scelta giusta!<\/strong><\/p>\n<p>L\u2019ottima organizzazione del master, la preparazione dei docenti, le attivit\u00e0 laboratoriali e l\u2019attenzione dedicata ad ogni singolo corsista hanno reso il master un\u2019occasione di crescita personale e professionale.<\/p>\n<p>Ad oggi sto svolgendo il mio stage presso la<strong> Cooperativa Sociale Apriti Sesamo<\/strong>, organizzazione che opera su Roma dal 1994, offrendo servizi socio-assistenziali e interculturali principalmente a <strong>minori e famiglie<\/strong>. Apriti Sesamo e la sua prospettiva di crescita imprenditoriale mi ha subito attratta: la decisione di investire su nuovi rami di azienda e la partecipazione ad organizzazioni consortili e di rappresentanza erano proprio ci\u00f2 da cui volevo partire per acquisire conoscenze, competenze e consapevolezze su cosa voglia dire, oggi, fare impresa sociale a Roma.<\/p>\n<p>Nella quotidianit\u00e0 seguo e affianco la presidenza e la direzione della cooperativa nelle <strong>attivit\u00e0 di gestione e organizzazione<\/strong> della stessa, spendendomi in termini pi\u00f9 operativi nell\u2019area progettazione. Sto seguendo con la referente d\u2019area una <strong>gara di appalto per l\u2019erogazione di un servizio per il Comune di Roma<\/strong> e con la responsabile dell\u2019area prima infanzia sto seguendo la <strong>progettazione di una nuova scuola per l\u2019infanzia<\/strong>.<\/p>\n<p>L\u2019obiettivo del tirocinio \u00e8 apprendere il pi\u00f9 possibile e, progressivamente, acquisire una maggiore autonomia nella gestione di piccole ma strategiche progettualit\u00e0, in linea con l\u2019ottica di sviluppo dell\u2019impresa e con i miei obiettivi professionali.<\/p>\n<hr \/>\n<p><em>La rubrica \u201cStorie di stage\u201d \u00e8 stata creata per dare la possibilit\u00e0 ai Corsisti del Master GIS di condividere le loro storie ed esperienze durante i periodi di tirocinio. Le iscrizioni per una nuova edizione del Master sono aperte. Per informazioni e iscrizioni visita la <a href=\"https:\/\/euricse.eu\/it\/training\/master-gis\/\">pagina dedicata<\/a> al corso.<\/em><\/p>\n<hr \/>\n<p>&nbsp;<\/p>\n","protected":false},"excerpt":{"rendered":"<p>Sto svolgendo il mio stage presso la Cooperativa Sociale Apriti Sesamo, organizzazione che opera su Roma dal 1994, offrendo servizi socio-assistenziali e interculturali principalmente a minori e famiglie. Apriti Sesamo e la sua prospettiva di crescita imprenditoriale mi ha subito attratta Ciao a tutti, mi chiamo Claudia Baconcini, sono nata e cresciuta a Roma ed [&hellip;]<\/p>\n","protected":false},"author":32,"featured_media":5815,"comment_status":"open","ping_status":"closed","sticky":false,"template":"","format":"standard","meta":{"_acf_changed":false,"episode_type":"","audio_file":"","cover_image":"","cover_image_id":"","duration":"","filesize":"","date_recorded":"","explicit":"","block":"","itunes_episode_number":"","itunes_title":"","itunes_season_number":"","itunes_episode_type":"","filesize_raw":"","footnotes":""},"categories":[14],"tags":[292,430],"class_list":["post-5813","post","type-post","status-publish","format-standard","has-post-thumbnail","hentry","category-blog-it","tag-master-gis","tag-storie-di-stage"],"acf":[],"yoast_head":"<!-- This site is optimized with the Yoast SEO plugin v26.1.1 - https:\/\/yoast.com\/wordpress\/plugins\/seo\/ -->\n<title>Storie di stage: Claudia Baconcini - Euricse<\/title>\n<meta name=\"robots\" content=\"index, follow, max-snippet:-1, max-image-preview:large, max-video-preview:-1\" \/>\n<link rel=\"canonical\" href=\"https:\/\/euricse.eu\/it\/storie-di-stage-claudia-baconcini\/\" \/>\n<meta property=\"og:locale\" content=\"it_IT\" \/>\n<meta property=\"og:type\" content=\"article\" \/>\n<meta property=\"og:title\" content=\"Storie di stage: Claudia Baconcini - Euricse\" \/>\n<meta property=\"og:description\" content=\"Sto svolgendo il mio stage presso la Cooperativa Sociale Apriti Sesamo, organizzazione che opera su Roma dal 1994, offrendo servizi socio-assistenziali e interculturali principalmente a minori e famiglie. Apriti Sesamo e la sua prospettiva di crescita imprenditoriale mi ha subito attratta Ciao a tutti, mi chiamo Claudia Baconcini, sono nata e cresciuta a Roma ed [&hellip;]\" \/>\n<meta property=\"og:url\" content=\"https:\/\/euricse.eu\/it\/storie-di-stage-claudia-baconcini\/\" \/>\n<meta property=\"og:site_name\" content=\"Euricse\" \/>\n<meta property=\"article:published_time\" content=\"2017-06-23T09:22:11+00:00\" \/>\n<meta property=\"article:modified_time\" content=\"2017-07-05T12:56:44+00:00\" \/>\n<meta property=\"og:image\" content=\"https:\/\/euricse.eu\/wp-content\/uploads\/2017\/06\/apriti-sesamo.jpg\" \/>\n\t<meta property=\"og:image:width\" content=\"2048\" \/>\n\t<meta property=\"og:image:height\" content=\"1152\" \/>\n\t<meta property=\"og:image:type\" content=\"image\/jpeg\" \/>\n<meta name=\"author\" content=\"Silvia\" \/>\n<meta name=\"twitter:card\" content=\"summary_large_image\" \/>\n<meta name=\"twitter:label1\" content=\"Scritto da\" \/>\n\t<meta name=\"twitter:data1\" content=\"Silvia\" \/>\n\t<meta name=\"twitter:label2\" content=\"Tempo di lettura stimato\" \/>\n\t<meta name=\"twitter:data2\" content=\"2 minuti\" \/>\n<script type=\"application\/ld+json\" class=\"yoast-schema-graph\">{\"@context\":\"https:\/\/schema.org\",\"@graph\":[{\"@type\":\"WebPage\",\"@id\":\"https:\/\/euricse.eu\/it\/storie-di-stage-claudia-baconcini\/\",\"url\":\"https:\/\/euricse.eu\/it\/storie-di-stage-claudia-baconcini\/\",\"name\":\"Storie di stage: Claudia Baconcini - Euricse\",\"isPartOf\":{\"@id\":\"https:\/\/euricse.eu\/en\/#website\"},\"primaryImageOfPage\":{\"@id\":\"https:\/\/euricse.eu\/it\/storie-di-stage-claudia-baconcini\/#primaryimage\"},\"image\":{\"@id\":\"https:\/\/euricse.eu\/it\/storie-di-stage-claudia-baconcini\/#primaryimage\"},\"thumbnailUrl\":\"https:\/\/euricse.eu\/wp-content\/uploads\/2017\/06\/apriti-sesamo.jpg\",\"datePublished\":\"2017-06-23T09:22:11+00:00\",\"dateModified\":\"2017-07-05T12:56:44+00:00\",\"author\":{\"@id\":\"https:\/\/euricse.eu\/en\/#\/schema\/person\/a5b25693531e3458dfedff34c273ba14\"},\"breadcrumb\":{\"@id\":\"https:\/\/euricse.eu\/it\/storie-di-stage-claudia-baconcini\/#breadcrumb\"},\"inLanguage\":\"it-IT\",\"potentialAction\":[{\"@type\":\"ReadAction\",\"target\":[\"https:\/\/euricse.eu\/it\/storie-di-stage-claudia-baconcini\/\"]}]},{\"@type\":\"ImageObject\",\"inLanguage\":\"it-IT\",\"@id\":\"https:\/\/euricse.eu\/it\/storie-di-stage-claudia-baconcini\/#primaryimage\",\"url\":\"https:\/\/euricse.eu\/wp-content\/uploads\/2017\/06\/apriti-sesamo.jpg\",\"contentUrl\":\"https:\/\/euricse.eu\/wp-content\/uploads\/2017\/06\/apriti-sesamo.jpg\",\"width\":2048,\"height\":1152},{\"@type\":\"BreadcrumbList\",\"@id\":\"https:\/\/euricse.eu\/it\/storie-di-stage-claudia-baconcini\/#breadcrumb\",\"itemListElement\":[{\"@type\":\"ListItem\",\"position\":1,\"name\":\"Home\",\"item\":\"https:\/\/euricse.eu\/it\/\"},{\"@type\":\"ListItem\",\"position\":2,\"name\":\"Storie di stage: Claudia Baconcini\"}]},{\"@type\":\"WebSite\",\"@id\":\"https:\/\/euricse.eu\/en\/#website\",\"url\":\"https:\/\/euricse.eu\/en\/\",\"name\":\"Euricse\",\"description\":\"Knowledge and innovation for cooperative and social enterprises.\",\"potentialAction\":[{\"@type\":\"SearchAction\",\"target\":{\"@type\":\"EntryPoint\",\"urlTemplate\":\"https:\/\/euricse.eu\/en\/?s={search_term_string}\"},\"query-input\":{\"@type\":\"PropertyValueSpecification\",\"valueRequired\":true,\"valueName\":\"search_term_string\"}}],\"inLanguage\":\"it-IT\"},{\"@type\":\"Person\",\"@id\":\"https:\/\/euricse.eu\/en\/#\/schema\/person\/a5b25693531e3458dfedff34c273ba14\",\"name\":\"Silvia\",\"image\":{\"@type\":\"ImageObject\",\"inLanguage\":\"it-IT\",\"@id\":\"https:\/\/euricse.eu\/en\/#\/schema\/person\/image\/\",\"url\":\"https:\/\/secure.gravatar.com\/avatar\/3cef1082b65edc85f1a4c0caa7ce4808f397a517b7217eab6215fe435640f8f7?s=96&d=mm&r=g\",\"contentUrl\":\"https:\/\/secure.gravatar.com\/avatar\/3cef1082b65edc85f1a4c0caa7ce4808f397a517b7217eab6215fe435640f8f7?s=96&d=mm&r=g\",\"caption\":\"Silvia\"},\"url\":\"https:\/\/euricse.eu\/it\/author\/silvia\/\"}]}<\/script>\n<!-- \/ Yoast SEO plugin. -->","yoast_head_json":{"title":"Storie di stage: Claudia Baconcini - Euricse","robots":{"index":"index","follow":"follow","max-snippet":"max-snippet:-1","max-image-preview":"max-image-preview:large","max-video-preview":"max-video-preview:-1"},"canonical":"https:\/\/euricse.eu\/it\/storie-di-stage-claudia-baconcini\/","og_locale":"it_IT","og_type":"article","og_title":"Storie di stage: Claudia Baconcini - Euricse","og_description":"Sto svolgendo il mio stage presso la Cooperativa Sociale Apriti Sesamo, organizzazione che opera su Roma dal 1994, offrendo servizi socio-assistenziali e interculturali principalmente a minori e famiglie. Apriti Sesamo e la sua prospettiva di crescita imprenditoriale mi ha subito attratta Ciao a tutti, mi chiamo Claudia Baconcini, sono nata e cresciuta a Roma ed [&hellip;]","og_url":"https:\/\/euricse.eu\/it\/storie-di-stage-claudia-baconcini\/","og_site_name":"Euricse","article_published_time":"2017-06-23T09:22:11+00:00","article_modified_time":"2017-07-05T12:56:44+00:00","og_image":[{"width":2048,"height":1152,"url":"https:\/\/euricse.eu\/wp-content\/uploads\/2017\/06\/apriti-sesamo.jpg","type":"image\/jpeg"}],"author":"Silvia","twitter_card":"summary_large_image","twitter_misc":{"Scritto da":"Silvia","Tempo di lettura stimato":"2 minuti"},"schema":{"@context":"https:\/\/schema.org","@graph":[{"@type":"WebPage","@id":"https:\/\/euricse.eu\/it\/storie-di-stage-claudia-baconcini\/","url":"https:\/\/euricse.eu\/it\/storie-di-stage-claudia-baconcini\/","name":"Storie di stage: Claudia Baconcini - Euricse","isPartOf":{"@id":"https:\/\/euricse.eu\/en\/#website"},"primaryImageOfPage":{"@id":"https:\/\/euricse.eu\/it\/storie-di-stage-claudia-baconcini\/#primaryimage"},"image":{"@id":"https:\/\/euricse.eu\/it\/storie-di-stage-claudia-baconcini\/#primaryimage"},"thumbnailUrl":"https:\/\/euricse.eu\/wp-content\/uploads\/2017\/06\/apriti-sesamo.jpg","datePublished":"2017-06-23T09:22:11+00:00","dateModified":"2017-07-05T12:56:44+00:00","author":{"@id":"https:\/\/euricse.eu\/en\/#\/schema\/person\/a5b25693531e3458dfedff34c273ba14"},"breadcrumb":{"@id":"https:\/\/euricse.eu\/it\/storie-di-stage-claudia-baconcini\/#breadcrumb"},"inLanguage":"it-IT","potentialAction":[{"@type":"ReadAction","target":["https:\/\/euricse.eu\/it\/storie-di-stage-claudia-baconcini\/"]}]},{"@type":"ImageObject","inLanguage":"it-IT","@id":"https:\/\/euricse.eu\/it\/storie-di-stage-claudia-baconcini\/#primaryimage","url":"https:\/\/euricse.eu\/wp-content\/uploads\/2017\/06\/apriti-sesamo.jpg","contentUrl":"https:\/\/euricse.eu\/wp-content\/uploads\/2017\/06\/apriti-sesamo.jpg","width":2048,"height":1152},{"@type":"BreadcrumbList","@id":"https:\/\/euricse.eu\/it\/storie-di-stage-claudia-baconcini\/#breadcrumb","itemListElement":[{"@type":"ListItem","position":1,"name":"Home","item":"https:\/\/euricse.eu\/it\/"},{"@type":"ListItem","position":2,"name":"Storie di stage: Claudia Baconcini"}]},{"@type":"WebSite","@id":"https:\/\/euricse.eu\/en\/#website","url":"https:\/\/euricse.eu\/en\/","name":"Euricse","description":"Knowledge and innovation for cooperative and social enterprises.","potentialAction":[{"@type":"SearchAction","target":{"@type":"EntryPoint","urlTemplate":"https:\/\/euricse.eu\/en\/?s={search_term_string}"},"query-input":{"@type":"PropertyValueSpecification","valueRequired":true,"valueName":"search_term_string"}}],"inLanguage":"it-IT"},{"@type":"Person","@id":"https:\/\/euricse.eu\/en\/#\/schema\/person\/a5b25693531e3458dfedff34c273ba14","name":"Silvia","image":{"@type":"ImageObject","inLanguage":"it-IT","@id":"https:\/\/euricse.eu\/en\/#\/schema\/person\/image\/","url":"https:\/\/secure.gravatar.com\/avatar\/3cef1082b65edc85f1a4c0caa7ce4808f397a517b7217eab6215fe435640f8f7?s=96&d=mm&r=g","contentUrl":"https:\/\/secure.gravatar.com\/avatar\/3cef1082b65edc85f1a4c0caa7ce4808f397a517b7217eab6215fe435640f8f7?s=96&d=mm&r=g","caption":"Silvia"},"url":"https:\/\/euricse.eu\/it\/author\/silvia\/"}]}},"_links":{"self":[{"href":"https:\/\/euricse.eu\/it\/wp-json\/wp\/v2\/posts\/5813","targetHints":{"allow":["GET"]}}],"collection":[{"href":"https:\/\/euricse.eu\/it\/wp-json\/wp\/v2\/posts"}],"about":[{"href":"https:\/\/euricse.eu\/it\/wp-json\/wp\/v2\/types\/post"}],"author":[{"embeddable":true,"href":"https:\/\/euricse.eu\/it\/wp-json\/wp\/v2\/users\/32"}],"replies":[{"embeddable":true,"href":"https:\/\/euricse.eu\/it\/wp-json\/wp\/v2\/comments?post=5813"}],"version-history":[{"count":0,"href":"https:\/\/euricse.eu\/it\/wp-json\/wp\/v2\/posts\/5813\/revisions"}],"wp:featuredmedia":[{"embeddable":true,"href":"https:\/\/euricse.eu\/it\/wp-json\/wp\/v2\/media\/5815"}],"wp:attachment":[{"href":"https:\/\/euricse.eu\/it\/wp-json\/wp\/v2\/media?parent=5813"}],"wp:term":[{"taxonomy":"category","embeddable":true,"href":"https:\/\/euricse.eu\/it\/wp-json\/wp\/v2\/categories?post=5813"},{"taxonomy":"post_tag","embeddable":true,"href":"https:\/\/euricse.eu\/it\/wp-json\/wp\/v2\/tags?post=5813"}],"curies":[{"name":"wp","href":"https:\/\/api.w.org\/{rel}","templated":true}]}}