{"id":5835,"date":"2017-07-14T12:39:23","date_gmt":"2017-07-14T11:39:23","guid":{"rendered":"https:\/\/euricse.staging.hgblu.com\/?p=5835"},"modified":"2017-07-14T12:39:43","modified_gmt":"2017-07-14T11:39:43","slug":"storie-di-stage-giulia-del-favero","status":"publish","type":"post","link":"https:\/\/euricse.eu\/it\/storie-di-stage-giulia-del-favero\/","title":{"rendered":"Storie di stage: Giulia Del Favero"},"content":{"rendered":"<blockquote><p><em>Nel mio tirocinio sto seguendo per MAG il progetto intitolato &#8220;Cooperiamo per l&#8217;economia del buon vivere comune\u201d finanziato dal Fondo Sociale Europeo della Regione Veneto. Inoltre, ho l\u2019occasione di affiancare il personale di MAG nelle attivit\u00e0 di consulenza per l&#8217;avvio di nuove imprese sociali e per la ri-progettazione delle organizzazioni esistenti. La mia esperienza di tirocinio \u00e8 certamente positiva!<\/em><\/p><\/blockquote>\n<p>Mi chiamo Giulia Del Favero, bellunese trasferita in Trentino durante gli anni universitari, mi porto appresso una profonda passione per le terre che mi hanno cresciuta, passione che mi ha portato a interessarmi ai temi dell&#8217;<strong>agricoltura sociale<\/strong> e dell\u2019<strong>economia sostenibile<\/strong>. Sono laureata in Servizio Sociale e negli anni ho maturato il desiderio di approfondire conoscenze e competenze trasversali al mondo non-profit, queste le motivazioni che mi hanno portata a iscrivermi al Master GIS.<!--more--><\/p>\n<p>Il Master si \u00e8 rivelato per me <strong>una preziosa palestra di lavoro<\/strong>, un luogo dove la partecipazione \u00e8 stata fortemente promossa, favorita e incentivata; un luog<img loading=\"lazy\" decoding=\"async\" class=\"alignright size-thumbnail wp-image-5837\" src=\"https:\/\/euricse.eu\/wp-content\/uploads\/2017\/07\/GiuliaDelFavero11-336x400.jpg\" alt=\"GiuliaDelFavero11\" width=\"336\" height=\"400\" srcset=\"https:\/\/euricse.eu\/wp-content\/uploads\/2017\/07\/GiuliaDelFavero11-336x400.jpg 336w, https:\/\/euricse.eu\/wp-content\/uploads\/2017\/07\/GiuliaDelFavero11-252x300.jpg 252w, https:\/\/euricse.eu\/wp-content\/uploads\/2017\/07\/GiuliaDelFavero11.jpg 627w\" sizes=\"auto, (max-width: 336px) 100vw, 336px\" \/>o dove la cura delle competenze relazionali e lo \u201cscambio di saperi\u201d tra corsisti e corpo docente mi ha permesso di trovare <strong>sintesi tra teoria e pratica<\/strong>, tra capacit\u00e0 di<strong> lavoro autonomo e collaborazione<\/strong> di gruppo.<\/p>\n<p>Attualmente sto svolgendo il tirocinio all&#8217;interno di <strong>MAG &#8211; Societ\u00e0 Mutua per l&#8217;Autogestione<\/strong>.<\/p>\n<p>MAG Verona, fondata nel 1978, \u00e8 una realt\u00e0 dell&#8217;economia sociale italiana. Al suo avvio pratic\u00f2 il mutualismo attraverso l&#8217;acquisto dei beni prodotti da due aziende veronesi in crisi. Oggi mantiene, e rinnova, la sua forte anima mutualistica: promuove e supporta la nascita di imprese sociali e pratica un modello di economia etica in cui al primo posto non c&#8217;\u00e8 il profitto, ma la missione sociale e le idee e capacit\u00e0 delle persone e delle comunit\u00e0 territoriali.<\/p>\n<p>Nel mio tirocinio sto seguendo per MAG il progetto intitolato &#8220;<strong>Cooperiamo per l&#8217;economia del buon vivere comune<\/strong>\u201d finanziato dal Fondo Sociale Europeo della Regione Veneto. Inoltre, ho l\u2019occasione di affiancare il personale di MAG nelle attivit\u00e0 di consulenza per l&#8217;avvio di nuove imprese sociali e per la ri-progettazione delle organizzazioni esistenti. La mia esperienza di tirocinio \u00e8 certamente positiva!<\/p>\n<hr \/>\n<p>La rubrica \u201cStorie di stage\u201d \u00e8 stata creata per dare la possibilit\u00e0 ai corsisti del Master GIS di condividere le loro storie ed esperienze durante i periodi di tirocinio. Le iscrizioni per una nuova edizione del Master sono aperte. Per informazioni e iscrizioni visita la<a href=\"https:\/\/euricse.eu\/it\/training\/master-gis\/\"> pagina dedicata al corso<\/a>.<\/p>\n<hr \/>\n<p>&nbsp;<\/p>\n","protected":false},"excerpt":{"rendered":"<p>Nel mio tirocinio sto seguendo per MAG il progetto intitolato &#8220;Cooperiamo per l&#8217;economia del buon vivere comune\u201d finanziato dal Fondo Sociale Europeo della Regione Veneto. Inoltre, ho l\u2019occasione di affiancare il personale di MAG nelle attivit\u00e0 di consulenza per l&#8217;avvio di nuove imprese sociali e per la ri-progettazione delle organizzazioni esistenti. La mia esperienza di [&hellip;]<\/p>\n","protected":false},"author":32,"featured_media":5836,"comment_status":"open","ping_status":"closed","sticky":false,"template":"","format":"standard","meta":{"_acf_changed":false,"episode_type":"","audio_file":"","cover_image":"","cover_image_id":"","duration":"","filesize":"","date_recorded":"","explicit":"","block":"","itunes_episode_number":"","itunes_title":"","itunes_season_number":"","itunes_episode_type":"","filesize_raw":"","footnotes":""},"categories":[14],"tags":[292,430],"class_list":["post-5835","post","type-post","status-publish","format-standard","has-post-thumbnail","hentry","category-blog-it","tag-master-gis","tag-storie-di-stage"],"acf":[],"yoast_head":"<!-- This site is optimized with the Yoast SEO plugin v26.1.1 - https:\/\/yoast.com\/wordpress\/plugins\/seo\/ -->\n<title>Storie di stage: Giulia Del Favero - Euricse<\/title>\n<meta name=\"robots\" content=\"index, follow, max-snippet:-1, max-image-preview:large, max-video-preview:-1\" \/>\n<link rel=\"canonical\" href=\"https:\/\/euricse.eu\/it\/storie-di-stage-giulia-del-favero\/\" \/>\n<meta property=\"og:locale\" content=\"it_IT\" \/>\n<meta property=\"og:type\" content=\"article\" \/>\n<meta property=\"og:title\" content=\"Storie di stage: Giulia Del Favero - Euricse\" \/>\n<meta property=\"og:description\" content=\"Nel mio tirocinio sto seguendo per MAG il progetto intitolato &#8220;Cooperiamo per l&#8217;economia del buon vivere comune\u201d finanziato dal Fondo Sociale Europeo della Regione Veneto. Inoltre, ho l\u2019occasione di affiancare il personale di MAG nelle attivit\u00e0 di consulenza per l&#8217;avvio di nuove imprese sociali e per la ri-progettazione delle organizzazioni esistenti. La mia esperienza di [&hellip;]\" \/>\n<meta property=\"og:url\" content=\"https:\/\/euricse.eu\/it\/storie-di-stage-giulia-del-favero\/\" \/>\n<meta property=\"og:site_name\" content=\"Euricse\" \/>\n<meta property=\"article:published_time\" content=\"2017-07-14T11:39:23+00:00\" \/>\n<meta property=\"article:modified_time\" content=\"2017-07-14T11:39:43+00:00\" \/>\n<meta property=\"og:image\" content=\"https:\/\/euricse.eu\/wp-content\/uploads\/2017\/07\/GiuliaDelFavero.jpg\" \/>\n\t<meta property=\"og:image:width\" content=\"3264\" \/>\n\t<meta property=\"og:image:height\" content=\"1840\" \/>\n\t<meta property=\"og:image:type\" content=\"image\/jpeg\" \/>\n<meta name=\"author\" content=\"Silvia\" \/>\n<meta name=\"twitter:card\" content=\"summary_large_image\" \/>\n<meta name=\"twitter:label1\" content=\"Scritto da\" \/>\n\t<meta name=\"twitter:data1\" content=\"Silvia\" \/>\n\t<meta name=\"twitter:label2\" content=\"Tempo di lettura stimato\" \/>\n\t<meta name=\"twitter:data2\" content=\"2 minuti\" \/>\n<script type=\"application\/ld+json\" class=\"yoast-schema-graph\">{\"@context\":\"https:\/\/schema.org\",\"@graph\":[{\"@type\":\"WebPage\",\"@id\":\"https:\/\/euricse.eu\/it\/storie-di-stage-giulia-del-favero\/\",\"url\":\"https:\/\/euricse.eu\/it\/storie-di-stage-giulia-del-favero\/\",\"name\":\"Storie di stage: Giulia Del Favero - Euricse\",\"isPartOf\":{\"@id\":\"https:\/\/euricse.eu\/en\/#website\"},\"primaryImageOfPage\":{\"@id\":\"https:\/\/euricse.eu\/it\/storie-di-stage-giulia-del-favero\/#primaryimage\"},\"image\":{\"@id\":\"https:\/\/euricse.eu\/it\/storie-di-stage-giulia-del-favero\/#primaryimage\"},\"thumbnailUrl\":\"https:\/\/euricse.eu\/wp-content\/uploads\/2017\/07\/GiuliaDelFavero.jpg\",\"datePublished\":\"2017-07-14T11:39:23+00:00\",\"dateModified\":\"2017-07-14T11:39:43+00:00\",\"author\":{\"@id\":\"https:\/\/euricse.eu\/en\/#\/schema\/person\/a5b25693531e3458dfedff34c273ba14\"},\"breadcrumb\":{\"@id\":\"https:\/\/euricse.eu\/it\/storie-di-stage-giulia-del-favero\/#breadcrumb\"},\"inLanguage\":\"it-IT\",\"potentialAction\":[{\"@type\":\"ReadAction\",\"target\":[\"https:\/\/euricse.eu\/it\/storie-di-stage-giulia-del-favero\/\"]}]},{\"@type\":\"ImageObject\",\"inLanguage\":\"it-IT\",\"@id\":\"https:\/\/euricse.eu\/it\/storie-di-stage-giulia-del-favero\/#primaryimage\",\"url\":\"https:\/\/euricse.eu\/wp-content\/uploads\/2017\/07\/GiuliaDelFavero.jpg\",\"contentUrl\":\"https:\/\/euricse.eu\/wp-content\/uploads\/2017\/07\/GiuliaDelFavero.jpg\",\"width\":3264,\"height\":1840},{\"@type\":\"BreadcrumbList\",\"@id\":\"https:\/\/euricse.eu\/it\/storie-di-stage-giulia-del-favero\/#breadcrumb\",\"itemListElement\":[{\"@type\":\"ListItem\",\"position\":1,\"name\":\"Home\",\"item\":\"https:\/\/euricse.eu\/it\/\"},{\"@type\":\"ListItem\",\"position\":2,\"name\":\"Storie di stage: Giulia Del Favero\"}]},{\"@type\":\"WebSite\",\"@id\":\"https:\/\/euricse.eu\/en\/#website\",\"url\":\"https:\/\/euricse.eu\/en\/\",\"name\":\"Euricse\",\"description\":\"Knowledge and innovation for cooperative and social enterprises.\",\"potentialAction\":[{\"@type\":\"SearchAction\",\"target\":{\"@type\":\"EntryPoint\",\"urlTemplate\":\"https:\/\/euricse.eu\/en\/?s={search_term_string}\"},\"query-input\":{\"@type\":\"PropertyValueSpecification\",\"valueRequired\":true,\"valueName\":\"search_term_string\"}}],\"inLanguage\":\"it-IT\"},{\"@type\":\"Person\",\"@id\":\"https:\/\/euricse.eu\/en\/#\/schema\/person\/a5b25693531e3458dfedff34c273ba14\",\"name\":\"Silvia\",\"image\":{\"@type\":\"ImageObject\",\"inLanguage\":\"it-IT\",\"@id\":\"https:\/\/euricse.eu\/en\/#\/schema\/person\/image\/\",\"url\":\"https:\/\/secure.gravatar.com\/avatar\/3cef1082b65edc85f1a4c0caa7ce4808f397a517b7217eab6215fe435640f8f7?s=96&d=mm&r=g\",\"contentUrl\":\"https:\/\/secure.gravatar.com\/avatar\/3cef1082b65edc85f1a4c0caa7ce4808f397a517b7217eab6215fe435640f8f7?s=96&d=mm&r=g\",\"caption\":\"Silvia\"},\"url\":\"https:\/\/euricse.eu\/it\/author\/silvia\/\"}]}<\/script>\n<!-- \/ Yoast SEO plugin. -->","yoast_head_json":{"title":"Storie di stage: Giulia Del Favero - Euricse","robots":{"index":"index","follow":"follow","max-snippet":"max-snippet:-1","max-image-preview":"max-image-preview:large","max-video-preview":"max-video-preview:-1"},"canonical":"https:\/\/euricse.eu\/it\/storie-di-stage-giulia-del-favero\/","og_locale":"it_IT","og_type":"article","og_title":"Storie di stage: Giulia Del Favero - Euricse","og_description":"Nel mio tirocinio sto seguendo per MAG il progetto intitolato &#8220;Cooperiamo per l&#8217;economia del buon vivere comune\u201d finanziato dal Fondo Sociale Europeo della Regione Veneto. Inoltre, ho l\u2019occasione di affiancare il personale di MAG nelle attivit\u00e0 di consulenza per l&#8217;avvio di nuove imprese sociali e per la ri-progettazione delle organizzazioni esistenti. La mia esperienza di [&hellip;]","og_url":"https:\/\/euricse.eu\/it\/storie-di-stage-giulia-del-favero\/","og_site_name":"Euricse","article_published_time":"2017-07-14T11:39:23+00:00","article_modified_time":"2017-07-14T11:39:43+00:00","og_image":[{"width":3264,"height":1840,"url":"https:\/\/euricse.eu\/wp-content\/uploads\/2017\/07\/GiuliaDelFavero.jpg","type":"image\/jpeg"}],"author":"Silvia","twitter_card":"summary_large_image","twitter_misc":{"Scritto da":"Silvia","Tempo di lettura stimato":"2 minuti"},"schema":{"@context":"https:\/\/schema.org","@graph":[{"@type":"WebPage","@id":"https:\/\/euricse.eu\/it\/storie-di-stage-giulia-del-favero\/","url":"https:\/\/euricse.eu\/it\/storie-di-stage-giulia-del-favero\/","name":"Storie di stage: Giulia Del Favero - Euricse","isPartOf":{"@id":"https:\/\/euricse.eu\/en\/#website"},"primaryImageOfPage":{"@id":"https:\/\/euricse.eu\/it\/storie-di-stage-giulia-del-favero\/#primaryimage"},"image":{"@id":"https:\/\/euricse.eu\/it\/storie-di-stage-giulia-del-favero\/#primaryimage"},"thumbnailUrl":"https:\/\/euricse.eu\/wp-content\/uploads\/2017\/07\/GiuliaDelFavero.jpg","datePublished":"2017-07-14T11:39:23+00:00","dateModified":"2017-07-14T11:39:43+00:00","author":{"@id":"https:\/\/euricse.eu\/en\/#\/schema\/person\/a5b25693531e3458dfedff34c273ba14"},"breadcrumb":{"@id":"https:\/\/euricse.eu\/it\/storie-di-stage-giulia-del-favero\/#breadcrumb"},"inLanguage":"it-IT","potentialAction":[{"@type":"ReadAction","target":["https:\/\/euricse.eu\/it\/storie-di-stage-giulia-del-favero\/"]}]},{"@type":"ImageObject","inLanguage":"it-IT","@id":"https:\/\/euricse.eu\/it\/storie-di-stage-giulia-del-favero\/#primaryimage","url":"https:\/\/euricse.eu\/wp-content\/uploads\/2017\/07\/GiuliaDelFavero.jpg","contentUrl":"https:\/\/euricse.eu\/wp-content\/uploads\/2017\/07\/GiuliaDelFavero.jpg","width":3264,"height":1840},{"@type":"BreadcrumbList","@id":"https:\/\/euricse.eu\/it\/storie-di-stage-giulia-del-favero\/#breadcrumb","itemListElement":[{"@type":"ListItem","position":1,"name":"Home","item":"https:\/\/euricse.eu\/it\/"},{"@type":"ListItem","position":2,"name":"Storie di stage: Giulia Del Favero"}]},{"@type":"WebSite","@id":"https:\/\/euricse.eu\/en\/#website","url":"https:\/\/euricse.eu\/en\/","name":"Euricse","description":"Knowledge and innovation for cooperative and social enterprises.","potentialAction":[{"@type":"SearchAction","target":{"@type":"EntryPoint","urlTemplate":"https:\/\/euricse.eu\/en\/?s={search_term_string}"},"query-input":{"@type":"PropertyValueSpecification","valueRequired":true,"valueName":"search_term_string"}}],"inLanguage":"it-IT"},{"@type":"Person","@id":"https:\/\/euricse.eu\/en\/#\/schema\/person\/a5b25693531e3458dfedff34c273ba14","name":"Silvia","image":{"@type":"ImageObject","inLanguage":"it-IT","@id":"https:\/\/euricse.eu\/en\/#\/schema\/person\/image\/","url":"https:\/\/secure.gravatar.com\/avatar\/3cef1082b65edc85f1a4c0caa7ce4808f397a517b7217eab6215fe435640f8f7?s=96&d=mm&r=g","contentUrl":"https:\/\/secure.gravatar.com\/avatar\/3cef1082b65edc85f1a4c0caa7ce4808f397a517b7217eab6215fe435640f8f7?s=96&d=mm&r=g","caption":"Silvia"},"url":"https:\/\/euricse.eu\/it\/author\/silvia\/"}]}},"_links":{"self":[{"href":"https:\/\/euricse.eu\/it\/wp-json\/wp\/v2\/posts\/5835","targetHints":{"allow":["GET"]}}],"collection":[{"href":"https:\/\/euricse.eu\/it\/wp-json\/wp\/v2\/posts"}],"about":[{"href":"https:\/\/euricse.eu\/it\/wp-json\/wp\/v2\/types\/post"}],"author":[{"embeddable":true,"href":"https:\/\/euricse.eu\/it\/wp-json\/wp\/v2\/users\/32"}],"replies":[{"embeddable":true,"href":"https:\/\/euricse.eu\/it\/wp-json\/wp\/v2\/comments?post=5835"}],"version-history":[{"count":0,"href":"https:\/\/euricse.eu\/it\/wp-json\/wp\/v2\/posts\/5835\/revisions"}],"wp:featuredmedia":[{"embeddable":true,"href":"https:\/\/euricse.eu\/it\/wp-json\/wp\/v2\/media\/5836"}],"wp:attachment":[{"href":"https:\/\/euricse.eu\/it\/wp-json\/wp\/v2\/media?parent=5835"}],"wp:term":[{"taxonomy":"category","embeddable":true,"href":"https:\/\/euricse.eu\/it\/wp-json\/wp\/v2\/categories?post=5835"},{"taxonomy":"post_tag","embeddable":true,"href":"https:\/\/euricse.eu\/it\/wp-json\/wp\/v2\/tags?post=5835"}],"curies":[{"name":"wp","href":"https:\/\/api.w.org\/{rel}","templated":true}]}}