{"id":5937,"date":"2017-08-25T09:32:28","date_gmt":"2017-08-25T08:32:28","guid":{"rendered":"https:\/\/euricse.staging.hgblu.com\/?p=5937"},"modified":"2017-09-13T13:43:29","modified_gmt":"2017-09-13T12:43:29","slug":"un-tour-per-comprendere-tutte-le-opportunita-della-riforma-del-terzo-settore","status":"publish","type":"post","link":"https:\/\/euricse.eu\/it\/un-tour-per-comprendere-tutte-le-opportunita-della-riforma-del-terzo-settore\/","title":{"rendered":"Un tour per comprendere tutte le opportunit\u00e0 della riforma del Terzo Settore"},"content":{"rendered":"<blockquote><p><em>Un&#8217;occasione unica per avere un quadro chiaro delle opportunit\u00e0 offerte dalla riforma, ottenendo indicazioni utili per la sua applicazione pratica.<\/em><\/p><\/blockquote>\n<p>Sono aperte le iscrizioni per il <strong>percorso di formazione<\/strong> &#8220;La riforma del Terzo Settore e dell&#8217;impresa sociale\u201d che inizier\u00e0 il <strong>28 settembre<\/strong> a <strong>Milano<\/strong> proseguir\u00e0 a <strong>Verona<\/strong>, <strong>Roma<\/strong>, <strong>Napoli<\/strong> e si concluder\u00e0 a <strong>Trento<\/strong> il 15 febbraio. Questo tour,\u00a0organizzato da Cattolica Assicurazioni, in collaborazione con Euricse\u00a0coinvolger\u00e0\u00a0docenti universitari, ricercatori e professionisti con lo scopo di esaminare tutte le novit\u00e0\u00a0introdotte dalla Riforma del Terzo settore e dell\u2019impresa sociale.<!--more--><\/p>\n<div>\n<div>\u00c8 possibile iscriversi ad uno o pi\u00f9 degli appuntamenti proposti. La quota di iscrizione per ciascun appuntamento \u00e8 di 250,00 euro (iva inclusa). Per iscriversi \u00e8 sufficiente compilare il modulo on-line disponibile a questo <span style=\"color: #0000ff;\"><a style=\"color: #0000ff;\" href=\"https:\/\/docs.google.com\/forms\/d\/e\/1FAIpQLScy_mkF8fLHVHyfvaEK0ne_b6SCtAF6GTjuQ3mhTsarDL1cyQ\/viewform\">LINK<\/a><\/span>. \u00c8 previsto un numero massimo di 30 partecipanti per ciascun appuntamento proposto. Le iscrizioni rimangono aperte fino al raggiungimento del numero massimo di posti disponibili.<\/div>\n<\/div>\n<div><\/div>\n<div>Per\u00a0maggiori informazioni scarica <a href=\"https:\/\/euricse.eu\/wp-content\/uploads\/2017\/08\/120917_Brochure_RiformaTS_OK_interattiva.pdf\"><span style=\"color: #0000ff;\">la brochure del percorso<\/span><\/a>, consulta\u00a0<span style=\"color: #0000ff;\"><a style=\"color: #0000ff;\" href=\"https:\/\/euricse.eu\/it\/training\/la-riforma-del-terzo-settore-e-dellimpresa-sociale\/\">la pagina web dedicata<\/a><\/span> oppure contatta:<\/div>\n<div><\/div>\n<div>Paolo Fontana<\/div>\n<div>Tel: 0461\/282289 Mob: 338\/8003096 Email: formazione@euricse.eu<\/div>\n<div><img loading=\"lazy\" decoding=\"async\" class=\"alignright size-large wp-image-5939\" src=\"https:\/\/euricse.eu\/wp-content\/uploads\/2017\/08\/Post_FB_Appuntamenti-1024x768.jpg\" alt=\"Post_FB_Appuntamenti\" width=\"1024\" height=\"768\" srcset=\"https:\/\/euricse.eu\/wp-content\/uploads\/2017\/08\/Post_FB_Appuntamenti-1024x768.jpg 1024w, https:\/\/euricse.eu\/wp-content\/uploads\/2017\/08\/Post_FB_Appuntamenti-533x400.jpg 533w, https:\/\/euricse.eu\/wp-content\/uploads\/2017\/08\/Post_FB_Appuntamenti-300x225.jpg 300w, https:\/\/euricse.eu\/wp-content\/uploads\/2017\/08\/Post_FB_Appuntamenti-768x576.jpg 768w, https:\/\/euricse.eu\/wp-content\/uploads\/2017\/08\/Post_FB_Appuntamenti.jpg 1200w\" sizes=\"auto, (max-width: 1024px) 100vw, 1024px\" \/><\/div>\n","protected":false},"excerpt":{"rendered":"<p>Un&#8217;occasione unica per avere un quadro chiaro delle opportunit\u00e0 offerte dalla riforma, ottenendo indicazioni utili per la sua applicazione pratica. Sono aperte le iscrizioni per il percorso di formazione &#8220;La riforma del Terzo Settore e dell&#8217;impresa sociale\u201d che inizier\u00e0 il 28 settembre a Milano proseguir\u00e0 a Verona, Roma, Napoli e si concluder\u00e0 a Trento il [&hellip;]<\/p>\n","protected":false},"author":32,"featured_media":0,"comment_status":"open","ping_status":"closed","sticky":false,"template":"","format":"standard","meta":{"_acf_changed":false,"episode_type":"","audio_file":"","cover_image":"","cover_image_id":"","duration":"","filesize":"","date_recorded":"","explicit":"","block":"","itunes_episode_number":"","itunes_title":"","itunes_season_number":"","itunes_episode_type":"","filesize_raw":"","footnotes":""},"categories":[17],"tags":[264,290,404],"class_list":["post-5937","post","type-post","status-publish","format-standard","hentry","category-news-it","tag-formazione","tag-impresa-sociale","tag-riforma-del-terzo-settore"],"acf":[],"yoast_head":"<!-- This site is optimized with the Yoast SEO plugin v26.1.1 - https:\/\/yoast.com\/wordpress\/plugins\/seo\/ -->\n<title>Un tour per comprendere tutte le opportunit\u00e0 della riforma del Terzo Settore - Euricse<\/title>\n<meta name=\"robots\" content=\"index, follow, max-snippet:-1, max-image-preview:large, max-video-preview:-1\" \/>\n<link rel=\"canonical\" href=\"https:\/\/euricse.eu\/it\/un-tour-per-comprendere-tutte-le-opportunita-della-riforma-del-terzo-settore\/\" \/>\n<meta property=\"og:locale\" content=\"it_IT\" \/>\n<meta property=\"og:type\" content=\"article\" \/>\n<meta property=\"og:title\" content=\"Un tour per comprendere tutte le opportunit\u00e0 della riforma del Terzo Settore - Euricse\" \/>\n<meta property=\"og:description\" content=\"Un&#8217;occasione unica per avere un quadro chiaro delle opportunit\u00e0 offerte dalla riforma, ottenendo indicazioni utili per la sua applicazione pratica. Sono aperte le iscrizioni per il percorso di formazione &#8220;La riforma del Terzo Settore e dell&#8217;impresa sociale\u201d che inizier\u00e0 il 28 settembre a Milano proseguir\u00e0 a Verona, Roma, Napoli e si concluder\u00e0 a Trento il [&hellip;]\" \/>\n<meta property=\"og:url\" content=\"https:\/\/euricse.eu\/it\/un-tour-per-comprendere-tutte-le-opportunita-della-riforma-del-terzo-settore\/\" \/>\n<meta property=\"og:site_name\" content=\"Euricse\" \/>\n<meta property=\"article:published_time\" content=\"2017-08-25T08:32:28+00:00\" \/>\n<meta property=\"article:modified_time\" content=\"2017-09-13T12:43:29+00:00\" \/>\n<meta property=\"og:image\" content=\"https:\/\/euricse.eu\/wp-content\/uploads\/2017\/08\/Post_FB_Appuntamenti-1024x768.jpg\" \/>\n<meta name=\"author\" content=\"Silvia\" \/>\n<meta name=\"twitter:card\" content=\"summary_large_image\" \/>\n<meta name=\"twitter:label1\" content=\"Scritto da\" \/>\n\t<meta name=\"twitter:data1\" content=\"Silvia\" \/>\n\t<meta name=\"twitter:label2\" content=\"Tempo di lettura stimato\" \/>\n\t<meta name=\"twitter:data2\" content=\"1 minuto\" \/>\n<script type=\"application\/ld+json\" class=\"yoast-schema-graph\">{\"@context\":\"https:\/\/schema.org\",\"@graph\":[{\"@type\":\"WebPage\",\"@id\":\"https:\/\/euricse.eu\/it\/un-tour-per-comprendere-tutte-le-opportunita-della-riforma-del-terzo-settore\/\",\"url\":\"https:\/\/euricse.eu\/it\/un-tour-per-comprendere-tutte-le-opportunita-della-riforma-del-terzo-settore\/\",\"name\":\"Un tour per comprendere tutte le opportunit\u00e0 della riforma del Terzo Settore - Euricse\",\"isPartOf\":{\"@id\":\"https:\/\/euricse.eu\/en\/#website\"},\"primaryImageOfPage\":{\"@id\":\"https:\/\/euricse.eu\/it\/un-tour-per-comprendere-tutte-le-opportunita-della-riforma-del-terzo-settore\/#primaryimage\"},\"image\":{\"@id\":\"https:\/\/euricse.eu\/it\/un-tour-per-comprendere-tutte-le-opportunita-della-riforma-del-terzo-settore\/#primaryimage\"},\"thumbnailUrl\":\"https:\/\/euricse.eu\/wp-content\/uploads\/2017\/08\/Post_FB_Appuntamenti-1024x768.jpg\",\"datePublished\":\"2017-08-25T08:32:28+00:00\",\"dateModified\":\"2017-09-13T12:43:29+00:00\",\"author\":{\"@id\":\"https:\/\/euricse.eu\/en\/#\/schema\/person\/a5b25693531e3458dfedff34c273ba14\"},\"breadcrumb\":{\"@id\":\"https:\/\/euricse.eu\/it\/un-tour-per-comprendere-tutte-le-opportunita-della-riforma-del-terzo-settore\/#breadcrumb\"},\"inLanguage\":\"it-IT\",\"potentialAction\":[{\"@type\":\"ReadAction\",\"target\":[\"https:\/\/euricse.eu\/it\/un-tour-per-comprendere-tutte-le-opportunita-della-riforma-del-terzo-settore\/\"]}]},{\"@type\":\"ImageObject\",\"inLanguage\":\"it-IT\",\"@id\":\"https:\/\/euricse.eu\/it\/un-tour-per-comprendere-tutte-le-opportunita-della-riforma-del-terzo-settore\/#primaryimage\",\"url\":\"https:\/\/euricse.eu\/wp-content\/uploads\/2017\/08\/Post_FB_Appuntamenti-1024x768.jpg\",\"contentUrl\":\"https:\/\/euricse.eu\/wp-content\/uploads\/2017\/08\/Post_FB_Appuntamenti-1024x768.jpg\"},{\"@type\":\"BreadcrumbList\",\"@id\":\"https:\/\/euricse.eu\/it\/un-tour-per-comprendere-tutte-le-opportunita-della-riforma-del-terzo-settore\/#breadcrumb\",\"itemListElement\":[{\"@type\":\"ListItem\",\"position\":1,\"name\":\"Home\",\"item\":\"https:\/\/euricse.eu\/it\/\"},{\"@type\":\"ListItem\",\"position\":2,\"name\":\"Un tour per comprendere tutte le opportunit\u00e0 della riforma del Terzo Settore\"}]},{\"@type\":\"WebSite\",\"@id\":\"https:\/\/euricse.eu\/en\/#website\",\"url\":\"https:\/\/euricse.eu\/en\/\",\"name\":\"Euricse\",\"description\":\"Knowledge and innovation for cooperative and social enterprises.\",\"potentialAction\":[{\"@type\":\"SearchAction\",\"target\":{\"@type\":\"EntryPoint\",\"urlTemplate\":\"https:\/\/euricse.eu\/en\/?s={search_term_string}\"},\"query-input\":{\"@type\":\"PropertyValueSpecification\",\"valueRequired\":true,\"valueName\":\"search_term_string\"}}],\"inLanguage\":\"it-IT\"},{\"@type\":\"Person\",\"@id\":\"https:\/\/euricse.eu\/en\/#\/schema\/person\/a5b25693531e3458dfedff34c273ba14\",\"name\":\"Silvia\",\"image\":{\"@type\":\"ImageObject\",\"inLanguage\":\"it-IT\",\"@id\":\"https:\/\/euricse.eu\/en\/#\/schema\/person\/image\/\",\"url\":\"https:\/\/secure.gravatar.com\/avatar\/3cef1082b65edc85f1a4c0caa7ce4808f397a517b7217eab6215fe435640f8f7?s=96&d=mm&r=g\",\"contentUrl\":\"https:\/\/secure.gravatar.com\/avatar\/3cef1082b65edc85f1a4c0caa7ce4808f397a517b7217eab6215fe435640f8f7?s=96&d=mm&r=g\",\"caption\":\"Silvia\"},\"url\":\"https:\/\/euricse.eu\/it\/author\/silvia\/\"}]}<\/script>\n<!-- \/ Yoast SEO plugin. -->","yoast_head_json":{"title":"Un tour per comprendere tutte le opportunit\u00e0 della riforma del Terzo Settore - Euricse","robots":{"index":"index","follow":"follow","max-snippet":"max-snippet:-1","max-image-preview":"max-image-preview:large","max-video-preview":"max-video-preview:-1"},"canonical":"https:\/\/euricse.eu\/it\/un-tour-per-comprendere-tutte-le-opportunita-della-riforma-del-terzo-settore\/","og_locale":"it_IT","og_type":"article","og_title":"Un tour per comprendere tutte le opportunit\u00e0 della riforma del Terzo Settore - Euricse","og_description":"Un&#8217;occasione unica per avere un quadro chiaro delle opportunit\u00e0 offerte dalla riforma, ottenendo indicazioni utili per la sua applicazione pratica. Sono aperte le iscrizioni per il percorso di formazione &#8220;La riforma del Terzo Settore e dell&#8217;impresa sociale\u201d che inizier\u00e0 il 28 settembre a Milano proseguir\u00e0 a Verona, Roma, Napoli e si concluder\u00e0 a Trento il [&hellip;]","og_url":"https:\/\/euricse.eu\/it\/un-tour-per-comprendere-tutte-le-opportunita-della-riforma-del-terzo-settore\/","og_site_name":"Euricse","article_published_time":"2017-08-25T08:32:28+00:00","article_modified_time":"2017-09-13T12:43:29+00:00","og_image":[{"url":"https:\/\/euricse.eu\/wp-content\/uploads\/2017\/08\/Post_FB_Appuntamenti-1024x768.jpg","type":"","width":"","height":""}],"author":"Silvia","twitter_card":"summary_large_image","twitter_misc":{"Scritto da":"Silvia","Tempo di lettura stimato":"1 minuto"},"schema":{"@context":"https:\/\/schema.org","@graph":[{"@type":"WebPage","@id":"https:\/\/euricse.eu\/it\/un-tour-per-comprendere-tutte-le-opportunita-della-riforma-del-terzo-settore\/","url":"https:\/\/euricse.eu\/it\/un-tour-per-comprendere-tutte-le-opportunita-della-riforma-del-terzo-settore\/","name":"Un tour per comprendere tutte le opportunit\u00e0 della riforma del Terzo Settore - Euricse","isPartOf":{"@id":"https:\/\/euricse.eu\/en\/#website"},"primaryImageOfPage":{"@id":"https:\/\/euricse.eu\/it\/un-tour-per-comprendere-tutte-le-opportunita-della-riforma-del-terzo-settore\/#primaryimage"},"image":{"@id":"https:\/\/euricse.eu\/it\/un-tour-per-comprendere-tutte-le-opportunita-della-riforma-del-terzo-settore\/#primaryimage"},"thumbnailUrl":"https:\/\/euricse.eu\/wp-content\/uploads\/2017\/08\/Post_FB_Appuntamenti-1024x768.jpg","datePublished":"2017-08-25T08:32:28+00:00","dateModified":"2017-09-13T12:43:29+00:00","author":{"@id":"https:\/\/euricse.eu\/en\/#\/schema\/person\/a5b25693531e3458dfedff34c273ba14"},"breadcrumb":{"@id":"https:\/\/euricse.eu\/it\/un-tour-per-comprendere-tutte-le-opportunita-della-riforma-del-terzo-settore\/#breadcrumb"},"inLanguage":"it-IT","potentialAction":[{"@type":"ReadAction","target":["https:\/\/euricse.eu\/it\/un-tour-per-comprendere-tutte-le-opportunita-della-riforma-del-terzo-settore\/"]}]},{"@type":"ImageObject","inLanguage":"it-IT","@id":"https:\/\/euricse.eu\/it\/un-tour-per-comprendere-tutte-le-opportunita-della-riforma-del-terzo-settore\/#primaryimage","url":"https:\/\/euricse.eu\/wp-content\/uploads\/2017\/08\/Post_FB_Appuntamenti-1024x768.jpg","contentUrl":"https:\/\/euricse.eu\/wp-content\/uploads\/2017\/08\/Post_FB_Appuntamenti-1024x768.jpg"},{"@type":"BreadcrumbList","@id":"https:\/\/euricse.eu\/it\/un-tour-per-comprendere-tutte-le-opportunita-della-riforma-del-terzo-settore\/#breadcrumb","itemListElement":[{"@type":"ListItem","position":1,"name":"Home","item":"https:\/\/euricse.eu\/it\/"},{"@type":"ListItem","position":2,"name":"Un tour per comprendere tutte le opportunit\u00e0 della riforma del Terzo Settore"}]},{"@type":"WebSite","@id":"https:\/\/euricse.eu\/en\/#website","url":"https:\/\/euricse.eu\/en\/","name":"Euricse","description":"Knowledge and innovation for cooperative and social enterprises.","potentialAction":[{"@type":"SearchAction","target":{"@type":"EntryPoint","urlTemplate":"https:\/\/euricse.eu\/en\/?s={search_term_string}"},"query-input":{"@type":"PropertyValueSpecification","valueRequired":true,"valueName":"search_term_string"}}],"inLanguage":"it-IT"},{"@type":"Person","@id":"https:\/\/euricse.eu\/en\/#\/schema\/person\/a5b25693531e3458dfedff34c273ba14","name":"Silvia","image":{"@type":"ImageObject","inLanguage":"it-IT","@id":"https:\/\/euricse.eu\/en\/#\/schema\/person\/image\/","url":"https:\/\/secure.gravatar.com\/avatar\/3cef1082b65edc85f1a4c0caa7ce4808f397a517b7217eab6215fe435640f8f7?s=96&d=mm&r=g","contentUrl":"https:\/\/secure.gravatar.com\/avatar\/3cef1082b65edc85f1a4c0caa7ce4808f397a517b7217eab6215fe435640f8f7?s=96&d=mm&r=g","caption":"Silvia"},"url":"https:\/\/euricse.eu\/it\/author\/silvia\/"}]}},"_links":{"self":[{"href":"https:\/\/euricse.eu\/it\/wp-json\/wp\/v2\/posts\/5937","targetHints":{"allow":["GET"]}}],"collection":[{"href":"https:\/\/euricse.eu\/it\/wp-json\/wp\/v2\/posts"}],"about":[{"href":"https:\/\/euricse.eu\/it\/wp-json\/wp\/v2\/types\/post"}],"author":[{"embeddable":true,"href":"https:\/\/euricse.eu\/it\/wp-json\/wp\/v2\/users\/32"}],"replies":[{"embeddable":true,"href":"https:\/\/euricse.eu\/it\/wp-json\/wp\/v2\/comments?post=5937"}],"version-history":[{"count":0,"href":"https:\/\/euricse.eu\/it\/wp-json\/wp\/v2\/posts\/5937\/revisions"}],"wp:attachment":[{"href":"https:\/\/euricse.eu\/it\/wp-json\/wp\/v2\/media?parent=5937"}],"wp:term":[{"taxonomy":"category","embeddable":true,"href":"https:\/\/euricse.eu\/it\/wp-json\/wp\/v2\/categories?post=5937"},{"taxonomy":"post_tag","embeddable":true,"href":"https:\/\/euricse.eu\/it\/wp-json\/wp\/v2\/tags?post=5937"}],"curies":[{"name":"wp","href":"https:\/\/api.w.org\/{rel}","templated":true}]}}