{"id":5951,"date":"2017-08-25T09:55:27","date_gmt":"2017-08-25T08:55:27","guid":{"rendered":"https:\/\/euricse.staging.hgblu.com\/?p=5951"},"modified":"2017-08-25T09:55:46","modified_gmt":"2017-08-25T08:55:46","slug":"storiedistage-sara-marconi","status":"publish","type":"post","link":"https:\/\/euricse.eu\/it\/storiedistage-sara-marconi\/","title":{"rendered":"Storie di stage: Sara Marconi"},"content":{"rendered":"<blockquote><p><em>Il tirocinio mi sta dando l\u2019opportunit\u00e0 di accompagnare le Case del Quartiere nella complessa sfida della \u201cValutazione dell\u2019Impatto Sociale\u201d (V.I.S.), ovvero la misurazione degli effetti positivi generati dalla loro attivit\u00e0 sul territorio.<\/em><\/p><\/blockquote>\n<p>Nata e cresciuta a Roma, la \u201cCitt\u00e0 eterna\u201d, mi sono trasferita a Trento per conseguire nel 2016 la Laurea Magistrale in Metodologia, Organizzazione e Valutazione dei Servizi Sociali.<\/p>\n<p>Durante l\u2019universit\u00e0 ho svolto tante <strong>esperienze di volontariato e di tirocinio<\/strong>, ma una in particolare ha contribuito a formarmi: il periodo passato presso un bene confiscato alla camorra nella Provincia di Caserta, gestito da una cooperativa sociale che promuoveva servizi sociosanitari, inserimento lavorativo ed esperienze di welfare locale con il coinvolgimento di tutta la comunit\u00e0. Da allora ho iniziato a fantasticare su quello che, professionalmente, avrei voluto fare \u201cda grande\u201d.<!--more--><\/p>\n<p>Nel venire a conoscenza del Master GIS ho creduto che potesse rappresentare per me la strada migliore per emanciparmi dal tradizionale ruolo di assistente sociale e permettermi, invece, di occuparmi di temi come lo sviluppo di comunit\u00e0, il design partecipato dei servizi, la progettazione e la promozione di un welfare generativo.<\/p>\n<p>Non mi sbagliavo! al Master ho trovato un\u2019<strong>offerta didattica molto completa<\/strong>, grazie alla quale ho consolidato le mie conoscenze in ambito economico, giuridico, sociale e di management. Inoltre, la metodologia didattica (fondata su attivit\u00e0 laboratoriali e lavori di gruppo, oltre alle classiche docenze) mi ha consentito di dare valore all\u2019eterogeneit\u00e0 dell\u2019aula, scoprendo che lo scambio tra esperienze diverse pu\u00f2 favorire e arricchire molto l\u2019acquisizione di nuove abilit\u00e0.<img loading=\"lazy\" decoding=\"async\" class=\"alignright size-thumbnail wp-image-5953\" src=\"https:\/\/euricse.eu\/wp-content\/uploads\/2017\/08\/Sara-Marconi-368x400.jpg\" alt=\"Sara Marconi\" width=\"368\" height=\"400\" srcset=\"https:\/\/euricse.eu\/wp-content\/uploads\/2017\/08\/Sara-Marconi-368x400.jpg 368w, https:\/\/euricse.eu\/wp-content\/uploads\/2017\/08\/Sara-Marconi-276x300.jpg 276w, https:\/\/euricse.eu\/wp-content\/uploads\/2017\/08\/Sara-Marconi-16x16.jpg 16w, https:\/\/euricse.eu\/wp-content\/uploads\/2017\/08\/Sara-Marconi.jpg 430w\" sizes=\"auto, (max-width: 368px) 100vw, 368px\" \/><\/p>\n<p>Forte delle competenze acquisite al Master, ho deciso di svolgere il mio periodo di stage a Torino, presso l\u2019associazione \u201c<strong>Rete delle Case del Quartiere<\/strong>\u201d.<\/p>\n<p>La Rete \u00e8 composta da otto \u201cCase\u201d, tra loro molto diverse per organizzazione e dislocazione nella citt\u00e0; le \u201cCase\u201d sono per\u00f2 legate da un unico \u201cfil Rouge\u201d: sono tutte esperienze di riqualificazione di beni comuni precedentemente abbandonati o sottoutilizzati. Oggi le \u201cCase del quartiere\u201d si presentano come luoghi aperti alla cittadinanza e alle locali realt\u00e0 del terzo settore che, grazie ad un approccio partecipativo, animano questi spazi con una moltitudine di attivit\u00e0, servizi ed eventi. \u00c8 cos\u00ec che target diversissimi tra loro si ritrovano a vivere lo stesso spazio, dando luogo ad incontri generativi di prossimit\u00e0 e vicinanza, motore per l\u2019innovazione sociale del territorio.<\/p>\n<p>Il tirocinio mi sta dando l\u2019opportunit\u00e0 di <strong>accompagnare<\/strong> le Case del Quartiere nella complessa sfida della \u201cValutazione dell\u2019Impatto Sociale\u201d (V.I.S.), ovvero la misurazione degli effetti positivi generati dalla loro attivit\u00e0 sul territorio.<\/p>\n<p>Giorno dopo giorno sto ricevendo <strong>innumerevoli stimoli<\/strong> che arricchiscono il mio profilo professionale, sarei davvero felice di confrontarmi e condividere la mia esperienza con chi volesse contattarmi e, perch\u00e9 no, magari <strong>venite a Torino<\/strong> e organizziamo un bel tour delle Case!<\/p>\n<hr \/>\n<p>La rubrica \u201cStorie di stage\u201d \u00e8 stata creata per dare la possibilit\u00e0 ai corsisti del Master GIS di condividere le loro storie ed esperienze durante i periodi di tirocinio. Le iscrizioni per una nuova edizione del Master sono aperte. Per informazioni e iscrizioni visita la <a href=\"https:\/\/euricse.eu\/it\/training\/master-gis\/\">pagina dedicata<\/a> al corso.<\/p>\n<hr \/>\n<p>&nbsp;<\/p>\n","protected":false},"excerpt":{"rendered":"<p>Il tirocinio mi sta dando l\u2019opportunit\u00e0 di accompagnare le Case del Quartiere nella complessa sfida della \u201cValutazione dell\u2019Impatto Sociale\u201d (V.I.S.), ovvero la misurazione degli effetti positivi generati dalla loro attivit\u00e0 sul territorio. Nata e cresciuta a Roma, la \u201cCitt\u00e0 eterna\u201d, mi sono trasferita a Trento per conseguire nel 2016 la Laurea Magistrale in Metodologia, Organizzazione [&hellip;]<\/p>\n","protected":false},"author":32,"featured_media":5952,"comment_status":"open","ping_status":"closed","sticky":false,"template":"","format":"standard","meta":{"_acf_changed":false,"episode_type":"","audio_file":"","cover_image":"","cover_image_id":"","duration":"","filesize":"","date_recorded":"","explicit":"","block":"","itunes_episode_number":"","itunes_title":"","itunes_season_number":"","itunes_episode_type":"","filesize_raw":"","footnotes":""},"categories":[14],"tags":[292,430],"class_list":["post-5951","post","type-post","status-publish","format-standard","has-post-thumbnail","hentry","category-blog-it","tag-master-gis","tag-storie-di-stage"],"acf":[],"yoast_head":"<!-- This site is optimized with the Yoast SEO plugin v26.1.1 - https:\/\/yoast.com\/wordpress\/plugins\/seo\/ -->\n<title>Storie di stage: Sara Marconi - Euricse<\/title>\n<meta name=\"robots\" content=\"index, follow, max-snippet:-1, max-image-preview:large, max-video-preview:-1\" \/>\n<link rel=\"canonical\" href=\"https:\/\/euricse.eu\/it\/storiedistage-sara-marconi\/\" \/>\n<meta property=\"og:locale\" content=\"it_IT\" \/>\n<meta property=\"og:type\" content=\"article\" \/>\n<meta property=\"og:title\" content=\"Storie di stage: Sara Marconi - Euricse\" \/>\n<meta property=\"og:description\" content=\"Il tirocinio mi sta dando l\u2019opportunit\u00e0 di accompagnare le Case del Quartiere nella complessa sfida della \u201cValutazione dell\u2019Impatto Sociale\u201d (V.I.S.), ovvero la misurazione degli effetti positivi generati dalla loro attivit\u00e0 sul territorio. Nata e cresciuta a Roma, la \u201cCitt\u00e0 eterna\u201d, mi sono trasferita a Trento per conseguire nel 2016 la Laurea Magistrale in Metodologia, Organizzazione [&hellip;]\" \/>\n<meta property=\"og:url\" content=\"https:\/\/euricse.eu\/it\/storiedistage-sara-marconi\/\" \/>\n<meta property=\"og:site_name\" content=\"Euricse\" \/>\n<meta property=\"article:published_time\" content=\"2017-08-25T08:55:27+00:00\" \/>\n<meta property=\"article:modified_time\" content=\"2017-08-25T08:55:46+00:00\" \/>\n<meta property=\"og:image\" content=\"https:\/\/euricse.eu\/wp-content\/uploads\/2017\/08\/Case-del-Quartiere-2.jpg\" \/>\n\t<meta property=\"og:image:width\" content=\"688\" \/>\n\t<meta property=\"og:image:height\" content=\"453\" \/>\n\t<meta property=\"og:image:type\" content=\"image\/jpeg\" \/>\n<meta name=\"author\" content=\"Silvia\" \/>\n<meta name=\"twitter:card\" content=\"summary_large_image\" \/>\n<meta name=\"twitter:label1\" content=\"Scritto da\" \/>\n\t<meta name=\"twitter:data1\" content=\"Silvia\" \/>\n\t<meta name=\"twitter:label2\" content=\"Tempo di lettura stimato\" \/>\n\t<meta name=\"twitter:data2\" content=\"3 minuti\" \/>\n<script type=\"application\/ld+json\" class=\"yoast-schema-graph\">{\"@context\":\"https:\/\/schema.org\",\"@graph\":[{\"@type\":\"WebPage\",\"@id\":\"https:\/\/euricse.eu\/it\/storiedistage-sara-marconi\/\",\"url\":\"https:\/\/euricse.eu\/it\/storiedistage-sara-marconi\/\",\"name\":\"Storie di stage: Sara Marconi - Euricse\",\"isPartOf\":{\"@id\":\"https:\/\/euricse.eu\/en\/#website\"},\"primaryImageOfPage\":{\"@id\":\"https:\/\/euricse.eu\/it\/storiedistage-sara-marconi\/#primaryimage\"},\"image\":{\"@id\":\"https:\/\/euricse.eu\/it\/storiedistage-sara-marconi\/#primaryimage\"},\"thumbnailUrl\":\"https:\/\/euricse.eu\/wp-content\/uploads\/2017\/08\/Case-del-Quartiere-2.jpg\",\"datePublished\":\"2017-08-25T08:55:27+00:00\",\"dateModified\":\"2017-08-25T08:55:46+00:00\",\"author\":{\"@id\":\"https:\/\/euricse.eu\/en\/#\/schema\/person\/a5b25693531e3458dfedff34c273ba14\"},\"breadcrumb\":{\"@id\":\"https:\/\/euricse.eu\/it\/storiedistage-sara-marconi\/#breadcrumb\"},\"inLanguage\":\"it-IT\",\"potentialAction\":[{\"@type\":\"ReadAction\",\"target\":[\"https:\/\/euricse.eu\/it\/storiedistage-sara-marconi\/\"]}]},{\"@type\":\"ImageObject\",\"inLanguage\":\"it-IT\",\"@id\":\"https:\/\/euricse.eu\/it\/storiedistage-sara-marconi\/#primaryimage\",\"url\":\"https:\/\/euricse.eu\/wp-content\/uploads\/2017\/08\/Case-del-Quartiere-2.jpg\",\"contentUrl\":\"https:\/\/euricse.eu\/wp-content\/uploads\/2017\/08\/Case-del-Quartiere-2.jpg\",\"width\":688,\"height\":453},{\"@type\":\"BreadcrumbList\",\"@id\":\"https:\/\/euricse.eu\/it\/storiedistage-sara-marconi\/#breadcrumb\",\"itemListElement\":[{\"@type\":\"ListItem\",\"position\":1,\"name\":\"Home\",\"item\":\"https:\/\/euricse.eu\/it\/\"},{\"@type\":\"ListItem\",\"position\":2,\"name\":\"Storie di stage: Sara Marconi\"}]},{\"@type\":\"WebSite\",\"@id\":\"https:\/\/euricse.eu\/en\/#website\",\"url\":\"https:\/\/euricse.eu\/en\/\",\"name\":\"Euricse\",\"description\":\"Knowledge and innovation for cooperative and social enterprises.\",\"potentialAction\":[{\"@type\":\"SearchAction\",\"target\":{\"@type\":\"EntryPoint\",\"urlTemplate\":\"https:\/\/euricse.eu\/en\/?s={search_term_string}\"},\"query-input\":{\"@type\":\"PropertyValueSpecification\",\"valueRequired\":true,\"valueName\":\"search_term_string\"}}],\"inLanguage\":\"it-IT\"},{\"@type\":\"Person\",\"@id\":\"https:\/\/euricse.eu\/en\/#\/schema\/person\/a5b25693531e3458dfedff34c273ba14\",\"name\":\"Silvia\",\"image\":{\"@type\":\"ImageObject\",\"inLanguage\":\"it-IT\",\"@id\":\"https:\/\/euricse.eu\/en\/#\/schema\/person\/image\/\",\"url\":\"https:\/\/secure.gravatar.com\/avatar\/3cef1082b65edc85f1a4c0caa7ce4808f397a517b7217eab6215fe435640f8f7?s=96&d=mm&r=g\",\"contentUrl\":\"https:\/\/secure.gravatar.com\/avatar\/3cef1082b65edc85f1a4c0caa7ce4808f397a517b7217eab6215fe435640f8f7?s=96&d=mm&r=g\",\"caption\":\"Silvia\"},\"url\":\"https:\/\/euricse.eu\/it\/author\/silvia\/\"}]}<\/script>\n<!-- \/ Yoast SEO plugin. -->","yoast_head_json":{"title":"Storie di stage: Sara Marconi - Euricse","robots":{"index":"index","follow":"follow","max-snippet":"max-snippet:-1","max-image-preview":"max-image-preview:large","max-video-preview":"max-video-preview:-1"},"canonical":"https:\/\/euricse.eu\/it\/storiedistage-sara-marconi\/","og_locale":"it_IT","og_type":"article","og_title":"Storie di stage: Sara Marconi - Euricse","og_description":"Il tirocinio mi sta dando l\u2019opportunit\u00e0 di accompagnare le Case del Quartiere nella complessa sfida della \u201cValutazione dell\u2019Impatto Sociale\u201d (V.I.S.), ovvero la misurazione degli effetti positivi generati dalla loro attivit\u00e0 sul territorio. Nata e cresciuta a Roma, la \u201cCitt\u00e0 eterna\u201d, mi sono trasferita a Trento per conseguire nel 2016 la Laurea Magistrale in Metodologia, Organizzazione [&hellip;]","og_url":"https:\/\/euricse.eu\/it\/storiedistage-sara-marconi\/","og_site_name":"Euricse","article_published_time":"2017-08-25T08:55:27+00:00","article_modified_time":"2017-08-25T08:55:46+00:00","og_image":[{"width":688,"height":453,"url":"https:\/\/euricse.eu\/wp-content\/uploads\/2017\/08\/Case-del-Quartiere-2.jpg","type":"image\/jpeg"}],"author":"Silvia","twitter_card":"summary_large_image","twitter_misc":{"Scritto da":"Silvia","Tempo di lettura stimato":"3 minuti"},"schema":{"@context":"https:\/\/schema.org","@graph":[{"@type":"WebPage","@id":"https:\/\/euricse.eu\/it\/storiedistage-sara-marconi\/","url":"https:\/\/euricse.eu\/it\/storiedistage-sara-marconi\/","name":"Storie di stage: Sara Marconi - Euricse","isPartOf":{"@id":"https:\/\/euricse.eu\/en\/#website"},"primaryImageOfPage":{"@id":"https:\/\/euricse.eu\/it\/storiedistage-sara-marconi\/#primaryimage"},"image":{"@id":"https:\/\/euricse.eu\/it\/storiedistage-sara-marconi\/#primaryimage"},"thumbnailUrl":"https:\/\/euricse.eu\/wp-content\/uploads\/2017\/08\/Case-del-Quartiere-2.jpg","datePublished":"2017-08-25T08:55:27+00:00","dateModified":"2017-08-25T08:55:46+00:00","author":{"@id":"https:\/\/euricse.eu\/en\/#\/schema\/person\/a5b25693531e3458dfedff34c273ba14"},"breadcrumb":{"@id":"https:\/\/euricse.eu\/it\/storiedistage-sara-marconi\/#breadcrumb"},"inLanguage":"it-IT","potentialAction":[{"@type":"ReadAction","target":["https:\/\/euricse.eu\/it\/storiedistage-sara-marconi\/"]}]},{"@type":"ImageObject","inLanguage":"it-IT","@id":"https:\/\/euricse.eu\/it\/storiedistage-sara-marconi\/#primaryimage","url":"https:\/\/euricse.eu\/wp-content\/uploads\/2017\/08\/Case-del-Quartiere-2.jpg","contentUrl":"https:\/\/euricse.eu\/wp-content\/uploads\/2017\/08\/Case-del-Quartiere-2.jpg","width":688,"height":453},{"@type":"BreadcrumbList","@id":"https:\/\/euricse.eu\/it\/storiedistage-sara-marconi\/#breadcrumb","itemListElement":[{"@type":"ListItem","position":1,"name":"Home","item":"https:\/\/euricse.eu\/it\/"},{"@type":"ListItem","position":2,"name":"Storie di stage: Sara Marconi"}]},{"@type":"WebSite","@id":"https:\/\/euricse.eu\/en\/#website","url":"https:\/\/euricse.eu\/en\/","name":"Euricse","description":"Knowledge and innovation for cooperative and social enterprises.","potentialAction":[{"@type":"SearchAction","target":{"@type":"EntryPoint","urlTemplate":"https:\/\/euricse.eu\/en\/?s={search_term_string}"},"query-input":{"@type":"PropertyValueSpecification","valueRequired":true,"valueName":"search_term_string"}}],"inLanguage":"it-IT"},{"@type":"Person","@id":"https:\/\/euricse.eu\/en\/#\/schema\/person\/a5b25693531e3458dfedff34c273ba14","name":"Silvia","image":{"@type":"ImageObject","inLanguage":"it-IT","@id":"https:\/\/euricse.eu\/en\/#\/schema\/person\/image\/","url":"https:\/\/secure.gravatar.com\/avatar\/3cef1082b65edc85f1a4c0caa7ce4808f397a517b7217eab6215fe435640f8f7?s=96&d=mm&r=g","contentUrl":"https:\/\/secure.gravatar.com\/avatar\/3cef1082b65edc85f1a4c0caa7ce4808f397a517b7217eab6215fe435640f8f7?s=96&d=mm&r=g","caption":"Silvia"},"url":"https:\/\/euricse.eu\/it\/author\/silvia\/"}]}},"_links":{"self":[{"href":"https:\/\/euricse.eu\/it\/wp-json\/wp\/v2\/posts\/5951","targetHints":{"allow":["GET"]}}],"collection":[{"href":"https:\/\/euricse.eu\/it\/wp-json\/wp\/v2\/posts"}],"about":[{"href":"https:\/\/euricse.eu\/it\/wp-json\/wp\/v2\/types\/post"}],"author":[{"embeddable":true,"href":"https:\/\/euricse.eu\/it\/wp-json\/wp\/v2\/users\/32"}],"replies":[{"embeddable":true,"href":"https:\/\/euricse.eu\/it\/wp-json\/wp\/v2\/comments?post=5951"}],"version-history":[{"count":0,"href":"https:\/\/euricse.eu\/it\/wp-json\/wp\/v2\/posts\/5951\/revisions"}],"wp:featuredmedia":[{"embeddable":true,"href":"https:\/\/euricse.eu\/it\/wp-json\/wp\/v2\/media\/5952"}],"wp:attachment":[{"href":"https:\/\/euricse.eu\/it\/wp-json\/wp\/v2\/media?parent=5951"}],"wp:term":[{"taxonomy":"category","embeddable":true,"href":"https:\/\/euricse.eu\/it\/wp-json\/wp\/v2\/categories?post=5951"},{"taxonomy":"post_tag","embeddable":true,"href":"https:\/\/euricse.eu\/it\/wp-json\/wp\/v2\/tags?post=5951"}],"curies":[{"name":"wp","href":"https:\/\/api.w.org\/{rel}","templated":true}]}}