{"id":6007,"date":"2017-09-11T15:43:49","date_gmt":"2017-09-11T14:43:49","guid":{"rendered":"https:\/\/euricse.staging.hgblu.com\/?p=6007"},"modified":"2017-11-13T15:58:11","modified_gmt":"2017-11-13T15:58:11","slug":"formazione-dirigenti-welfare-e-innovazione","status":"publish","type":"post","link":"https:\/\/euricse.eu\/it\/formazione-dirigenti-welfare-e-innovazione\/","title":{"rendered":"Formazione dirigenti: Welfare e innovazione"},"content":{"rendered":"<p>Date: <strong>30 novembre-01 dicembre<\/strong> (docenza); <strong>14-15 dicembre<\/strong> (laboratorio).<\/p>\n<p>Sede: <strong>Bologna<\/strong>.<\/p>\n<p>Scadenza iscrizioni:<strong> 23 novembre<\/strong>.<\/p>\n<p>Nel modulo verranno discussi i fattori organizzativi e imprenditoriali su cui basare lo <strong>sviluppo di percorsi innovativi<\/strong> in grado di rispondere positivamente ai mutati scenari del welfare nazionale e locale. Si discuteranno le caratteristiche che possono assumere le dirigenze delle imprese sociali e del nonprofit per facilitare tali percorsi di innovazione.<!--more--><\/p>\n<p>L\u2019obiettivo \u00e8 capire come le strategie di impresa possono orientare l\u2019innovazione, operando una distinzione per riconoscere quali percorsi sono realmente sostenibili e innovativi, e quali invece sono \u201cretoriche dell\u2019innovazione\u201d che non generano sviluppo e non contribuiscono ad innovare i <strong>sistemi di welfare<\/strong>.<\/p>\n<p>Ci si chieder\u00e0 inoltre quale ruolo possono avere i beneficiari nella definizione dell\u2019innovazione e, in definitiva, in che modo \u00e8 possibile conciliare l\u2019innovazione con l\u2019identit\u00e0 e i valori della cooperazione e del nonprofit.<\/p>\n<p>Nelle quattro giornate del percorso saranno affrontati questi argomenti in chiave sia <strong>teorica che pratica<\/strong> attraverso la costruzione di progetti di sviluppo innovativi nei settori di intervento delle organizzazioni che parteciperanno al modulo. L\u2019idea \u00e8 di costruire una formazione laboratoriale in cui i temi non siano solo evocati ma vengano tradotti in pratiche utili alla gestione e alla crescita delle organizzazioni coinvolte. La metodologia didattica sar\u00e0 sostenuta da<strong> casi studio, interviste e filmati<\/strong> che permetteranno di vedere concretamente come si possono articolare i principi e i meccanismi portanti dell\u2019innovazione.<\/p>\n<h3><a href=\"https:\/\/docs.google.com\/a\/euricse.d.gummyindustries.com\/forms\/d\/e\/1FAIpQLScBT2uKB0vyuOP59y4vKDsdmNIYPQNXLdl8MCR1sbedcpKeQQ\/viewform\"><span style=\"color: #0000ff;\">Iscriviti!<\/span><\/a><br \/>\nPer informazioni o per conoscere altri moduli <span style=\"color: #0000ff;\"><a style=\"color: #0000ff;\" href=\"https:\/\/euricse.eu\/it\/training\/formazione-per-manager-di-imprese-sociali-e-organizzazioni-nonprofit\/\">visita la pagina del corso<\/a><\/span>.<\/h3>\n<h3>Conosci i nostri docenti:<\/h3>\n<p><strong><img loading=\"lazy\" decoding=\"async\" class=\"wp-image-1965 alignright\" src=\"https:\/\/euricse.eu\/wp-content\/uploads\/2015\/02\/fazzi-300x279.jpg\" alt=\"fazzi\" width=\"143\" height=\"133\" srcset=\"https:\/\/euricse.eu\/wp-content\/uploads\/2015\/02\/fazzi-300x279.jpg 300w, https:\/\/euricse.eu\/wp-content\/uploads\/2015\/02\/fazzi-430x400.jpg 430w, https:\/\/euricse.eu\/wp-content\/uploads\/2015\/02\/fazzi-16x16.jpg 16w, https:\/\/euricse.eu\/wp-content\/uploads\/2015\/02\/fazzi.jpg 774w\" sizes=\"auto, (max-width: 143px) 100vw, 143px\" \/>Luca Fazzi<\/strong>: consulente di impresa, esperto di organizzazione e processi innovativi, \u00e8 professore ordinario presso il Dipartimento di Sociologia e Ricerca Sociale dell\u2019Universit\u00e0 di Trento. Nella stessa Universit\u00e0 \u00e8 direttore del Master GIS \u2013 Master Universitario in Gestione di Imprese Sociali.<\/p>\n<p>&nbsp;<\/p>\n<p>&nbsp;<\/p>\n<hr \/>\n<p><strong>P<\/strong><img loading=\"lazy\" decoding=\"async\" class=\"wp-image-1116 alignright\" src=\"https:\/\/euricse.eu\/wp-content\/uploads\/2015\/02\/fontana_03-199x300.jpg\" alt=\"fontana_03\" width=\"131\" height=\"197\" srcset=\"https:\/\/euricse.eu\/wp-content\/uploads\/2015\/02\/fontana_03-199x300.jpg 199w, https:\/\/euricse.eu\/wp-content\/uploads\/2015\/02\/fontana_03-266x400.jpg 266w, https:\/\/euricse.eu\/wp-content\/uploads\/2015\/02\/fontana_03-680x1024.jpg 680w\" sizes=\"auto, (max-width: 131px) 100vw, 131px\" \/><strong>aolo Fontana<\/strong>: Coordina l\u2019area formazione di Euricse. Si occupa del \u201cMaster GIS \u2013 Master Universitario in Gestione di Imprese Sociali\u201d con particolare riferimento all\u2019organizzazione didattica, alla realizzazione e monitoraggio dei tirocini e alle attivit\u00e0 volte a favorire il placement dei corsisti. \u00c8 interessato ai temi dell\u2019innovazione e delle competenze per l\u2019imprenditorialit\u00e0 cooperativa e sociale.<\/p>\n<p>&nbsp;<\/p>\n<p>&nbsp;<\/p>\n<p>&nbsp;<\/p>\n<hr \/>\n<p><img loading=\"lazy\" decoding=\"async\" class=\"size-large wp-image-6012 aligncenter\" src=\"https:\/\/euricse.eu\/wp-content\/uploads\/2017\/09\/welfare-photo-1024x324.jpg\" alt=\"welfare photo\" width=\"1024\" height=\"324\" srcset=\"https:\/\/euricse.eu\/wp-content\/uploads\/2017\/09\/welfare-photo-1024x324.jpg 1024w, https:\/\/euricse.eu\/wp-content\/uploads\/2017\/09\/welfare-photo-670x212.jpg 670w, https:\/\/euricse.eu\/wp-content\/uploads\/2017\/09\/welfare-photo-300x95.jpg 300w, https:\/\/euricse.eu\/wp-content\/uploads\/2017\/09\/welfare-photo-768x243.jpg 768w\" sizes=\"auto, (max-width: 1024px) 100vw, 1024px\" \/><\/p>\n<p>&nbsp;<\/p>\n","protected":false},"excerpt":{"rendered":"<p>Date: 30 novembre-01 dicembre (docenza); 14-15 dicembre (laboratorio). Sede: Bologna. Scadenza iscrizioni: 23 novembre. Nel modulo verranno discussi i fattori organizzativi e imprenditoriali su cui basare lo sviluppo di percorsi innovativi in grado di rispondere positivamente ai mutati scenari del welfare nazionale e locale. Si discuteranno le caratteristiche che possono assumere le dirigenze delle imprese [&hellip;]<\/p>\n","protected":false},"author":32,"featured_media":6229,"comment_status":"open","ping_status":"closed","sticky":false,"template":"","format":"standard","meta":{"_acf_changed":false,"episode_type":"","audio_file":"","cover_image":"","cover_image_id":"","duration":"","filesize":"","date_recorded":"","explicit":"","block":"","itunes_episode_number":"","itunes_title":"","itunes_season_number":"","itunes_episode_type":"","filesize_raw":"","footnotes":""},"categories":[14,17],"tags":[65,246,264],"class_list":["post-6007","post","type-post","status-publish","format-standard","has-post-thumbnail","hentry","category-blog-it","category-news-it","tag-welfare","tag-innovazione-sociale","tag-formazione"],"acf":[],"yoast_head":"<!-- This site is optimized with the Yoast SEO plugin v26.1.1 - https:\/\/yoast.com\/wordpress\/plugins\/seo\/ -->\n<title>Formazione dirigenti: Welfare e innovazione - Euricse<\/title>\n<meta name=\"robots\" content=\"index, follow, max-snippet:-1, max-image-preview:large, max-video-preview:-1\" \/>\n<link rel=\"canonical\" href=\"https:\/\/euricse.eu\/it\/formazione-dirigenti-welfare-e-innovazione\/\" \/>\n<meta property=\"og:locale\" content=\"it_IT\" \/>\n<meta property=\"og:type\" content=\"article\" \/>\n<meta property=\"og:title\" content=\"Formazione dirigenti: Welfare e innovazione - Euricse\" \/>\n<meta property=\"og:description\" content=\"Date: 30 novembre-01 dicembre (docenza); 14-15 dicembre (laboratorio). Sede: Bologna. Scadenza iscrizioni: 23 novembre. Nel modulo verranno discussi i fattori organizzativi e imprenditoriali su cui basare lo sviluppo di percorsi innovativi in grado di rispondere positivamente ai mutati scenari del welfare nazionale e locale. Si discuteranno le caratteristiche che possono assumere le dirigenze delle imprese [&hellip;]\" \/>\n<meta property=\"og:url\" content=\"https:\/\/euricse.eu\/it\/formazione-dirigenti-welfare-e-innovazione\/\" \/>\n<meta property=\"og:site_name\" content=\"Euricse\" \/>\n<meta property=\"article:published_time\" content=\"2017-09-11T14:43:49+00:00\" \/>\n<meta property=\"article:modified_time\" content=\"2017-11-13T15:58:11+00:00\" \/>\n<meta property=\"og:image\" content=\"https:\/\/euricse.eu\/wp-content\/uploads\/2017\/09\/Euricse-FB-welfare.jpg\" \/>\n\t<meta property=\"og:image:width\" content=\"1200\" \/>\n\t<meta property=\"og:image:height\" content=\"628\" \/>\n\t<meta property=\"og:image:type\" content=\"image\/jpeg\" \/>\n<meta name=\"author\" content=\"Silvia\" \/>\n<meta name=\"twitter:card\" content=\"summary_large_image\" \/>\n<meta name=\"twitter:label1\" content=\"Scritto da\" \/>\n\t<meta name=\"twitter:data1\" content=\"Silvia\" \/>\n\t<meta name=\"twitter:label2\" content=\"Tempo di lettura stimato\" \/>\n\t<meta name=\"twitter:data2\" content=\"2 minuti\" \/>\n<script type=\"application\/ld+json\" class=\"yoast-schema-graph\">{\"@context\":\"https:\/\/schema.org\",\"@graph\":[{\"@type\":\"WebPage\",\"@id\":\"https:\/\/euricse.eu\/it\/formazione-dirigenti-welfare-e-innovazione\/\",\"url\":\"https:\/\/euricse.eu\/it\/formazione-dirigenti-welfare-e-innovazione\/\",\"name\":\"Formazione dirigenti: Welfare e innovazione - Euricse\",\"isPartOf\":{\"@id\":\"https:\/\/euricse.eu\/en\/#website\"},\"primaryImageOfPage\":{\"@id\":\"https:\/\/euricse.eu\/it\/formazione-dirigenti-welfare-e-innovazione\/#primaryimage\"},\"image\":{\"@id\":\"https:\/\/euricse.eu\/it\/formazione-dirigenti-welfare-e-innovazione\/#primaryimage\"},\"thumbnailUrl\":\"https:\/\/euricse.eu\/wp-content\/uploads\/2017\/09\/Euricse-FB-welfare.jpg\",\"datePublished\":\"2017-09-11T14:43:49+00:00\",\"dateModified\":\"2017-11-13T15:58:11+00:00\",\"author\":{\"@id\":\"https:\/\/euricse.eu\/en\/#\/schema\/person\/a5b25693531e3458dfedff34c273ba14\"},\"breadcrumb\":{\"@id\":\"https:\/\/euricse.eu\/it\/formazione-dirigenti-welfare-e-innovazione\/#breadcrumb\"},\"inLanguage\":\"it-IT\",\"potentialAction\":[{\"@type\":\"ReadAction\",\"target\":[\"https:\/\/euricse.eu\/it\/formazione-dirigenti-welfare-e-innovazione\/\"]}]},{\"@type\":\"ImageObject\",\"inLanguage\":\"it-IT\",\"@id\":\"https:\/\/euricse.eu\/it\/formazione-dirigenti-welfare-e-innovazione\/#primaryimage\",\"url\":\"https:\/\/euricse.eu\/wp-content\/uploads\/2017\/09\/Euricse-FB-welfare.jpg\",\"contentUrl\":\"https:\/\/euricse.eu\/wp-content\/uploads\/2017\/09\/Euricse-FB-welfare.jpg\",\"width\":1200,\"height\":628},{\"@type\":\"BreadcrumbList\",\"@id\":\"https:\/\/euricse.eu\/it\/formazione-dirigenti-welfare-e-innovazione\/#breadcrumb\",\"itemListElement\":[{\"@type\":\"ListItem\",\"position\":1,\"name\":\"Home\",\"item\":\"https:\/\/euricse.eu\/it\/\"},{\"@type\":\"ListItem\",\"position\":2,\"name\":\"Formazione dirigenti: Welfare e innovazione\"}]},{\"@type\":\"WebSite\",\"@id\":\"https:\/\/euricse.eu\/en\/#website\",\"url\":\"https:\/\/euricse.eu\/en\/\",\"name\":\"Euricse\",\"description\":\"Knowledge and innovation for cooperative and social enterprises.\",\"potentialAction\":[{\"@type\":\"SearchAction\",\"target\":{\"@type\":\"EntryPoint\",\"urlTemplate\":\"https:\/\/euricse.eu\/en\/?s={search_term_string}\"},\"query-input\":{\"@type\":\"PropertyValueSpecification\",\"valueRequired\":true,\"valueName\":\"search_term_string\"}}],\"inLanguage\":\"it-IT\"},{\"@type\":\"Person\",\"@id\":\"https:\/\/euricse.eu\/en\/#\/schema\/person\/a5b25693531e3458dfedff34c273ba14\",\"name\":\"Silvia\",\"image\":{\"@type\":\"ImageObject\",\"inLanguage\":\"it-IT\",\"@id\":\"https:\/\/euricse.eu\/en\/#\/schema\/person\/image\/\",\"url\":\"https:\/\/secure.gravatar.com\/avatar\/3cef1082b65edc85f1a4c0caa7ce4808f397a517b7217eab6215fe435640f8f7?s=96&d=mm&r=g\",\"contentUrl\":\"https:\/\/secure.gravatar.com\/avatar\/3cef1082b65edc85f1a4c0caa7ce4808f397a517b7217eab6215fe435640f8f7?s=96&d=mm&r=g\",\"caption\":\"Silvia\"},\"url\":\"https:\/\/euricse.eu\/it\/author\/silvia\/\"}]}<\/script>\n<!-- \/ Yoast SEO plugin. -->","yoast_head_json":{"title":"Formazione dirigenti: Welfare e innovazione - Euricse","robots":{"index":"index","follow":"follow","max-snippet":"max-snippet:-1","max-image-preview":"max-image-preview:large","max-video-preview":"max-video-preview:-1"},"canonical":"https:\/\/euricse.eu\/it\/formazione-dirigenti-welfare-e-innovazione\/","og_locale":"it_IT","og_type":"article","og_title":"Formazione dirigenti: Welfare e innovazione - Euricse","og_description":"Date: 30 novembre-01 dicembre (docenza); 14-15 dicembre (laboratorio). Sede: Bologna. Scadenza iscrizioni: 23 novembre. Nel modulo verranno discussi i fattori organizzativi e imprenditoriali su cui basare lo sviluppo di percorsi innovativi in grado di rispondere positivamente ai mutati scenari del welfare nazionale e locale. Si discuteranno le caratteristiche che possono assumere le dirigenze delle imprese [&hellip;]","og_url":"https:\/\/euricse.eu\/it\/formazione-dirigenti-welfare-e-innovazione\/","og_site_name":"Euricse","article_published_time":"2017-09-11T14:43:49+00:00","article_modified_time":"2017-11-13T15:58:11+00:00","og_image":[{"width":1200,"height":628,"url":"https:\/\/euricse.eu\/wp-content\/uploads\/2017\/09\/Euricse-FB-welfare.jpg","type":"image\/jpeg"}],"author":"Silvia","twitter_card":"summary_large_image","twitter_misc":{"Scritto da":"Silvia","Tempo di lettura stimato":"2 minuti"},"schema":{"@context":"https:\/\/schema.org","@graph":[{"@type":"WebPage","@id":"https:\/\/euricse.eu\/it\/formazione-dirigenti-welfare-e-innovazione\/","url":"https:\/\/euricse.eu\/it\/formazione-dirigenti-welfare-e-innovazione\/","name":"Formazione dirigenti: Welfare e innovazione - Euricse","isPartOf":{"@id":"https:\/\/euricse.eu\/en\/#website"},"primaryImageOfPage":{"@id":"https:\/\/euricse.eu\/it\/formazione-dirigenti-welfare-e-innovazione\/#primaryimage"},"image":{"@id":"https:\/\/euricse.eu\/it\/formazione-dirigenti-welfare-e-innovazione\/#primaryimage"},"thumbnailUrl":"https:\/\/euricse.eu\/wp-content\/uploads\/2017\/09\/Euricse-FB-welfare.jpg","datePublished":"2017-09-11T14:43:49+00:00","dateModified":"2017-11-13T15:58:11+00:00","author":{"@id":"https:\/\/euricse.eu\/en\/#\/schema\/person\/a5b25693531e3458dfedff34c273ba14"},"breadcrumb":{"@id":"https:\/\/euricse.eu\/it\/formazione-dirigenti-welfare-e-innovazione\/#breadcrumb"},"inLanguage":"it-IT","potentialAction":[{"@type":"ReadAction","target":["https:\/\/euricse.eu\/it\/formazione-dirigenti-welfare-e-innovazione\/"]}]},{"@type":"ImageObject","inLanguage":"it-IT","@id":"https:\/\/euricse.eu\/it\/formazione-dirigenti-welfare-e-innovazione\/#primaryimage","url":"https:\/\/euricse.eu\/wp-content\/uploads\/2017\/09\/Euricse-FB-welfare.jpg","contentUrl":"https:\/\/euricse.eu\/wp-content\/uploads\/2017\/09\/Euricse-FB-welfare.jpg","width":1200,"height":628},{"@type":"BreadcrumbList","@id":"https:\/\/euricse.eu\/it\/formazione-dirigenti-welfare-e-innovazione\/#breadcrumb","itemListElement":[{"@type":"ListItem","position":1,"name":"Home","item":"https:\/\/euricse.eu\/it\/"},{"@type":"ListItem","position":2,"name":"Formazione dirigenti: Welfare e innovazione"}]},{"@type":"WebSite","@id":"https:\/\/euricse.eu\/en\/#website","url":"https:\/\/euricse.eu\/en\/","name":"Euricse","description":"Knowledge and innovation for cooperative and social enterprises.","potentialAction":[{"@type":"SearchAction","target":{"@type":"EntryPoint","urlTemplate":"https:\/\/euricse.eu\/en\/?s={search_term_string}"},"query-input":{"@type":"PropertyValueSpecification","valueRequired":true,"valueName":"search_term_string"}}],"inLanguage":"it-IT"},{"@type":"Person","@id":"https:\/\/euricse.eu\/en\/#\/schema\/person\/a5b25693531e3458dfedff34c273ba14","name":"Silvia","image":{"@type":"ImageObject","inLanguage":"it-IT","@id":"https:\/\/euricse.eu\/en\/#\/schema\/person\/image\/","url":"https:\/\/secure.gravatar.com\/avatar\/3cef1082b65edc85f1a4c0caa7ce4808f397a517b7217eab6215fe435640f8f7?s=96&d=mm&r=g","contentUrl":"https:\/\/secure.gravatar.com\/avatar\/3cef1082b65edc85f1a4c0caa7ce4808f397a517b7217eab6215fe435640f8f7?s=96&d=mm&r=g","caption":"Silvia"},"url":"https:\/\/euricse.eu\/it\/author\/silvia\/"}]}},"_links":{"self":[{"href":"https:\/\/euricse.eu\/it\/wp-json\/wp\/v2\/posts\/6007","targetHints":{"allow":["GET"]}}],"collection":[{"href":"https:\/\/euricse.eu\/it\/wp-json\/wp\/v2\/posts"}],"about":[{"href":"https:\/\/euricse.eu\/it\/wp-json\/wp\/v2\/types\/post"}],"author":[{"embeddable":true,"href":"https:\/\/euricse.eu\/it\/wp-json\/wp\/v2\/users\/32"}],"replies":[{"embeddable":true,"href":"https:\/\/euricse.eu\/it\/wp-json\/wp\/v2\/comments?post=6007"}],"version-history":[{"count":0,"href":"https:\/\/euricse.eu\/it\/wp-json\/wp\/v2\/posts\/6007\/revisions"}],"wp:featuredmedia":[{"embeddable":true,"href":"https:\/\/euricse.eu\/it\/wp-json\/wp\/v2\/media\/6229"}],"wp:attachment":[{"href":"https:\/\/euricse.eu\/it\/wp-json\/wp\/v2\/media?parent=6007"}],"wp:term":[{"taxonomy":"category","embeddable":true,"href":"https:\/\/euricse.eu\/it\/wp-json\/wp\/v2\/categories?post=6007"},{"taxonomy":"post_tag","embeddable":true,"href":"https:\/\/euricse.eu\/it\/wp-json\/wp\/v2\/tags?post=6007"}],"curies":[{"name":"wp","href":"https:\/\/api.w.org\/{rel}","templated":true}]}}