{"id":6016,"date":"2017-09-10T13:41:57","date_gmt":"2017-09-10T12:41:57","guid":{"rendered":"https:\/\/euricse.staging.hgblu.com\/?p=6016"},"modified":"2017-10-12T11:45:59","modified_gmt":"2017-10-12T10:45:59","slug":"formazione-dirigenti-comunita-e-impresa","status":"publish","type":"post","link":"https:\/\/euricse.eu\/it\/formazione-dirigenti-comunita-e-impresa\/","title":{"rendered":"Formazione dirigenti: Comunit\u00e0 e impresa"},"content":{"rendered":"<p>Date: <strong>26-27 ottobre<\/strong> (docenza); <strong>09-10 novembre<\/strong> (laboratorio).<\/p>\n<p>Sede: <strong>Milano<\/strong><\/p>\n<p>Scadenza iscrizioni: <strong>19 ottobre<\/strong><\/p>\n<p>Impresa e comunit\u00e0 \u00e8 un binomio classico nell\u2019economia, italiana in particolare. Intraprendere nel nostro Paese \u00e8 spesso<strong> l\u2019esito di un\u2019azione collettiva<\/strong> (grazie al mutualismo cooperativo), di un family business piuttosto che di una rete organizzata in distretto. Ma questo grande classico, parafrasando il nobel Bob Dylan, chiede di essere rivisitato. Occorre guardare alla stratificazione sociale post crisi, ai<strong> nuovi modelli di produzione e di consumo<\/strong>, alle culture profonde che alimentano risorse fiduciarie e coesione sociale. <!--more-->In questo senso i modelli di gestione e governance d\u2019impresa, a maggior ragione se a finalit\u00e0 sociale, sono chiamati a fare un salto di qualit\u00e0 nel<strong> saper fare spazio alla comunit\u00e0 come stakeholder<\/strong>. Nel corso degli ultimi decenni, infatti, le comunit\u00e0 sono diventate, esse stesse, pi\u00f9 intraprendenti, capaci cio\u00e8 non solo di aggregarsi per finalit\u00e0 di advocacy (protesta, tutela), ma di dotarsi di propri veicoli imprenditoriali per arricchire l\u2019offerta di beni e servizi di interesse collettivo. Un\u2019offerta che scaturisce dai sempre pi\u00f9 evidenti fallimenti dello Stato e del mercato, ma soprattutto da bisogni, aspirazioni e risorse che ridefiniscono il \u201cpaniere\u201d di ci\u00f2 che, soprattutto a livello locale, viene concretamente definito come \u201cbene comune\u201d.<\/p>\n<p>Il corso proporr\u00e0 una rassegna aggiornata sui<strong> processi generativi e di riorganizzazione<\/strong> interna legati a modelli d\u2019impresa che, secondo diverse declinazioni, mettono al centro del loro operato la comunit\u00e0. Non semplicemente come beneficiaria, magari indiretta, delle propria attivit\u00e0, ma come vero e proprio<strong> fattore di produzione e organo di governo<\/strong> dell\u2019impresa. Durante il percorso le conoscenze acquisite verranno testate attraverso un project work che metter\u00e0 alla prova il \u201cvalore aggiunto comunitario\u201d nei progetti d\u2019impresa sociale.<\/p>\n<h3><a href=\"https:\/\/docs.google.com\/a\/euricse.d.gummyindustries.com\/forms\/d\/e\/1FAIpQLScBT2uKB0vyuOP59y4vKDsdmNIYPQNXLdl8MCR1sbedcpKeQQ\/viewform\"><span style=\"color: #0000ff;\">Iscriviti!<\/span><\/a><\/h3>\n<h3>Per informazioni o per conoscere altri moduli visita<span style=\"color: #0000ff;\"><a style=\"color: #0000ff;\" href=\"https:\/\/euricse.eu\/it\/training\/la-riforma-del-terzo-settore-e-dellimpresa-sociale\/\"> la pagina del corso<\/a><\/span>.<\/h3>\n<h3>Conosci i nostri docenti:<\/h3>\n<p><img loading=\"lazy\" decoding=\"async\" class=\"alignright wp-image-5225 size-medium\" src=\"https:\/\/euricse.eu\/wp-content\/uploads\/2017\/01\/Borzaga10-300x199.jpg\" width=\"300\" height=\"199\" srcset=\"https:\/\/euricse.eu\/wp-content\/uploads\/2017\/01\/Borzaga10-300x199.jpg 300w, https:\/\/euricse.eu\/wp-content\/uploads\/2017\/01\/Borzaga10.jpg 500w\" sizes=\"auto, (max-width: 300px) 100vw, 300px\" \/><\/p>\n<p><strong>Carlo Borzaga<\/strong>: Professore ordinario di Politica economica, presso il Dipartimento di Sociologia e Ricerca Sociale dell\u2019Universit\u00e0 degli Studi di Trento. I suoi interessi di ricerca principali sono il mercato del lavoro, l\u2019analisi economica delle organizzazioni nonprofit e delle imprese sociali, delle cooperative in generale e, in particolare, delle cooperative sociali e dell\u2019evoluzione di queste forme organizzative a livello internazionale e, in particolare, europeo. Si occupa anche di sistemi di welfare e dell\u2019organizzazione dell\u2019offerta di servizi sociali e sanitari. Dal 2008 \u00e8 Presidente di Euricse &#8211; European Research Institute on Cooperative and Social Enterprises. \u00c8 stato tra i fondatori del network europeo EMES (Emergence of Social Enterprises) e ha contribuito a fondare e presieduto Iris Network (il network italiano delle istituzioni di ricerca che si occupano di impresa sociale).<\/p>\n<hr \/>\n<p><strong>Flaviano Zandonai<\/strong>: Ricercatore presso Euricse. Laureato in Sociologia, ha lavorato per oltre un decennio nei consorzi della cooperazione sociale italiana. \u00c8 inoltre segretario di Iris Network, la rete italiana degli istituti di ricerca sull\u2019impresa sociale. I suoi interessi di ricerca riguardano la specificit\u00e0 del fenomeno della cooperazione sociale italiana, g<img loading=\"lazy\" decoding=\"async\" class=\"size-medium wp-image-1130 alignright\" src=\"https:\/\/euricse.eu\/wp-content\/uploads\/2015\/03\/Zandonai-300x199.jpg\" alt=\"Zandonai\" width=\"300\" height=\"199\" srcset=\"https:\/\/euricse.eu\/wp-content\/uploads\/2015\/03\/Zandonai-300x199.jpg 300w, https:\/\/euricse.eu\/wp-content\/uploads\/2015\/03\/Zandonai-602x400.jpg 602w, https:\/\/euricse.eu\/wp-content\/uploads\/2015\/03\/Zandonai-1024x680.jpg 1024w\" sizes=\"auto, (max-width: 300px) 100vw, 300px\" \/>li studi sulla rigenerazione degli asset comunitari e le forme di finanziamento all\u2019impresa sociale. Oltre ad occuparsi di ricerca, ha una consolidata esperienza come formatore.<\/p>\n<p>&nbsp;<\/p>\n<p>&nbsp;<\/p>\n<p>&nbsp;<\/p>\n<p>&nbsp;<\/p>\n<hr \/>\n<p><img loading=\"lazy\" decoding=\"async\" class=\"size-large wp-image-6021 aligncenter\" src=\"https:\/\/euricse.eu\/wp-content\/uploads\/2017\/09\/comunit\u00e0-photo-1-1024x324.jpg\" alt=\"comunit\u00e0 photo\" width=\"1024\" height=\"324\" srcset=\"https:\/\/euricse.eu\/wp-content\/uploads\/2017\/09\/comunit\u00e0-photo-1-1024x324.jpg 1024w, https:\/\/euricse.eu\/wp-content\/uploads\/2017\/09\/comunit\u00e0-photo-1-670x212.jpg 670w, https:\/\/euricse.eu\/wp-content\/uploads\/2017\/09\/comunit\u00e0-photo-1-300x95.jpg 300w, https:\/\/euricse.eu\/wp-content\/uploads\/2017\/09\/comunit\u00e0-photo-1-768x243.jpg 768w\" sizes=\"auto, (max-width: 1024px) 100vw, 1024px\" \/><\/p>\n","protected":false},"excerpt":{"rendered":"<p>Date: 26-27 ottobre (docenza); 09-10 novembre (laboratorio). Sede: Milano Scadenza iscrizioni: 19 ottobre Impresa e comunit\u00e0 \u00e8 un binomio classico nell\u2019economia, italiana in particolare. Intraprendere nel nostro Paese \u00e8 spesso l\u2019esito di un\u2019azione collettiva (grazie al mutualismo cooperativo), di un family business piuttosto che di una rete organizzata in distretto. Ma questo grande classico, parafrasando [&hellip;]<\/p>\n","protected":false},"author":32,"featured_media":6085,"comment_status":"open","ping_status":"closed","sticky":false,"template":"","format":"standard","meta":{"_acf_changed":false,"episode_type":"","audio_file":"","cover_image":"","cover_image_id":"","duration":"","filesize":"","date_recorded":"","explicit":"","block":"","itunes_episode_number":"","itunes_title":"","itunes_season_number":"","itunes_episode_type":"","filesize_raw":"","footnotes":""},"categories":[14,17],"tags":[264,281],"class_list":["post-6016","post","type-post","status-publish","format-standard","has-post-thumbnail","hentry","category-blog-it","category-news-it","tag-formazione","tag-comunita"],"acf":[],"yoast_head":"<!-- This site is optimized with the Yoast SEO plugin v26.1.1 - https:\/\/yoast.com\/wordpress\/plugins\/seo\/ -->\n<title>Formazione dirigenti: Comunit\u00e0 e impresa - Euricse<\/title>\n<meta name=\"robots\" content=\"index, follow, max-snippet:-1, max-image-preview:large, max-video-preview:-1\" \/>\n<link rel=\"canonical\" href=\"https:\/\/euricse.eu\/it\/formazione-dirigenti-comunita-e-impresa\/\" \/>\n<meta property=\"og:locale\" content=\"it_IT\" \/>\n<meta property=\"og:type\" content=\"article\" \/>\n<meta property=\"og:title\" content=\"Formazione dirigenti: Comunit\u00e0 e impresa - Euricse\" \/>\n<meta property=\"og:description\" content=\"Date: 26-27 ottobre (docenza); 09-10 novembre (laboratorio). Sede: Milano Scadenza iscrizioni: 19 ottobre Impresa e comunit\u00e0 \u00e8 un binomio classico nell\u2019economia, italiana in particolare. Intraprendere nel nostro Paese \u00e8 spesso l\u2019esito di un\u2019azione collettiva (grazie al mutualismo cooperativo), di un family business piuttosto che di una rete organizzata in distretto. Ma questo grande classico, parafrasando [&hellip;]\" \/>\n<meta property=\"og:url\" content=\"https:\/\/euricse.eu\/it\/formazione-dirigenti-comunita-e-impresa\/\" \/>\n<meta property=\"og:site_name\" content=\"Euricse\" \/>\n<meta property=\"article:published_time\" content=\"2017-09-10T12:41:57+00:00\" \/>\n<meta property=\"article:modified_time\" content=\"2017-10-12T10:45:59+00:00\" \/>\n<meta property=\"og:image\" content=\"https:\/\/euricse.eu\/wp-content\/uploads\/2017\/09\/Euricse-FB-comunita.jpg\" \/>\n\t<meta property=\"og:image:width\" content=\"1200\" \/>\n\t<meta property=\"og:image:height\" content=\"628\" \/>\n\t<meta property=\"og:image:type\" content=\"image\/jpeg\" \/>\n<meta name=\"author\" content=\"Silvia\" \/>\n<meta name=\"twitter:card\" content=\"summary_large_image\" \/>\n<meta name=\"twitter:label1\" content=\"Scritto da\" \/>\n\t<meta name=\"twitter:data1\" content=\"Silvia\" \/>\n\t<meta name=\"twitter:label2\" content=\"Tempo di lettura stimato\" \/>\n\t<meta name=\"twitter:data2\" content=\"3 minuti\" \/>\n<script type=\"application\/ld+json\" class=\"yoast-schema-graph\">{\"@context\":\"https:\/\/schema.org\",\"@graph\":[{\"@type\":\"WebPage\",\"@id\":\"https:\/\/euricse.eu\/it\/formazione-dirigenti-comunita-e-impresa\/\",\"url\":\"https:\/\/euricse.eu\/it\/formazione-dirigenti-comunita-e-impresa\/\",\"name\":\"Formazione dirigenti: Comunit\u00e0 e impresa - Euricse\",\"isPartOf\":{\"@id\":\"https:\/\/euricse.eu\/en\/#website\"},\"primaryImageOfPage\":{\"@id\":\"https:\/\/euricse.eu\/it\/formazione-dirigenti-comunita-e-impresa\/#primaryimage\"},\"image\":{\"@id\":\"https:\/\/euricse.eu\/it\/formazione-dirigenti-comunita-e-impresa\/#primaryimage\"},\"thumbnailUrl\":\"https:\/\/euricse.eu\/wp-content\/uploads\/2017\/09\/Euricse-FB-comunita.jpg\",\"datePublished\":\"2017-09-10T12:41:57+00:00\",\"dateModified\":\"2017-10-12T10:45:59+00:00\",\"author\":{\"@id\":\"https:\/\/euricse.eu\/en\/#\/schema\/person\/a5b25693531e3458dfedff34c273ba14\"},\"breadcrumb\":{\"@id\":\"https:\/\/euricse.eu\/it\/formazione-dirigenti-comunita-e-impresa\/#breadcrumb\"},\"inLanguage\":\"it-IT\",\"potentialAction\":[{\"@type\":\"ReadAction\",\"target\":[\"https:\/\/euricse.eu\/it\/formazione-dirigenti-comunita-e-impresa\/\"]}]},{\"@type\":\"ImageObject\",\"inLanguage\":\"it-IT\",\"@id\":\"https:\/\/euricse.eu\/it\/formazione-dirigenti-comunita-e-impresa\/#primaryimage\",\"url\":\"https:\/\/euricse.eu\/wp-content\/uploads\/2017\/09\/Euricse-FB-comunita.jpg\",\"contentUrl\":\"https:\/\/euricse.eu\/wp-content\/uploads\/2017\/09\/Euricse-FB-comunita.jpg\",\"width\":1200,\"height\":628},{\"@type\":\"BreadcrumbList\",\"@id\":\"https:\/\/euricse.eu\/it\/formazione-dirigenti-comunita-e-impresa\/#breadcrumb\",\"itemListElement\":[{\"@type\":\"ListItem\",\"position\":1,\"name\":\"Home\",\"item\":\"https:\/\/euricse.eu\/it\/\"},{\"@type\":\"ListItem\",\"position\":2,\"name\":\"Formazione dirigenti: Comunit\u00e0 e impresa\"}]},{\"@type\":\"WebSite\",\"@id\":\"https:\/\/euricse.eu\/en\/#website\",\"url\":\"https:\/\/euricse.eu\/en\/\",\"name\":\"Euricse\",\"description\":\"Knowledge and innovation for cooperative and social enterprises.\",\"potentialAction\":[{\"@type\":\"SearchAction\",\"target\":{\"@type\":\"EntryPoint\",\"urlTemplate\":\"https:\/\/euricse.eu\/en\/?s={search_term_string}\"},\"query-input\":{\"@type\":\"PropertyValueSpecification\",\"valueRequired\":true,\"valueName\":\"search_term_string\"}}],\"inLanguage\":\"it-IT\"},{\"@type\":\"Person\",\"@id\":\"https:\/\/euricse.eu\/en\/#\/schema\/person\/a5b25693531e3458dfedff34c273ba14\",\"name\":\"Silvia\",\"image\":{\"@type\":\"ImageObject\",\"inLanguage\":\"it-IT\",\"@id\":\"https:\/\/euricse.eu\/en\/#\/schema\/person\/image\/\",\"url\":\"https:\/\/secure.gravatar.com\/avatar\/3cef1082b65edc85f1a4c0caa7ce4808f397a517b7217eab6215fe435640f8f7?s=96&d=mm&r=g\",\"contentUrl\":\"https:\/\/secure.gravatar.com\/avatar\/3cef1082b65edc85f1a4c0caa7ce4808f397a517b7217eab6215fe435640f8f7?s=96&d=mm&r=g\",\"caption\":\"Silvia\"},\"url\":\"https:\/\/euricse.eu\/it\/author\/silvia\/\"}]}<\/script>\n<!-- \/ Yoast SEO plugin. -->","yoast_head_json":{"title":"Formazione dirigenti: Comunit\u00e0 e impresa - Euricse","robots":{"index":"index","follow":"follow","max-snippet":"max-snippet:-1","max-image-preview":"max-image-preview:large","max-video-preview":"max-video-preview:-1"},"canonical":"https:\/\/euricse.eu\/it\/formazione-dirigenti-comunita-e-impresa\/","og_locale":"it_IT","og_type":"article","og_title":"Formazione dirigenti: Comunit\u00e0 e impresa - Euricse","og_description":"Date: 26-27 ottobre (docenza); 09-10 novembre (laboratorio). Sede: Milano Scadenza iscrizioni: 19 ottobre Impresa e comunit\u00e0 \u00e8 un binomio classico nell\u2019economia, italiana in particolare. Intraprendere nel nostro Paese \u00e8 spesso l\u2019esito di un\u2019azione collettiva (grazie al mutualismo cooperativo), di un family business piuttosto che di una rete organizzata in distretto. Ma questo grande classico, parafrasando [&hellip;]","og_url":"https:\/\/euricse.eu\/it\/formazione-dirigenti-comunita-e-impresa\/","og_site_name":"Euricse","article_published_time":"2017-09-10T12:41:57+00:00","article_modified_time":"2017-10-12T10:45:59+00:00","og_image":[{"width":1200,"height":628,"url":"https:\/\/euricse.eu\/wp-content\/uploads\/2017\/09\/Euricse-FB-comunita.jpg","type":"image\/jpeg"}],"author":"Silvia","twitter_card":"summary_large_image","twitter_misc":{"Scritto da":"Silvia","Tempo di lettura stimato":"3 minuti"},"schema":{"@context":"https:\/\/schema.org","@graph":[{"@type":"WebPage","@id":"https:\/\/euricse.eu\/it\/formazione-dirigenti-comunita-e-impresa\/","url":"https:\/\/euricse.eu\/it\/formazione-dirigenti-comunita-e-impresa\/","name":"Formazione dirigenti: Comunit\u00e0 e impresa - Euricse","isPartOf":{"@id":"https:\/\/euricse.eu\/en\/#website"},"primaryImageOfPage":{"@id":"https:\/\/euricse.eu\/it\/formazione-dirigenti-comunita-e-impresa\/#primaryimage"},"image":{"@id":"https:\/\/euricse.eu\/it\/formazione-dirigenti-comunita-e-impresa\/#primaryimage"},"thumbnailUrl":"https:\/\/euricse.eu\/wp-content\/uploads\/2017\/09\/Euricse-FB-comunita.jpg","datePublished":"2017-09-10T12:41:57+00:00","dateModified":"2017-10-12T10:45:59+00:00","author":{"@id":"https:\/\/euricse.eu\/en\/#\/schema\/person\/a5b25693531e3458dfedff34c273ba14"},"breadcrumb":{"@id":"https:\/\/euricse.eu\/it\/formazione-dirigenti-comunita-e-impresa\/#breadcrumb"},"inLanguage":"it-IT","potentialAction":[{"@type":"ReadAction","target":["https:\/\/euricse.eu\/it\/formazione-dirigenti-comunita-e-impresa\/"]}]},{"@type":"ImageObject","inLanguage":"it-IT","@id":"https:\/\/euricse.eu\/it\/formazione-dirigenti-comunita-e-impresa\/#primaryimage","url":"https:\/\/euricse.eu\/wp-content\/uploads\/2017\/09\/Euricse-FB-comunita.jpg","contentUrl":"https:\/\/euricse.eu\/wp-content\/uploads\/2017\/09\/Euricse-FB-comunita.jpg","width":1200,"height":628},{"@type":"BreadcrumbList","@id":"https:\/\/euricse.eu\/it\/formazione-dirigenti-comunita-e-impresa\/#breadcrumb","itemListElement":[{"@type":"ListItem","position":1,"name":"Home","item":"https:\/\/euricse.eu\/it\/"},{"@type":"ListItem","position":2,"name":"Formazione dirigenti: Comunit\u00e0 e impresa"}]},{"@type":"WebSite","@id":"https:\/\/euricse.eu\/en\/#website","url":"https:\/\/euricse.eu\/en\/","name":"Euricse","description":"Knowledge and innovation for cooperative and social enterprises.","potentialAction":[{"@type":"SearchAction","target":{"@type":"EntryPoint","urlTemplate":"https:\/\/euricse.eu\/en\/?s={search_term_string}"},"query-input":{"@type":"PropertyValueSpecification","valueRequired":true,"valueName":"search_term_string"}}],"inLanguage":"it-IT"},{"@type":"Person","@id":"https:\/\/euricse.eu\/en\/#\/schema\/person\/a5b25693531e3458dfedff34c273ba14","name":"Silvia","image":{"@type":"ImageObject","inLanguage":"it-IT","@id":"https:\/\/euricse.eu\/en\/#\/schema\/person\/image\/","url":"https:\/\/secure.gravatar.com\/avatar\/3cef1082b65edc85f1a4c0caa7ce4808f397a517b7217eab6215fe435640f8f7?s=96&d=mm&r=g","contentUrl":"https:\/\/secure.gravatar.com\/avatar\/3cef1082b65edc85f1a4c0caa7ce4808f397a517b7217eab6215fe435640f8f7?s=96&d=mm&r=g","caption":"Silvia"},"url":"https:\/\/euricse.eu\/it\/author\/silvia\/"}]}},"_links":{"self":[{"href":"https:\/\/euricse.eu\/it\/wp-json\/wp\/v2\/posts\/6016","targetHints":{"allow":["GET"]}}],"collection":[{"href":"https:\/\/euricse.eu\/it\/wp-json\/wp\/v2\/posts"}],"about":[{"href":"https:\/\/euricse.eu\/it\/wp-json\/wp\/v2\/types\/post"}],"author":[{"embeddable":true,"href":"https:\/\/euricse.eu\/it\/wp-json\/wp\/v2\/users\/32"}],"replies":[{"embeddable":true,"href":"https:\/\/euricse.eu\/it\/wp-json\/wp\/v2\/comments?post=6016"}],"version-history":[{"count":0,"href":"https:\/\/euricse.eu\/it\/wp-json\/wp\/v2\/posts\/6016\/revisions"}],"wp:featuredmedia":[{"embeddable":true,"href":"https:\/\/euricse.eu\/it\/wp-json\/wp\/v2\/media\/6085"}],"wp:attachment":[{"href":"https:\/\/euricse.eu\/it\/wp-json\/wp\/v2\/media?parent=6016"}],"wp:term":[{"taxonomy":"category","embeddable":true,"href":"https:\/\/euricse.eu\/it\/wp-json\/wp\/v2\/categories?post=6016"},{"taxonomy":"post_tag","embeddable":true,"href":"https:\/\/euricse.eu\/it\/wp-json\/wp\/v2\/tags?post=6016"}],"curies":[{"name":"wp","href":"https:\/\/api.w.org\/{rel}","templated":true}]}}