{"id":6034,"date":"2017-09-18T10:31:55","date_gmt":"2017-09-18T09:31:55","guid":{"rendered":"https:\/\/euricse.staging.hgblu.com\/social-and-socidarity-economy-and-the-future-of-work-2\/"},"modified":"2017-09-18T10:47:54","modified_gmt":"2017-09-18T09:47:54","slug":"social-and-socidarity-economy-and-the-future-of-work","status":"publish","type":"post","link":"https:\/\/euricse.eu\/it\/social-and-socidarity-economy-and-the-future-of-work\/","title":{"rendered":"Economia sociale e solidale ed il futuro del lavoro"},"content":{"rendered":"<p>Pu\u00f2 l\u2019economia sociale e solidale (SSE) migliorare il <strong>futuro del lavoro<\/strong> in un momento storico nel quale sempre pi\u00f9 persone sono alla ricerca di lavoro; le disuguaglianze economiche sono pi\u00f9 evidenti che mai e i cambiamenti economici, tecnologici e demografici minacciano la riduzione di opportunit\u00e0 di lavoro dignitose? L\u2019Organizzazione Internazionale del Lavoro (ILO) ha chiesto ad Euricse di rispondere a questa importante domanda, basandosi sia sulle sue <strong>ricerche che su evidenze empiriche<\/strong>.\u00a0<!--more--><\/p>\n<p>Da questo lavoro ne \u00e8 risultato l\u2019articolo &#8220;E<a href=\"http:\/\/www.ilo.org\/global\/topics\/cooperatives\/publications\/WCMS_573160\/lang--en\/index.htm\">conomia sociale e solidale ed il futuro del lavoro<\/a>&#8221; il quale \u00e8 stato recentemente pubblicato sul sito internet di ILO e sar\u00e0 presentato all\u2019<a href=\"http:\/\/www.itcilo.org\/en\/areas-of-expertise\/social-and-solidarity-economy\/academy-on-social-and-solidarity-economy-the\">Accademia di Economia Sociale e Solidale<\/a> che si terr\u00e0 a breve in Lussemburgo. <img loading=\"lazy\" decoding=\"async\" class=\"alignright wp-image-6031 size-medium\" src=\"https:\/\/euricse.eu\/wp-content\/uploads\/2017\/09\/FutureOfWork-212x300.jpg\" alt=\"FutureOfWork\" width=\"212\" height=\"300\" srcset=\"https:\/\/euricse.eu\/wp-content\/uploads\/2017\/09\/FutureOfWork-212x300.jpg 212w, https:\/\/euricse.eu\/wp-content\/uploads\/2017\/09\/FutureOfWork-283x400.jpg 283w, https:\/\/euricse.eu\/wp-content\/uploads\/2017\/09\/FutureOfWork-768x1086.jpg 768w, https:\/\/euricse.eu\/wp-content\/uploads\/2017\/09\/FutureOfWork-724x1024.jpg 724w, https:\/\/euricse.eu\/wp-content\/uploads\/2017\/09\/FutureOfWork-472x670.jpg 472w\" sizes=\"auto, (max-width: 212px) 100vw, 212px\" \/><\/p>\n<p><strong>Carlo Borzaga<\/strong>, <strong>Gianluca Salvatori<\/strong> e <strong>Riccardo Bodini<\/strong> sono gli autori di questo articolo che raccoglie il lavoro che i ricercatori di Euricse hanno condotto negli ultimi anni su questa tematica. La prima parte dell\u2019articolo presenta gli andamenti pi\u00f9 significativi che interessano il mondo del lavoro attuale, in modo particolare analizzando, da una parte, il modo in cui le tecnologie e le automazioni stanno sostituendo le persone ed i settori meno colpiti da questo fenomeno e, dall\u2019altra, quelli che hanno pi\u00f9 probabilit\u00e0 di crescita nell\u2019immediato futuro (per esempio i servizi alle persone). In questo contesto \u00e8 stata posta particolare attenzione all\u2019Economia Sociale e Solidale (SSE) come soluzione per aiutare ad indirizzare alcuni di questi cambiamenti. \u00a0Infatti, mentre l&#8217;SSE include un universo diversificato ed eterogeneo di modelli e metodi organizzativi, i principali attori all&#8217;interno delle SSE condividono una serie di caratteristiche comuni che li rendono ideali per affrontare alcune delle tematiche fondamentali legate al futuro del lavoro.<\/p>\n<p>L\u2019articolo quindi esamina i <strong>principali argomenti teorici e le dimostrazioni empiriche<\/strong> riguardo le caratteristiche e al ruolo delle organizzazioni SSE, prestando particolare attenzione alle loro implicazioni per la <strong>creazione e al mantenimento di un lavoro dignitoso<\/strong>.<\/p>\n<p>L&#8217;analisi dimostra che le organizzazioni SSE possono, infatti, <strong>contribuire a creare e mantenere l&#8217;occupazione<\/strong> nei settori tradizionali e possono promuovere un lavoro decoroso assegnando posti di lavoro sicuri e di qualit\u00e0 professionale, facilitando l&#8217;ingresso femminile nella forza lavoro, integrando i lavoratori svantaggiati e aiutando la transizione dall&#8217;occupazione informale all&#8217;occupazione formale.<\/p>\n","protected":false},"excerpt":{"rendered":"<p>Pu\u00f2 l\u2019economia sociale e solidale (SSE) migliorare il futuro del lavoro in un momento storico nel quale sempre pi\u00f9 persone sono alla ricerca di lavoro; le disuguaglianze economiche sono pi\u00f9 evidenti che mai e i cambiamenti economici, tecnologici e demografici minacciano la riduzione di opportunit\u00e0 di lavoro dignitose? L\u2019Organizzazione Internazionale del Lavoro (ILO) ha chiesto [&hellip;]<\/p>\n","protected":false},"author":32,"featured_media":6031,"comment_status":"open","ping_status":"closed","sticky":false,"template":"","format":"standard","meta":{"_acf_changed":false,"episode_type":"","audio_file":"","cover_image":"","cover_image_id":"","duration":"","filesize":"","date_recorded":"","explicit":"","block":"","itunes_episode_number":"","itunes_title":"","itunes_season_number":"","itunes_episode_type":"","filesize_raw":"","footnotes":""},"categories":[17],"tags":[],"class_list":["post-6034","post","type-post","status-publish","format-standard","has-post-thumbnail","hentry","category-news-it"],"acf":[],"yoast_head":"<!-- This site is optimized with the Yoast SEO plugin v26.1.1 - https:\/\/yoast.com\/wordpress\/plugins\/seo\/ -->\n<title>Economia sociale e solidale ed il futuro del lavoro - Euricse<\/title>\n<meta name=\"robots\" content=\"index, follow, max-snippet:-1, max-image-preview:large, max-video-preview:-1\" \/>\n<link rel=\"canonical\" href=\"https:\/\/euricse.eu\/it\/social-and-socidarity-economy-and-the-future-of-work\/\" \/>\n<meta property=\"og:locale\" content=\"it_IT\" \/>\n<meta property=\"og:type\" content=\"article\" \/>\n<meta property=\"og:title\" content=\"Economia sociale e solidale ed il futuro del lavoro - Euricse\" \/>\n<meta property=\"og:description\" content=\"Pu\u00f2 l\u2019economia sociale e solidale (SSE) migliorare il futuro del lavoro in un momento storico nel quale sempre pi\u00f9 persone sono alla ricerca di lavoro; le disuguaglianze economiche sono pi\u00f9 evidenti che mai e i cambiamenti economici, tecnologici e demografici minacciano la riduzione di opportunit\u00e0 di lavoro dignitose? L\u2019Organizzazione Internazionale del Lavoro (ILO) ha chiesto [&hellip;]\" \/>\n<meta property=\"og:url\" content=\"https:\/\/euricse.eu\/it\/social-and-socidarity-economy-and-the-future-of-work\/\" \/>\n<meta property=\"og:site_name\" content=\"Euricse\" \/>\n<meta property=\"article:published_time\" content=\"2017-09-18T09:31:55+00:00\" \/>\n<meta property=\"article:modified_time\" content=\"2017-09-18T09:47:54+00:00\" \/>\n<meta property=\"og:image\" content=\"https:\/\/euricse.eu\/wp-content\/uploads\/2017\/09\/FutureOfWork.jpg\" \/>\n\t<meta property=\"og:image:width\" content=\"2481\" \/>\n\t<meta property=\"og:image:height\" content=\"3508\" \/>\n\t<meta property=\"og:image:type\" content=\"image\/jpeg\" \/>\n<meta name=\"author\" content=\"Silvia\" \/>\n<meta name=\"twitter:card\" content=\"summary_large_image\" \/>\n<meta name=\"twitter:label1\" content=\"Scritto da\" \/>\n\t<meta name=\"twitter:data1\" content=\"Silvia\" \/>\n\t<meta name=\"twitter:label2\" content=\"Tempo di lettura stimato\" \/>\n\t<meta name=\"twitter:data2\" content=\"2 minuti\" \/>\n<script type=\"application\/ld+json\" class=\"yoast-schema-graph\">{\"@context\":\"https:\/\/schema.org\",\"@graph\":[{\"@type\":\"WebPage\",\"@id\":\"https:\/\/euricse.eu\/it\/social-and-socidarity-economy-and-the-future-of-work\/\",\"url\":\"https:\/\/euricse.eu\/it\/social-and-socidarity-economy-and-the-future-of-work\/\",\"name\":\"Economia sociale e solidale ed il futuro del lavoro - Euricse\",\"isPartOf\":{\"@id\":\"https:\/\/euricse.eu\/en\/#website\"},\"primaryImageOfPage\":{\"@id\":\"https:\/\/euricse.eu\/it\/social-and-socidarity-economy-and-the-future-of-work\/#primaryimage\"},\"image\":{\"@id\":\"https:\/\/euricse.eu\/it\/social-and-socidarity-economy-and-the-future-of-work\/#primaryimage\"},\"thumbnailUrl\":\"https:\/\/euricse.eu\/wp-content\/uploads\/2017\/09\/FutureOfWork.jpg\",\"datePublished\":\"2017-09-18T09:31:55+00:00\",\"dateModified\":\"2017-09-18T09:47:54+00:00\",\"author\":{\"@id\":\"https:\/\/euricse.eu\/en\/#\/schema\/person\/a5b25693531e3458dfedff34c273ba14\"},\"breadcrumb\":{\"@id\":\"https:\/\/euricse.eu\/it\/social-and-socidarity-economy-and-the-future-of-work\/#breadcrumb\"},\"inLanguage\":\"it-IT\",\"potentialAction\":[{\"@type\":\"ReadAction\",\"target\":[\"https:\/\/euricse.eu\/it\/social-and-socidarity-economy-and-the-future-of-work\/\"]}]},{\"@type\":\"ImageObject\",\"inLanguage\":\"it-IT\",\"@id\":\"https:\/\/euricse.eu\/it\/social-and-socidarity-economy-and-the-future-of-work\/#primaryimage\",\"url\":\"https:\/\/euricse.eu\/wp-content\/uploads\/2017\/09\/FutureOfWork.jpg\",\"contentUrl\":\"https:\/\/euricse.eu\/wp-content\/uploads\/2017\/09\/FutureOfWork.jpg\",\"width\":2481,\"height\":3508},{\"@type\":\"BreadcrumbList\",\"@id\":\"https:\/\/euricse.eu\/it\/social-and-socidarity-economy-and-the-future-of-work\/#breadcrumb\",\"itemListElement\":[{\"@type\":\"ListItem\",\"position\":1,\"name\":\"Home\",\"item\":\"https:\/\/euricse.eu\/it\/\"},{\"@type\":\"ListItem\",\"position\":2,\"name\":\"Economia sociale e solidale ed il futuro del lavoro\"}]},{\"@type\":\"WebSite\",\"@id\":\"https:\/\/euricse.eu\/en\/#website\",\"url\":\"https:\/\/euricse.eu\/en\/\",\"name\":\"Euricse\",\"description\":\"Knowledge and innovation for cooperative and social enterprises.\",\"potentialAction\":[{\"@type\":\"SearchAction\",\"target\":{\"@type\":\"EntryPoint\",\"urlTemplate\":\"https:\/\/euricse.eu\/en\/?s={search_term_string}\"},\"query-input\":{\"@type\":\"PropertyValueSpecification\",\"valueRequired\":true,\"valueName\":\"search_term_string\"}}],\"inLanguage\":\"it-IT\"},{\"@type\":\"Person\",\"@id\":\"https:\/\/euricse.eu\/en\/#\/schema\/person\/a5b25693531e3458dfedff34c273ba14\",\"name\":\"Silvia\",\"image\":{\"@type\":\"ImageObject\",\"inLanguage\":\"it-IT\",\"@id\":\"https:\/\/euricse.eu\/en\/#\/schema\/person\/image\/\",\"url\":\"https:\/\/secure.gravatar.com\/avatar\/3cef1082b65edc85f1a4c0caa7ce4808f397a517b7217eab6215fe435640f8f7?s=96&d=mm&r=g\",\"contentUrl\":\"https:\/\/secure.gravatar.com\/avatar\/3cef1082b65edc85f1a4c0caa7ce4808f397a517b7217eab6215fe435640f8f7?s=96&d=mm&r=g\",\"caption\":\"Silvia\"},\"url\":\"https:\/\/euricse.eu\/it\/author\/silvia\/\"}]}<\/script>\n<!-- \/ Yoast SEO plugin. -->","yoast_head_json":{"title":"Economia sociale e solidale ed il futuro del lavoro - Euricse","robots":{"index":"index","follow":"follow","max-snippet":"max-snippet:-1","max-image-preview":"max-image-preview:large","max-video-preview":"max-video-preview:-1"},"canonical":"https:\/\/euricse.eu\/it\/social-and-socidarity-economy-and-the-future-of-work\/","og_locale":"it_IT","og_type":"article","og_title":"Economia sociale e solidale ed il futuro del lavoro - Euricse","og_description":"Pu\u00f2 l\u2019economia sociale e solidale (SSE) migliorare il futuro del lavoro in un momento storico nel quale sempre pi\u00f9 persone sono alla ricerca di lavoro; le disuguaglianze economiche sono pi\u00f9 evidenti che mai e i cambiamenti economici, tecnologici e demografici minacciano la riduzione di opportunit\u00e0 di lavoro dignitose? L\u2019Organizzazione Internazionale del Lavoro (ILO) ha chiesto [&hellip;]","og_url":"https:\/\/euricse.eu\/it\/social-and-socidarity-economy-and-the-future-of-work\/","og_site_name":"Euricse","article_published_time":"2017-09-18T09:31:55+00:00","article_modified_time":"2017-09-18T09:47:54+00:00","og_image":[{"width":2481,"height":3508,"url":"https:\/\/euricse.eu\/wp-content\/uploads\/2017\/09\/FutureOfWork.jpg","type":"image\/jpeg"}],"author":"Silvia","twitter_card":"summary_large_image","twitter_misc":{"Scritto da":"Silvia","Tempo di lettura stimato":"2 minuti"},"schema":{"@context":"https:\/\/schema.org","@graph":[{"@type":"WebPage","@id":"https:\/\/euricse.eu\/it\/social-and-socidarity-economy-and-the-future-of-work\/","url":"https:\/\/euricse.eu\/it\/social-and-socidarity-economy-and-the-future-of-work\/","name":"Economia sociale e solidale ed il futuro del lavoro - Euricse","isPartOf":{"@id":"https:\/\/euricse.eu\/en\/#website"},"primaryImageOfPage":{"@id":"https:\/\/euricse.eu\/it\/social-and-socidarity-economy-and-the-future-of-work\/#primaryimage"},"image":{"@id":"https:\/\/euricse.eu\/it\/social-and-socidarity-economy-and-the-future-of-work\/#primaryimage"},"thumbnailUrl":"https:\/\/euricse.eu\/wp-content\/uploads\/2017\/09\/FutureOfWork.jpg","datePublished":"2017-09-18T09:31:55+00:00","dateModified":"2017-09-18T09:47:54+00:00","author":{"@id":"https:\/\/euricse.eu\/en\/#\/schema\/person\/a5b25693531e3458dfedff34c273ba14"},"breadcrumb":{"@id":"https:\/\/euricse.eu\/it\/social-and-socidarity-economy-and-the-future-of-work\/#breadcrumb"},"inLanguage":"it-IT","potentialAction":[{"@type":"ReadAction","target":["https:\/\/euricse.eu\/it\/social-and-socidarity-economy-and-the-future-of-work\/"]}]},{"@type":"ImageObject","inLanguage":"it-IT","@id":"https:\/\/euricse.eu\/it\/social-and-socidarity-economy-and-the-future-of-work\/#primaryimage","url":"https:\/\/euricse.eu\/wp-content\/uploads\/2017\/09\/FutureOfWork.jpg","contentUrl":"https:\/\/euricse.eu\/wp-content\/uploads\/2017\/09\/FutureOfWork.jpg","width":2481,"height":3508},{"@type":"BreadcrumbList","@id":"https:\/\/euricse.eu\/it\/social-and-socidarity-economy-and-the-future-of-work\/#breadcrumb","itemListElement":[{"@type":"ListItem","position":1,"name":"Home","item":"https:\/\/euricse.eu\/it\/"},{"@type":"ListItem","position":2,"name":"Economia sociale e solidale ed il futuro del lavoro"}]},{"@type":"WebSite","@id":"https:\/\/euricse.eu\/en\/#website","url":"https:\/\/euricse.eu\/en\/","name":"Euricse","description":"Knowledge and innovation for cooperative and social enterprises.","potentialAction":[{"@type":"SearchAction","target":{"@type":"EntryPoint","urlTemplate":"https:\/\/euricse.eu\/en\/?s={search_term_string}"},"query-input":{"@type":"PropertyValueSpecification","valueRequired":true,"valueName":"search_term_string"}}],"inLanguage":"it-IT"},{"@type":"Person","@id":"https:\/\/euricse.eu\/en\/#\/schema\/person\/a5b25693531e3458dfedff34c273ba14","name":"Silvia","image":{"@type":"ImageObject","inLanguage":"it-IT","@id":"https:\/\/euricse.eu\/en\/#\/schema\/person\/image\/","url":"https:\/\/secure.gravatar.com\/avatar\/3cef1082b65edc85f1a4c0caa7ce4808f397a517b7217eab6215fe435640f8f7?s=96&d=mm&r=g","contentUrl":"https:\/\/secure.gravatar.com\/avatar\/3cef1082b65edc85f1a4c0caa7ce4808f397a517b7217eab6215fe435640f8f7?s=96&d=mm&r=g","caption":"Silvia"},"url":"https:\/\/euricse.eu\/it\/author\/silvia\/"}]}},"_links":{"self":[{"href":"https:\/\/euricse.eu\/it\/wp-json\/wp\/v2\/posts\/6034","targetHints":{"allow":["GET"]}}],"collection":[{"href":"https:\/\/euricse.eu\/it\/wp-json\/wp\/v2\/posts"}],"about":[{"href":"https:\/\/euricse.eu\/it\/wp-json\/wp\/v2\/types\/post"}],"author":[{"embeddable":true,"href":"https:\/\/euricse.eu\/it\/wp-json\/wp\/v2\/users\/32"}],"replies":[{"embeddable":true,"href":"https:\/\/euricse.eu\/it\/wp-json\/wp\/v2\/comments?post=6034"}],"version-history":[{"count":0,"href":"https:\/\/euricse.eu\/it\/wp-json\/wp\/v2\/posts\/6034\/revisions"}],"wp:featuredmedia":[{"embeddable":true,"href":"https:\/\/euricse.eu\/it\/wp-json\/wp\/v2\/media\/6031"}],"wp:attachment":[{"href":"https:\/\/euricse.eu\/it\/wp-json\/wp\/v2\/media?parent=6034"}],"wp:term":[{"taxonomy":"category","embeddable":true,"href":"https:\/\/euricse.eu\/it\/wp-json\/wp\/v2\/categories?post=6034"},{"taxonomy":"post_tag","embeddable":true,"href":"https:\/\/euricse.eu\/it\/wp-json\/wp\/v2\/tags?post=6034"}],"curies":[{"name":"wp","href":"https:\/\/api.w.org\/{rel}","templated":true}]}}