{"id":6165,"date":"2017-10-25T14:26:47","date_gmt":"2017-10-25T13:26:47","guid":{"rendered":"https:\/\/euricse.staging.hgblu.com\/%ef%bb%bfeuricse-participation-at-the-international-co-operative-alliance-global-conference-2\/"},"modified":"2017-11-28T10:27:03","modified_gmt":"2017-11-28T10:27:03","slug":"%ef%bb%bfeuricse-participation-at-the-international-co-operative-alliance-global-conference","status":"publish","type":"post","link":"https:\/\/euricse.eu\/it\/%ef%bb%bfeuricse-participation-at-the-international-co-operative-alliance-global-conference\/","title":{"rendered":"La partecipazione di Euricse all&#8217;International Co-operative Alliance Global Conference"},"content":{"rendered":"<p>Dal 14 al 17 Novembre il movimento globale della cooperative si incontra a Kaula Lumpur, Malesia, per la Conferenza e l\u2019Assemblea Generale di ICA. Euricse sar\u00e0\u00a0coinvolto nel ricco programma che si focalizzer\u00e0 sul \u201cPorre le persone al centro dello sviluppo\u201d.<br \/>\nDal 2012 Euricse e Alleanza si sono associate per creare un <a href=\"http:\/\/monitor.coop\">monitoraggio sulle cooperative mondiali<\/a>. Si tratta di un progetto di ricerca unico nel suo genere e che presenta dati sul movimento globale delle cooperative. Oltre alla <strong>classifica delle Top 300 cooperative e\u00a0mutue del mondo<\/strong>, quest&#8217;anno il World Co-operative Monitor presenter\u00e0 alcune novit\u00e0 entusiasmanti. L&#8217;analisi sul capitale cooperativo con un confronto tra le Top 300 ed un campione di cooperative di piccole e medie dimensioni. All&#8217;interno di ogni settore, non solo sono state riportate le classifiche delle migliori per settore, ma sono state analizzate delle tendenze sulle prestazioni di queste cooperative e mutue negli ultimi 5 anni.<\/p>\n<p><!--more--><\/p>\n<h3>World Co-operative Monitor<\/h3>\n<p><strong>Gianluca Salvatori<\/strong>, segretario generale di Euricse, presenter\u00e0 l\u2019ultima edizione del Monitoraggio nella giornata di gioved\u00ec 16 Novembre nella sessione plenaria del mattino \u201cAssessing our Sector: Growth, Challenges and Achievements. Parteciper\u00e0 anche alla sessione \u201cRaising Capital the Co-operative Way\u201d che si focalizza sull\u2019identificare lo strumento monetario pi\u00f9 appropriato per le cooperative. Durante questa sessione saranno evidenziate le scoperte sul capitolo monetario del World Co-operative Monitor.<br \/>\n<img loading=\"lazy\" decoding=\"async\" class=\"alignright size-medium wp-image-6158\" src=\"https:\/\/euricse.eu\/wp-content\/uploads\/2017\/10\/conference-programme-213x300.jpg\" alt=\"conference-programme\" width=\"213\" height=\"300\" srcset=\"https:\/\/euricse.eu\/wp-content\/uploads\/2017\/10\/conference-programme-213x300.jpg 213w, https:\/\/euricse.eu\/wp-content\/uploads\/2017\/10\/conference-programme-284x400.jpg 284w, https:\/\/euricse.eu\/wp-content\/uploads\/2017\/10\/conference-programme.jpg 320w\" sizes=\"auto, (max-width: 213px) 100vw, 213px\" \/><\/p>\n<h3>Health cooperatives and mutuals worldwide<\/h3>\n<p>Euricse sta conducendo uno studio globale in collaborazione con IHCO (Organizzazione Internazionale delle Cooperative sulla Salute) \u201cHealth cooperatives and mutuals worldwide \u2013 an analysis of the contribution to citizens\u2019 health by cooperatives around the world\u201d. Il risultato di questa ricerca che ha coinvolto 15 nazioni e molti casi di studio sar\u00e0 presentato da Gianluca Salvatori durante la sessione organizzata da IHCO mercoled\u00ec 15 novembre.<\/p>\n<h3>Working Group on Cooperative Statistics<\/h3>\n<p><strong>Chiara Carini<\/strong>, ricercatrice di Euricse, sar\u00e0 presente alla conferenza globale. Parteciper\u00e0 alla sessione \u201cMeasuring the Movement: the path towards better statistics on co-operatives\u201d per discutere il lavoro che Euricse sta conducendo come parte del COPAC Gruppo di Lavoro Tecnico sulle Cooperative Statistiche (Commissione per la promozione e progresso delle cooperative). Il gruppo di lavoro tecnico supporta l\u2019iniziativa di multi-stakeholder per migliorare la qualit\u00e0 delle statistiche nelle cooperative, anche lavorando per un quadro concettuale armonizzato, concependo definizione e metodologia per la generazione di statistiche comparabili sulle cooperative.<\/p>\n<h3>Cooperatives in Development<\/h3>\n<p>Negli ultimi 6 mesi Euricse ha anche collaborato con ICA per fornire un\u2019esperienza metodologica per i progetti di ricerca pi\u00f9 importanti sviluppati attraverso gli accordi di partnership ICA-EU sulle \u201cCooperatives in Development \u2013 People-centered Businesses in Action. Le attivit\u00e0 previste nell&#8217;ambito del programma comprendono diverse attivit\u00e0 di ricerca a livello regionale e globale. Tra le principali attivit\u00e0 ci sono le mappature degli attori cooperativi e un&#8217;analisi del quadro giuridico. <strong>Ilana Gotz<\/strong> di Euricse presenter\u00e0 la Legal Frameworks methodology durante la sessione \u201cThe enabling environment for co-operatives: Where are we now?\u201d<\/p>\n<p>&nbsp;<\/p>\n","protected":false},"excerpt":{"rendered":"<p>Dal 14 al 17 Novembre il movimento globale della cooperative si incontra a Kaula Lumpur, Malesia, per la Conferenza e l\u2019Assemblea Generale di ICA. Euricse sar\u00e0\u00a0coinvolto nel ricco programma che si focalizzer\u00e0 sul \u201cPorre le persone al centro dello sviluppo\u201d. Dal 2012 Euricse e Alleanza si sono associate per creare un monitoraggio sulle cooperative mondiali. [&hellip;]<\/p>\n","protected":false},"author":32,"featured_media":0,"comment_status":"open","ping_status":"closed","sticky":false,"template":"","format":"standard","meta":{"_acf_changed":false,"episode_type":"","audio_file":"","cover_image":"","cover_image_id":"","duration":"","filesize":"","date_recorded":"","explicit":"","block":"","itunes_episode_number":"","itunes_title":"","itunes_season_number":"","itunes_episode_type":"","filesize_raw":"","footnotes":""},"categories":[17],"tags":[],"class_list":["post-6165","post","type-post","status-publish","format-standard","hentry","category-news-it"],"acf":[],"yoast_head":"<!-- This site is optimized with the Yoast SEO plugin v26.1.1 - https:\/\/yoast.com\/wordpress\/plugins\/seo\/ -->\n<title>La partecipazione di Euricse all&#039;International Co-operative Alliance Global Conference - Euricse<\/title>\n<meta name=\"robots\" content=\"index, follow, max-snippet:-1, max-image-preview:large, max-video-preview:-1\" \/>\n<link rel=\"canonical\" href=\"https:\/\/euricse.eu\/it\/\ufeffeuricse-participation-at-the-international-co-operative-alliance-global-conference\/\" \/>\n<meta property=\"og:locale\" content=\"it_IT\" \/>\n<meta property=\"og:type\" content=\"article\" \/>\n<meta property=\"og:title\" content=\"La partecipazione di Euricse all&#039;International Co-operative Alliance Global Conference - Euricse\" \/>\n<meta property=\"og:description\" content=\"Dal 14 al 17 Novembre il movimento globale della cooperative si incontra a Kaula Lumpur, Malesia, per la Conferenza e l\u2019Assemblea Generale di ICA. Euricse sar\u00e0\u00a0coinvolto nel ricco programma che si focalizzer\u00e0 sul \u201cPorre le persone al centro dello sviluppo\u201d. Dal 2012 Euricse e Alleanza si sono associate per creare un monitoraggio sulle cooperative mondiali. [&hellip;]\" \/>\n<meta property=\"og:url\" content=\"https:\/\/euricse.eu\/it\/\ufeffeuricse-participation-at-the-international-co-operative-alliance-global-conference\/\" \/>\n<meta property=\"og:site_name\" content=\"Euricse\" \/>\n<meta property=\"article:published_time\" content=\"2017-10-25T13:26:47+00:00\" \/>\n<meta property=\"article:modified_time\" content=\"2017-11-28T10:27:03+00:00\" \/>\n<meta property=\"og:image\" content=\"https:\/\/euricse.eu\/wp-content\/uploads\/2017\/10\/conference-programme-213x300.jpg\" \/>\n<meta name=\"author\" content=\"Silvia\" \/>\n<meta name=\"twitter:card\" content=\"summary_large_image\" \/>\n<meta name=\"twitter:label1\" content=\"Scritto da\" \/>\n\t<meta name=\"twitter:data1\" content=\"Silvia\" \/>\n\t<meta name=\"twitter:label2\" content=\"Tempo di lettura stimato\" \/>\n\t<meta name=\"twitter:data2\" content=\"2 minuti\" \/>\n<script type=\"application\/ld+json\" class=\"yoast-schema-graph\">{\"@context\":\"https:\/\/schema.org\",\"@graph\":[{\"@type\":\"WebPage\",\"@id\":\"https:\/\/euricse.eu\/it\/%ef%bb%bfeuricse-participation-at-the-international-co-operative-alliance-global-conference\/\",\"url\":\"https:\/\/euricse.eu\/it\/%ef%bb%bfeuricse-participation-at-the-international-co-operative-alliance-global-conference\/\",\"name\":\"La partecipazione di Euricse all'International Co-operative Alliance Global Conference - Euricse\",\"isPartOf\":{\"@id\":\"https:\/\/euricse.eu\/en\/#website\"},\"primaryImageOfPage\":{\"@id\":\"https:\/\/euricse.eu\/it\/%ef%bb%bfeuricse-participation-at-the-international-co-operative-alliance-global-conference\/#primaryimage\"},\"image\":{\"@id\":\"https:\/\/euricse.eu\/it\/%ef%bb%bfeuricse-participation-at-the-international-co-operative-alliance-global-conference\/#primaryimage\"},\"thumbnailUrl\":\"https:\/\/euricse.eu\/wp-content\/uploads\/2017\/10\/conference-programme-213x300.jpg\",\"datePublished\":\"2017-10-25T13:26:47+00:00\",\"dateModified\":\"2017-11-28T10:27:03+00:00\",\"author\":{\"@id\":\"https:\/\/euricse.eu\/en\/#\/schema\/person\/a5b25693531e3458dfedff34c273ba14\"},\"breadcrumb\":{\"@id\":\"https:\/\/euricse.eu\/it\/%ef%bb%bfeuricse-participation-at-the-international-co-operative-alliance-global-conference\/#breadcrumb\"},\"inLanguage\":\"it-IT\",\"potentialAction\":[{\"@type\":\"ReadAction\",\"target\":[\"https:\/\/euricse.eu\/it\/%ef%bb%bfeuricse-participation-at-the-international-co-operative-alliance-global-conference\/\"]}]},{\"@type\":\"ImageObject\",\"inLanguage\":\"it-IT\",\"@id\":\"https:\/\/euricse.eu\/it\/%ef%bb%bfeuricse-participation-at-the-international-co-operative-alliance-global-conference\/#primaryimage\",\"url\":\"https:\/\/euricse.eu\/wp-content\/uploads\/2017\/10\/conference-programme-213x300.jpg\",\"contentUrl\":\"https:\/\/euricse.eu\/wp-content\/uploads\/2017\/10\/conference-programme-213x300.jpg\"},{\"@type\":\"BreadcrumbList\",\"@id\":\"https:\/\/euricse.eu\/it\/%ef%bb%bfeuricse-participation-at-the-international-co-operative-alliance-global-conference\/#breadcrumb\",\"itemListElement\":[{\"@type\":\"ListItem\",\"position\":1,\"name\":\"Home\",\"item\":\"https:\/\/euricse.eu\/it\/\"},{\"@type\":\"ListItem\",\"position\":2,\"name\":\"La partecipazione di Euricse all&#8217;International Co-operative Alliance Global Conference\"}]},{\"@type\":\"WebSite\",\"@id\":\"https:\/\/euricse.eu\/en\/#website\",\"url\":\"https:\/\/euricse.eu\/en\/\",\"name\":\"Euricse\",\"description\":\"Knowledge and innovation for cooperative and social enterprises.\",\"potentialAction\":[{\"@type\":\"SearchAction\",\"target\":{\"@type\":\"EntryPoint\",\"urlTemplate\":\"https:\/\/euricse.eu\/en\/?s={search_term_string}\"},\"query-input\":{\"@type\":\"PropertyValueSpecification\",\"valueRequired\":true,\"valueName\":\"search_term_string\"}}],\"inLanguage\":\"it-IT\"},{\"@type\":\"Person\",\"@id\":\"https:\/\/euricse.eu\/en\/#\/schema\/person\/a5b25693531e3458dfedff34c273ba14\",\"name\":\"Silvia\",\"image\":{\"@type\":\"ImageObject\",\"inLanguage\":\"it-IT\",\"@id\":\"https:\/\/euricse.eu\/en\/#\/schema\/person\/image\/\",\"url\":\"https:\/\/secure.gravatar.com\/avatar\/3cef1082b65edc85f1a4c0caa7ce4808f397a517b7217eab6215fe435640f8f7?s=96&d=mm&r=g\",\"contentUrl\":\"https:\/\/secure.gravatar.com\/avatar\/3cef1082b65edc85f1a4c0caa7ce4808f397a517b7217eab6215fe435640f8f7?s=96&d=mm&r=g\",\"caption\":\"Silvia\"},\"url\":\"https:\/\/euricse.eu\/it\/author\/silvia\/\"}]}<\/script>\n<!-- \/ Yoast SEO plugin. -->","yoast_head_json":{"title":"La partecipazione di Euricse all'International Co-operative Alliance Global Conference - Euricse","robots":{"index":"index","follow":"follow","max-snippet":"max-snippet:-1","max-image-preview":"max-image-preview:large","max-video-preview":"max-video-preview:-1"},"canonical":"https:\/\/euricse.eu\/it\/\ufeffeuricse-participation-at-the-international-co-operative-alliance-global-conference\/","og_locale":"it_IT","og_type":"article","og_title":"La partecipazione di Euricse all'International Co-operative Alliance Global Conference - Euricse","og_description":"Dal 14 al 17 Novembre il movimento globale della cooperative si incontra a Kaula Lumpur, Malesia, per la Conferenza e l\u2019Assemblea Generale di ICA. Euricse sar\u00e0\u00a0coinvolto nel ricco programma che si focalizzer\u00e0 sul \u201cPorre le persone al centro dello sviluppo\u201d. Dal 2012 Euricse e Alleanza si sono associate per creare un monitoraggio sulle cooperative mondiali. [&hellip;]","og_url":"https:\/\/euricse.eu\/it\/\ufeffeuricse-participation-at-the-international-co-operative-alliance-global-conference\/","og_site_name":"Euricse","article_published_time":"2017-10-25T13:26:47+00:00","article_modified_time":"2017-11-28T10:27:03+00:00","og_image":[{"url":"https:\/\/euricse.eu\/wp-content\/uploads\/2017\/10\/conference-programme-213x300.jpg","type":"","width":"","height":""}],"author":"Silvia","twitter_card":"summary_large_image","twitter_misc":{"Scritto da":"Silvia","Tempo di lettura stimato":"2 minuti"},"schema":{"@context":"https:\/\/schema.org","@graph":[{"@type":"WebPage","@id":"https:\/\/euricse.eu\/it\/%ef%bb%bfeuricse-participation-at-the-international-co-operative-alliance-global-conference\/","url":"https:\/\/euricse.eu\/it\/%ef%bb%bfeuricse-participation-at-the-international-co-operative-alliance-global-conference\/","name":"La partecipazione di Euricse all'International Co-operative Alliance Global Conference - Euricse","isPartOf":{"@id":"https:\/\/euricse.eu\/en\/#website"},"primaryImageOfPage":{"@id":"https:\/\/euricse.eu\/it\/%ef%bb%bfeuricse-participation-at-the-international-co-operative-alliance-global-conference\/#primaryimage"},"image":{"@id":"https:\/\/euricse.eu\/it\/%ef%bb%bfeuricse-participation-at-the-international-co-operative-alliance-global-conference\/#primaryimage"},"thumbnailUrl":"https:\/\/euricse.eu\/wp-content\/uploads\/2017\/10\/conference-programme-213x300.jpg","datePublished":"2017-10-25T13:26:47+00:00","dateModified":"2017-11-28T10:27:03+00:00","author":{"@id":"https:\/\/euricse.eu\/en\/#\/schema\/person\/a5b25693531e3458dfedff34c273ba14"},"breadcrumb":{"@id":"https:\/\/euricse.eu\/it\/%ef%bb%bfeuricse-participation-at-the-international-co-operative-alliance-global-conference\/#breadcrumb"},"inLanguage":"it-IT","potentialAction":[{"@type":"ReadAction","target":["https:\/\/euricse.eu\/it\/%ef%bb%bfeuricse-participation-at-the-international-co-operative-alliance-global-conference\/"]}]},{"@type":"ImageObject","inLanguage":"it-IT","@id":"https:\/\/euricse.eu\/it\/%ef%bb%bfeuricse-participation-at-the-international-co-operative-alliance-global-conference\/#primaryimage","url":"https:\/\/euricse.eu\/wp-content\/uploads\/2017\/10\/conference-programme-213x300.jpg","contentUrl":"https:\/\/euricse.eu\/wp-content\/uploads\/2017\/10\/conference-programme-213x300.jpg"},{"@type":"BreadcrumbList","@id":"https:\/\/euricse.eu\/it\/%ef%bb%bfeuricse-participation-at-the-international-co-operative-alliance-global-conference\/#breadcrumb","itemListElement":[{"@type":"ListItem","position":1,"name":"Home","item":"https:\/\/euricse.eu\/it\/"},{"@type":"ListItem","position":2,"name":"La partecipazione di Euricse all&#8217;International Co-operative Alliance Global Conference"}]},{"@type":"WebSite","@id":"https:\/\/euricse.eu\/en\/#website","url":"https:\/\/euricse.eu\/en\/","name":"Euricse","description":"Knowledge and innovation for cooperative and social enterprises.","potentialAction":[{"@type":"SearchAction","target":{"@type":"EntryPoint","urlTemplate":"https:\/\/euricse.eu\/en\/?s={search_term_string}"},"query-input":{"@type":"PropertyValueSpecification","valueRequired":true,"valueName":"search_term_string"}}],"inLanguage":"it-IT"},{"@type":"Person","@id":"https:\/\/euricse.eu\/en\/#\/schema\/person\/a5b25693531e3458dfedff34c273ba14","name":"Silvia","image":{"@type":"ImageObject","inLanguage":"it-IT","@id":"https:\/\/euricse.eu\/en\/#\/schema\/person\/image\/","url":"https:\/\/secure.gravatar.com\/avatar\/3cef1082b65edc85f1a4c0caa7ce4808f397a517b7217eab6215fe435640f8f7?s=96&d=mm&r=g","contentUrl":"https:\/\/secure.gravatar.com\/avatar\/3cef1082b65edc85f1a4c0caa7ce4808f397a517b7217eab6215fe435640f8f7?s=96&d=mm&r=g","caption":"Silvia"},"url":"https:\/\/euricse.eu\/it\/author\/silvia\/"}]}},"_links":{"self":[{"href":"https:\/\/euricse.eu\/it\/wp-json\/wp\/v2\/posts\/6165","targetHints":{"allow":["GET"]}}],"collection":[{"href":"https:\/\/euricse.eu\/it\/wp-json\/wp\/v2\/posts"}],"about":[{"href":"https:\/\/euricse.eu\/it\/wp-json\/wp\/v2\/types\/post"}],"author":[{"embeddable":true,"href":"https:\/\/euricse.eu\/it\/wp-json\/wp\/v2\/users\/32"}],"replies":[{"embeddable":true,"href":"https:\/\/euricse.eu\/it\/wp-json\/wp\/v2\/comments?post=6165"}],"version-history":[{"count":0,"href":"https:\/\/euricse.eu\/it\/wp-json\/wp\/v2\/posts\/6165\/revisions"}],"wp:attachment":[{"href":"https:\/\/euricse.eu\/it\/wp-json\/wp\/v2\/media?parent=6165"}],"wp:term":[{"taxonomy":"category","embeddable":true,"href":"https:\/\/euricse.eu\/it\/wp-json\/wp\/v2\/categories?post=6165"},{"taxonomy":"post_tag","embeddable":true,"href":"https:\/\/euricse.eu\/it\/wp-json\/wp\/v2\/tags?post=6165"}],"curies":[{"name":"wp","href":"https:\/\/api.w.org\/{rel}","templated":true}]}}