{"id":6460,"date":"2018-02-13T10:30:17","date_gmt":"2018-02-13T10:30:17","guid":{"rendered":"https:\/\/euricse.staging.hgblu.com\/?p=6460"},"modified":"2018-02-20T10:27:28","modified_gmt":"2018-02-20T10:27:28","slug":"sibec-2018-le-iscrizioni-sono-aperte","status":"publish","type":"post","link":"https:\/\/euricse.eu\/it\/sibec-2018-le-iscrizioni-sono-aperte\/","title":{"rendered":"SIBEC 2018, le iscrizioni sono aperte"},"content":{"rendered":"<p>Sono aperte le iscrizioni ai corsi 2018 promossi da\u00a0<a href=\"http:\/\/www.sibec.eu\/\">SIBEC,<\/a>\u00a0la Scuola Italiana Beni Comuni ideata da Euricse,\u00a0<a href=\"http:\/\/www.labsus.org\/\">Labsus<\/a>\u00a0e\u00a0<a href=\"http:\/\/www.unitn.it\/\">Universit\u00e0 degli Studi di Trento<\/a>.<\/p>\n<p>La programmazione della Scuola per il 2018 si articoler\u00e0 in due opportunit\u00e0 formative: il Corso base itinerante e SIBEC-Lab Campus residenziale.<\/p>\n<p>Per il programma dettagliato consultare\u00a0la<a href=\"https:\/\/euricse.eu\/wp-content\/uploads\/2018\/02\/Corso_Sibec_2018_2.pdf\"> borchure<\/a>.<!--more--><br \/>\n<a href=\"https:\/\/euricse.eu\/wp-content\/uploads\/2018\/02\/Corso_Sibec_2018_2.pdf\"><img loading=\"lazy\" decoding=\"async\" class=\"alignright size-full wp-image-6472\" src=\"https:\/\/euricse.eu\/wp-content\/uploads\/2018\/02\/Corso_Sibec_2018_2-2.jpg\" alt=\"Corso_Sibec_2018_2\" width=\"349\" height=\"414\" srcset=\"https:\/\/euricse.eu\/wp-content\/uploads\/2018\/02\/Corso_Sibec_2018_2-2.jpg 349w, https:\/\/euricse.eu\/wp-content\/uploads\/2018\/02\/Corso_Sibec_2018_2-2-337x400.jpg 337w, https:\/\/euricse.eu\/wp-content\/uploads\/2018\/02\/Corso_Sibec_2018_2-2-253x300.jpg 253w\" sizes=\"auto, (max-width: 349px) 100vw, 349px\" \/><\/a><\/p>\n<p>Il \u201c<strong>Corso base itinerante<\/strong>\u201d avr\u00e0 luogo tra aprile e giugno 2018 in quattro citt\u00e0 italiane (Bologna, Cosenza, Palermo, Milano) e sar\u00e0 rivolto ad amministratori pubblici, professionisti ed imprenditori, enti del terzo settore e cittadini attivi. In ciascuna delle quattro tappe vi sar\u00e0 una formazione di due giornate che sar\u00e0 strutturata in tre fasi:<\/p>\n<ul>\n<li>analisi degli elementi teorici e definitori dei beni comuni e dell\u2019amministrazione condivisa;<\/li>\n<li>illustrazione di casi studio e buone prassi di gestione di beni comuni;<\/li>\n<li>visita sul campo di un \u201cbene comune\u201d del territorio per osservare dal vivo gli elementi fondanti, le peculiarit\u00e0 locali, e le variabili strategiche che possano permetterne la replicabilit\u00e0 in altri territori.<\/li>\n<\/ul>\n<p>In ciascuna tappa verr\u00e0 affrontato un quadro teorico di base simile, mentre i casi studio e la visita sul campo\u00a0 sono unici e differenti in ogni appuntamento.<\/p>\n<p>La formazione offerta dal \u201cCorso Base itinerante\u201d sar\u00e0 completata da \u201c<strong>SIBEC-Lab Campus Residenziale<\/strong>\u201d, un appuntamento intensivo e residenziale full immersion di cinque giorni (marted\u00ec-sabato) che avr\u00e0 luogo in una citt\u00e0 italiana a fine settembre 2018. SIBEC-Lab Campus Residenziale accompagner\u00e0 i partecipanti:<\/p>\n<ul>\n<li>all\u2019approfondimento di alcune tematiche di stretta attualit\u00e0 e\/o fortemente innovative, come tecniche di progettazione e attivazione della comunit\u00e0, grazie alle \u201cLectio Magistralis\u201d;<\/li>\n<li>alla declinazione e alla traduzione degli spunti innovativi offerti dalle \u201cLectio Magistralis\u201d in ipotesi operative in grado di arricchire le idee progettuali dei partecipanti grazie a gruppi di lavoro tematici (per tipologia di beni comuni o per affinit\u00e0 progettuali) con l\u2019affiancamento di tutor esperti;<\/li>\n<li>allo sviluppo di un proprio project work in grado di proporre soluzioni e ipotesi che siano il pi\u00f9 possibile operative, realistiche e sostenibili il quale sar\u00e0 realizzato durante SIBEC-Lab e presentato in uno speech di presentazione di fronte a discussant esperti.<\/li>\n<\/ul>\n<p><strong>L&#8217;offerta formativa del Corso Base Itinerante<br \/>\n<\/strong>L\u2019offerta formativa del corso base itinerante di SIBEC si svilupper\u00e0 in\u00a0quattro appuntamenti:<\/p>\n<ul>\n<li>Comunit\u00e0 intraprendenti\u00a0 12-13 aprile | Bologna;<\/li>\n<li>Patrimonio delle imprese giovanili\u00a0 10-11 maggio |Cosenza;<\/li>\n<li>La cultura si fa impresa comune \u00a024-25 maggio |Palermo;<\/li>\n<li>Rigenerazione urbana e beni comuni \u00a014-15 Giugno |Milano.<\/li>\n<\/ul>\n<p><strong>Sviluppare una &#8220;comunit\u00e0 di pratica&#8221;<br \/>\n<\/strong>Uno degli obiettivi di SIBEC \u00e8 alimentare una \u201ccomunit\u00e0 di pratica\u201d in cui i partecipanti alle attivit\u00e0 formative portano le proprie competenze ed esperienze per condividerle tra loro, per acquisirne di nuove e per applicarle ai propri progetti costruendo nuovi ambiti di lavoro.<br \/>\nI destinatari dell\u2019attivit\u00e0 formativa saranno\u00a0<strong>professionisti<\/strong>,<strong>\u00a0imprenditori<\/strong>\u00a0(for profit e nonprofit), appartenenti ad\u00a0<strong>associazioni e organizzazioni del Terzo Settore<\/strong>,\u00a0<strong>amministratori pubblici<\/strong>\u00a0(sia eletti sia funzionari).<\/p>\n<p><strong>Come partecipare<br \/>\n<\/strong>Ciascuno dei quattro appuntamenti potr\u00e0 essere acquistato separatamente. I posti disponibili per ciascun appuntamento del <strong>Corso Base<\/strong> sono 30.<\/p>\n<p>Ogni appuntamento presenta una specifica data di chiusura delle iscrizioni che verranno chiuse al raggiungimento dei posti disponibili:<img loading=\"lazy\" decoding=\"async\" class=\"alignright size-full wp-image-6473\" src=\"https:\/\/euricse.eu\/wp-content\/uploads\/2018\/02\/s1-1-1.jpg\" alt=\"s1- (1)\" width=\"531\" height=\"294\" srcset=\"https:\/\/euricse.eu\/wp-content\/uploads\/2018\/02\/s1-1-1.jpg 531w, https:\/\/euricse.eu\/wp-content\/uploads\/2018\/02\/s1-1-1-300x166.jpg 300w\" sizes=\"auto, (max-width: 531px) 100vw, 531px\" \/><\/p>\n<ul>\n<li>Bologna: termine 29 marzo 2018<\/li>\n<li>Cosenza: termine 20 aprile 2018<\/li>\n<li>Palermo: termine 10 maggio 2018<\/li>\n<li>Milano: termine 31 maggio 2018<\/li>\n<\/ul>\n<p>La quota di iscrizione per ogni singolo appuntamento \u00e8 di \u20ac 320,00 + iva (dove dovuta).<\/p>\n<p>La quota di iscrizione comprende: la frequenza ad uno dei quattro appuntamenti del Corso base; non sono compresi i costi relativi alle spese di viaggio e di alloggio dei partecipanti nelle sedi di svolgimento del corso.<\/p>\n<p>E\u2019 possibile usufruire di formule personalizzate per partecipare a pi\u00f9 appuntamenti.<\/p>\n<p>Sul sito\u00a0<a href=\"http:\/\/sibec.eu\/\">www.sibec.eu<\/a>\u00a0si pu\u00f2 compilare la domanda di partecipazione.<\/p>\n<p>\u00c8 possibile consultare il programma dettagliato del Corso Base 2018 di SIBEC visionando la <a href=\"https:\/\/euricse.eu\/wp-content\/uploads\/2018\/02\/Corso_Sibec_2018_2.pdf\">brochure<\/a>.<\/p>\n<p>&nbsp;<\/p>\n<p>Gi\u00e0 da ora \u00e8 possibile effettuare una pre-iscrizione non vincolante a <strong>SIBEC-LAB Campus Residenziale<\/strong> al seguente <a href=\"http:\/\/sibec.eu\/sibec-lab\/\">link<\/a>. <strong>Il programma dettagliato sar\u00e0 pubblicato prossimamente.<\/strong><\/p>\n<p>I partecipanti al Campus saranno successivamente selezionati tra coloro che possiedono una conoscenza di base sufficiente del tema \u201cgestione condivisa dei Beni Comuni\u201d e soddisfino almeno uno dei seguenti requisiti:<\/p>\n<ul>\n<li>aver frequentato almeno un appuntamento del Corso base itinerante (anche in edizioni precedenti);<\/li>\n<\/ul>\n<ul>\n<li>avere nel proprio curriculum professionale la gestione diretta e pluriennale di un progetto di Beni Comuni;<\/li>\n<\/ul>\n<ul>\n<li>avere un percorso di studio elevato e inerente le tematiche dell\u2019amministrazione condivisa e\/o la gestione di iniziative di imprenditorialit\u00e0 sociale.<\/li>\n<\/ul>\n<p>Per ulteriori informazioni sul Corso Base, SIBEC-LAB Campus Residenziale e sulle attivit\u00e0 promosse da SIBEC \u00e8 possibile visitare il sito<a href=\"http:\/\/www.sibec.eu\/\">\u00a0www.sibec.eu<\/a>\u00a0oppure scrivere a\u00a0<a href=\"mailto:info@sibec.eu\">info@sibec.eu<\/a><\/p>\n<p>&nbsp;<\/p>\n","protected":false},"excerpt":{"rendered":"<p>Sono aperte le iscrizioni ai corsi 2018 promossi da\u00a0SIBEC,\u00a0la Scuola Italiana Beni Comuni ideata da Euricse,\u00a0Labsus\u00a0e\u00a0Universit\u00e0 degli Studi di Trento. La programmazione della Scuola per il 2018 si articoler\u00e0 in due opportunit\u00e0 formative: il Corso base itinerante e SIBEC-Lab Campus residenziale. Per il programma dettagliato consultare\u00a0la borchure.<\/p>\n","protected":false},"author":32,"featured_media":6571,"comment_status":"open","ping_status":"closed","sticky":false,"template":"","format":"standard","meta":{"_acf_changed":false,"episode_type":"","audio_file":"","cover_image":"","cover_image_id":"","duration":"","filesize":"","date_recorded":"","explicit":"","block":"","itunes_episode_number":"","itunes_title":"","itunes_season_number":"","itunes_episode_type":"","filesize_raw":"","footnotes":""},"categories":[14,17],"tags":[],"class_list":["post-6460","post","type-post","status-publish","format-standard","has-post-thumbnail","hentry","category-blog-it","category-news-it"],"acf":[],"yoast_head":"<!-- This site is optimized with the Yoast SEO plugin v26.1.1 - https:\/\/yoast.com\/wordpress\/plugins\/seo\/ -->\n<title>SIBEC 2018, le iscrizioni sono aperte - Euricse<\/title>\n<meta name=\"robots\" content=\"index, follow, max-snippet:-1, max-image-preview:large, max-video-preview:-1\" \/>\n<link rel=\"canonical\" href=\"https:\/\/euricse.eu\/it\/sibec-2018-le-iscrizioni-sono-aperte\/\" \/>\n<meta property=\"og:locale\" content=\"it_IT\" \/>\n<meta property=\"og:type\" content=\"article\" \/>\n<meta property=\"og:title\" content=\"SIBEC 2018, le iscrizioni sono aperte - Euricse\" \/>\n<meta property=\"og:description\" content=\"Sono aperte le iscrizioni ai corsi 2018 promossi da\u00a0SIBEC,\u00a0la Scuola Italiana Beni Comuni ideata da Euricse,\u00a0Labsus\u00a0e\u00a0Universit\u00e0 degli Studi di Trento. La programmazione della Scuola per il 2018 si articoler\u00e0 in due opportunit\u00e0 formative: il Corso base itinerante e SIBEC-Lab Campus residenziale. Per il programma dettagliato consultare\u00a0la borchure.\" \/>\n<meta property=\"og:url\" content=\"https:\/\/euricse.eu\/it\/sibec-2018-le-iscrizioni-sono-aperte\/\" \/>\n<meta property=\"og:site_name\" content=\"Euricse\" \/>\n<meta property=\"article:published_time\" content=\"2018-02-13T10:30:17+00:00\" \/>\n<meta property=\"article:modified_time\" content=\"2018-02-20T10:27:28+00:00\" \/>\n<meta property=\"og:image\" content=\"https:\/\/euricse.eu\/wp-content\/uploads\/2018\/02\/Corso_Sibec_2018_2d-e1578584573856.jpg\" \/>\n\t<meta property=\"og:image:width\" content=\"1015\" \/>\n\t<meta property=\"og:image:height\" content=\"400\" \/>\n\t<meta property=\"og:image:type\" content=\"image\/jpeg\" \/>\n<meta name=\"author\" content=\"Silvia\" \/>\n<meta name=\"twitter:card\" content=\"summary_large_image\" \/>\n<meta name=\"twitter:label1\" content=\"Scritto da\" \/>\n\t<meta name=\"twitter:data1\" content=\"Silvia\" \/>\n\t<meta name=\"twitter:label2\" content=\"Tempo di lettura stimato\" \/>\n\t<meta name=\"twitter:data2\" content=\"4 minuti\" \/>\n<script type=\"application\/ld+json\" class=\"yoast-schema-graph\">{\"@context\":\"https:\/\/schema.org\",\"@graph\":[{\"@type\":\"WebPage\",\"@id\":\"https:\/\/euricse.eu\/it\/sibec-2018-le-iscrizioni-sono-aperte\/\",\"url\":\"https:\/\/euricse.eu\/it\/sibec-2018-le-iscrizioni-sono-aperte\/\",\"name\":\"SIBEC 2018, le iscrizioni sono aperte - Euricse\",\"isPartOf\":{\"@id\":\"https:\/\/euricse.eu\/en\/#website\"},\"primaryImageOfPage\":{\"@id\":\"https:\/\/euricse.eu\/it\/sibec-2018-le-iscrizioni-sono-aperte\/#primaryimage\"},\"image\":{\"@id\":\"https:\/\/euricse.eu\/it\/sibec-2018-le-iscrizioni-sono-aperte\/#primaryimage\"},\"thumbnailUrl\":\"https:\/\/euricse.eu\/wp-content\/uploads\/2018\/02\/Corso_Sibec_2018_2d-e1578584573856.jpg\",\"datePublished\":\"2018-02-13T10:30:17+00:00\",\"dateModified\":\"2018-02-20T10:27:28+00:00\",\"author\":{\"@id\":\"https:\/\/euricse.eu\/en\/#\/schema\/person\/a5b25693531e3458dfedff34c273ba14\"},\"breadcrumb\":{\"@id\":\"https:\/\/euricse.eu\/it\/sibec-2018-le-iscrizioni-sono-aperte\/#breadcrumb\"},\"inLanguage\":\"it-IT\",\"potentialAction\":[{\"@type\":\"ReadAction\",\"target\":[\"https:\/\/euricse.eu\/it\/sibec-2018-le-iscrizioni-sono-aperte\/\"]}]},{\"@type\":\"ImageObject\",\"inLanguage\":\"it-IT\",\"@id\":\"https:\/\/euricse.eu\/it\/sibec-2018-le-iscrizioni-sono-aperte\/#primaryimage\",\"url\":\"https:\/\/euricse.eu\/wp-content\/uploads\/2018\/02\/Corso_Sibec_2018_2d-e1578584573856.jpg\",\"contentUrl\":\"https:\/\/euricse.eu\/wp-content\/uploads\/2018\/02\/Corso_Sibec_2018_2d-e1578584573856.jpg\",\"width\":1015,\"height\":400},{\"@type\":\"BreadcrumbList\",\"@id\":\"https:\/\/euricse.eu\/it\/sibec-2018-le-iscrizioni-sono-aperte\/#breadcrumb\",\"itemListElement\":[{\"@type\":\"ListItem\",\"position\":1,\"name\":\"Home\",\"item\":\"https:\/\/euricse.eu\/it\/\"},{\"@type\":\"ListItem\",\"position\":2,\"name\":\"SIBEC 2018, le iscrizioni sono aperte\"}]},{\"@type\":\"WebSite\",\"@id\":\"https:\/\/euricse.eu\/en\/#website\",\"url\":\"https:\/\/euricse.eu\/en\/\",\"name\":\"Euricse\",\"description\":\"Knowledge and innovation for cooperative and social enterprises.\",\"potentialAction\":[{\"@type\":\"SearchAction\",\"target\":{\"@type\":\"EntryPoint\",\"urlTemplate\":\"https:\/\/euricse.eu\/en\/?s={search_term_string}\"},\"query-input\":{\"@type\":\"PropertyValueSpecification\",\"valueRequired\":true,\"valueName\":\"search_term_string\"}}],\"inLanguage\":\"it-IT\"},{\"@type\":\"Person\",\"@id\":\"https:\/\/euricse.eu\/en\/#\/schema\/person\/a5b25693531e3458dfedff34c273ba14\",\"name\":\"Silvia\",\"image\":{\"@type\":\"ImageObject\",\"inLanguage\":\"it-IT\",\"@id\":\"https:\/\/euricse.eu\/en\/#\/schema\/person\/image\/\",\"url\":\"https:\/\/secure.gravatar.com\/avatar\/3cef1082b65edc85f1a4c0caa7ce4808f397a517b7217eab6215fe435640f8f7?s=96&d=mm&r=g\",\"contentUrl\":\"https:\/\/secure.gravatar.com\/avatar\/3cef1082b65edc85f1a4c0caa7ce4808f397a517b7217eab6215fe435640f8f7?s=96&d=mm&r=g\",\"caption\":\"Silvia\"},\"url\":\"https:\/\/euricse.eu\/it\/author\/silvia\/\"}]}<\/script>\n<!-- \/ Yoast SEO plugin. -->","yoast_head_json":{"title":"SIBEC 2018, le iscrizioni sono aperte - Euricse","robots":{"index":"index","follow":"follow","max-snippet":"max-snippet:-1","max-image-preview":"max-image-preview:large","max-video-preview":"max-video-preview:-1"},"canonical":"https:\/\/euricse.eu\/it\/sibec-2018-le-iscrizioni-sono-aperte\/","og_locale":"it_IT","og_type":"article","og_title":"SIBEC 2018, le iscrizioni sono aperte - Euricse","og_description":"Sono aperte le iscrizioni ai corsi 2018 promossi da\u00a0SIBEC,\u00a0la Scuola Italiana Beni Comuni ideata da Euricse,\u00a0Labsus\u00a0e\u00a0Universit\u00e0 degli Studi di Trento. La programmazione della Scuola per il 2018 si articoler\u00e0 in due opportunit\u00e0 formative: il Corso base itinerante e SIBEC-Lab Campus residenziale. Per il programma dettagliato consultare\u00a0la borchure.","og_url":"https:\/\/euricse.eu\/it\/sibec-2018-le-iscrizioni-sono-aperte\/","og_site_name":"Euricse","article_published_time":"2018-02-13T10:30:17+00:00","article_modified_time":"2018-02-20T10:27:28+00:00","og_image":[{"width":1015,"height":400,"url":"https:\/\/euricse.eu\/wp-content\/uploads\/2018\/02\/Corso_Sibec_2018_2d-e1578584573856.jpg","type":"image\/jpeg"}],"author":"Silvia","twitter_card":"summary_large_image","twitter_misc":{"Scritto da":"Silvia","Tempo di lettura stimato":"4 minuti"},"schema":{"@context":"https:\/\/schema.org","@graph":[{"@type":"WebPage","@id":"https:\/\/euricse.eu\/it\/sibec-2018-le-iscrizioni-sono-aperte\/","url":"https:\/\/euricse.eu\/it\/sibec-2018-le-iscrizioni-sono-aperte\/","name":"SIBEC 2018, le iscrizioni sono aperte - Euricse","isPartOf":{"@id":"https:\/\/euricse.eu\/en\/#website"},"primaryImageOfPage":{"@id":"https:\/\/euricse.eu\/it\/sibec-2018-le-iscrizioni-sono-aperte\/#primaryimage"},"image":{"@id":"https:\/\/euricse.eu\/it\/sibec-2018-le-iscrizioni-sono-aperte\/#primaryimage"},"thumbnailUrl":"https:\/\/euricse.eu\/wp-content\/uploads\/2018\/02\/Corso_Sibec_2018_2d-e1578584573856.jpg","datePublished":"2018-02-13T10:30:17+00:00","dateModified":"2018-02-20T10:27:28+00:00","author":{"@id":"https:\/\/euricse.eu\/en\/#\/schema\/person\/a5b25693531e3458dfedff34c273ba14"},"breadcrumb":{"@id":"https:\/\/euricse.eu\/it\/sibec-2018-le-iscrizioni-sono-aperte\/#breadcrumb"},"inLanguage":"it-IT","potentialAction":[{"@type":"ReadAction","target":["https:\/\/euricse.eu\/it\/sibec-2018-le-iscrizioni-sono-aperte\/"]}]},{"@type":"ImageObject","inLanguage":"it-IT","@id":"https:\/\/euricse.eu\/it\/sibec-2018-le-iscrizioni-sono-aperte\/#primaryimage","url":"https:\/\/euricse.eu\/wp-content\/uploads\/2018\/02\/Corso_Sibec_2018_2d-e1578584573856.jpg","contentUrl":"https:\/\/euricse.eu\/wp-content\/uploads\/2018\/02\/Corso_Sibec_2018_2d-e1578584573856.jpg","width":1015,"height":400},{"@type":"BreadcrumbList","@id":"https:\/\/euricse.eu\/it\/sibec-2018-le-iscrizioni-sono-aperte\/#breadcrumb","itemListElement":[{"@type":"ListItem","position":1,"name":"Home","item":"https:\/\/euricse.eu\/it\/"},{"@type":"ListItem","position":2,"name":"SIBEC 2018, le iscrizioni sono aperte"}]},{"@type":"WebSite","@id":"https:\/\/euricse.eu\/en\/#website","url":"https:\/\/euricse.eu\/en\/","name":"Euricse","description":"Knowledge and innovation for cooperative and social enterprises.","potentialAction":[{"@type":"SearchAction","target":{"@type":"EntryPoint","urlTemplate":"https:\/\/euricse.eu\/en\/?s={search_term_string}"},"query-input":{"@type":"PropertyValueSpecification","valueRequired":true,"valueName":"search_term_string"}}],"inLanguage":"it-IT"},{"@type":"Person","@id":"https:\/\/euricse.eu\/en\/#\/schema\/person\/a5b25693531e3458dfedff34c273ba14","name":"Silvia","image":{"@type":"ImageObject","inLanguage":"it-IT","@id":"https:\/\/euricse.eu\/en\/#\/schema\/person\/image\/","url":"https:\/\/secure.gravatar.com\/avatar\/3cef1082b65edc85f1a4c0caa7ce4808f397a517b7217eab6215fe435640f8f7?s=96&d=mm&r=g","contentUrl":"https:\/\/secure.gravatar.com\/avatar\/3cef1082b65edc85f1a4c0caa7ce4808f397a517b7217eab6215fe435640f8f7?s=96&d=mm&r=g","caption":"Silvia"},"url":"https:\/\/euricse.eu\/it\/author\/silvia\/"}]}},"_links":{"self":[{"href":"https:\/\/euricse.eu\/it\/wp-json\/wp\/v2\/posts\/6460","targetHints":{"allow":["GET"]}}],"collection":[{"href":"https:\/\/euricse.eu\/it\/wp-json\/wp\/v2\/posts"}],"about":[{"href":"https:\/\/euricse.eu\/it\/wp-json\/wp\/v2\/types\/post"}],"author":[{"embeddable":true,"href":"https:\/\/euricse.eu\/it\/wp-json\/wp\/v2\/users\/32"}],"replies":[{"embeddable":true,"href":"https:\/\/euricse.eu\/it\/wp-json\/wp\/v2\/comments?post=6460"}],"version-history":[{"count":0,"href":"https:\/\/euricse.eu\/it\/wp-json\/wp\/v2\/posts\/6460\/revisions"}],"wp:featuredmedia":[{"embeddable":true,"href":"https:\/\/euricse.eu\/it\/wp-json\/wp\/v2\/media\/6571"}],"wp:attachment":[{"href":"https:\/\/euricse.eu\/it\/wp-json\/wp\/v2\/media?parent=6460"}],"wp:term":[{"taxonomy":"category","embeddable":true,"href":"https:\/\/euricse.eu\/it\/wp-json\/wp\/v2\/categories?post=6460"},{"taxonomy":"post_tag","embeddable":true,"href":"https:\/\/euricse.eu\/it\/wp-json\/wp\/v2\/tags?post=6460"}],"curies":[{"name":"wp","href":"https:\/\/api.w.org\/{rel}","templated":true}]}}