{"id":6483,"date":"2018-02-13T10:17:10","date_gmt":"2018-02-13T10:17:10","guid":{"rendered":"https:\/\/euricse.staging.hgblu.com\/?p=6483"},"modified":"2018-02-13T14:33:52","modified_gmt":"2018-02-13T14:33:52","slug":"nuovo-libro-la-riforma-del-terzo-settore-e-dellimpresa-sociale","status":"publish","type":"post","link":"https:\/\/euricse.eu\/it\/nuovo-libro-la-riforma-del-terzo-settore-e-dellimpresa-sociale\/","title":{"rendered":"Nuovo libro: LA RIFORMA DEL TERZO SETTORE E DELL\u2019IMPRESA SOCIALE"},"content":{"rendered":"<p>Attesa da diversi anni, la riforma del terzo settore \u00e8 stata infine approvata nel luglio del 2017. Rimpiazza una legislazione lacunosa, sparsa e frammentata. Individua e ridisegna il perimetro del terzo settore, mediante una definizione chiara ed inequivoca degli enti che lo compongono e del volontariato. Promuove il terzo settore quale strumento di sussidiariet\u00e0 orizzontale, solidariet\u00e0 sociale ed eguaglianza sostanziale, e perci\u00f2 di progresso umano e socio-economico.<\/p>\n<p><!--more--><\/p>\n<p><img loading=\"lazy\" decoding=\"async\" class=\"alignright size-full wp-image-6505\" src=\"https:\/\/euricse.eu\/wp-content\/uploads\/2018\/02\/copertina-libro-2-1.jpg\" alt=\"copertina libro (2)\" width=\"384\" height=\"550\" srcset=\"https:\/\/euricse.eu\/wp-content\/uploads\/2018\/02\/copertina-libro-2-1.jpg 384w, https:\/\/euricse.eu\/wp-content\/uploads\/2018\/02\/copertina-libro-2-1-279x400.jpg 279w, https:\/\/euricse.eu\/wp-content\/uploads\/2018\/02\/copertina-libro-2-1-209x300.jpg 209w\" sizes=\"auto, (max-width: 384px) 100vw, 384px\" \/>Il nuovo volume \u201c<a href=\"http:\/\/www.editorialescientifica.com\/shop\/catalogo\/collane-di-diritto\/collana-di-diritto-dell-economia-sociale,-cooperativa-e-del-terzo-settore\/la-riforma-del-terzo-settore-e-dellimpresa-sociale-detail.html\" target=\"_blank\">LA RIFORMA DEL TERZO SETTORE E DELL\u2019IMPRESA SOCIALE<\/a>\u201d curato da <strong>Antonio Fici<\/strong>, si propone di introdurre il lettore a questa nuova legislazione e di fornirgli gli strumenti necessari a successivi approfondimenti. Si rivolge non soltanto a studiosi e professionisti, ma anche ad operatori del settore interessati a comprendere come la riforma potr\u00e0 incidere sulla loro attivit\u00e0 quotidiana e quali adattamenti organizzativi potr\u00e0 richiedere, nonch\u00e9 a cogliere le diverse opportunit\u00e0 che essa offre in termini di sviluppo ordinato e sostenibile delle loro organizzazioni, del volontariato e del terzo settore nel suo complesso.<\/p>\n<p>Il libro \u00e8 uno strumento utile anche per coloro, individui ed organizzazioni, che intendano accostarsi alla realt\u00e0 del terzo settore e valutare l\u2019ente del terzo settore quale possibile risposta ai propri bisogni ed interessi, economici, lavorativi e sociali.<\/p>\n<p>&nbsp;<\/p>\n","protected":false},"excerpt":{"rendered":"<p>Attesa da diversi anni, la riforma del terzo settore \u00e8 stata infine approvata nel luglio del 2017. Rimpiazza una legislazione lacunosa, sparsa e frammentata. Individua e ridisegna il perimetro del terzo settore, mediante una definizione chiara ed inequivoca degli enti che lo compongono e del volontariato. Promuove il terzo settore quale strumento di sussidiariet\u00e0 orizzontale, [&hellip;]<\/p>\n","protected":false},"author":32,"featured_media":6505,"comment_status":"open","ping_status":"closed","sticky":false,"template":"","format":"standard","meta":{"_acf_changed":false,"episode_type":"","audio_file":"","cover_image":"","cover_image_id":"","duration":"","filesize":"","date_recorded":"","explicit":"","block":"","itunes_episode_number":"","itunes_title":"","itunes_season_number":"","itunes_episode_type":"","filesize_raw":"","footnotes":""},"categories":[14,17],"tags":[],"class_list":["post-6483","post","type-post","status-publish","format-standard","has-post-thumbnail","hentry","category-blog-it","category-news-it"],"acf":[],"yoast_head":"<!-- This site is optimized with the Yoast SEO plugin v26.1.1 - https:\/\/yoast.com\/wordpress\/plugins\/seo\/ -->\n<title>Nuovo libro: LA RIFORMA DEL TERZO SETTORE E DELL\u2019IMPRESA SOCIALE - Euricse<\/title>\n<meta name=\"robots\" content=\"index, follow, max-snippet:-1, max-image-preview:large, max-video-preview:-1\" \/>\n<link rel=\"canonical\" href=\"https:\/\/euricse.eu\/it\/nuovo-libro-la-riforma-del-terzo-settore-e-dellimpresa-sociale\/\" \/>\n<meta property=\"og:locale\" content=\"it_IT\" \/>\n<meta property=\"og:type\" content=\"article\" \/>\n<meta property=\"og:title\" content=\"Nuovo libro: LA RIFORMA DEL TERZO SETTORE E DELL\u2019IMPRESA SOCIALE - Euricse\" \/>\n<meta property=\"og:description\" content=\"Attesa da diversi anni, la riforma del terzo settore \u00e8 stata infine approvata nel luglio del 2017. Rimpiazza una legislazione lacunosa, sparsa e frammentata. Individua e ridisegna il perimetro del terzo settore, mediante una definizione chiara ed inequivoca degli enti che lo compongono e del volontariato. Promuove il terzo settore quale strumento di sussidiariet\u00e0 orizzontale, [&hellip;]\" \/>\n<meta property=\"og:url\" content=\"https:\/\/euricse.eu\/it\/nuovo-libro-la-riforma-del-terzo-settore-e-dellimpresa-sociale\/\" \/>\n<meta property=\"og:site_name\" content=\"Euricse\" \/>\n<meta property=\"article:published_time\" content=\"2018-02-13T10:17:10+00:00\" \/>\n<meta property=\"article:modified_time\" content=\"2018-02-13T14:33:52+00:00\" \/>\n<meta property=\"og:image\" content=\"https:\/\/euricse.eu\/wp-content\/uploads\/2018\/02\/copertina-libro-2-1.jpg\" \/>\n\t<meta property=\"og:image:width\" content=\"384\" \/>\n\t<meta property=\"og:image:height\" content=\"550\" \/>\n\t<meta property=\"og:image:type\" content=\"image\/jpeg\" \/>\n<meta name=\"author\" content=\"Silvia\" \/>\n<meta name=\"twitter:card\" content=\"summary_large_image\" \/>\n<meta name=\"twitter:label1\" content=\"Scritto da\" \/>\n\t<meta name=\"twitter:data1\" content=\"Silvia\" \/>\n\t<meta name=\"twitter:label2\" content=\"Tempo di lettura stimato\" \/>\n\t<meta name=\"twitter:data2\" content=\"1 minuto\" \/>\n<script type=\"application\/ld+json\" class=\"yoast-schema-graph\">{\"@context\":\"https:\/\/schema.org\",\"@graph\":[{\"@type\":\"WebPage\",\"@id\":\"https:\/\/euricse.eu\/it\/nuovo-libro-la-riforma-del-terzo-settore-e-dellimpresa-sociale\/\",\"url\":\"https:\/\/euricse.eu\/it\/nuovo-libro-la-riforma-del-terzo-settore-e-dellimpresa-sociale\/\",\"name\":\"Nuovo libro: LA RIFORMA DEL TERZO SETTORE E DELL\u2019IMPRESA SOCIALE - Euricse\",\"isPartOf\":{\"@id\":\"https:\/\/euricse.eu\/en\/#website\"},\"primaryImageOfPage\":{\"@id\":\"https:\/\/euricse.eu\/it\/nuovo-libro-la-riforma-del-terzo-settore-e-dellimpresa-sociale\/#primaryimage\"},\"image\":{\"@id\":\"https:\/\/euricse.eu\/it\/nuovo-libro-la-riforma-del-terzo-settore-e-dellimpresa-sociale\/#primaryimage\"},\"thumbnailUrl\":\"https:\/\/euricse.eu\/wp-content\/uploads\/2018\/02\/copertina-libro-2-1.jpg\",\"datePublished\":\"2018-02-13T10:17:10+00:00\",\"dateModified\":\"2018-02-13T14:33:52+00:00\",\"author\":{\"@id\":\"https:\/\/euricse.eu\/en\/#\/schema\/person\/a5b25693531e3458dfedff34c273ba14\"},\"breadcrumb\":{\"@id\":\"https:\/\/euricse.eu\/it\/nuovo-libro-la-riforma-del-terzo-settore-e-dellimpresa-sociale\/#breadcrumb\"},\"inLanguage\":\"it-IT\",\"potentialAction\":[{\"@type\":\"ReadAction\",\"target\":[\"https:\/\/euricse.eu\/it\/nuovo-libro-la-riforma-del-terzo-settore-e-dellimpresa-sociale\/\"]}]},{\"@type\":\"ImageObject\",\"inLanguage\":\"it-IT\",\"@id\":\"https:\/\/euricse.eu\/it\/nuovo-libro-la-riforma-del-terzo-settore-e-dellimpresa-sociale\/#primaryimage\",\"url\":\"https:\/\/euricse.eu\/wp-content\/uploads\/2018\/02\/copertina-libro-2-1.jpg\",\"contentUrl\":\"https:\/\/euricse.eu\/wp-content\/uploads\/2018\/02\/copertina-libro-2-1.jpg\",\"width\":384,\"height\":550},{\"@type\":\"BreadcrumbList\",\"@id\":\"https:\/\/euricse.eu\/it\/nuovo-libro-la-riforma-del-terzo-settore-e-dellimpresa-sociale\/#breadcrumb\",\"itemListElement\":[{\"@type\":\"ListItem\",\"position\":1,\"name\":\"Home\",\"item\":\"https:\/\/euricse.eu\/it\/\"},{\"@type\":\"ListItem\",\"position\":2,\"name\":\"Nuovo libro: LA RIFORMA DEL TERZO SETTORE E DELL\u2019IMPRESA SOCIALE\"}]},{\"@type\":\"WebSite\",\"@id\":\"https:\/\/euricse.eu\/en\/#website\",\"url\":\"https:\/\/euricse.eu\/en\/\",\"name\":\"Euricse\",\"description\":\"Knowledge and innovation for cooperative and social enterprises.\",\"potentialAction\":[{\"@type\":\"SearchAction\",\"target\":{\"@type\":\"EntryPoint\",\"urlTemplate\":\"https:\/\/euricse.eu\/en\/?s={search_term_string}\"},\"query-input\":{\"@type\":\"PropertyValueSpecification\",\"valueRequired\":true,\"valueName\":\"search_term_string\"}}],\"inLanguage\":\"it-IT\"},{\"@type\":\"Person\",\"@id\":\"https:\/\/euricse.eu\/en\/#\/schema\/person\/a5b25693531e3458dfedff34c273ba14\",\"name\":\"Silvia\",\"image\":{\"@type\":\"ImageObject\",\"inLanguage\":\"it-IT\",\"@id\":\"https:\/\/euricse.eu\/en\/#\/schema\/person\/image\/\",\"url\":\"https:\/\/secure.gravatar.com\/avatar\/3cef1082b65edc85f1a4c0caa7ce4808f397a517b7217eab6215fe435640f8f7?s=96&d=mm&r=g\",\"contentUrl\":\"https:\/\/secure.gravatar.com\/avatar\/3cef1082b65edc85f1a4c0caa7ce4808f397a517b7217eab6215fe435640f8f7?s=96&d=mm&r=g\",\"caption\":\"Silvia\"},\"url\":\"https:\/\/euricse.eu\/it\/author\/silvia\/\"}]}<\/script>\n<!-- \/ Yoast SEO plugin. -->","yoast_head_json":{"title":"Nuovo libro: LA RIFORMA DEL TERZO SETTORE E DELL\u2019IMPRESA SOCIALE - Euricse","robots":{"index":"index","follow":"follow","max-snippet":"max-snippet:-1","max-image-preview":"max-image-preview:large","max-video-preview":"max-video-preview:-1"},"canonical":"https:\/\/euricse.eu\/it\/nuovo-libro-la-riforma-del-terzo-settore-e-dellimpresa-sociale\/","og_locale":"it_IT","og_type":"article","og_title":"Nuovo libro: LA RIFORMA DEL TERZO SETTORE E DELL\u2019IMPRESA SOCIALE - Euricse","og_description":"Attesa da diversi anni, la riforma del terzo settore \u00e8 stata infine approvata nel luglio del 2017. Rimpiazza una legislazione lacunosa, sparsa e frammentata. Individua e ridisegna il perimetro del terzo settore, mediante una definizione chiara ed inequivoca degli enti che lo compongono e del volontariato. Promuove il terzo settore quale strumento di sussidiariet\u00e0 orizzontale, [&hellip;]","og_url":"https:\/\/euricse.eu\/it\/nuovo-libro-la-riforma-del-terzo-settore-e-dellimpresa-sociale\/","og_site_name":"Euricse","article_published_time":"2018-02-13T10:17:10+00:00","article_modified_time":"2018-02-13T14:33:52+00:00","og_image":[{"width":384,"height":550,"url":"https:\/\/euricse.eu\/wp-content\/uploads\/2018\/02\/copertina-libro-2-1.jpg","type":"image\/jpeg"}],"author":"Silvia","twitter_card":"summary_large_image","twitter_misc":{"Scritto da":"Silvia","Tempo di lettura stimato":"1 minuto"},"schema":{"@context":"https:\/\/schema.org","@graph":[{"@type":"WebPage","@id":"https:\/\/euricse.eu\/it\/nuovo-libro-la-riforma-del-terzo-settore-e-dellimpresa-sociale\/","url":"https:\/\/euricse.eu\/it\/nuovo-libro-la-riforma-del-terzo-settore-e-dellimpresa-sociale\/","name":"Nuovo libro: LA RIFORMA DEL TERZO SETTORE E DELL\u2019IMPRESA SOCIALE - Euricse","isPartOf":{"@id":"https:\/\/euricse.eu\/en\/#website"},"primaryImageOfPage":{"@id":"https:\/\/euricse.eu\/it\/nuovo-libro-la-riforma-del-terzo-settore-e-dellimpresa-sociale\/#primaryimage"},"image":{"@id":"https:\/\/euricse.eu\/it\/nuovo-libro-la-riforma-del-terzo-settore-e-dellimpresa-sociale\/#primaryimage"},"thumbnailUrl":"https:\/\/euricse.eu\/wp-content\/uploads\/2018\/02\/copertina-libro-2-1.jpg","datePublished":"2018-02-13T10:17:10+00:00","dateModified":"2018-02-13T14:33:52+00:00","author":{"@id":"https:\/\/euricse.eu\/en\/#\/schema\/person\/a5b25693531e3458dfedff34c273ba14"},"breadcrumb":{"@id":"https:\/\/euricse.eu\/it\/nuovo-libro-la-riforma-del-terzo-settore-e-dellimpresa-sociale\/#breadcrumb"},"inLanguage":"it-IT","potentialAction":[{"@type":"ReadAction","target":["https:\/\/euricse.eu\/it\/nuovo-libro-la-riforma-del-terzo-settore-e-dellimpresa-sociale\/"]}]},{"@type":"ImageObject","inLanguage":"it-IT","@id":"https:\/\/euricse.eu\/it\/nuovo-libro-la-riforma-del-terzo-settore-e-dellimpresa-sociale\/#primaryimage","url":"https:\/\/euricse.eu\/wp-content\/uploads\/2018\/02\/copertina-libro-2-1.jpg","contentUrl":"https:\/\/euricse.eu\/wp-content\/uploads\/2018\/02\/copertina-libro-2-1.jpg","width":384,"height":550},{"@type":"BreadcrumbList","@id":"https:\/\/euricse.eu\/it\/nuovo-libro-la-riforma-del-terzo-settore-e-dellimpresa-sociale\/#breadcrumb","itemListElement":[{"@type":"ListItem","position":1,"name":"Home","item":"https:\/\/euricse.eu\/it\/"},{"@type":"ListItem","position":2,"name":"Nuovo libro: LA RIFORMA DEL TERZO SETTORE E DELL\u2019IMPRESA SOCIALE"}]},{"@type":"WebSite","@id":"https:\/\/euricse.eu\/en\/#website","url":"https:\/\/euricse.eu\/en\/","name":"Euricse","description":"Knowledge and innovation for cooperative and social enterprises.","potentialAction":[{"@type":"SearchAction","target":{"@type":"EntryPoint","urlTemplate":"https:\/\/euricse.eu\/en\/?s={search_term_string}"},"query-input":{"@type":"PropertyValueSpecification","valueRequired":true,"valueName":"search_term_string"}}],"inLanguage":"it-IT"},{"@type":"Person","@id":"https:\/\/euricse.eu\/en\/#\/schema\/person\/a5b25693531e3458dfedff34c273ba14","name":"Silvia","image":{"@type":"ImageObject","inLanguage":"it-IT","@id":"https:\/\/euricse.eu\/en\/#\/schema\/person\/image\/","url":"https:\/\/secure.gravatar.com\/avatar\/3cef1082b65edc85f1a4c0caa7ce4808f397a517b7217eab6215fe435640f8f7?s=96&d=mm&r=g","contentUrl":"https:\/\/secure.gravatar.com\/avatar\/3cef1082b65edc85f1a4c0caa7ce4808f397a517b7217eab6215fe435640f8f7?s=96&d=mm&r=g","caption":"Silvia"},"url":"https:\/\/euricse.eu\/it\/author\/silvia\/"}]}},"_links":{"self":[{"href":"https:\/\/euricse.eu\/it\/wp-json\/wp\/v2\/posts\/6483","targetHints":{"allow":["GET"]}}],"collection":[{"href":"https:\/\/euricse.eu\/it\/wp-json\/wp\/v2\/posts"}],"about":[{"href":"https:\/\/euricse.eu\/it\/wp-json\/wp\/v2\/types\/post"}],"author":[{"embeddable":true,"href":"https:\/\/euricse.eu\/it\/wp-json\/wp\/v2\/users\/32"}],"replies":[{"embeddable":true,"href":"https:\/\/euricse.eu\/it\/wp-json\/wp\/v2\/comments?post=6483"}],"version-history":[{"count":0,"href":"https:\/\/euricse.eu\/it\/wp-json\/wp\/v2\/posts\/6483\/revisions"}],"wp:featuredmedia":[{"embeddable":true,"href":"https:\/\/euricse.eu\/it\/wp-json\/wp\/v2\/media\/6505"}],"wp:attachment":[{"href":"https:\/\/euricse.eu\/it\/wp-json\/wp\/v2\/media?parent=6483"}],"wp:term":[{"taxonomy":"category","embeddable":true,"href":"https:\/\/euricse.eu\/it\/wp-json\/wp\/v2\/categories?post=6483"},{"taxonomy":"post_tag","embeddable":true,"href":"https:\/\/euricse.eu\/it\/wp-json\/wp\/v2\/tags?post=6483"}],"curies":[{"name":"wp","href":"https:\/\/api.w.org\/{rel}","templated":true}]}}