{"id":6664,"date":"2018-04-03T08:58:22","date_gmt":"2018-04-03T07:58:22","guid":{"rendered":"https:\/\/euricse.staging.hgblu.com\/?p=6664"},"modified":"2018-04-17T11:48:12","modified_gmt":"2018-04-17T10:48:12","slug":"accademia-di-comunita","status":"publish","type":"post","link":"https:\/\/euricse.eu\/it\/accademia-di-comunita\/","title":{"rendered":"Accademia di Comunit\u00e0"},"content":{"rendered":"<p>Come fare comunit\u00e0 oggi? Quali sono gli ingredienti di una comunit\u00e0 a prova di futuro &#8211; ovvero collaborativa, solidale, sostenibile e aperta? Come \u00e8 possibile creare risorse materiali e sociali che aiutino la societ\u00e0 a rispondere alle conseguenze di una vasta crisi relazionale, ambientale ed economica?<\/p>\n<p><!--more--><\/p>\n<p>Per esplorare queste domande, da agosto 2017, \u00e8 nata a Rovereto una rete che riunisce associazioni, gruppi informali, singoli cittadini attivi e l\u2019amministrazione comunale al fine di dare vita a un\u2019accademia di comunit\u00e0 all\u2019interno della stazione dei treni roveretana.<br \/>\nL\u2019accademia di comunit\u00e0 desidera essere uno spazio co-gestito, vivo e vitale, dove si possa lavorare insieme, in modo intergenerazionale e interculturale, intrecciando gruppi sociali diversi per costruire futuri desiderabili di fronte alle situazioni di fragilit\u00e0 sociale, economica e ambientale che si stanno inasprendo a livello locale e globale.<\/p>\n<p>Da aprile 2018 sar\u00e0 attivato un percorso di co-progettazione aperto alla cittadinanza per:<br \/>\n&#8211; sperimentare e definire le attivit\u00e0;<br \/>\n&#8211; pianificare e rigenerare degli spazi della stazione in modo collettivo e sostenibile;<br \/>\n&#8211; costruire il modello di governance comunitario dell\u2019accademia (sia per quanto riguarda la gestione degli spazi che le economie che la renderanno sostenibile a lungo termine);<br \/>\n&#8211; divulgare il progetto e iniziare la costruzione di una rete pi\u00f9 ampia.<\/p>\n<p>Questo percorso \u00e8 sostenuto da Intrecci Possibili attraverso il CSV Trentino e la Fondazione Trentina per il Volontariato Sociale e si svolge in collaborazione con il Comune di Rovereto, Euricse e l\u2019Osservatorio Nazionale per il Disagio e la Solidariet\u00e0 nelle Stazioni Italiane.<br \/>\nEuricse nello specifico ha la funzione di accompagnare la rete nel capire quale innovativa forma organizzativa e legale pu\u00f2 essere adatta e adottata.<br \/>\nI membri della rete sono: Brave New Alps, Italia-Nicaragua, comun\u2019Orto, Nuovo Cineforum Rovereto, Centrifuga, Multiverso, Offset, gruppo per il riciclo creativo, gruppo per l\u2019educazione digitale, Duccio Canestrini, Margherita Paoletti, Flavio Marzadro, Comune di Rovereto.<\/p>\n","protected":false},"excerpt":{"rendered":"<p>Come fare comunit\u00e0 oggi? Quali sono gli ingredienti di una comunit\u00e0 a prova di futuro &#8211; ovvero collaborativa, solidale, sostenibile e aperta? Come \u00e8 possibile creare risorse materiali e sociali che aiutino la societ\u00e0 a rispondere alle conseguenze di una vasta crisi relazionale, ambientale ed economica?<\/p>\n","protected":false},"author":32,"featured_media":6666,"comment_status":"open","ping_status":"closed","sticky":false,"template":"","format":"standard","meta":{"_acf_changed":false,"episode_type":"","audio_file":"","cover_image":"","cover_image_id":"","duration":"","filesize":"","date_recorded":"","explicit":"","block":"","itunes_episode_number":"","itunes_title":"","itunes_season_number":"","itunes_episode_type":"","filesize_raw":"","footnotes":""},"categories":[14,17],"tags":[],"class_list":["post-6664","post","type-post","status-publish","format-standard","has-post-thumbnail","hentry","category-blog-it","category-news-it"],"acf":[],"yoast_head":"<!-- This site is optimized with the Yoast SEO plugin v26.1.1 - https:\/\/yoast.com\/wordpress\/plugins\/seo\/ -->\n<title>Accademia di Comunit\u00e0 - Euricse<\/title>\n<meta name=\"robots\" content=\"index, follow, max-snippet:-1, max-image-preview:large, max-video-preview:-1\" \/>\n<link rel=\"canonical\" href=\"https:\/\/euricse.eu\/it\/accademia-di-comunita\/\" \/>\n<meta property=\"og:locale\" content=\"it_IT\" \/>\n<meta property=\"og:type\" content=\"article\" \/>\n<meta property=\"og:title\" content=\"Accademia di Comunit\u00e0 - Euricse\" \/>\n<meta property=\"og:description\" content=\"Come fare comunit\u00e0 oggi? Quali sono gli ingredienti di una comunit\u00e0 a prova di futuro &#8211; ovvero collaborativa, solidale, sostenibile e aperta? Come \u00e8 possibile creare risorse materiali e sociali che aiutino la societ\u00e0 a rispondere alle conseguenze di una vasta crisi relazionale, ambientale ed economica?\" \/>\n<meta property=\"og:url\" content=\"https:\/\/euricse.eu\/it\/accademia-di-comunita\/\" \/>\n<meta property=\"og:site_name\" content=\"Euricse\" \/>\n<meta property=\"article:published_time\" content=\"2018-04-03T07:58:22+00:00\" \/>\n<meta property=\"article:modified_time\" content=\"2018-04-17T10:48:12+00:00\" \/>\n<meta property=\"og:image\" content=\"https:\/\/euricse.eu\/wp-content\/uploads\/2018\/04\/AccademiaComunita-1-001-1-550x360.jpg\" \/>\n\t<meta property=\"og:image:width\" content=\"550\" \/>\n\t<meta property=\"og:image:height\" content=\"360\" \/>\n\t<meta property=\"og:image:type\" content=\"image\/jpeg\" \/>\n<meta name=\"author\" content=\"Silvia\" \/>\n<meta name=\"twitter:card\" content=\"summary_large_image\" \/>\n<meta name=\"twitter:label1\" content=\"Scritto da\" \/>\n\t<meta name=\"twitter:data1\" content=\"Silvia\" \/>\n\t<meta name=\"twitter:label2\" content=\"Tempo di lettura stimato\" \/>\n\t<meta name=\"twitter:data2\" content=\"2 minuti\" \/>\n<script type=\"application\/ld+json\" class=\"yoast-schema-graph\">{\"@context\":\"https:\/\/schema.org\",\"@graph\":[{\"@type\":\"WebPage\",\"@id\":\"https:\/\/euricse.eu\/it\/accademia-di-comunita\/\",\"url\":\"https:\/\/euricse.eu\/it\/accademia-di-comunita\/\",\"name\":\"Accademia di Comunit\u00e0 - Euricse\",\"isPartOf\":{\"@id\":\"https:\/\/euricse.eu\/en\/#website\"},\"primaryImageOfPage\":{\"@id\":\"https:\/\/euricse.eu\/it\/accademia-di-comunita\/#primaryimage\"},\"image\":{\"@id\":\"https:\/\/euricse.eu\/it\/accademia-di-comunita\/#primaryimage\"},\"thumbnailUrl\":\"https:\/\/euricse.eu\/wp-content\/uploads\/2018\/04\/AccademiaComunita-1-001-1-550x360.jpg\",\"datePublished\":\"2018-04-03T07:58:22+00:00\",\"dateModified\":\"2018-04-17T10:48:12+00:00\",\"author\":{\"@id\":\"https:\/\/euricse.eu\/en\/#\/schema\/person\/a5b25693531e3458dfedff34c273ba14\"},\"breadcrumb\":{\"@id\":\"https:\/\/euricse.eu\/it\/accademia-di-comunita\/#breadcrumb\"},\"inLanguage\":\"it-IT\",\"potentialAction\":[{\"@type\":\"ReadAction\",\"target\":[\"https:\/\/euricse.eu\/it\/accademia-di-comunita\/\"]}]},{\"@type\":\"ImageObject\",\"inLanguage\":\"it-IT\",\"@id\":\"https:\/\/euricse.eu\/it\/accademia-di-comunita\/#primaryimage\",\"url\":\"https:\/\/euricse.eu\/wp-content\/uploads\/2018\/04\/AccademiaComunita-1-001-1-550x360.jpg\",\"contentUrl\":\"https:\/\/euricse.eu\/wp-content\/uploads\/2018\/04\/AccademiaComunita-1-001-1-550x360.jpg\",\"width\":550,\"height\":360},{\"@type\":\"BreadcrumbList\",\"@id\":\"https:\/\/euricse.eu\/it\/accademia-di-comunita\/#breadcrumb\",\"itemListElement\":[{\"@type\":\"ListItem\",\"position\":1,\"name\":\"Home\",\"item\":\"https:\/\/euricse.eu\/it\/\"},{\"@type\":\"ListItem\",\"position\":2,\"name\":\"Accademia di Comunit\u00e0\"}]},{\"@type\":\"WebSite\",\"@id\":\"https:\/\/euricse.eu\/en\/#website\",\"url\":\"https:\/\/euricse.eu\/en\/\",\"name\":\"Euricse\",\"description\":\"Knowledge and innovation for cooperative and social enterprises.\",\"potentialAction\":[{\"@type\":\"SearchAction\",\"target\":{\"@type\":\"EntryPoint\",\"urlTemplate\":\"https:\/\/euricse.eu\/en\/?s={search_term_string}\"},\"query-input\":{\"@type\":\"PropertyValueSpecification\",\"valueRequired\":true,\"valueName\":\"search_term_string\"}}],\"inLanguage\":\"it-IT\"},{\"@type\":\"Person\",\"@id\":\"https:\/\/euricse.eu\/en\/#\/schema\/person\/a5b25693531e3458dfedff34c273ba14\",\"name\":\"Silvia\",\"image\":{\"@type\":\"ImageObject\",\"inLanguage\":\"it-IT\",\"@id\":\"https:\/\/euricse.eu\/en\/#\/schema\/person\/image\/\",\"url\":\"https:\/\/secure.gravatar.com\/avatar\/3cef1082b65edc85f1a4c0caa7ce4808f397a517b7217eab6215fe435640f8f7?s=96&d=mm&r=g\",\"contentUrl\":\"https:\/\/secure.gravatar.com\/avatar\/3cef1082b65edc85f1a4c0caa7ce4808f397a517b7217eab6215fe435640f8f7?s=96&d=mm&r=g\",\"caption\":\"Silvia\"},\"url\":\"https:\/\/euricse.eu\/it\/author\/silvia\/\"}]}<\/script>\n<!-- \/ Yoast SEO plugin. -->","yoast_head_json":{"title":"Accademia di Comunit\u00e0 - Euricse","robots":{"index":"index","follow":"follow","max-snippet":"max-snippet:-1","max-image-preview":"max-image-preview:large","max-video-preview":"max-video-preview:-1"},"canonical":"https:\/\/euricse.eu\/it\/accademia-di-comunita\/","og_locale":"it_IT","og_type":"article","og_title":"Accademia di Comunit\u00e0 - Euricse","og_description":"Come fare comunit\u00e0 oggi? Quali sono gli ingredienti di una comunit\u00e0 a prova di futuro &#8211; ovvero collaborativa, solidale, sostenibile e aperta? Come \u00e8 possibile creare risorse materiali e sociali che aiutino la societ\u00e0 a rispondere alle conseguenze di una vasta crisi relazionale, ambientale ed economica?","og_url":"https:\/\/euricse.eu\/it\/accademia-di-comunita\/","og_site_name":"Euricse","article_published_time":"2018-04-03T07:58:22+00:00","article_modified_time":"2018-04-17T10:48:12+00:00","og_image":[{"width":550,"height":360,"url":"https:\/\/euricse.eu\/wp-content\/uploads\/2018\/04\/AccademiaComunita-1-001-1-550x360.jpg","type":"image\/jpeg"}],"author":"Silvia","twitter_card":"summary_large_image","twitter_misc":{"Scritto da":"Silvia","Tempo di lettura stimato":"2 minuti"},"schema":{"@context":"https:\/\/schema.org","@graph":[{"@type":"WebPage","@id":"https:\/\/euricse.eu\/it\/accademia-di-comunita\/","url":"https:\/\/euricse.eu\/it\/accademia-di-comunita\/","name":"Accademia di Comunit\u00e0 - Euricse","isPartOf":{"@id":"https:\/\/euricse.eu\/en\/#website"},"primaryImageOfPage":{"@id":"https:\/\/euricse.eu\/it\/accademia-di-comunita\/#primaryimage"},"image":{"@id":"https:\/\/euricse.eu\/it\/accademia-di-comunita\/#primaryimage"},"thumbnailUrl":"https:\/\/euricse.eu\/wp-content\/uploads\/2018\/04\/AccademiaComunita-1-001-1-550x360.jpg","datePublished":"2018-04-03T07:58:22+00:00","dateModified":"2018-04-17T10:48:12+00:00","author":{"@id":"https:\/\/euricse.eu\/en\/#\/schema\/person\/a5b25693531e3458dfedff34c273ba14"},"breadcrumb":{"@id":"https:\/\/euricse.eu\/it\/accademia-di-comunita\/#breadcrumb"},"inLanguage":"it-IT","potentialAction":[{"@type":"ReadAction","target":["https:\/\/euricse.eu\/it\/accademia-di-comunita\/"]}]},{"@type":"ImageObject","inLanguage":"it-IT","@id":"https:\/\/euricse.eu\/it\/accademia-di-comunita\/#primaryimage","url":"https:\/\/euricse.eu\/wp-content\/uploads\/2018\/04\/AccademiaComunita-1-001-1-550x360.jpg","contentUrl":"https:\/\/euricse.eu\/wp-content\/uploads\/2018\/04\/AccademiaComunita-1-001-1-550x360.jpg","width":550,"height":360},{"@type":"BreadcrumbList","@id":"https:\/\/euricse.eu\/it\/accademia-di-comunita\/#breadcrumb","itemListElement":[{"@type":"ListItem","position":1,"name":"Home","item":"https:\/\/euricse.eu\/it\/"},{"@type":"ListItem","position":2,"name":"Accademia di Comunit\u00e0"}]},{"@type":"WebSite","@id":"https:\/\/euricse.eu\/en\/#website","url":"https:\/\/euricse.eu\/en\/","name":"Euricse","description":"Knowledge and innovation for cooperative and social enterprises.","potentialAction":[{"@type":"SearchAction","target":{"@type":"EntryPoint","urlTemplate":"https:\/\/euricse.eu\/en\/?s={search_term_string}"},"query-input":{"@type":"PropertyValueSpecification","valueRequired":true,"valueName":"search_term_string"}}],"inLanguage":"it-IT"},{"@type":"Person","@id":"https:\/\/euricse.eu\/en\/#\/schema\/person\/a5b25693531e3458dfedff34c273ba14","name":"Silvia","image":{"@type":"ImageObject","inLanguage":"it-IT","@id":"https:\/\/euricse.eu\/en\/#\/schema\/person\/image\/","url":"https:\/\/secure.gravatar.com\/avatar\/3cef1082b65edc85f1a4c0caa7ce4808f397a517b7217eab6215fe435640f8f7?s=96&d=mm&r=g","contentUrl":"https:\/\/secure.gravatar.com\/avatar\/3cef1082b65edc85f1a4c0caa7ce4808f397a517b7217eab6215fe435640f8f7?s=96&d=mm&r=g","caption":"Silvia"},"url":"https:\/\/euricse.eu\/it\/author\/silvia\/"}]}},"_links":{"self":[{"href":"https:\/\/euricse.eu\/it\/wp-json\/wp\/v2\/posts\/6664","targetHints":{"allow":["GET"]}}],"collection":[{"href":"https:\/\/euricse.eu\/it\/wp-json\/wp\/v2\/posts"}],"about":[{"href":"https:\/\/euricse.eu\/it\/wp-json\/wp\/v2\/types\/post"}],"author":[{"embeddable":true,"href":"https:\/\/euricse.eu\/it\/wp-json\/wp\/v2\/users\/32"}],"replies":[{"embeddable":true,"href":"https:\/\/euricse.eu\/it\/wp-json\/wp\/v2\/comments?post=6664"}],"version-history":[{"count":0,"href":"https:\/\/euricse.eu\/it\/wp-json\/wp\/v2\/posts\/6664\/revisions"}],"wp:featuredmedia":[{"embeddable":true,"href":"https:\/\/euricse.eu\/it\/wp-json\/wp\/v2\/media\/6666"}],"wp:attachment":[{"href":"https:\/\/euricse.eu\/it\/wp-json\/wp\/v2\/media?parent=6664"}],"wp:term":[{"taxonomy":"category","embeddable":true,"href":"https:\/\/euricse.eu\/it\/wp-json\/wp\/v2\/categories?post=6664"},{"taxonomy":"post_tag","embeddable":true,"href":"https:\/\/euricse.eu\/it\/wp-json\/wp\/v2\/tags?post=6664"}],"curies":[{"name":"wp","href":"https:\/\/api.w.org\/{rel}","templated":true}]}}