{"id":6838,"date":"2018-05-15T09:32:47","date_gmt":"2018-05-15T08:32:47","guid":{"rendered":"https:\/\/euricse.staging.hgblu.com\/?p=6838"},"modified":"2018-07-17T12:40:02","modified_gmt":"2018-07-17T11:40:02","slug":"la-cooperazione-trentina-oltre-la-cronaca","status":"publish","type":"post","link":"https:\/\/euricse.eu\/it\/la-cooperazione-trentina-oltre-la-cronaca\/","title":{"rendered":"La cooperazione trentina oltre la cronaca"},"content":{"rendered":"<h3 style=\"text-align: left;\">Euricse Facts&amp;Comments<\/h3>\n<p><a href=\"https:\/\/euricse.eu\/it\/people\/carlo-borzaga-2\/\">Carlo Borzaga<\/a>,\u00a0<a href=\"https:\/\/euricse.eu\/?s=chiara+carini\">Chiara Carini<\/a>,\u00a0<a href=\"https:\/\/euricse.eu\/it\/people\/eddi-fontanari\/\">Eddi Fontanari<\/a><\/p>\n<p>Scarica il <a href=\"https:\/\/euricse.eu\/wp-content\/uploads\/2018\/05\/COMUNICATO-euricse_oltre_la_cronaca.pdf\">comunicato stampa<\/a><\/p>\n<p>La lettura degli articoli di cronaca che da qualche mese riportano quasi giornalmente notizie su varie componenti della realt\u00e0 cooperativa trentina ha portato non poche e non poco autorevoli persone ad affermare che il\u00a0<strong>sistema cooperativo provinciale<\/strong>\u00a0stia attraversando una fase di pi\u00f9 o meno grave crisi. \u00c8 stato anche affermato in non poche occasioni che la crisi sarebbe cos\u00ec profonda e cos\u00ec pervasiva da far s\u00ec che la cooperazione non sia pi\u00f9 da considerare \u2013 come lo \u00e8 stato in passato \u2013 uno dei protagonisti dell\u2019economia trentina.<\/p>\n<p>Le informazioni offerte dai media locali, essendo in genere riferite al breve o brevissimo periodo o a singoli settori se non addirittura a singole cooperative o consorzi, bench\u00e9 certamente utili per seguirne l\u2019evoluzione e comprenderne le strategie,<strong>\u00a0non sono tuttavia sufficienti n\u00e9 a sostenere n\u00e9 a controbattere queste preoccupazioni<\/strong>. La complessit\u00e0 del settore cooperativo e la sua articolata presenza nell\u2019economia e nella societ\u00e0 trentina richiedono piuttosto un\u2019analisi che al contempo: sia esaustiva del fenomeno, abbracci un numero di anni adeguato, si basi su pi\u00f9 variabili significative e ne confronti i principali andamenti con quelli delle altre forme di impresa. A questo fine \u00e8 innanzitutto necessario reperire e rendere utilizzabili\u00a0<strong>informazioni statistiche<\/strong>\u00a0che non sempre sono facilmente disponibili perch\u00e9 spesso fornite in forma aggregata.<\/p>\n<p><!--more--><\/p>\n<p>Reperire, organizzare e analizzare i dati sulla cooperazione nel mondo, in Italia e in provincia di Trento \u00e8 una delle attivit\u00e0 che hanno impegnato Euricse fin dalla sua fondazione. Le collaborazioni con diverse istituzioni, che hanno consentito l\u2019accesso a informazioni disaggregate per forma di impresa, hanno gi\u00e0 permesso di produrre una serie di rapporti ampiamente utilizzati da istituzioni nazionali e internazionali. Tra queste figura anche la collaborazione in corso con l\u2019Istat, finalizzata alla predisposizione di un rapporto sulla cooperazione e l\u2019economia sociale in Italia. Euricse sta inoltre lavorando ad un rapporto sullo stesso tema per la provincia di Trento che sar\u00e0 disponibile per fine anno e di cui \u00e8 in grado di anticipare alcune informazioni utili per \u201candare oltre la cronaca\u201d, per valutare cio\u00e8 la reale rilevanza delle imprese cooperative nell\u2019economia provinciale e il ruolo che esse hanno svolto negli anni della crisi.<\/p>\n<p>Onde evitare fraintendimenti va precisato che i dati di seguito utilizzati derivano tutti da fonti pubbliche e in particolare dalla banca dati sui bilanci depositati presso la Camera di Commercio (e messi a disposizione da Aida van-Dijk) e dalle statistiche sull\u2019occupazione disponibili sul sito dell\u2019Istat.<\/p>\n<p>\u00c8 bene sapere fin da subito che le due fonti forniscono informazioni leggermente diverse. Mentre i dati sull\u2019occupazione (di fonte Istat) si riferiscono a tutte le imprese cooperative e non, operanti in provincia negli anni presi in considerazione (purch\u00e9 attive per almeno sei mesi nel corso dell\u2019anno), i dati di carattere economico-finanziario (banca dati Aida van-Dijk) non comprendono le Banche di Credito Cooperativo.<\/p>\n<p>Incrociando queste due fonti sono possibili alcune importanti, bench\u00e9 sintetiche, considerazioni. \u00c8 possibile innanzitutto misurare la rilevanza della cooperazione nella formazione del prodotto interno lordo (o valore aggiunto) e degli occupati in provincia di Trento. Anche se in questo caso il calcolo \u00e8 disponibile solo per il 2009, il risultato \u00e8 comunque da ritenersi rappresentativo della situazione attuale sia perch\u00e9 la struttura dell\u2019economia provinciale dal 2009 ad oggi non si \u00e8 modificata in modo significativo sia perch\u00e9, come si vedr\u00e0 pi\u00f9 avanti, la cooperazione \u00e8 risultata pi\u00f9 dinamica del resto delle imprese. Se ci si limita a considerare solo il contributo diretto, cio\u00e8 quello generato dalle sole cooperative esso ammontava all\u20198,3% (tab. 1) del valore aggiunto e al 10,6% (tab. 2) dell\u2019occupazione totale, includendo quindi anche i lavoratori autonomi la cui attivit\u00e0 \u00e8 collegata in modo rilevante ad una cooperativa.<\/p>\n<p><img loading=\"lazy\" decoding=\"async\" class=\"size-full wp-image-6761\" src=\"https:\/\/euricse.eu\/wp-content\/uploads\/2018\/05\/table-1.jpg\" alt=\"table 1\" width=\"812\" height=\"366\" \/><\/p>\n<p>Se per\u00f2 attraverso l\u2019utilizzo della \u201cmatrice delle interdipendenze settoriali\u201d si tiene conto anche del valore aggiunto e dell\u2019occupazione generati in imprese non cooperative operanti in provincia a seguito\u00a0 della domanda di beni e servizi intermedi ad esse rivolte (effetto indiretto) dalle cooperative e a seguito dei consumi effettuati presso imprese non cooperative dalle famiglie i cui redditi derivano da rapporti con una cooperativa (effetto indotto), il peso della cooperazione all\u2019economia provinciale cresce al 13,3% sul valore aggiunto e al 15% dell\u2019occupazione. In altri termini: se d\u2019improvviso tutte le cooperative chiudessero i battenti e non fossero sostituite da altre imprese il Trentino perderebbe 13,3 punti percentuali di Prodotto lordo e quasi un sesto degli occupati.<\/p>\n<p><img loading=\"lazy\" decoding=\"async\" class=\"alignleft size-full wp-image-6762\" src=\"https:\/\/euricse.eu\/wp-content\/uploads\/2018\/05\/Table-2.jpg\" alt=\"Table 2\" width=\"875\" height=\"362\" \/><\/p>\n<p>L\u2019analisi settoriale consente di apprezzare ancora meglio il ruolo della cooperazione in provincia. Considerando sempre l\u2019effetto complessivo, emerge chiaramente la rilevanza della cooperazione in tre settori fondamentali dell\u2019economia provinciale: l\u2019agricoltura e l\u2019industria alimentare, l\u2019intermediazione monetaria e il commercio. Rilevanza che diventa ancora pi\u00f9 evidente se si considerano solo le imprese private (graf. 1): nel 2015 le cooperative non contribuivano alla produzione del valore aggiunto in tutti i settori, ma erano dominanti in agricoltura e nei settori dell\u2019istruzione, dell\u2019assistenza sociale e dei servizi sanitari. Comunque lo si analizzi, quindi, il peso della cooperazione risulta decisamente rilevante &#8211; in generale e nel confronto con le altre forme di impresa &#8211; a livello sia economico-occupazionale che nella formazione dell\u2019offerta di servizi sociali, educativi e sanitari. Ponendosi di fatto \u201ca cavallo\u201d tra settore pubblico e settore privato.<\/p>\n<p>La rilevanza della cooperazione \u00e8 non solo confermata, ma rafforzata dall\u2019andamento nel periodo 2008-2015, considerato generalmente come quello della crisi pi\u00f9 grave dal dopoguerra e da cui l\u2019economia trentina, bench\u00e9 colpita meno della media nazionale, non \u00e8 riuscita a restarne immune.<\/p>\n<p>I dati sui bilanci e sull\u2019occupazione consentono di confrontare l\u2019andamento delle stesse variabili per le imprese cooperative e di capitali. Quando utilizzati per analisi diacroniche, i primi presentano per\u00f2 una limitazione dovuta al fatto che non sempre i bilanci sono caricati nella banca dati utilizzata o lo sono nell\u2019anno in cui l\u2019impresa ha iniziato l\u2019attivit\u00e0. Ne consegue che un aumento o una diminuzione del numero di imprese disponibili in banca dati non coincide necessariamente con un aumento o una diminuzione reale delle stesse. Ci\u00f2 detto, nel periodo considerato (2008-2015), le cooperative operanti in provincia di cui sono disponibili i bilanci sono passate da 493 a 505, le spa sono rimaste a 269 (dopo essere salite a 275 nel 2013), mentre le srl sono cresciute con continuit\u00e0 da 4.856 a 5.891.<\/p>\n<p><img loading=\"lazy\" decoding=\"async\" class=\"size-full wp-image-6763 aligncenter\" src=\"https:\/\/euricse.eu\/wp-content\/uploads\/2018\/05\/grafico-1.jpg\" alt=\"grafico 1\" width=\"793\" height=\"480\" \/><\/p>\n<p>Per garantire la migliore informazione possibile vengono di seguito proposti gli andamenti delle variabili economico-finanziarie sia considerando nei due anni tutte le imprese di cui \u00e8 disponibile il bilancio (colonna \u201cTutte\u201d in tab. 3), sia prendendo in considerazione solo le imprese con bilancio disponibile negli anni 2008, 2011, 2013 e 2015 (colonna \u201cCost\u201d in tab. 3).<\/p>\n<p><img loading=\"lazy\" decoding=\"async\" class=\"aligncenter size-full wp-image-6764\" src=\"https:\/\/euricse.eu\/wp-content\/uploads\/2018\/05\/table-3.jpg\" alt=\"table 3\" width=\"796\" height=\"205\" \/><\/p>\n<p>L\u2019andamento del valore aggiunto (tab. 3) \u00e8 in tutti i casi positivo e per tutte e tre le forme di impresa. Il tasso di crescita del valore aggiunto delle cooperative risulta inferiore solamente a quello delle srl se si considerano tutte le imprese con bilanci depositati, mentre risulta nettamente superiore (26,3%) a quello sia delle spa (17,9%) che delle srl (15,2%) se si considerano solo le imprese con bilanci depositati in tutti gli anni considerati. I tassi di crescita del valore aggiunto pi\u00f9 elevati interessano in particolare le cooperative impegnate nei settori pi\u00f9 labour intensive (alberghi e ristorazione, trasporti e magazzinaggio, assistenza sociale e servizi alle imprese). L\u2019analisi per tipologia cooperativa (tab. 4) mostra, inoltre, che la crescita ha interessato soprattutto la cooperazione sociale, quella di lavoro, le cooperative di prodotti agricoli e di allevamento e le cooperative di trasporto, mentre segnala la stazionariet\u00e0 della cooperazione di consumo.<\/p>\n<p><img loading=\"lazy\" decoding=\"async\" class=\"aligncenter size-full wp-image-6765\" src=\"https:\/\/euricse.eu\/wp-content\/uploads\/2018\/05\/table-4.jpg\" alt=\"table 4\" width=\"642\" height=\"289\" \/><\/p>\n<p>Pi\u00f9 netta \u00e8 la differenza tra forme di impresa se si considerano i redditi da lavoro (indicativi a loro volta dell\u2019andamento dell\u2019occupazione dipendente). In ambedue le serie di dati considerati la crescita dei redditi da lavoro nelle cooperative \u00e8 nettamente superiore (a volte del doppio o quasi) a quella delle altre forme di impresa.<\/p>\n<p>Di conseguenza, mentre le spa hanno visto crescere gli utili lungo tutto il periodo e le srl registravano nel 2015 un utile comunque superiore a quello del 2008, le cooperative hanno visto diminuire costantemente gli utili che a fine periodo risultavano pari a poco pi\u00f9 di un terzo rispetto ai valori del 2008.<\/p>\n<p>Non stupisce quindi che l\u2019occupazione (tab. 3, ultima riga) sia cresciuta decisamente nelle cooperative (+35,6%) rispetto alle imprese di capitali (l\u2019insieme di spa e srl) dove \u00e8 addirittura diminuita (-6,3%). Anche se certamente sull\u2019evoluzione dell\u2019occupazione nelle cooperative hanno inciso le politiche provinciali del lavoro e, in particolare, le diverse misure a sostegno dell\u2019impiego temporaneo in lavori socialmente utili, rimane di tutta evidenza il contributo dato dalla cooperazione trentina nel limitare l\u2019impatto della crisi sui livelli di disoccupazione e di povert\u00e0.<\/p>\n<p>Due confronti possono aiutare a capire meglio l\u2019importanza assunta dalla cooperazione nel corso della crisi. Il confronto con l\u2019andamento di cooperative e spa a livello nazionale (tab. 5) \u2013 fatto su dati riferiti alle imprese con bilanci disponibili in tutti gli anni &#8211; conferma i superiori tassi di crescita del valore aggiunto e dei redditi da lavoro sia della cooperazione italiana che di quella trentina rispetto a quelli delle societ\u00e0 per azioni.<\/p>\n<p><img loading=\"lazy\" decoding=\"async\" class=\"aligncenter size-full wp-image-6766\" src=\"https:\/\/euricse.eu\/wp-content\/uploads\/2018\/05\/Table-5.jpg\" alt=\"Table 5\" width=\"686\" height=\"216\" \/><\/p>\n<p>Decisamente pi\u00f9 evidente risulta il contributo della cooperazione trentina alla crescita dell\u2019occupazione (graf.\u00a02) che supera di gran lunga non solo quello della societ\u00e0 di capitali \u2013 che risulta addirittura negativo \u2013 ma anche il gi\u00e0 positivo andamento a livello nazionale.<\/p>\n<p><img loading=\"lazy\" decoding=\"async\" class=\"aligncenter size-full wp-image-6767\" src=\"https:\/\/euricse.eu\/wp-content\/uploads\/2018\/05\/grafico-2.jpg\" alt=\"grafico 2\" width=\"725\" height=\"451\" \/><\/p>\n<p>Anche il secondo confronto, quello con la provincia di Bolzano, \u00e8 particolarmente interessante (graf. 3). Se, infatti, anche in provincia di Bolzano la cooperazione presenta una significativa crescita dell\u2019occupazione, a fare la differenza con la provincia di Trento \u00e8 in questo caso soprattutto il diverso andamento dell\u2019occupazione nelle imprese di capitali: con una riduzione di oltre il 6% in Trentino e un +15% in Alto Adige. Non \u00e8 quindi alla cooperazione che vanno attribuiti i problemi occupazionali che hanno interessato il Trentino.<\/p>\n<p>In conclusione: la cooperazione trentina \u00e8 tutt\u2019altro che un settore in crisi o in via di ridimensionamento. Il\u00a0 suo ruolo nella crisi \u00e8 fuori discussione. Ed \u00e8 quindi all\u2019interno di questo scenario che vanno collocate le situazioni di crisi di cui la cronaca si \u00e8 diffusamente interessata o si sta interessando.<\/p>\n<p><img loading=\"lazy\" decoding=\"async\" class=\"aligncenter size-full wp-image-6768\" src=\"https:\/\/euricse.eu\/wp-content\/uploads\/2018\/05\/grafico-3.jpg\" alt=\"grafico 3\" width=\"686\" height=\"437\" \/><\/p>\n","protected":false},"excerpt":{"rendered":"<p>Euricse Facts&amp;Comments Carlo Borzaga,\u00a0Chiara Carini,\u00a0Eddi Fontanari Scarica il comunicato stampa La lettura degli articoli di cronaca che da qualche mese riportano quasi giornalmente notizie su varie componenti della realt\u00e0 cooperativa trentina ha portato non poche e non poco autorevoli persone ad affermare che il\u00a0sistema cooperativo provinciale\u00a0stia attraversando una fase di pi\u00f9 o meno grave crisi. [&hellip;]<\/p>\n","protected":false},"author":32,"featured_media":6980,"comment_status":"open","ping_status":"closed","sticky":false,"template":"","format":"standard","meta":{"_acf_changed":false,"episode_type":"","audio_file":"","cover_image":"","cover_image_id":"","duration":"","filesize":"","date_recorded":"","explicit":"","block":"","itunes_episode_number":"","itunes_title":"","itunes_season_number":"","itunes_episode_type":"","filesize_raw":"","footnotes":""},"categories":[14,16,17],"tags":[109,244,646],"class_list":["post-6838","post","type-post","status-publish","format-standard","has-post-thumbnail","hentry","category-blog-it","category-approfondimenti","category-news-it","tag-cooperative","tag-factscomments","tag-trentino"],"acf":[],"yoast_head":"<!-- This site is optimized with the Yoast SEO plugin v26.1.1 - https:\/\/yoast.com\/wordpress\/plugins\/seo\/ -->\n<title>La cooperazione trentina oltre la cronaca - Euricse<\/title>\n<meta name=\"robots\" content=\"index, follow, max-snippet:-1, max-image-preview:large, max-video-preview:-1\" \/>\n<link rel=\"canonical\" href=\"https:\/\/euricse.eu\/it\/la-cooperazione-trentina-oltre-la-cronaca\/\" \/>\n<meta property=\"og:locale\" content=\"it_IT\" \/>\n<meta property=\"og:type\" content=\"article\" \/>\n<meta property=\"og:title\" content=\"La cooperazione trentina oltre la cronaca - Euricse\" \/>\n<meta property=\"og:description\" content=\"Euricse Facts&amp;Comments Carlo Borzaga,\u00a0Chiara Carini,\u00a0Eddi Fontanari Scarica il comunicato stampa La lettura degli articoli di cronaca che da qualche mese riportano quasi giornalmente notizie su varie componenti della realt\u00e0 cooperativa trentina ha portato non poche e non poco autorevoli persone ad affermare che il\u00a0sistema cooperativo provinciale\u00a0stia attraversando una fase di pi\u00f9 o meno grave crisi. [&hellip;]\" \/>\n<meta property=\"og:url\" content=\"https:\/\/euricse.eu\/it\/la-cooperazione-trentina-oltre-la-cronaca\/\" \/>\n<meta property=\"og:site_name\" content=\"Euricse\" \/>\n<meta property=\"article:published_time\" content=\"2018-05-15T08:32:47+00:00\" \/>\n<meta property=\"article:modified_time\" content=\"2018-07-17T11:40:02+00:00\" \/>\n<meta property=\"og:image\" content=\"https:\/\/euricse.eu\/wp-content\/uploads\/2018\/05\/newspapers-3488857_1280.jpg\" \/>\n\t<meta property=\"og:image:width\" content=\"1280\" \/>\n\t<meta property=\"og:image:height\" content=\"837\" \/>\n\t<meta property=\"og:image:type\" content=\"image\/jpeg\" \/>\n<meta name=\"author\" content=\"Silvia\" \/>\n<meta name=\"twitter:card\" content=\"summary_large_image\" \/>\n<meta name=\"twitter:label1\" content=\"Scritto da\" \/>\n\t<meta name=\"twitter:data1\" content=\"Silvia\" \/>\n\t<meta name=\"twitter:label2\" content=\"Tempo di lettura stimato\" \/>\n\t<meta name=\"twitter:data2\" content=\"8 minuti\" \/>\n<script type=\"application\/ld+json\" class=\"yoast-schema-graph\">{\"@context\":\"https:\/\/schema.org\",\"@graph\":[{\"@type\":\"WebPage\",\"@id\":\"https:\/\/euricse.eu\/it\/la-cooperazione-trentina-oltre-la-cronaca\/\",\"url\":\"https:\/\/euricse.eu\/it\/la-cooperazione-trentina-oltre-la-cronaca\/\",\"name\":\"La cooperazione trentina oltre la cronaca - Euricse\",\"isPartOf\":{\"@id\":\"https:\/\/euricse.eu\/en\/#website\"},\"primaryImageOfPage\":{\"@id\":\"https:\/\/euricse.eu\/it\/la-cooperazione-trentina-oltre-la-cronaca\/#primaryimage\"},\"image\":{\"@id\":\"https:\/\/euricse.eu\/it\/la-cooperazione-trentina-oltre-la-cronaca\/#primaryimage\"},\"thumbnailUrl\":\"https:\/\/euricse.eu\/wp-content\/uploads\/2018\/05\/newspapers-3488857_1280.jpg\",\"datePublished\":\"2018-05-15T08:32:47+00:00\",\"dateModified\":\"2018-07-17T11:40:02+00:00\",\"author\":{\"@id\":\"https:\/\/euricse.eu\/en\/#\/schema\/person\/a5b25693531e3458dfedff34c273ba14\"},\"breadcrumb\":{\"@id\":\"https:\/\/euricse.eu\/it\/la-cooperazione-trentina-oltre-la-cronaca\/#breadcrumb\"},\"inLanguage\":\"it-IT\",\"potentialAction\":[{\"@type\":\"ReadAction\",\"target\":[\"https:\/\/euricse.eu\/it\/la-cooperazione-trentina-oltre-la-cronaca\/\"]}]},{\"@type\":\"ImageObject\",\"inLanguage\":\"it-IT\",\"@id\":\"https:\/\/euricse.eu\/it\/la-cooperazione-trentina-oltre-la-cronaca\/#primaryimage\",\"url\":\"https:\/\/euricse.eu\/wp-content\/uploads\/2018\/05\/newspapers-3488857_1280.jpg\",\"contentUrl\":\"https:\/\/euricse.eu\/wp-content\/uploads\/2018\/05\/newspapers-3488857_1280.jpg\",\"width\":1280,\"height\":837},{\"@type\":\"BreadcrumbList\",\"@id\":\"https:\/\/euricse.eu\/it\/la-cooperazione-trentina-oltre-la-cronaca\/#breadcrumb\",\"itemListElement\":[{\"@type\":\"ListItem\",\"position\":1,\"name\":\"Home\",\"item\":\"https:\/\/euricse.eu\/it\/\"},{\"@type\":\"ListItem\",\"position\":2,\"name\":\"La cooperazione trentina oltre la cronaca\"}]},{\"@type\":\"WebSite\",\"@id\":\"https:\/\/euricse.eu\/en\/#website\",\"url\":\"https:\/\/euricse.eu\/en\/\",\"name\":\"Euricse\",\"description\":\"Knowledge and innovation for cooperative and social enterprises.\",\"potentialAction\":[{\"@type\":\"SearchAction\",\"target\":{\"@type\":\"EntryPoint\",\"urlTemplate\":\"https:\/\/euricse.eu\/en\/?s={search_term_string}\"},\"query-input\":{\"@type\":\"PropertyValueSpecification\",\"valueRequired\":true,\"valueName\":\"search_term_string\"}}],\"inLanguage\":\"it-IT\"},{\"@type\":\"Person\",\"@id\":\"https:\/\/euricse.eu\/en\/#\/schema\/person\/a5b25693531e3458dfedff34c273ba14\",\"name\":\"Silvia\",\"image\":{\"@type\":\"ImageObject\",\"inLanguage\":\"it-IT\",\"@id\":\"https:\/\/euricse.eu\/en\/#\/schema\/person\/image\/\",\"url\":\"https:\/\/secure.gravatar.com\/avatar\/3cef1082b65edc85f1a4c0caa7ce4808f397a517b7217eab6215fe435640f8f7?s=96&d=mm&r=g\",\"contentUrl\":\"https:\/\/secure.gravatar.com\/avatar\/3cef1082b65edc85f1a4c0caa7ce4808f397a517b7217eab6215fe435640f8f7?s=96&d=mm&r=g\",\"caption\":\"Silvia\"},\"url\":\"https:\/\/euricse.eu\/it\/author\/silvia\/\"}]}<\/script>\n<!-- \/ Yoast SEO plugin. -->","yoast_head_json":{"title":"La cooperazione trentina oltre la cronaca - Euricse","robots":{"index":"index","follow":"follow","max-snippet":"max-snippet:-1","max-image-preview":"max-image-preview:large","max-video-preview":"max-video-preview:-1"},"canonical":"https:\/\/euricse.eu\/it\/la-cooperazione-trentina-oltre-la-cronaca\/","og_locale":"it_IT","og_type":"article","og_title":"La cooperazione trentina oltre la cronaca - Euricse","og_description":"Euricse Facts&amp;Comments Carlo Borzaga,\u00a0Chiara Carini,\u00a0Eddi Fontanari Scarica il comunicato stampa La lettura degli articoli di cronaca che da qualche mese riportano quasi giornalmente notizie su varie componenti della realt\u00e0 cooperativa trentina ha portato non poche e non poco autorevoli persone ad affermare che il\u00a0sistema cooperativo provinciale\u00a0stia attraversando una fase di pi\u00f9 o meno grave crisi. [&hellip;]","og_url":"https:\/\/euricse.eu\/it\/la-cooperazione-trentina-oltre-la-cronaca\/","og_site_name":"Euricse","article_published_time":"2018-05-15T08:32:47+00:00","article_modified_time":"2018-07-17T11:40:02+00:00","og_image":[{"width":1280,"height":837,"url":"https:\/\/euricse.eu\/wp-content\/uploads\/2018\/05\/newspapers-3488857_1280.jpg","type":"image\/jpeg"}],"author":"Silvia","twitter_card":"summary_large_image","twitter_misc":{"Scritto da":"Silvia","Tempo di lettura stimato":"8 minuti"},"schema":{"@context":"https:\/\/schema.org","@graph":[{"@type":"WebPage","@id":"https:\/\/euricse.eu\/it\/la-cooperazione-trentina-oltre-la-cronaca\/","url":"https:\/\/euricse.eu\/it\/la-cooperazione-trentina-oltre-la-cronaca\/","name":"La cooperazione trentina oltre la cronaca - Euricse","isPartOf":{"@id":"https:\/\/euricse.eu\/en\/#website"},"primaryImageOfPage":{"@id":"https:\/\/euricse.eu\/it\/la-cooperazione-trentina-oltre-la-cronaca\/#primaryimage"},"image":{"@id":"https:\/\/euricse.eu\/it\/la-cooperazione-trentina-oltre-la-cronaca\/#primaryimage"},"thumbnailUrl":"https:\/\/euricse.eu\/wp-content\/uploads\/2018\/05\/newspapers-3488857_1280.jpg","datePublished":"2018-05-15T08:32:47+00:00","dateModified":"2018-07-17T11:40:02+00:00","author":{"@id":"https:\/\/euricse.eu\/en\/#\/schema\/person\/a5b25693531e3458dfedff34c273ba14"},"breadcrumb":{"@id":"https:\/\/euricse.eu\/it\/la-cooperazione-trentina-oltre-la-cronaca\/#breadcrumb"},"inLanguage":"it-IT","potentialAction":[{"@type":"ReadAction","target":["https:\/\/euricse.eu\/it\/la-cooperazione-trentina-oltre-la-cronaca\/"]}]},{"@type":"ImageObject","inLanguage":"it-IT","@id":"https:\/\/euricse.eu\/it\/la-cooperazione-trentina-oltre-la-cronaca\/#primaryimage","url":"https:\/\/euricse.eu\/wp-content\/uploads\/2018\/05\/newspapers-3488857_1280.jpg","contentUrl":"https:\/\/euricse.eu\/wp-content\/uploads\/2018\/05\/newspapers-3488857_1280.jpg","width":1280,"height":837},{"@type":"BreadcrumbList","@id":"https:\/\/euricse.eu\/it\/la-cooperazione-trentina-oltre-la-cronaca\/#breadcrumb","itemListElement":[{"@type":"ListItem","position":1,"name":"Home","item":"https:\/\/euricse.eu\/it\/"},{"@type":"ListItem","position":2,"name":"La cooperazione trentina oltre la cronaca"}]},{"@type":"WebSite","@id":"https:\/\/euricse.eu\/en\/#website","url":"https:\/\/euricse.eu\/en\/","name":"Euricse","description":"Knowledge and innovation for cooperative and social enterprises.","potentialAction":[{"@type":"SearchAction","target":{"@type":"EntryPoint","urlTemplate":"https:\/\/euricse.eu\/en\/?s={search_term_string}"},"query-input":{"@type":"PropertyValueSpecification","valueRequired":true,"valueName":"search_term_string"}}],"inLanguage":"it-IT"},{"@type":"Person","@id":"https:\/\/euricse.eu\/en\/#\/schema\/person\/a5b25693531e3458dfedff34c273ba14","name":"Silvia","image":{"@type":"ImageObject","inLanguage":"it-IT","@id":"https:\/\/euricse.eu\/en\/#\/schema\/person\/image\/","url":"https:\/\/secure.gravatar.com\/avatar\/3cef1082b65edc85f1a4c0caa7ce4808f397a517b7217eab6215fe435640f8f7?s=96&d=mm&r=g","contentUrl":"https:\/\/secure.gravatar.com\/avatar\/3cef1082b65edc85f1a4c0caa7ce4808f397a517b7217eab6215fe435640f8f7?s=96&d=mm&r=g","caption":"Silvia"},"url":"https:\/\/euricse.eu\/it\/author\/silvia\/"}]}},"_links":{"self":[{"href":"https:\/\/euricse.eu\/it\/wp-json\/wp\/v2\/posts\/6838","targetHints":{"allow":["GET"]}}],"collection":[{"href":"https:\/\/euricse.eu\/it\/wp-json\/wp\/v2\/posts"}],"about":[{"href":"https:\/\/euricse.eu\/it\/wp-json\/wp\/v2\/types\/post"}],"author":[{"embeddable":true,"href":"https:\/\/euricse.eu\/it\/wp-json\/wp\/v2\/users\/32"}],"replies":[{"embeddable":true,"href":"https:\/\/euricse.eu\/it\/wp-json\/wp\/v2\/comments?post=6838"}],"version-history":[{"count":0,"href":"https:\/\/euricse.eu\/it\/wp-json\/wp\/v2\/posts\/6838\/revisions"}],"wp:featuredmedia":[{"embeddable":true,"href":"https:\/\/euricse.eu\/it\/wp-json\/wp\/v2\/media\/6980"}],"wp:attachment":[{"href":"https:\/\/euricse.eu\/it\/wp-json\/wp\/v2\/media?parent=6838"}],"wp:term":[{"taxonomy":"category","embeddable":true,"href":"https:\/\/euricse.eu\/it\/wp-json\/wp\/v2\/categories?post=6838"},{"taxonomy":"post_tag","embeddable":true,"href":"https:\/\/euricse.eu\/it\/wp-json\/wp\/v2\/tags?post=6838"}],"curies":[{"name":"wp","href":"https:\/\/api.w.org\/{rel}","templated":true}]}}