{"id":6856,"date":"2018-07-06T14:11:51","date_gmt":"2018-07-06T13:11:51","guid":{"rendered":"https:\/\/euricse.staging.hgblu.com\/?p=6856"},"modified":"2018-07-06T14:11:51","modified_gmt":"2018-07-06T13:11:51","slug":"storie-di-stage-francesca-de-pretis","status":"publish","type":"post","link":"https:\/\/euricse.eu\/it\/storie-di-stage-francesca-de-pretis\/","title":{"rendered":"Storie di stage: Francesca de Pretis"},"content":{"rendered":"<blockquote><p><em>&#8230;Il tirocinio mi vede coinvolta su pi\u00f9 fronti: quello commerciale e imprenditoriale, dove sto cercando di migliorare la visibilit\u00e0 di Formichine sul territorio&#8230;<\/em><\/p><\/blockquote>\n<p>Qual \u00e8 la\u00a0<strong>ricetta<\/strong>\u00a0per creare nuove pratiche del sociale al fine di\u00a0<strong>autodeterminarsi<\/strong>\u00a0e diventare esempio di\u00a0<strong>efficacia<\/strong>\u00a0e\u00a0<strong>riproducibilit\u00e0<\/strong>?<\/p>\n<p>La spinta innovativa iniziale di \u201c<strong>Le Formichine<\/strong>\u201d \u00e8 stata propulsiva. Il\u00a0<strong>welfare generativo<\/strong>\u00a0\u00e8 lo strumento che ha permesso a FM Impresa Sociale SRL, di Fondazione Famiglia Materna, di costruire\u00a0<strong>nuove metodologie<\/strong>\u00a0di lavoro per\u00a0 trovare risposta ad una crisi imprenditoriale ed economica crescente, anche nel non profit.<\/p>\n<p><!--more--><\/p>\n<p>Il\u00a0<strong>Distretto Economico Solidale<\/strong>\u00a0della Vallagarina, di cui FM srl \u00e8 protagonista, \u00e8 una filiera di enti pubblici e privati, profit e non profit con lo scopo di valorizzare il\u00a0<strong>territorio<\/strong>\u00a0e\u00a0<strong>l\u2019equit\u00e0 imprenditoriale<\/strong>\u00a0che ha permesso la nascita di collaborazioni, ma soprattutto di un modello di funzionamento innovativo per\u00a0<strong>l\u2019inclusione<\/strong>\u00a0e\u00a0<strong>l\u2019inserimento lavorativo<\/strong>\u00a0di persone svantaggiate nel mondo del mercato libero.<img loading=\"lazy\" decoding=\"async\" class=\"alignright size-medium wp-image-6854\" src=\"https:\/\/euricse.eu\/wp-content\/uploads\/2018\/06\/image_6483441-1-250x300.jpg\" alt=\"image_6483441 (1)\" width=\"250\" height=\"300\" \/><\/p>\n<p>Il tirocinio mi vede coinvolta su pi\u00f9 fronti: quello\u00a0<strong>commerciale<\/strong>\u00a0e\u00a0<strong>imprenditoriale<\/strong>, dove sto cercando di migliorare la\u00a0<strong>visibilit\u00e0<\/strong>\u00a0di Formichine sul territorio tramite la vendita dei prodotti; quello pi\u00f9\u00a0<strong>manageriale<\/strong>\u00a0che mi vede partecipare alla\u00a0<strong>costruzione<\/strong>\u00a0e alla\u00a0<strong>promozione<\/strong>\u00a0delle\u00a0<strong>reti<\/strong>\u00a0di lavoro del DES, cercando di facilitare i rapporti tra i vari soggetti.<\/p>\n<p>Mi piacerebbe riuscire ad unire questi due aspetti per implementare lo\u00a0<strong>sviluppo di comunit\u00e0<\/strong>, che gi\u00e0 \u00e8 la base del progetto.<\/p>\n<p>Mi chiamo Francesca de Pretis e ho studiato Educazione Professionale a Rovereto. Dopo un periodo nel mondo del lavoro ho compreso di voler approfondire\u00a0 conoscenze, esperienze e competenze del management, per poter\u00a0<strong>dare valore alle mie idee<\/strong>. Il\u00a0<strong>Master GIS<\/strong>\u00a0l\u2019ho scelto per ampliare il mio sguardo e per rafforzare le mie capacit\u00e0. Sono molto felice di aver intrapreso questa avventura, soprattutto per la sicurezza che mi ha infuso, #<strong>SeCiCrediPUOI<\/strong>\u00a0!<\/p>\n<p><img loading=\"lazy\" decoding=\"async\" class=\"aligncenter size-medium wp-image-6853\" src=\"https:\/\/euricse.eu\/wp-content\/uploads\/2018\/06\/IMG_20180522_142247-225x300.jpeg\" alt=\"IMG_20180522_142247\" width=\"225\" height=\"300\" \/><\/p>\n<hr \/>\n<p>La rubrica \u201cStorie di stage\u201d \u00e8 stata creata per dare la possibilit\u00e0 ai corsisti del Master GIS di condividere le loro storie ed esperienze durante i periodi di tirocinio. Le iscrizioni per una nuova edizione del Master sono aperte. Per informazioni e iscrizioni visita<a href=\"https:\/\/euricse.eu\/it\/training\/master-gis\/\">\u00a0la pagina dedicata al corso<\/a>.<\/p>\n<hr \/>\n","protected":false},"excerpt":{"rendered":"<p>&#8230;Il tirocinio mi vede coinvolta su pi\u00f9 fronti: quello commerciale e imprenditoriale, dove sto cercando di migliorare la visibilit\u00e0 di Formichine sul territorio&#8230; Qual \u00e8 la\u00a0ricetta\u00a0per creare nuove pratiche del sociale al fine di\u00a0autodeterminarsi\u00a0e diventare esempio di\u00a0efficacia\u00a0e\u00a0riproducibilit\u00e0? La spinta innovativa iniziale di \u201cLe Formichine\u201d \u00e8 stata propulsiva. Il\u00a0welfare generativo\u00a0\u00e8 lo strumento che ha permesso a [&hellip;]<\/p>\n","protected":false},"author":32,"featured_media":6857,"comment_status":"open","ping_status":"closed","sticky":false,"template":"","format":"standard","meta":{"_acf_changed":false,"episode_type":"","audio_file":"","cover_image":"","cover_image_id":"","duration":"","filesize":"","date_recorded":"","explicit":"","block":"","itunes_episode_number":"","itunes_title":"","itunes_season_number":"","itunes_episode_type":"","filesize_raw":"","footnotes":""},"categories":[14],"tags":[292,430],"class_list":["post-6856","post","type-post","status-publish","format-standard","has-post-thumbnail","hentry","category-blog-it","tag-master-gis","tag-storie-di-stage"],"acf":[],"yoast_head":"<!-- This site is optimized with the Yoast SEO plugin v26.1.1 - https:\/\/yoast.com\/wordpress\/plugins\/seo\/ -->\n<title>Storie di stage: Francesca de Pretis - Euricse<\/title>\n<meta name=\"robots\" content=\"index, follow, max-snippet:-1, max-image-preview:large, max-video-preview:-1\" \/>\n<link rel=\"canonical\" href=\"https:\/\/euricse.eu\/it\/storie-di-stage-francesca-de-pretis\/\" \/>\n<meta property=\"og:locale\" content=\"it_IT\" \/>\n<meta property=\"og:type\" content=\"article\" \/>\n<meta property=\"og:title\" content=\"Storie di stage: Francesca de Pretis - Euricse\" \/>\n<meta property=\"og:description\" content=\"&#8230;Il tirocinio mi vede coinvolta su pi\u00f9 fronti: quello commerciale e imprenditoriale, dove sto cercando di migliorare la visibilit\u00e0 di Formichine sul territorio&#8230; Qual \u00e8 la\u00a0ricetta\u00a0per creare nuove pratiche del sociale al fine di\u00a0autodeterminarsi\u00a0e diventare esempio di\u00a0efficacia\u00a0e\u00a0riproducibilit\u00e0? La spinta innovativa iniziale di \u201cLe Formichine\u201d \u00e8 stata propulsiva. Il\u00a0welfare generativo\u00a0\u00e8 lo strumento che ha permesso a [&hellip;]\" \/>\n<meta property=\"og:url\" content=\"https:\/\/euricse.eu\/it\/storie-di-stage-francesca-de-pretis\/\" \/>\n<meta property=\"og:site_name\" content=\"Euricse\" \/>\n<meta property=\"article:published_time\" content=\"2018-07-06T13:11:51+00:00\" \/>\n<meta property=\"og:image\" content=\"https:\/\/euricse.eu\/wp-content\/uploads\/2018\/07\/fra.jpg\" \/>\n\t<meta property=\"og:image:width\" content=\"300\" \/>\n\t<meta property=\"og:image:height\" content=\"288\" \/>\n\t<meta property=\"og:image:type\" content=\"image\/jpeg\" \/>\n<meta name=\"author\" content=\"Silvia\" \/>\n<meta name=\"twitter:card\" content=\"summary_large_image\" \/>\n<meta name=\"twitter:label1\" content=\"Scritto da\" \/>\n\t<meta name=\"twitter:data1\" content=\"Silvia\" \/>\n\t<meta name=\"twitter:label2\" content=\"Tempo di lettura stimato\" \/>\n\t<meta name=\"twitter:data2\" content=\"2 minuti\" \/>\n<script type=\"application\/ld+json\" class=\"yoast-schema-graph\">{\"@context\":\"https:\/\/schema.org\",\"@graph\":[{\"@type\":\"WebPage\",\"@id\":\"https:\/\/euricse.eu\/it\/storie-di-stage-francesca-de-pretis\/\",\"url\":\"https:\/\/euricse.eu\/it\/storie-di-stage-francesca-de-pretis\/\",\"name\":\"Storie di stage: Francesca de Pretis - Euricse\",\"isPartOf\":{\"@id\":\"https:\/\/euricse.eu\/en\/#website\"},\"primaryImageOfPage\":{\"@id\":\"https:\/\/euricse.eu\/it\/storie-di-stage-francesca-de-pretis\/#primaryimage\"},\"image\":{\"@id\":\"https:\/\/euricse.eu\/it\/storie-di-stage-francesca-de-pretis\/#primaryimage\"},\"thumbnailUrl\":\"https:\/\/euricse.eu\/wp-content\/uploads\/2018\/07\/fra.jpg\",\"datePublished\":\"2018-07-06T13:11:51+00:00\",\"author\":{\"@id\":\"https:\/\/euricse.eu\/en\/#\/schema\/person\/a5b25693531e3458dfedff34c273ba14\"},\"breadcrumb\":{\"@id\":\"https:\/\/euricse.eu\/it\/storie-di-stage-francesca-de-pretis\/#breadcrumb\"},\"inLanguage\":\"it-IT\",\"potentialAction\":[{\"@type\":\"ReadAction\",\"target\":[\"https:\/\/euricse.eu\/it\/storie-di-stage-francesca-de-pretis\/\"]}]},{\"@type\":\"ImageObject\",\"inLanguage\":\"it-IT\",\"@id\":\"https:\/\/euricse.eu\/it\/storie-di-stage-francesca-de-pretis\/#primaryimage\",\"url\":\"https:\/\/euricse.eu\/wp-content\/uploads\/2018\/07\/fra.jpg\",\"contentUrl\":\"https:\/\/euricse.eu\/wp-content\/uploads\/2018\/07\/fra.jpg\",\"width\":300,\"height\":288},{\"@type\":\"BreadcrumbList\",\"@id\":\"https:\/\/euricse.eu\/it\/storie-di-stage-francesca-de-pretis\/#breadcrumb\",\"itemListElement\":[{\"@type\":\"ListItem\",\"position\":1,\"name\":\"Home\",\"item\":\"https:\/\/euricse.eu\/it\/\"},{\"@type\":\"ListItem\",\"position\":2,\"name\":\"Storie di stage: Francesca de Pretis\"}]},{\"@type\":\"WebSite\",\"@id\":\"https:\/\/euricse.eu\/en\/#website\",\"url\":\"https:\/\/euricse.eu\/en\/\",\"name\":\"Euricse\",\"description\":\"Knowledge and innovation for cooperative and social enterprises.\",\"potentialAction\":[{\"@type\":\"SearchAction\",\"target\":{\"@type\":\"EntryPoint\",\"urlTemplate\":\"https:\/\/euricse.eu\/en\/?s={search_term_string}\"},\"query-input\":{\"@type\":\"PropertyValueSpecification\",\"valueRequired\":true,\"valueName\":\"search_term_string\"}}],\"inLanguage\":\"it-IT\"},{\"@type\":\"Person\",\"@id\":\"https:\/\/euricse.eu\/en\/#\/schema\/person\/a5b25693531e3458dfedff34c273ba14\",\"name\":\"Silvia\",\"image\":{\"@type\":\"ImageObject\",\"inLanguage\":\"it-IT\",\"@id\":\"https:\/\/euricse.eu\/en\/#\/schema\/person\/image\/\",\"url\":\"https:\/\/secure.gravatar.com\/avatar\/3cef1082b65edc85f1a4c0caa7ce4808f397a517b7217eab6215fe435640f8f7?s=96&d=mm&r=g\",\"contentUrl\":\"https:\/\/secure.gravatar.com\/avatar\/3cef1082b65edc85f1a4c0caa7ce4808f397a517b7217eab6215fe435640f8f7?s=96&d=mm&r=g\",\"caption\":\"Silvia\"},\"url\":\"https:\/\/euricse.eu\/it\/author\/silvia\/\"}]}<\/script>\n<!-- \/ Yoast SEO plugin. -->","yoast_head_json":{"title":"Storie di stage: Francesca de Pretis - Euricse","robots":{"index":"index","follow":"follow","max-snippet":"max-snippet:-1","max-image-preview":"max-image-preview:large","max-video-preview":"max-video-preview:-1"},"canonical":"https:\/\/euricse.eu\/it\/storie-di-stage-francesca-de-pretis\/","og_locale":"it_IT","og_type":"article","og_title":"Storie di stage: Francesca de Pretis - Euricse","og_description":"&#8230;Il tirocinio mi vede coinvolta su pi\u00f9 fronti: quello commerciale e imprenditoriale, dove sto cercando di migliorare la visibilit\u00e0 di Formichine sul territorio&#8230; Qual \u00e8 la\u00a0ricetta\u00a0per creare nuove pratiche del sociale al fine di\u00a0autodeterminarsi\u00a0e diventare esempio di\u00a0efficacia\u00a0e\u00a0riproducibilit\u00e0? La spinta innovativa iniziale di \u201cLe Formichine\u201d \u00e8 stata propulsiva. Il\u00a0welfare generativo\u00a0\u00e8 lo strumento che ha permesso a [&hellip;]","og_url":"https:\/\/euricse.eu\/it\/storie-di-stage-francesca-de-pretis\/","og_site_name":"Euricse","article_published_time":"2018-07-06T13:11:51+00:00","og_image":[{"width":300,"height":288,"url":"https:\/\/euricse.eu\/wp-content\/uploads\/2018\/07\/fra.jpg","type":"image\/jpeg"}],"author":"Silvia","twitter_card":"summary_large_image","twitter_misc":{"Scritto da":"Silvia","Tempo di lettura stimato":"2 minuti"},"schema":{"@context":"https:\/\/schema.org","@graph":[{"@type":"WebPage","@id":"https:\/\/euricse.eu\/it\/storie-di-stage-francesca-de-pretis\/","url":"https:\/\/euricse.eu\/it\/storie-di-stage-francesca-de-pretis\/","name":"Storie di stage: Francesca de Pretis - Euricse","isPartOf":{"@id":"https:\/\/euricse.eu\/en\/#website"},"primaryImageOfPage":{"@id":"https:\/\/euricse.eu\/it\/storie-di-stage-francesca-de-pretis\/#primaryimage"},"image":{"@id":"https:\/\/euricse.eu\/it\/storie-di-stage-francesca-de-pretis\/#primaryimage"},"thumbnailUrl":"https:\/\/euricse.eu\/wp-content\/uploads\/2018\/07\/fra.jpg","datePublished":"2018-07-06T13:11:51+00:00","author":{"@id":"https:\/\/euricse.eu\/en\/#\/schema\/person\/a5b25693531e3458dfedff34c273ba14"},"breadcrumb":{"@id":"https:\/\/euricse.eu\/it\/storie-di-stage-francesca-de-pretis\/#breadcrumb"},"inLanguage":"it-IT","potentialAction":[{"@type":"ReadAction","target":["https:\/\/euricse.eu\/it\/storie-di-stage-francesca-de-pretis\/"]}]},{"@type":"ImageObject","inLanguage":"it-IT","@id":"https:\/\/euricse.eu\/it\/storie-di-stage-francesca-de-pretis\/#primaryimage","url":"https:\/\/euricse.eu\/wp-content\/uploads\/2018\/07\/fra.jpg","contentUrl":"https:\/\/euricse.eu\/wp-content\/uploads\/2018\/07\/fra.jpg","width":300,"height":288},{"@type":"BreadcrumbList","@id":"https:\/\/euricse.eu\/it\/storie-di-stage-francesca-de-pretis\/#breadcrumb","itemListElement":[{"@type":"ListItem","position":1,"name":"Home","item":"https:\/\/euricse.eu\/it\/"},{"@type":"ListItem","position":2,"name":"Storie di stage: Francesca de Pretis"}]},{"@type":"WebSite","@id":"https:\/\/euricse.eu\/en\/#website","url":"https:\/\/euricse.eu\/en\/","name":"Euricse","description":"Knowledge and innovation for cooperative and social enterprises.","potentialAction":[{"@type":"SearchAction","target":{"@type":"EntryPoint","urlTemplate":"https:\/\/euricse.eu\/en\/?s={search_term_string}"},"query-input":{"@type":"PropertyValueSpecification","valueRequired":true,"valueName":"search_term_string"}}],"inLanguage":"it-IT"},{"@type":"Person","@id":"https:\/\/euricse.eu\/en\/#\/schema\/person\/a5b25693531e3458dfedff34c273ba14","name":"Silvia","image":{"@type":"ImageObject","inLanguage":"it-IT","@id":"https:\/\/euricse.eu\/en\/#\/schema\/person\/image\/","url":"https:\/\/secure.gravatar.com\/avatar\/3cef1082b65edc85f1a4c0caa7ce4808f397a517b7217eab6215fe435640f8f7?s=96&d=mm&r=g","contentUrl":"https:\/\/secure.gravatar.com\/avatar\/3cef1082b65edc85f1a4c0caa7ce4808f397a517b7217eab6215fe435640f8f7?s=96&d=mm&r=g","caption":"Silvia"},"url":"https:\/\/euricse.eu\/it\/author\/silvia\/"}]}},"_links":{"self":[{"href":"https:\/\/euricse.eu\/it\/wp-json\/wp\/v2\/posts\/6856","targetHints":{"allow":["GET"]}}],"collection":[{"href":"https:\/\/euricse.eu\/it\/wp-json\/wp\/v2\/posts"}],"about":[{"href":"https:\/\/euricse.eu\/it\/wp-json\/wp\/v2\/types\/post"}],"author":[{"embeddable":true,"href":"https:\/\/euricse.eu\/it\/wp-json\/wp\/v2\/users\/32"}],"replies":[{"embeddable":true,"href":"https:\/\/euricse.eu\/it\/wp-json\/wp\/v2\/comments?post=6856"}],"version-history":[{"count":0,"href":"https:\/\/euricse.eu\/it\/wp-json\/wp\/v2\/posts\/6856\/revisions"}],"wp:featuredmedia":[{"embeddable":true,"href":"https:\/\/euricse.eu\/it\/wp-json\/wp\/v2\/media\/6857"}],"wp:attachment":[{"href":"https:\/\/euricse.eu\/it\/wp-json\/wp\/v2\/media?parent=6856"}],"wp:term":[{"taxonomy":"category","embeddable":true,"href":"https:\/\/euricse.eu\/it\/wp-json\/wp\/v2\/categories?post=6856"},{"taxonomy":"post_tag","embeddable":true,"href":"https:\/\/euricse.eu\/it\/wp-json\/wp\/v2\/tags?post=6856"}],"curies":[{"name":"wp","href":"https:\/\/api.w.org\/{rel}","templated":true}]}}