{"id":6865,"date":"2018-07-06T14:21:22","date_gmt":"2018-07-06T13:21:22","guid":{"rendered":"https:\/\/euricse.staging.hgblu.com\/?p=6865"},"modified":"2018-07-06T14:21:22","modified_gmt":"2018-07-06T13:21:22","slug":"storie-di-stage-il-racconto-di-sara","status":"publish","type":"post","link":"https:\/\/euricse.eu\/it\/storie-di-stage-il-racconto-di-sara\/","title":{"rendered":"Storie di stage: il racconto di Sara"},"content":{"rendered":"<p>di\u00a0<strong>SARA MARTINELLO<\/strong><\/p>\n<p><strong><em>\u201c\u2026ho preso parte al progetto imprenditoriale di ristorazione e ricezione che, nello specifico, avr\u00e0 come esito l\u2019apertura di un bar e di una \u2018casa per vacanze sociali\u2019\u2026\u201d<\/em><\/strong><\/p>\n<p>Sono Sara, laureata in Scienze Sociologiche all\u2019Universit\u00e0 di Padova. Ho deciso di iscrivermi al Master GIS perch\u00e9 ho scelto il Terzo Settore come ambito di lavoro, ma soprattutto, di crescita. Il Master mi \u00e8 servito per sviluppare competenze in campo giuridico ed economico che mancavano al mio percorso di studi, e in questo direi che non sono rimasta delusa! L\u2019aspetto fondamentale che ho apprezzato di pi\u00f9 del Master riguarda il tirocinio: cinque mesi per imparare, sperimentare e cominciare a capire come funziona veramente il Terzo Settore.<\/p>\n<p><!--more--><\/p>\n<p>Sto svolgendo il mio stage presso il Consorzio Rete Pictor, a Bassano del Grappa. Il Consorzio gestisce e coordina Villa Angaran San Giuseppe, un luogo per l\u2019inclusione sociale nel campo della disabilit\u00e0 e dell\u2019accoglienza di minori, anziani e famiglie in un contesto che cerca di coniugare i concetti di \u201cEtica\u201d ed \u201cEstetica\u201d.<\/p>\n<p>Le attivit\u00e0 che vengono svolte in Villa sono molteplici. Da un lato troviamo i servizi socio sanitari, come il Centro Diurno per disabili gravi e gravissimi e la Comunit\u00e0 educativa diurna per minori. Dall\u2019altro lato troviamo la parte pi\u00f9 imprenditoriale, quella di ristorazione e ricezione turistica, nella quale sono impiegati anche inserimenti lavorativi. La Villa \u00e8 un luogo ricco, stimolante e contaminante\u2026 in una parola, vivo!<img loading=\"lazy\" decoding=\"async\" class=\"alignright size-medium wp-image-6883\" src=\"https:\/\/euricse.eu\/wp-content\/uploads\/2018\/07\/stage2-1-300x225.jpg\" alt=\"stage2\" width=\"300\" height=\"225\" \/><\/p>\n<p>Il mio contributo all\u2019interno del Consorzio riguarda principalmente la parte della comunicazione, ossia raccontare ci\u00f2 che viene fatto in Villa, i progetti che ci sono, raccontare le storie di coloro che per un motivo o per l\u2019altro passano di qua. Inoltre ho preso parte al progetto imprenditoriale di ristorazione e ricezione che, nello specifico, avr\u00e0 come esito l\u2019apertura di un bar e di una \u201ccasa per vacanze sociali\u201d. Quello che mi aspetto da questo stage \u00e8 di imparare il pi\u00f9 possibile: sfruttare al meglio ci\u00f2 che ho studiato e poter essere propositiva e attenta ai bisogni sia dell\u2019organizzazione che degli utenti coinvolti!<\/p>\n<hr \/>\n<p>La rubrica \u201cStorie di stage\u201d \u00e8 stata creata per dare la possibilit\u00e0 ai corsisti del Master GIS di condividere le loro storie ed esperienze durante i periodi di tirocinio. Le iscrizioni per una nuova edizione del Master sono aperte. Per informazioni e iscrizioni visita<a href=\"https:\/\/euricse.eu\/it\/training\/master-gis\/\">\u00a0la pagina dedicata al corso<\/a>.<\/p>\n<hr \/>\n","protected":false},"excerpt":{"rendered":"<p>di\u00a0SARA MARTINELLO \u201c\u2026ho preso parte al progetto imprenditoriale di ristorazione e ricezione che, nello specifico, avr\u00e0 come esito l\u2019apertura di un bar e di una \u2018casa per vacanze sociali\u2019\u2026\u201d Sono Sara, laureata in Scienze Sociologiche all\u2019Universit\u00e0 di Padova. Ho deciso di iscrivermi al Master GIS perch\u00e9 ho scelto il Terzo Settore come ambito di lavoro, [&hellip;]<\/p>\n","protected":false},"author":32,"featured_media":6866,"comment_status":"open","ping_status":"closed","sticky":false,"template":"","format":"standard","meta":{"_acf_changed":false,"episode_type":"","audio_file":"","cover_image":"","cover_image_id":"","duration":"","filesize":"","date_recorded":"","explicit":"","block":"","itunes_episode_number":"","itunes_title":"","itunes_season_number":"","itunes_episode_type":"","filesize_raw":"","footnotes":""},"categories":[14],"tags":[292,430],"class_list":["post-6865","post","type-post","status-publish","format-standard","has-post-thumbnail","hentry","category-blog-it","tag-master-gis","tag-storie-di-stage"],"acf":[],"yoast_head":"<!-- This site is optimized with the Yoast SEO plugin v26.1.1 - https:\/\/yoast.com\/wordpress\/plugins\/seo\/ -->\n<title>Storie di stage: il racconto di Sara - Euricse<\/title>\n<meta name=\"robots\" content=\"index, follow, max-snippet:-1, max-image-preview:large, max-video-preview:-1\" \/>\n<link rel=\"canonical\" href=\"https:\/\/euricse.eu\/it\/storie-di-stage-il-racconto-di-sara\/\" \/>\n<meta property=\"og:locale\" content=\"it_IT\" \/>\n<meta property=\"og:type\" content=\"article\" \/>\n<meta property=\"og:title\" content=\"Storie di stage: il racconto di Sara - Euricse\" \/>\n<meta property=\"og:description\" content=\"di\u00a0SARA MARTINELLO \u201c\u2026ho preso parte al progetto imprenditoriale di ristorazione e ricezione che, nello specifico, avr\u00e0 come esito l\u2019apertura di un bar e di una \u2018casa per vacanze sociali\u2019\u2026\u201d Sono Sara, laureata in Scienze Sociologiche all\u2019Universit\u00e0 di Padova. Ho deciso di iscrivermi al Master GIS perch\u00e9 ho scelto il Terzo Settore come ambito di lavoro, [&hellip;]\" \/>\n<meta property=\"og:url\" content=\"https:\/\/euricse.eu\/it\/storie-di-stage-il-racconto-di-sara\/\" \/>\n<meta property=\"og:site_name\" content=\"Euricse\" \/>\n<meta property=\"article:published_time\" content=\"2018-07-06T13:21:22+00:00\" \/>\n<meta property=\"og:image\" content=\"https:\/\/euricse.eu\/wp-content\/uploads\/2018\/07\/stage1-1024x683.jpg\" \/>\n\t<meta property=\"og:image:width\" content=\"1024\" \/>\n\t<meta property=\"og:image:height\" content=\"683\" \/>\n\t<meta property=\"og:image:type\" content=\"image\/jpeg\" \/>\n<meta name=\"author\" content=\"Silvia\" \/>\n<meta name=\"twitter:card\" content=\"summary_large_image\" \/>\n<meta name=\"twitter:label1\" content=\"Scritto da\" \/>\n\t<meta name=\"twitter:data1\" content=\"Silvia\" \/>\n\t<meta name=\"twitter:label2\" content=\"Tempo di lettura stimato\" \/>\n\t<meta name=\"twitter:data2\" content=\"2 minuti\" \/>\n<script type=\"application\/ld+json\" class=\"yoast-schema-graph\">{\"@context\":\"https:\/\/schema.org\",\"@graph\":[{\"@type\":\"WebPage\",\"@id\":\"https:\/\/euricse.eu\/it\/storie-di-stage-il-racconto-di-sara\/\",\"url\":\"https:\/\/euricse.eu\/it\/storie-di-stage-il-racconto-di-sara\/\",\"name\":\"Storie di stage: il racconto di Sara - Euricse\",\"isPartOf\":{\"@id\":\"https:\/\/euricse.eu\/en\/#website\"},\"primaryImageOfPage\":{\"@id\":\"https:\/\/euricse.eu\/it\/storie-di-stage-il-racconto-di-sara\/#primaryimage\"},\"image\":{\"@id\":\"https:\/\/euricse.eu\/it\/storie-di-stage-il-racconto-di-sara\/#primaryimage\"},\"thumbnailUrl\":\"https:\/\/euricse.eu\/wp-content\/uploads\/2018\/07\/stage1.jpg\",\"datePublished\":\"2018-07-06T13:21:22+00:00\",\"author\":{\"@id\":\"https:\/\/euricse.eu\/en\/#\/schema\/person\/a5b25693531e3458dfedff34c273ba14\"},\"breadcrumb\":{\"@id\":\"https:\/\/euricse.eu\/it\/storie-di-stage-il-racconto-di-sara\/#breadcrumb\"},\"inLanguage\":\"it-IT\",\"potentialAction\":[{\"@type\":\"ReadAction\",\"target\":[\"https:\/\/euricse.eu\/it\/storie-di-stage-il-racconto-di-sara\/\"]}]},{\"@type\":\"ImageObject\",\"inLanguage\":\"it-IT\",\"@id\":\"https:\/\/euricse.eu\/it\/storie-di-stage-il-racconto-di-sara\/#primaryimage\",\"url\":\"https:\/\/euricse.eu\/wp-content\/uploads\/2018\/07\/stage1.jpg\",\"contentUrl\":\"https:\/\/euricse.eu\/wp-content\/uploads\/2018\/07\/stage1.jpg\",\"width\":6000,\"height\":4000},{\"@type\":\"BreadcrumbList\",\"@id\":\"https:\/\/euricse.eu\/it\/storie-di-stage-il-racconto-di-sara\/#breadcrumb\",\"itemListElement\":[{\"@type\":\"ListItem\",\"position\":1,\"name\":\"Home\",\"item\":\"https:\/\/euricse.eu\/it\/\"},{\"@type\":\"ListItem\",\"position\":2,\"name\":\"Storie di stage: il racconto di Sara\"}]},{\"@type\":\"WebSite\",\"@id\":\"https:\/\/euricse.eu\/en\/#website\",\"url\":\"https:\/\/euricse.eu\/en\/\",\"name\":\"Euricse\",\"description\":\"Knowledge and innovation for cooperative and social enterprises.\",\"potentialAction\":[{\"@type\":\"SearchAction\",\"target\":{\"@type\":\"EntryPoint\",\"urlTemplate\":\"https:\/\/euricse.eu\/en\/?s={search_term_string}\"},\"query-input\":{\"@type\":\"PropertyValueSpecification\",\"valueRequired\":true,\"valueName\":\"search_term_string\"}}],\"inLanguage\":\"it-IT\"},{\"@type\":\"Person\",\"@id\":\"https:\/\/euricse.eu\/en\/#\/schema\/person\/a5b25693531e3458dfedff34c273ba14\",\"name\":\"Silvia\",\"image\":{\"@type\":\"ImageObject\",\"inLanguage\":\"it-IT\",\"@id\":\"https:\/\/euricse.eu\/en\/#\/schema\/person\/image\/\",\"url\":\"https:\/\/secure.gravatar.com\/avatar\/3cef1082b65edc85f1a4c0caa7ce4808f397a517b7217eab6215fe435640f8f7?s=96&d=mm&r=g\",\"contentUrl\":\"https:\/\/secure.gravatar.com\/avatar\/3cef1082b65edc85f1a4c0caa7ce4808f397a517b7217eab6215fe435640f8f7?s=96&d=mm&r=g\",\"caption\":\"Silvia\"},\"url\":\"https:\/\/euricse.eu\/it\/author\/silvia\/\"}]}<\/script>\n<!-- \/ Yoast SEO plugin. -->","yoast_head_json":{"title":"Storie di stage: il racconto di Sara - Euricse","robots":{"index":"index","follow":"follow","max-snippet":"max-snippet:-1","max-image-preview":"max-image-preview:large","max-video-preview":"max-video-preview:-1"},"canonical":"https:\/\/euricse.eu\/it\/storie-di-stage-il-racconto-di-sara\/","og_locale":"it_IT","og_type":"article","og_title":"Storie di stage: il racconto di Sara - Euricse","og_description":"di\u00a0SARA MARTINELLO \u201c\u2026ho preso parte al progetto imprenditoriale di ristorazione e ricezione che, nello specifico, avr\u00e0 come esito l\u2019apertura di un bar e di una \u2018casa per vacanze sociali\u2019\u2026\u201d Sono Sara, laureata in Scienze Sociologiche all\u2019Universit\u00e0 di Padova. Ho deciso di iscrivermi al Master GIS perch\u00e9 ho scelto il Terzo Settore come ambito di lavoro, [&hellip;]","og_url":"https:\/\/euricse.eu\/it\/storie-di-stage-il-racconto-di-sara\/","og_site_name":"Euricse","article_published_time":"2018-07-06T13:21:22+00:00","og_image":[{"width":1024,"height":683,"url":"https:\/\/euricse.eu\/wp-content\/uploads\/2018\/07\/stage1-1024x683.jpg","type":"image\/jpeg"}],"author":"Silvia","twitter_card":"summary_large_image","twitter_misc":{"Scritto da":"Silvia","Tempo di lettura stimato":"2 minuti"},"schema":{"@context":"https:\/\/schema.org","@graph":[{"@type":"WebPage","@id":"https:\/\/euricse.eu\/it\/storie-di-stage-il-racconto-di-sara\/","url":"https:\/\/euricse.eu\/it\/storie-di-stage-il-racconto-di-sara\/","name":"Storie di stage: il racconto di Sara - Euricse","isPartOf":{"@id":"https:\/\/euricse.eu\/en\/#website"},"primaryImageOfPage":{"@id":"https:\/\/euricse.eu\/it\/storie-di-stage-il-racconto-di-sara\/#primaryimage"},"image":{"@id":"https:\/\/euricse.eu\/it\/storie-di-stage-il-racconto-di-sara\/#primaryimage"},"thumbnailUrl":"https:\/\/euricse.eu\/wp-content\/uploads\/2018\/07\/stage1.jpg","datePublished":"2018-07-06T13:21:22+00:00","author":{"@id":"https:\/\/euricse.eu\/en\/#\/schema\/person\/a5b25693531e3458dfedff34c273ba14"},"breadcrumb":{"@id":"https:\/\/euricse.eu\/it\/storie-di-stage-il-racconto-di-sara\/#breadcrumb"},"inLanguage":"it-IT","potentialAction":[{"@type":"ReadAction","target":["https:\/\/euricse.eu\/it\/storie-di-stage-il-racconto-di-sara\/"]}]},{"@type":"ImageObject","inLanguage":"it-IT","@id":"https:\/\/euricse.eu\/it\/storie-di-stage-il-racconto-di-sara\/#primaryimage","url":"https:\/\/euricse.eu\/wp-content\/uploads\/2018\/07\/stage1.jpg","contentUrl":"https:\/\/euricse.eu\/wp-content\/uploads\/2018\/07\/stage1.jpg","width":6000,"height":4000},{"@type":"BreadcrumbList","@id":"https:\/\/euricse.eu\/it\/storie-di-stage-il-racconto-di-sara\/#breadcrumb","itemListElement":[{"@type":"ListItem","position":1,"name":"Home","item":"https:\/\/euricse.eu\/it\/"},{"@type":"ListItem","position":2,"name":"Storie di stage: il racconto di Sara"}]},{"@type":"WebSite","@id":"https:\/\/euricse.eu\/en\/#website","url":"https:\/\/euricse.eu\/en\/","name":"Euricse","description":"Knowledge and innovation for cooperative and social enterprises.","potentialAction":[{"@type":"SearchAction","target":{"@type":"EntryPoint","urlTemplate":"https:\/\/euricse.eu\/en\/?s={search_term_string}"},"query-input":{"@type":"PropertyValueSpecification","valueRequired":true,"valueName":"search_term_string"}}],"inLanguage":"it-IT"},{"@type":"Person","@id":"https:\/\/euricse.eu\/en\/#\/schema\/person\/a5b25693531e3458dfedff34c273ba14","name":"Silvia","image":{"@type":"ImageObject","inLanguage":"it-IT","@id":"https:\/\/euricse.eu\/en\/#\/schema\/person\/image\/","url":"https:\/\/secure.gravatar.com\/avatar\/3cef1082b65edc85f1a4c0caa7ce4808f397a517b7217eab6215fe435640f8f7?s=96&d=mm&r=g","contentUrl":"https:\/\/secure.gravatar.com\/avatar\/3cef1082b65edc85f1a4c0caa7ce4808f397a517b7217eab6215fe435640f8f7?s=96&d=mm&r=g","caption":"Silvia"},"url":"https:\/\/euricse.eu\/it\/author\/silvia\/"}]}},"_links":{"self":[{"href":"https:\/\/euricse.eu\/it\/wp-json\/wp\/v2\/posts\/6865","targetHints":{"allow":["GET"]}}],"collection":[{"href":"https:\/\/euricse.eu\/it\/wp-json\/wp\/v2\/posts"}],"about":[{"href":"https:\/\/euricse.eu\/it\/wp-json\/wp\/v2\/types\/post"}],"author":[{"embeddable":true,"href":"https:\/\/euricse.eu\/it\/wp-json\/wp\/v2\/users\/32"}],"replies":[{"embeddable":true,"href":"https:\/\/euricse.eu\/it\/wp-json\/wp\/v2\/comments?post=6865"}],"version-history":[{"count":0,"href":"https:\/\/euricse.eu\/it\/wp-json\/wp\/v2\/posts\/6865\/revisions"}],"wp:featuredmedia":[{"embeddable":true,"href":"https:\/\/euricse.eu\/it\/wp-json\/wp\/v2\/media\/6866"}],"wp:attachment":[{"href":"https:\/\/euricse.eu\/it\/wp-json\/wp\/v2\/media?parent=6865"}],"wp:term":[{"taxonomy":"category","embeddable":true,"href":"https:\/\/euricse.eu\/it\/wp-json\/wp\/v2\/categories?post=6865"},{"taxonomy":"post_tag","embeddable":true,"href":"https:\/\/euricse.eu\/it\/wp-json\/wp\/v2\/tags?post=6865"}],"curies":[{"name":"wp","href":"https:\/\/api.w.org\/{rel}","templated":true}]}}