{"id":6868,"date":"2018-07-06T14:22:59","date_gmt":"2018-07-06T13:22:59","guid":{"rendered":"https:\/\/euricse.staging.hgblu.com\/?p=6868"},"modified":"2022-04-27T07:44:40","modified_gmt":"2022-04-27T06:44:40","slug":"gis-dopo-un-anno-occupazione-all87","status":"publish","type":"post","link":"https:\/\/euricse.eu\/it\/gis-dopo-un-anno-occupazione-all87\/","title":{"rendered":"GIS, dopo un anno occupazione all&#8217;87%"},"content":{"rendered":"<p><strong>Inutile rimarcare le ragioni, ben note a generazioni di studenti e studentesse: le ricadute occupazionali sono in cima all\u2019elenco dei requisiti utili a orientarsi nelle retrovie della scelta. Offerta didattica, da una parte, praticabilit\u00e0 del diploma, dall\u2019altra, concorrono inevitabilmente alla decisione. Non solo. La voce placement \u00e8 anche metro di qualit\u00e0 per un percorso accademico e, quando i numeri sono positivi, si rivela fonte d\u2019orgoglio. \u00c8 il caso del Master GIS, il Master Universitario in Gestione di Imprese Sociali arrivato alle porte della sua XXIII edizione, che anno dopo anno ha formato e accompagnato nel mondo del lavoro centinaia di giovani. Un dato su tutti: l\u201987% dei corsisti trova un\u2019occupazione coerente con il profilo formato al corso. Quando? Subito: tra i sei e i dodici mesi successivi alla conclusione.<\/strong><\/p>\n<p><!--more--><\/p>\n<p>Promosso da Euricse e dall\u2019Universit\u00e0 degli Studi di Trento (dipartimento di Economia e Management, Dipartimento di Sociologia e Ricerca Sociale, Facolt\u00e0 di Giurisprudenza) il Master \u00e8 rivolto a neo-laureati nei cicli triennali, specialistici o magistrali (in tutte le discipline) interessati ai temi dell\u2019economia sociale, dell\u2019imprenditoria e del management. Obiettivo: diventare manager del sociale. Come? Sei mesi di didattica e cinque mesi di stage (full time) consentono di avvicinarsi a un settore eterogeneo e ricco di potenzialit\u00e0 occupazionali.<\/p>\n<p>A dirlo sono i numeri. Le ricadute del Master presentano ottimi risultati: circa l\u201987% di coloro che hanno frequentato il corso hanno trovato (in un periodo tra i 6 e i 12 mesi) un\u2019occupazione coerente con il profilo formato dal corso. Ancor pi\u00f9 interessante, per verificare l\u2019adeguatezza degli insegnamenti impartiti e delle modalit\u00e0 di realizzazione dei tirocini, \u00e8 il dato che documenta la destinazione degli ex corsisti: tra chi ha trovato un lavoro entro 6-12 mesi, il 50% \u00e8 occupato nella stessa organizzazione in cui s\u2019\u00e8 svolto lo stage. Ci\u00f2 dimostra che il rapporto di tirocinio, se costruito cercando di risolvere le necessit\u00e0 di entrambi i soggetti (corsista e organizzazione ospitante) spesso risulta un investimento i cui frutti sfociano nella creazione di un nuovo rapporto di collaborazione tra corsista e organizzazione, e tra queste e EURICSE.<img loading=\"lazy\" decoding=\"async\" class=\"alignright size-medium wp-image-6893\" src=\"https:\/\/euricse.eu\/wp-content\/uploads\/2018\/07\/20171128_101101-2-300x268.jpg\" alt=\"20171128_101101 (2)\" width=\"300\" height=\"268\" \/><\/p>\n<hr \/>\n<p>Quanto all\u2019intero percorso di studi, ad oggi la parte didattica del Master \u2013 che nel complesso dura un anno &#8211; \u00e8 cos\u00ec organizzata:<\/p>\n<p><strong>DOCENZE<\/strong>: Lezioni tenute da docenti di ruolo o da studiosi di comprovata fama, analizzano i principali temi oggetto del Master offrendo un quadro teorico e analitico chiaro e imprescindibile.<\/p>\n<p><strong>SEMINARI<\/strong>: Momenti dedicati all\u2019approfondimento di temi specifici, di frontiera o di stretta attualit\u00e0, in cui confrontarsi con giovani ricercatori, esperti e imprenditori del settore nonprofit.<\/p>\n<p><strong>LABORATORI<\/strong>: Sperimentare l\u2019applicazione delle conoscenze acquisite a casi reali, favorire lo sviluppo di competenze professionali su concreti strumenti gestionali. Un tutor didattico guider\u00e0 l\u2019aula attraverso lavori di gruppo, visite aziendali, simulazioni, esercitazioni e studi di caso.<\/p>\n<p>Al termine di ciascun modulo didattico \u00e8 prevista una verifica dell\u2019apprendimento.<\/p>\n<hr \/>\n<p>L\u2019anno accademico 2018\/19 \u00e8 ormai vicino. Per iscriversi alla XXIII edizione \u00e8 necessario inoltrare la domanda di partecipazione entro il 10 ottobre 2018. \u00c8 previsto infatti un numero massimo di 25 corsisti. La direzione del Master, tramite un\u2019apposita graduatoria, valuter\u00e0 per ciascun partecipante iscritto alle selezioni i titoli di studio, il Curriculum Vitae, lo svolgimento del colloquio individuale.<\/p>\n<p>La domanda di partecipazione al Master GIS deve essere presentata entro le 23:59 del giorno 10 ottobre 2018 esclusivamente tramite\u00a0<a href=\"http:\/\/webapps.unitn.it\/Apply\/it\/Web\/Home\/master-uni\">l\u2019application on line<\/a>, allegando alla domanda tutti i documenti richiesti.<\/p>\n<p>Hai qualche domanda? Prenota un appuntamento (di persona o via skype) per conoscere il Master GIS:<\/p>\n<p>Paolo Fontana, Responsabile Area Formazione \u2013 EURICSE<\/p>\n<p>Tel. 0461\/282289<\/p>\n<p>E-mail: formazione@euricse.eu<\/p>\n<p>Il Master \u00e8 realizzato con il contributo della Fondazione Cassa di Risparmio di Trento e Rovereto.<\/p>\n<p><img loading=\"lazy\" decoding=\"async\" class=\"aligncenter size-medium wp-image-6732\" src=\"https:\/\/euricse.eu\/wp-content\/uploads\/2018\/05\/GIS-Master-2018_1b-300x162.jpg\" alt=\"GIS-Master-2018_1b\" width=\"300\" height=\"162\" \/><\/p>\n","protected":false},"excerpt":{"rendered":"<p>Inutile rimarcare le ragioni, ben note a generazioni di studenti e studentesse: le ricadute occupazionali sono in cima all\u2019elenco dei requisiti utili a orientarsi nelle retrovie della scelta. Offerta didattica, da una parte, praticabilit\u00e0 del diploma, dall\u2019altra, concorrono inevitabilmente alla decisione. Non solo. La voce placement \u00e8 anche metro di qualit\u00e0 per un percorso accademico [&hellip;]<\/p>\n","protected":false},"author":32,"featured_media":6979,"comment_status":"closed","ping_status":"closed","sticky":false,"template":"","format":"standard","meta":{"_acf_changed":false,"episode_type":"","audio_file":"","cover_image":"","cover_image_id":"","duration":"","filesize":"","date_recorded":"","explicit":"","block":"","itunes_episode_number":"","itunes_title":"","itunes_season_number":"","itunes_episode_type":"","filesize_raw":"","footnotes":""},"categories":[17,257],"tags":[292],"class_list":["post-6868","post","type-post","status-publish","format-standard","has-post-thumbnail","hentry","category-news-it","category-press-it","tag-master-gis"],"acf":[],"yoast_head":"<!-- This site is optimized with the Yoast SEO plugin v26.1.1 - https:\/\/yoast.com\/wordpress\/plugins\/seo\/ -->\n<title>GIS, dopo un anno occupazione all&#039;87% - Euricse<\/title>\n<meta name=\"robots\" content=\"index, follow, max-snippet:-1, max-image-preview:large, max-video-preview:-1\" \/>\n<link rel=\"canonical\" href=\"https:\/\/euricse.eu\/it\/gis-dopo-un-anno-occupazione-all87\/\" \/>\n<meta property=\"og:locale\" content=\"it_IT\" \/>\n<meta property=\"og:type\" content=\"article\" \/>\n<meta property=\"og:title\" content=\"GIS, dopo un anno occupazione all&#039;87% - Euricse\" \/>\n<meta property=\"og:description\" content=\"Inutile rimarcare le ragioni, ben note a generazioni di studenti e studentesse: le ricadute occupazionali sono in cima all\u2019elenco dei requisiti utili a orientarsi nelle retrovie della scelta. Offerta didattica, da una parte, praticabilit\u00e0 del diploma, dall\u2019altra, concorrono inevitabilmente alla decisione. Non solo. La voce placement \u00e8 anche metro di qualit\u00e0 per un percorso accademico [&hellip;]\" \/>\n<meta property=\"og:url\" content=\"https:\/\/euricse.eu\/it\/gis-dopo-un-anno-occupazione-all87\/\" \/>\n<meta property=\"og:site_name\" content=\"Euricse\" \/>\n<meta property=\"article:published_time\" content=\"2018-07-06T13:22:59+00:00\" \/>\n<meta property=\"article:modified_time\" content=\"2022-04-27T06:44:40+00:00\" \/>\n<meta property=\"og:image\" content=\"https:\/\/euricse.eu\/wp-content\/uploads\/2018\/07\/books-1245690_1280.jpg\" \/>\n\t<meta property=\"og:image:width\" content=\"1280\" \/>\n\t<meta property=\"og:image:height\" content=\"853\" \/>\n\t<meta property=\"og:image:type\" content=\"image\/jpeg\" \/>\n<meta name=\"author\" content=\"Silvia\" \/>\n<meta name=\"twitter:card\" content=\"summary_large_image\" \/>\n<meta name=\"twitter:label1\" content=\"Scritto da\" \/>\n\t<meta name=\"twitter:data1\" content=\"Silvia\" \/>\n\t<meta name=\"twitter:label2\" content=\"Tempo di lettura stimato\" \/>\n\t<meta name=\"twitter:data2\" content=\"3 minuti\" \/>\n<script type=\"application\/ld+json\" class=\"yoast-schema-graph\">{\"@context\":\"https:\/\/schema.org\",\"@graph\":[{\"@type\":\"WebPage\",\"@id\":\"https:\/\/euricse.eu\/it\/gis-dopo-un-anno-occupazione-all87\/\",\"url\":\"https:\/\/euricse.eu\/it\/gis-dopo-un-anno-occupazione-all87\/\",\"name\":\"GIS, dopo un anno occupazione all'87% - Euricse\",\"isPartOf\":{\"@id\":\"https:\/\/euricse.eu\/en\/#website\"},\"primaryImageOfPage\":{\"@id\":\"https:\/\/euricse.eu\/it\/gis-dopo-un-anno-occupazione-all87\/#primaryimage\"},\"image\":{\"@id\":\"https:\/\/euricse.eu\/it\/gis-dopo-un-anno-occupazione-all87\/#primaryimage\"},\"thumbnailUrl\":\"https:\/\/euricse.eu\/wp-content\/uploads\/2018\/07\/books-1245690_1280.jpg\",\"datePublished\":\"2018-07-06T13:22:59+00:00\",\"dateModified\":\"2022-04-27T06:44:40+00:00\",\"author\":{\"@id\":\"https:\/\/euricse.eu\/en\/#\/schema\/person\/a5b25693531e3458dfedff34c273ba14\"},\"breadcrumb\":{\"@id\":\"https:\/\/euricse.eu\/it\/gis-dopo-un-anno-occupazione-all87\/#breadcrumb\"},\"inLanguage\":\"it-IT\",\"potentialAction\":[{\"@type\":\"ReadAction\",\"target\":[\"https:\/\/euricse.eu\/it\/gis-dopo-un-anno-occupazione-all87\/\"]}]},{\"@type\":\"ImageObject\",\"inLanguage\":\"it-IT\",\"@id\":\"https:\/\/euricse.eu\/it\/gis-dopo-un-anno-occupazione-all87\/#primaryimage\",\"url\":\"https:\/\/euricse.eu\/wp-content\/uploads\/2018\/07\/books-1245690_1280.jpg\",\"contentUrl\":\"https:\/\/euricse.eu\/wp-content\/uploads\/2018\/07\/books-1245690_1280.jpg\",\"width\":1280,\"height\":853},{\"@type\":\"BreadcrumbList\",\"@id\":\"https:\/\/euricse.eu\/it\/gis-dopo-un-anno-occupazione-all87\/#breadcrumb\",\"itemListElement\":[{\"@type\":\"ListItem\",\"position\":1,\"name\":\"Home\",\"item\":\"https:\/\/euricse.eu\/it\/\"},{\"@type\":\"ListItem\",\"position\":2,\"name\":\"GIS, dopo un anno occupazione all&#8217;87%\"}]},{\"@type\":\"WebSite\",\"@id\":\"https:\/\/euricse.eu\/en\/#website\",\"url\":\"https:\/\/euricse.eu\/en\/\",\"name\":\"Euricse\",\"description\":\"Knowledge and innovation for cooperative and social enterprises.\",\"potentialAction\":[{\"@type\":\"SearchAction\",\"target\":{\"@type\":\"EntryPoint\",\"urlTemplate\":\"https:\/\/euricse.eu\/en\/?s={search_term_string}\"},\"query-input\":{\"@type\":\"PropertyValueSpecification\",\"valueRequired\":true,\"valueName\":\"search_term_string\"}}],\"inLanguage\":\"it-IT\"},{\"@type\":\"Person\",\"@id\":\"https:\/\/euricse.eu\/en\/#\/schema\/person\/a5b25693531e3458dfedff34c273ba14\",\"name\":\"Silvia\",\"image\":{\"@type\":\"ImageObject\",\"inLanguage\":\"it-IT\",\"@id\":\"https:\/\/euricse.eu\/en\/#\/schema\/person\/image\/\",\"url\":\"https:\/\/secure.gravatar.com\/avatar\/3cef1082b65edc85f1a4c0caa7ce4808f397a517b7217eab6215fe435640f8f7?s=96&d=mm&r=g\",\"contentUrl\":\"https:\/\/secure.gravatar.com\/avatar\/3cef1082b65edc85f1a4c0caa7ce4808f397a517b7217eab6215fe435640f8f7?s=96&d=mm&r=g\",\"caption\":\"Silvia\"},\"url\":\"https:\/\/euricse.eu\/it\/author\/silvia\/\"}]}<\/script>\n<!-- \/ Yoast SEO plugin. -->","yoast_head_json":{"title":"GIS, dopo un anno occupazione all'87% - Euricse","robots":{"index":"index","follow":"follow","max-snippet":"max-snippet:-1","max-image-preview":"max-image-preview:large","max-video-preview":"max-video-preview:-1"},"canonical":"https:\/\/euricse.eu\/it\/gis-dopo-un-anno-occupazione-all87\/","og_locale":"it_IT","og_type":"article","og_title":"GIS, dopo un anno occupazione all'87% - Euricse","og_description":"Inutile rimarcare le ragioni, ben note a generazioni di studenti e studentesse: le ricadute occupazionali sono in cima all\u2019elenco dei requisiti utili a orientarsi nelle retrovie della scelta. Offerta didattica, da una parte, praticabilit\u00e0 del diploma, dall\u2019altra, concorrono inevitabilmente alla decisione. Non solo. La voce placement \u00e8 anche metro di qualit\u00e0 per un percorso accademico [&hellip;]","og_url":"https:\/\/euricse.eu\/it\/gis-dopo-un-anno-occupazione-all87\/","og_site_name":"Euricse","article_published_time":"2018-07-06T13:22:59+00:00","article_modified_time":"2022-04-27T06:44:40+00:00","og_image":[{"width":1280,"height":853,"url":"https:\/\/euricse.eu\/wp-content\/uploads\/2018\/07\/books-1245690_1280.jpg","type":"image\/jpeg"}],"author":"Silvia","twitter_card":"summary_large_image","twitter_misc":{"Scritto da":"Silvia","Tempo di lettura stimato":"3 minuti"},"schema":{"@context":"https:\/\/schema.org","@graph":[{"@type":"WebPage","@id":"https:\/\/euricse.eu\/it\/gis-dopo-un-anno-occupazione-all87\/","url":"https:\/\/euricse.eu\/it\/gis-dopo-un-anno-occupazione-all87\/","name":"GIS, dopo un anno occupazione all'87% - Euricse","isPartOf":{"@id":"https:\/\/euricse.eu\/en\/#website"},"primaryImageOfPage":{"@id":"https:\/\/euricse.eu\/it\/gis-dopo-un-anno-occupazione-all87\/#primaryimage"},"image":{"@id":"https:\/\/euricse.eu\/it\/gis-dopo-un-anno-occupazione-all87\/#primaryimage"},"thumbnailUrl":"https:\/\/euricse.eu\/wp-content\/uploads\/2018\/07\/books-1245690_1280.jpg","datePublished":"2018-07-06T13:22:59+00:00","dateModified":"2022-04-27T06:44:40+00:00","author":{"@id":"https:\/\/euricse.eu\/en\/#\/schema\/person\/a5b25693531e3458dfedff34c273ba14"},"breadcrumb":{"@id":"https:\/\/euricse.eu\/it\/gis-dopo-un-anno-occupazione-all87\/#breadcrumb"},"inLanguage":"it-IT","potentialAction":[{"@type":"ReadAction","target":["https:\/\/euricse.eu\/it\/gis-dopo-un-anno-occupazione-all87\/"]}]},{"@type":"ImageObject","inLanguage":"it-IT","@id":"https:\/\/euricse.eu\/it\/gis-dopo-un-anno-occupazione-all87\/#primaryimage","url":"https:\/\/euricse.eu\/wp-content\/uploads\/2018\/07\/books-1245690_1280.jpg","contentUrl":"https:\/\/euricse.eu\/wp-content\/uploads\/2018\/07\/books-1245690_1280.jpg","width":1280,"height":853},{"@type":"BreadcrumbList","@id":"https:\/\/euricse.eu\/it\/gis-dopo-un-anno-occupazione-all87\/#breadcrumb","itemListElement":[{"@type":"ListItem","position":1,"name":"Home","item":"https:\/\/euricse.eu\/it\/"},{"@type":"ListItem","position":2,"name":"GIS, dopo un anno occupazione all&#8217;87%"}]},{"@type":"WebSite","@id":"https:\/\/euricse.eu\/en\/#website","url":"https:\/\/euricse.eu\/en\/","name":"Euricse","description":"Knowledge and innovation for cooperative and social enterprises.","potentialAction":[{"@type":"SearchAction","target":{"@type":"EntryPoint","urlTemplate":"https:\/\/euricse.eu\/en\/?s={search_term_string}"},"query-input":{"@type":"PropertyValueSpecification","valueRequired":true,"valueName":"search_term_string"}}],"inLanguage":"it-IT"},{"@type":"Person","@id":"https:\/\/euricse.eu\/en\/#\/schema\/person\/a5b25693531e3458dfedff34c273ba14","name":"Silvia","image":{"@type":"ImageObject","inLanguage":"it-IT","@id":"https:\/\/euricse.eu\/en\/#\/schema\/person\/image\/","url":"https:\/\/secure.gravatar.com\/avatar\/3cef1082b65edc85f1a4c0caa7ce4808f397a517b7217eab6215fe435640f8f7?s=96&d=mm&r=g","contentUrl":"https:\/\/secure.gravatar.com\/avatar\/3cef1082b65edc85f1a4c0caa7ce4808f397a517b7217eab6215fe435640f8f7?s=96&d=mm&r=g","caption":"Silvia"},"url":"https:\/\/euricse.eu\/it\/author\/silvia\/"}]}},"_links":{"self":[{"href":"https:\/\/euricse.eu\/it\/wp-json\/wp\/v2\/posts\/6868","targetHints":{"allow":["GET"]}}],"collection":[{"href":"https:\/\/euricse.eu\/it\/wp-json\/wp\/v2\/posts"}],"about":[{"href":"https:\/\/euricse.eu\/it\/wp-json\/wp\/v2\/types\/post"}],"author":[{"embeddable":true,"href":"https:\/\/euricse.eu\/it\/wp-json\/wp\/v2\/users\/32"}],"replies":[{"embeddable":true,"href":"https:\/\/euricse.eu\/it\/wp-json\/wp\/v2\/comments?post=6868"}],"version-history":[{"count":0,"href":"https:\/\/euricse.eu\/it\/wp-json\/wp\/v2\/posts\/6868\/revisions"}],"wp:featuredmedia":[{"embeddable":true,"href":"https:\/\/euricse.eu\/it\/wp-json\/wp\/v2\/media\/6979"}],"wp:attachment":[{"href":"https:\/\/euricse.eu\/it\/wp-json\/wp\/v2\/media?parent=6868"}],"wp:term":[{"taxonomy":"category","embeddable":true,"href":"https:\/\/euricse.eu\/it\/wp-json\/wp\/v2\/categories?post=6868"},{"taxonomy":"post_tag","embeddable":true,"href":"https:\/\/euricse.eu\/it\/wp-json\/wp\/v2\/tags?post=6868"}],"curies":[{"name":"wp","href":"https:\/\/api.w.org\/{rel}","templated":true}]}}