{"id":6887,"date":"2018-07-09T15:33:36","date_gmt":"2018-07-09T14:33:36","guid":{"rendered":"https:\/\/euricse.staging.hgblu.com\/?p=6887"},"modified":"2018-07-12T14:31:35","modified_gmt":"2018-07-12T13:31:35","slug":"beni-comuni-torna-sibec-lab","status":"publish","type":"post","link":"https:\/\/euricse.eu\/it\/beni-comuni-torna-sibec-lab\/","title":{"rendered":"Beni comuni, torna SIBEC LAB"},"content":{"rendered":"<p style=\"text-align: justify;\"><strong>Nessuno \u00e8 escluso. Amministratori pubblici, professionisti o imprenditori, cittadini, associazioni. Quando \u00e8 di beni comuni che si sta parlando, ognuno concorre all\u2019esito finale. Ognuno \u00e8 parte di un processo. Ognuno ne \u00e8 responsabile. Ognuno, ancora, \u00e8 tassello imprescindibile di un mosaico. Ma prendersi cura di un patrimonio collettivo implica competenze, abilit\u00e0 di gestione. \u00c8 per questo che SIBEC, la scuola italiana dei beni comuni ideata da Labsus, Euricse e Universit\u00e0 degli Studi di Trento, s\u2019indirizza alla comunit\u00e0 per amplificarne le potenzialit\u00e0. Obiettivo: forgiare capacit\u00e0 abilitanti, formare alla gestione dei beni comuni, ossia tutti gli spazi pubblici, i servizi e gli edifici in stato di abbandono (o sottoutilizzo) che, attraverso il loro recupero, possono tornare a rendersi disponibili alla comunit\u00e0. Quindi rinascere.<\/strong><\/p>\n<p style=\"text-align: justify;\"><!--more--><\/p>\n<p style=\"text-align: justify;\">Attiva dal 2015 come luogo di apprendimento delle competenze amministrative e imprenditoriali necessarie alla gestione condivisa dei beni comuni, il 15 giugno la Scuola ha concluso i corsi base itineranti (a Bologna, Cosenza, Palermo, Milano) ma sono gi\u00e0 aperte le iscrizioni al campus\u00a0<strong>SIBEC LAB<\/strong>, ovvero una full immersion di quattro giorni per sviluppare competenze nella gestione dei beni comuni.<\/p>\n<p style=\"text-align: justify;\">Il corso &#8211; ideato da Euricse e Labsus-Laboratorio per la sussidiariet\u00e0 in collaborazione con Dynamo Academy e il supporto di Banca Etica &#8211;\u00a0 \u00e8 in agenda\u00a0<strong>dal 19 al 22 settembre 2018<\/strong>, all\u2019Oasi Dynamo (San Marcello Piteglio, in provincia di Pistoia). \u00a0Ai partecipanti sar\u00e0 offerto un percorso intensivo, attraverso momenti di lavoro sia esclusivi sia di gruppo per dare impulso e concretezza alle necessit\u00e0 progettuali. Il tutto con il supporto di tutor esperti che affiancheranno i corsisti. Quanto al metodo, il lavoro si svilupper\u00e0 seguendo la via dell\u2019apprendimento riflessivo, in cui si impara facendo e in cui le conoscenze teoriche si riversano nell\u2019esperienza pratica: teoria e prassi, prassi e teoria.<\/p>\n<p style=\"text-align: justify;\">Ma perch\u00e9 formare funzionari e professionisti? E perch\u00e9 \u00e8 necessaria una scuola? La recente crisi economica e la progressiva erosione di risorse pubbliche hanno generato un crescente numero di aree, spazi pubblici ed edifici in stato di abbandono o sottoutilizzo. Luoghi a rischio, luoghi che in potenza potrebbero rivelarsi aree degradate, dimenticate, sfregiate. Ma se la comunit\u00e0 locale si assume la responsabilit\u00e0 del loro recupero (e poi della loro gestione) piazze, strade e giardini torneranno a essere beni comuni. Tuttavia \u00e8 necessario un progetto per una gestione economicamente sostenibile e rispettosa delle caratteristiche di questi \u201cbeni di comunit\u00e0\u201d, ossia in grado di produrre sviluppo economico e concrete opportunit\u00e0 di lavoro. Ed \u00e8 qui che si inserisce\u00a0<strong>Euricse<\/strong>, da anni impegnata nello studio delle forme organizzative e imprenditoriali pi\u00f9 adatte alla gestione dei beni comuni. La partnership tra Euricse, Labsus e l\u2019Universit\u00e0 di Trento consente cos\u00ec di mettere a frutto le ricerche, le conoscenze e le reti di relazioni necessarie per la creazione di una Scuola in cui formare professionisti competenti nella gestione condivisa dei beni comuni, coinvolgendo la comunit\u00e0 locale, valorizzandone le potenzialit\u00e0 ed evitando ogni tipo di speculazione.<\/p>\n<p><img loading=\"lazy\" decoding=\"async\" class=\"aligncenter size-medium wp-image-6903\" src=\"https:\/\/euricse.eu\/wp-content\/uploads\/2018\/07\/sibec-lab-300x300.jpg\" alt=\"sibec lab\" width=\"300\" height=\"300\" \/><\/p>\n<hr \/>\n<p style=\"text-align: justify;\">Tutto bene, fin qui. Ma come pre-iscriversi a\u00a0<strong>SIBEC LAB<\/strong>? Chi sono i destinatari? Quali i requisiti di accesso? Ecco una guida per partecipare.<\/p>\n<p style=\"text-align: justify;\"><strong>Chi pu\u00f2 iscriversi?<\/strong><\/p>\n<p style=\"text-align: justify;\"><strong><em>Amministratori pubblici<\/em><\/strong>\u00a0(statali, regionali, locali) coinvolti in processi decisionali e attivit\u00e0 progettuali innovative riguardanti il benessere della collettivit\u00e0.<\/p>\n<p style=\"text-align: justify;\"><strong><em>Professionisti e imprenditori<\/em><\/strong>\u00a0Del mondo profit o non profit che desiderano investire le proprie abilit\u00e0 per costruire nuove opportunit\u00e0 professionali al servizio dei beni comuni.<\/p>\n<p style=\"text-align: justify;\"><strong><em>Societ\u00e0 civile<\/em><\/strong>\u00a0Ovvero esponenti di associazioni, comitati e gruppi di cittadini gi\u00e0 coinvolti in processi di promozione, cura e rigenerazione di beni comuni.<\/p>\n<p style=\"text-align: justify;\">\u00a0Pi\u00f9 in generale, il \u201cgestore di beni comuni\u201d riveste un nuovo profilo professionale, in cui le doti di leadership si combinano con abilit\u00e0 relazionali e di mediazione, dove le competenze tecniche e progettuali sono in relazione con i bisogni e le risorse della comunit\u00e0. Tutto ci\u00f2 al fine di valorizzare la rigenerazione dei beni comuni del territorio. Un ruolo, questo, che pu\u00f2 trovare spazio sia nelle pubbliche amministrazioni sia nelle imprese private generando nuove competenze e nuovi profili professionali.<\/p>\n<hr \/>\n<p style=\"text-align: justify;\"><strong>Come iscriversi?<\/strong><\/p>\n<p style=\"text-align: justify;\">Per aderire \u00e8 sufficiente compilare\u00a0<a href=\"https:\/\/www.sibec.eu\/sibec-lab\/\">il modulo<\/a>\u00a0disponibile online. I partecipanti al Campus saranno selezionati tra coloro che possiedono una conoscenza di base sufficiente del tema \u201cgestione condivisa dei Beni Comuni\u201d e soddisfino almeno uno dei seguenti requisiti:<\/p>\n<ul>\n<li style=\"text-align: justify;\">aver frequentato almeno un appuntamento del Corso base itinerante (anche in edizioni precedenti)<\/li>\n<li style=\"text-align: justify;\">avere nel proprio curriculum professionale la gestione diretta di un progetto di Beni Comuni<\/li>\n<li style=\"text-align: justify;\">avere un percorso di studio inerente alle tematiche dell\u2019amministrazione condivisa e\/o la gestione di iniziative di imprenditorialit\u00e0 sociale<\/li>\n<\/ul>\n<hr \/>\n<p>Per informazioni:\u00a0<a href=\"mailto:info@sibec.eu\">info@sibec.eu<\/a>\u00a0oppure 0461 282289<\/p>\n","protected":false},"excerpt":{"rendered":"<p>Nessuno \u00e8 escluso. Amministratori pubblici, professionisti o imprenditori, cittadini, associazioni. Quando \u00e8 di beni comuni che si sta parlando, ognuno concorre all\u2019esito finale. Ognuno \u00e8 parte di un processo. Ognuno ne \u00e8 responsabile. Ognuno, ancora, \u00e8 tassello imprescindibile di un mosaico. Ma prendersi cura di un patrimonio collettivo implica competenze, abilit\u00e0 di gestione. \u00c8 per [&hellip;]<\/p>\n","protected":false},"author":32,"featured_media":6937,"comment_status":"open","ping_status":"closed","sticky":false,"template":"","format":"standard","meta":{"_acf_changed":false,"episode_type":"","audio_file":"","cover_image":"","cover_image_id":"","duration":"","filesize":"","date_recorded":"","explicit":"","block":"","itunes_episode_number":"","itunes_title":"","itunes_season_number":"","itunes_episode_type":"","filesize_raw":"","footnotes":""},"categories":[17],"tags":[123,263],"class_list":["post-6887","post","type-post","status-publish","format-standard","has-post-thumbnail","hentry","category-news-it","tag-beni-comuni","tag-sibec"],"acf":[],"yoast_head":"<!-- This site is optimized with the Yoast SEO plugin v26.1.1 - https:\/\/yoast.com\/wordpress\/plugins\/seo\/ -->\n<title>Beni comuni, torna SIBEC LAB - Euricse<\/title>\n<meta name=\"robots\" content=\"index, follow, max-snippet:-1, max-image-preview:large, max-video-preview:-1\" \/>\n<link rel=\"canonical\" href=\"https:\/\/euricse.eu\/it\/beni-comuni-torna-sibec-lab\/\" \/>\n<meta property=\"og:locale\" content=\"it_IT\" \/>\n<meta property=\"og:type\" content=\"article\" \/>\n<meta property=\"og:title\" content=\"Beni comuni, torna SIBEC LAB - Euricse\" \/>\n<meta property=\"og:description\" content=\"Nessuno \u00e8 escluso. Amministratori pubblici, professionisti o imprenditori, cittadini, associazioni. Quando \u00e8 di beni comuni che si sta parlando, ognuno concorre all\u2019esito finale. Ognuno \u00e8 parte di un processo. Ognuno ne \u00e8 responsabile. Ognuno, ancora, \u00e8 tassello imprescindibile di un mosaico. Ma prendersi cura di un patrimonio collettivo implica competenze, abilit\u00e0 di gestione. \u00c8 per [&hellip;]\" \/>\n<meta property=\"og:url\" content=\"https:\/\/euricse.eu\/it\/beni-comuni-torna-sibec-lab\/\" \/>\n<meta property=\"og:site_name\" content=\"Euricse\" \/>\n<meta property=\"article:published_time\" content=\"2018-07-09T14:33:36+00:00\" \/>\n<meta property=\"article:modified_time\" content=\"2018-07-12T13:31:35+00:00\" \/>\n<meta property=\"og:image\" content=\"https:\/\/euricse.eu\/wp-content\/uploads\/2018\/07\/integration-3527263_1280-e1531402235219.jpg\" \/>\n\t<meta property=\"og:image:width\" content=\"1170\" \/>\n\t<meta property=\"og:image:height\" content=\"468\" \/>\n\t<meta property=\"og:image:type\" content=\"image\/jpeg\" \/>\n<meta name=\"author\" content=\"Silvia\" \/>\n<meta name=\"twitter:card\" content=\"summary_large_image\" \/>\n<meta name=\"twitter:label1\" content=\"Scritto da\" \/>\n\t<meta name=\"twitter:data1\" content=\"Silvia\" \/>\n\t<meta name=\"twitter:label2\" content=\"Tempo di lettura stimato\" \/>\n\t<meta name=\"twitter:data2\" content=\"4 minuti\" \/>\n<script type=\"application\/ld+json\" class=\"yoast-schema-graph\">{\"@context\":\"https:\/\/schema.org\",\"@graph\":[{\"@type\":\"WebPage\",\"@id\":\"https:\/\/euricse.eu\/it\/beni-comuni-torna-sibec-lab\/\",\"url\":\"https:\/\/euricse.eu\/it\/beni-comuni-torna-sibec-lab\/\",\"name\":\"Beni comuni, torna SIBEC LAB - Euricse\",\"isPartOf\":{\"@id\":\"https:\/\/euricse.eu\/en\/#website\"},\"primaryImageOfPage\":{\"@id\":\"https:\/\/euricse.eu\/it\/beni-comuni-torna-sibec-lab\/#primaryimage\"},\"image\":{\"@id\":\"https:\/\/euricse.eu\/it\/beni-comuni-torna-sibec-lab\/#primaryimage\"},\"thumbnailUrl\":\"https:\/\/euricse.eu\/wp-content\/uploads\/2018\/07\/integration-3527263_1280-e1531402235219.jpg\",\"datePublished\":\"2018-07-09T14:33:36+00:00\",\"dateModified\":\"2018-07-12T13:31:35+00:00\",\"author\":{\"@id\":\"https:\/\/euricse.eu\/en\/#\/schema\/person\/a5b25693531e3458dfedff34c273ba14\"},\"breadcrumb\":{\"@id\":\"https:\/\/euricse.eu\/it\/beni-comuni-torna-sibec-lab\/#breadcrumb\"},\"inLanguage\":\"it-IT\",\"potentialAction\":[{\"@type\":\"ReadAction\",\"target\":[\"https:\/\/euricse.eu\/it\/beni-comuni-torna-sibec-lab\/\"]}]},{\"@type\":\"ImageObject\",\"inLanguage\":\"it-IT\",\"@id\":\"https:\/\/euricse.eu\/it\/beni-comuni-torna-sibec-lab\/#primaryimage\",\"url\":\"https:\/\/euricse.eu\/wp-content\/uploads\/2018\/07\/integration-3527263_1280-e1531402235219.jpg\",\"contentUrl\":\"https:\/\/euricse.eu\/wp-content\/uploads\/2018\/07\/integration-3527263_1280-e1531402235219.jpg\",\"width\":1170,\"height\":468},{\"@type\":\"BreadcrumbList\",\"@id\":\"https:\/\/euricse.eu\/it\/beni-comuni-torna-sibec-lab\/#breadcrumb\",\"itemListElement\":[{\"@type\":\"ListItem\",\"position\":1,\"name\":\"Home\",\"item\":\"https:\/\/euricse.eu\/it\/\"},{\"@type\":\"ListItem\",\"position\":2,\"name\":\"Beni comuni, torna SIBEC LAB\"}]},{\"@type\":\"WebSite\",\"@id\":\"https:\/\/euricse.eu\/en\/#website\",\"url\":\"https:\/\/euricse.eu\/en\/\",\"name\":\"Euricse\",\"description\":\"Knowledge and innovation for cooperative and social enterprises.\",\"potentialAction\":[{\"@type\":\"SearchAction\",\"target\":{\"@type\":\"EntryPoint\",\"urlTemplate\":\"https:\/\/euricse.eu\/en\/?s={search_term_string}\"},\"query-input\":{\"@type\":\"PropertyValueSpecification\",\"valueRequired\":true,\"valueName\":\"search_term_string\"}}],\"inLanguage\":\"it-IT\"},{\"@type\":\"Person\",\"@id\":\"https:\/\/euricse.eu\/en\/#\/schema\/person\/a5b25693531e3458dfedff34c273ba14\",\"name\":\"Silvia\",\"image\":{\"@type\":\"ImageObject\",\"inLanguage\":\"it-IT\",\"@id\":\"https:\/\/euricse.eu\/en\/#\/schema\/person\/image\/\",\"url\":\"https:\/\/secure.gravatar.com\/avatar\/3cef1082b65edc85f1a4c0caa7ce4808f397a517b7217eab6215fe435640f8f7?s=96&d=mm&r=g\",\"contentUrl\":\"https:\/\/secure.gravatar.com\/avatar\/3cef1082b65edc85f1a4c0caa7ce4808f397a517b7217eab6215fe435640f8f7?s=96&d=mm&r=g\",\"caption\":\"Silvia\"},\"url\":\"https:\/\/euricse.eu\/it\/author\/silvia\/\"}]}<\/script>\n<!-- \/ Yoast SEO plugin. -->","yoast_head_json":{"title":"Beni comuni, torna SIBEC LAB - Euricse","robots":{"index":"index","follow":"follow","max-snippet":"max-snippet:-1","max-image-preview":"max-image-preview:large","max-video-preview":"max-video-preview:-1"},"canonical":"https:\/\/euricse.eu\/it\/beni-comuni-torna-sibec-lab\/","og_locale":"it_IT","og_type":"article","og_title":"Beni comuni, torna SIBEC LAB - Euricse","og_description":"Nessuno \u00e8 escluso. Amministratori pubblici, professionisti o imprenditori, cittadini, associazioni. Quando \u00e8 di beni comuni che si sta parlando, ognuno concorre all\u2019esito finale. Ognuno \u00e8 parte di un processo. Ognuno ne \u00e8 responsabile. Ognuno, ancora, \u00e8 tassello imprescindibile di un mosaico. Ma prendersi cura di un patrimonio collettivo implica competenze, abilit\u00e0 di gestione. \u00c8 per [&hellip;]","og_url":"https:\/\/euricse.eu\/it\/beni-comuni-torna-sibec-lab\/","og_site_name":"Euricse","article_published_time":"2018-07-09T14:33:36+00:00","article_modified_time":"2018-07-12T13:31:35+00:00","og_image":[{"width":1170,"height":468,"url":"https:\/\/euricse.eu\/wp-content\/uploads\/2018\/07\/integration-3527263_1280-e1531402235219.jpg","type":"image\/jpeg"}],"author":"Silvia","twitter_card":"summary_large_image","twitter_misc":{"Scritto da":"Silvia","Tempo di lettura stimato":"4 minuti"},"schema":{"@context":"https:\/\/schema.org","@graph":[{"@type":"WebPage","@id":"https:\/\/euricse.eu\/it\/beni-comuni-torna-sibec-lab\/","url":"https:\/\/euricse.eu\/it\/beni-comuni-torna-sibec-lab\/","name":"Beni comuni, torna SIBEC LAB - Euricse","isPartOf":{"@id":"https:\/\/euricse.eu\/en\/#website"},"primaryImageOfPage":{"@id":"https:\/\/euricse.eu\/it\/beni-comuni-torna-sibec-lab\/#primaryimage"},"image":{"@id":"https:\/\/euricse.eu\/it\/beni-comuni-torna-sibec-lab\/#primaryimage"},"thumbnailUrl":"https:\/\/euricse.eu\/wp-content\/uploads\/2018\/07\/integration-3527263_1280-e1531402235219.jpg","datePublished":"2018-07-09T14:33:36+00:00","dateModified":"2018-07-12T13:31:35+00:00","author":{"@id":"https:\/\/euricse.eu\/en\/#\/schema\/person\/a5b25693531e3458dfedff34c273ba14"},"breadcrumb":{"@id":"https:\/\/euricse.eu\/it\/beni-comuni-torna-sibec-lab\/#breadcrumb"},"inLanguage":"it-IT","potentialAction":[{"@type":"ReadAction","target":["https:\/\/euricse.eu\/it\/beni-comuni-torna-sibec-lab\/"]}]},{"@type":"ImageObject","inLanguage":"it-IT","@id":"https:\/\/euricse.eu\/it\/beni-comuni-torna-sibec-lab\/#primaryimage","url":"https:\/\/euricse.eu\/wp-content\/uploads\/2018\/07\/integration-3527263_1280-e1531402235219.jpg","contentUrl":"https:\/\/euricse.eu\/wp-content\/uploads\/2018\/07\/integration-3527263_1280-e1531402235219.jpg","width":1170,"height":468},{"@type":"BreadcrumbList","@id":"https:\/\/euricse.eu\/it\/beni-comuni-torna-sibec-lab\/#breadcrumb","itemListElement":[{"@type":"ListItem","position":1,"name":"Home","item":"https:\/\/euricse.eu\/it\/"},{"@type":"ListItem","position":2,"name":"Beni comuni, torna SIBEC LAB"}]},{"@type":"WebSite","@id":"https:\/\/euricse.eu\/en\/#website","url":"https:\/\/euricse.eu\/en\/","name":"Euricse","description":"Knowledge and innovation for cooperative and social enterprises.","potentialAction":[{"@type":"SearchAction","target":{"@type":"EntryPoint","urlTemplate":"https:\/\/euricse.eu\/en\/?s={search_term_string}"},"query-input":{"@type":"PropertyValueSpecification","valueRequired":true,"valueName":"search_term_string"}}],"inLanguage":"it-IT"},{"@type":"Person","@id":"https:\/\/euricse.eu\/en\/#\/schema\/person\/a5b25693531e3458dfedff34c273ba14","name":"Silvia","image":{"@type":"ImageObject","inLanguage":"it-IT","@id":"https:\/\/euricse.eu\/en\/#\/schema\/person\/image\/","url":"https:\/\/secure.gravatar.com\/avatar\/3cef1082b65edc85f1a4c0caa7ce4808f397a517b7217eab6215fe435640f8f7?s=96&d=mm&r=g","contentUrl":"https:\/\/secure.gravatar.com\/avatar\/3cef1082b65edc85f1a4c0caa7ce4808f397a517b7217eab6215fe435640f8f7?s=96&d=mm&r=g","caption":"Silvia"},"url":"https:\/\/euricse.eu\/it\/author\/silvia\/"}]}},"_links":{"self":[{"href":"https:\/\/euricse.eu\/it\/wp-json\/wp\/v2\/posts\/6887","targetHints":{"allow":["GET"]}}],"collection":[{"href":"https:\/\/euricse.eu\/it\/wp-json\/wp\/v2\/posts"}],"about":[{"href":"https:\/\/euricse.eu\/it\/wp-json\/wp\/v2\/types\/post"}],"author":[{"embeddable":true,"href":"https:\/\/euricse.eu\/it\/wp-json\/wp\/v2\/users\/32"}],"replies":[{"embeddable":true,"href":"https:\/\/euricse.eu\/it\/wp-json\/wp\/v2\/comments?post=6887"}],"version-history":[{"count":0,"href":"https:\/\/euricse.eu\/it\/wp-json\/wp\/v2\/posts\/6887\/revisions"}],"wp:featuredmedia":[{"embeddable":true,"href":"https:\/\/euricse.eu\/it\/wp-json\/wp\/v2\/media\/6937"}],"wp:attachment":[{"href":"https:\/\/euricse.eu\/it\/wp-json\/wp\/v2\/media?parent=6887"}],"wp:term":[{"taxonomy":"category","embeddable":true,"href":"https:\/\/euricse.eu\/it\/wp-json\/wp\/v2\/categories?post=6887"},{"taxonomy":"post_tag","embeddable":true,"href":"https:\/\/euricse.eu\/it\/wp-json\/wp\/v2\/tags?post=6887"}],"curies":[{"name":"wp","href":"https:\/\/api.w.org\/{rel}","templated":true}]}}