{"id":6989,"date":"2018-07-17T13:36:57","date_gmt":"2018-07-17T12:36:57","guid":{"rendered":"https:\/\/euricse.staging.hgblu.com\/?p=6989"},"modified":"2018-07-17T13:36:57","modified_gmt":"2018-07-17T12:36:57","slug":"storie-di-stage-il-racconto-di-beatrice-bersanini","status":"publish","type":"post","link":"https:\/\/euricse.eu\/it\/storie-di-stage-il-racconto-di-beatrice-bersanini\/","title":{"rendered":"Storie di stage: il racconto di Beatrice Bersanini"},"content":{"rendered":"<p>di\u00a0<strong>Beatrice Bersanini<\/strong><\/p>\n<blockquote><p>\u00a0&#8220;..per fare progettazione non basta avere dimestichezza con i modelli teorici, \u00e8 di fondamentale importanza conoscere bene anche il contesto nel quale si opera..&#8221;<\/p><\/blockquote>\n<p style=\"text-align: justify;\"><strong>Mi chiamo Beatrice Bersanini e sono laureata in Scienze Sociali per la Globalizzazione presso l&#8217;Universit\u00e0 degli Studi di Milano. Dopo un&#8217;esperienza di stage in un&#8217;associazione parigina, ho deciso di iscrivermi al Master GIS per acquisire competenze specifiche del mondo del Terzo Settore, specialmente riguardo alla progettazione e al management. Il master mi ha permesso di avere una panoramica a 360\u00b0 del mondo del no profit e, grazie ai lavori di gruppo, di mettermi alla prova e di scambiare saperi con il resto dei corsisti, provenienti da tutta Italia e non solo. Da un paio di mesi svolgo il mio periodo di tirocinio presso la Cooperativa Sociale La Rete, un&#8217;organizzazione radicata nella citt\u00e0 e nella provincia di Brescia che opera per contrastare ogni forma di esclusione sociale attraverso attivit\u00e0 e servizi nell&#8217;ambito del contrasto alle povert\u00e0, per la cura della salute mentale, accogliendo persone richiedenti asilo, con progetti di housing sociale, spingendosi di recente anche nel settore dell&#8217;agricoltura sociale.<\/strong><\/p>\n<p style=\"text-align: justify;\"><!--more--><\/p>\n<p style=\"text-align: justify;\">Questa esperienza mi offre la possibilit\u00e0 di avvicinarmi concretamente alla gestione di un&#8217;impresa sociale e approfondire le parti sociali, economiche e organizzative. Tutte di rilevante importanza che dimostrano come le imprese sociali siano delle realt\u00e0 sorprendentemente complesse. Inoltre ho l&#8217;opportunit\u00e0 di conoscere meglio le realt\u00e0 sociali della citt\u00e0 di Brescia.<\/p>\n<p style=\"text-align: justify;\">Questo tirocinio \u00e8 diventato un&#8217;occasione per approcciarmi a questioni sociali che prima non conoscevo e che ora, invece, posso approfondire e studiare da vicino. Mi rendo sempre pi\u00f9 conto del fatto che per fare progettazione non basta avere dimestichezza con i modelli teorici, bens\u00ec \u00e8 di fondamentale importanza conoscere bene anche il contesto nel quale si opera e gli enti con i quali si deve interagire.<\/p>\n<p><img loading=\"lazy\" decoding=\"async\" class=\"aligncenter size-medium wp-image-6990\" src=\"https:\/\/euricse.eu\/wp-content\/uploads\/2018\/07\/Optimized-La-Rete-1-300x233.jpg\" alt=\"\" width=\"300\" height=\"233\" srcset=\"https:\/\/euricse.eu\/wp-content\/uploads\/2018\/07\/Optimized-La-Rete-1-300x233.jpg 300w, https:\/\/euricse.eu\/wp-content\/uploads\/2018\/07\/Optimized-La-Rete-1-514x400.jpg 514w, https:\/\/euricse.eu\/wp-content\/uploads\/2018\/07\/Optimized-La-Rete-1-768x597.jpg 768w, https:\/\/euricse.eu\/wp-content\/uploads\/2018\/07\/Optimized-La-Rete-1.jpg 800w\" sizes=\"auto, (max-width: 300px) 100vw, 300px\" \/><\/p>\n<p style=\"text-align: justify;\">In particolare mi sto occupando dell&#8217;avvio di progetti della Cooperativa La Rete nell&#8217;ambito della rigenerazione urbana, dell&#8217;agricoltura sociale e dell&#8217;implementazione dei servizi per il disagio adulto. Lo trovo un lavoro dinamico e stimolante, che mi consente di mettermi in gioco e di crescere sia da un punto di vista professionale che personale.<\/p>\n<p style=\"text-align: justify;\">Per il futuro, spero di acquisire una preparazione completa e a tutto tondo sulla progettazione sociale e sulle diverse dinamiche che caratterizzano gli enti del Terzo Settore, con l&#8217;obiettivo di lavorare in questo settore e diventare una manager del sociale.<\/p>\n<hr \/>\n<p style=\"text-align: justify;\">La nuova rubrica \u201cStorie di stage\u201d \u00e8 stata creata per\u00a0dare la possibilit\u00e0 ai\u00a0Corsisti del Master GIS\u00a0di condividere le loro storie ed esperienze durante i periodi di tirocinio.\u00a0Le iscrizioni per una nuova edizione del Master sono aperte. Per informazioni e iscrizioni vista la\u00a0<a href=\"https:\/\/euricse.eu\/it\/training\/master-gis\/\">pagina dedicata al corso<\/a>.<\/p>\n","protected":false},"excerpt":{"rendered":"<p>di\u00a0Beatrice Bersanini \u00a0&#8220;..per fare progettazione non basta avere dimestichezza con i modelli teorici, \u00e8 di fondamentale importanza conoscere bene anche il contesto nel quale si opera..&#8221; Mi chiamo Beatrice Bersanini e sono laureata in Scienze Sociali per la Globalizzazione presso l&#8217;Universit\u00e0 degli Studi di Milano. Dopo un&#8217;esperienza di stage in un&#8217;associazione parigina, ho deciso di [&hellip;]<\/p>\n","protected":false},"author":30,"featured_media":6991,"comment_status":"open","ping_status":"closed","sticky":false,"template":"","format":"standard","meta":{"_acf_changed":false,"episode_type":"","audio_file":"","cover_image":"","cover_image_id":"","duration":"","filesize":"","date_recorded":"","explicit":"","block":"","itunes_episode_number":"","itunes_title":"","itunes_season_number":"","itunes_episode_type":"","filesize_raw":"","footnotes":""},"categories":[14],"tags":[292,430],"class_list":["post-6989","post","type-post","status-publish","format-standard","has-post-thumbnail","hentry","category-blog-it","tag-master-gis","tag-storie-di-stage"],"acf":[],"yoast_head":"<!-- This site is optimized with the Yoast SEO plugin v26.1.1 - https:\/\/yoast.com\/wordpress\/plugins\/seo\/ -->\n<title>Storie di stage: il racconto di Beatrice Bersanini - Euricse<\/title>\n<meta name=\"robots\" content=\"index, follow, max-snippet:-1, max-image-preview:large, max-video-preview:-1\" \/>\n<link rel=\"canonical\" href=\"https:\/\/euricse.eu\/it\/storie-di-stage-il-racconto-di-beatrice-bersanini\/\" \/>\n<meta property=\"og:locale\" content=\"it_IT\" \/>\n<meta property=\"og:type\" content=\"article\" \/>\n<meta property=\"og:title\" content=\"Storie di stage: il racconto di Beatrice Bersanini - Euricse\" \/>\n<meta property=\"og:description\" content=\"di\u00a0Beatrice Bersanini \u00a0&#8220;..per fare progettazione non basta avere dimestichezza con i modelli teorici, \u00e8 di fondamentale importanza conoscere bene anche il contesto nel quale si opera..&#8221; Mi chiamo Beatrice Bersanini e sono laureata in Scienze Sociali per la Globalizzazione presso l&#8217;Universit\u00e0 degli Studi di Milano. Dopo un&#8217;esperienza di stage in un&#8217;associazione parigina, ho deciso di [&hellip;]\" \/>\n<meta property=\"og:url\" content=\"https:\/\/euricse.eu\/it\/storie-di-stage-il-racconto-di-beatrice-bersanini\/\" \/>\n<meta property=\"og:site_name\" content=\"Euricse\" \/>\n<meta property=\"article:published_time\" content=\"2018-07-17T12:36:57+00:00\" \/>\n<meta property=\"og:image\" content=\"https:\/\/euricse.eu\/wp-content\/uploads\/2018\/07\/Optimized-Beatrice.jpg\" \/>\n\t<meta property=\"og:image:width\" content=\"600\" \/>\n\t<meta property=\"og:image:height\" content=\"900\" \/>\n\t<meta property=\"og:image:type\" content=\"image\/jpeg\" \/>\n<meta name=\"author\" content=\"redazione\" \/>\n<meta name=\"twitter:card\" content=\"summary_large_image\" \/>\n<meta name=\"twitter:label1\" content=\"Scritto da\" \/>\n\t<meta name=\"twitter:data1\" content=\"redazione\" \/>\n\t<meta name=\"twitter:label2\" content=\"Tempo di lettura stimato\" \/>\n\t<meta name=\"twitter:data2\" content=\"2 minuti\" \/>\n<script type=\"application\/ld+json\" class=\"yoast-schema-graph\">{\"@context\":\"https:\/\/schema.org\",\"@graph\":[{\"@type\":\"WebPage\",\"@id\":\"https:\/\/euricse.eu\/it\/storie-di-stage-il-racconto-di-beatrice-bersanini\/\",\"url\":\"https:\/\/euricse.eu\/it\/storie-di-stage-il-racconto-di-beatrice-bersanini\/\",\"name\":\"Storie di stage: il racconto di Beatrice Bersanini - Euricse\",\"isPartOf\":{\"@id\":\"https:\/\/euricse.eu\/en\/#website\"},\"primaryImageOfPage\":{\"@id\":\"https:\/\/euricse.eu\/it\/storie-di-stage-il-racconto-di-beatrice-bersanini\/#primaryimage\"},\"image\":{\"@id\":\"https:\/\/euricse.eu\/it\/storie-di-stage-il-racconto-di-beatrice-bersanini\/#primaryimage\"},\"thumbnailUrl\":\"https:\/\/euricse.eu\/wp-content\/uploads\/2018\/07\/Optimized-Beatrice.jpg\",\"datePublished\":\"2018-07-17T12:36:57+00:00\",\"author\":{\"@id\":\"https:\/\/euricse.eu\/en\/#\/schema\/person\/46be9426d76e3114ba478b69f3d8040b\"},\"breadcrumb\":{\"@id\":\"https:\/\/euricse.eu\/it\/storie-di-stage-il-racconto-di-beatrice-bersanini\/#breadcrumb\"},\"inLanguage\":\"it-IT\",\"potentialAction\":[{\"@type\":\"ReadAction\",\"target\":[\"https:\/\/euricse.eu\/it\/storie-di-stage-il-racconto-di-beatrice-bersanini\/\"]}]},{\"@type\":\"ImageObject\",\"inLanguage\":\"it-IT\",\"@id\":\"https:\/\/euricse.eu\/it\/storie-di-stage-il-racconto-di-beatrice-bersanini\/#primaryimage\",\"url\":\"https:\/\/euricse.eu\/wp-content\/uploads\/2018\/07\/Optimized-Beatrice.jpg\",\"contentUrl\":\"https:\/\/euricse.eu\/wp-content\/uploads\/2018\/07\/Optimized-Beatrice.jpg\",\"width\":600,\"height\":900},{\"@type\":\"BreadcrumbList\",\"@id\":\"https:\/\/euricse.eu\/it\/storie-di-stage-il-racconto-di-beatrice-bersanini\/#breadcrumb\",\"itemListElement\":[{\"@type\":\"ListItem\",\"position\":1,\"name\":\"Home\",\"item\":\"https:\/\/euricse.eu\/it\/\"},{\"@type\":\"ListItem\",\"position\":2,\"name\":\"Storie di stage: il racconto di Beatrice Bersanini\"}]},{\"@type\":\"WebSite\",\"@id\":\"https:\/\/euricse.eu\/en\/#website\",\"url\":\"https:\/\/euricse.eu\/en\/\",\"name\":\"Euricse\",\"description\":\"Knowledge and innovation for cooperative and social enterprises.\",\"potentialAction\":[{\"@type\":\"SearchAction\",\"target\":{\"@type\":\"EntryPoint\",\"urlTemplate\":\"https:\/\/euricse.eu\/en\/?s={search_term_string}\"},\"query-input\":{\"@type\":\"PropertyValueSpecification\",\"valueRequired\":true,\"valueName\":\"search_term_string\"}}],\"inLanguage\":\"it-IT\"},{\"@type\":\"Person\",\"@id\":\"https:\/\/euricse.eu\/en\/#\/schema\/person\/46be9426d76e3114ba478b69f3d8040b\",\"name\":\"redazione\",\"image\":{\"@type\":\"ImageObject\",\"inLanguage\":\"it-IT\",\"@id\":\"https:\/\/euricse.eu\/en\/#\/schema\/person\/image\/\",\"url\":\"https:\/\/secure.gravatar.com\/avatar\/d1e5fb76fa001722a0822f32de0a8935d9c7a01b0f055f16dc71df73252c3c50?s=96&d=mm&r=g\",\"contentUrl\":\"https:\/\/secure.gravatar.com\/avatar\/d1e5fb76fa001722a0822f32de0a8935d9c7a01b0f055f16dc71df73252c3c50?s=96&d=mm&r=g\",\"caption\":\"redazione\"},\"url\":\"https:\/\/euricse.eu\/it\/author\/marikadmin\/\"}]}<\/script>\n<!-- \/ Yoast SEO plugin. -->","yoast_head_json":{"title":"Storie di stage: il racconto di Beatrice Bersanini - Euricse","robots":{"index":"index","follow":"follow","max-snippet":"max-snippet:-1","max-image-preview":"max-image-preview:large","max-video-preview":"max-video-preview:-1"},"canonical":"https:\/\/euricse.eu\/it\/storie-di-stage-il-racconto-di-beatrice-bersanini\/","og_locale":"it_IT","og_type":"article","og_title":"Storie di stage: il racconto di Beatrice Bersanini - Euricse","og_description":"di\u00a0Beatrice Bersanini \u00a0&#8220;..per fare progettazione non basta avere dimestichezza con i modelli teorici, \u00e8 di fondamentale importanza conoscere bene anche il contesto nel quale si opera..&#8221; Mi chiamo Beatrice Bersanini e sono laureata in Scienze Sociali per la Globalizzazione presso l&#8217;Universit\u00e0 degli Studi di Milano. Dopo un&#8217;esperienza di stage in un&#8217;associazione parigina, ho deciso di [&hellip;]","og_url":"https:\/\/euricse.eu\/it\/storie-di-stage-il-racconto-di-beatrice-bersanini\/","og_site_name":"Euricse","article_published_time":"2018-07-17T12:36:57+00:00","og_image":[{"width":600,"height":900,"url":"https:\/\/euricse.eu\/wp-content\/uploads\/2018\/07\/Optimized-Beatrice.jpg","type":"image\/jpeg"}],"author":"redazione","twitter_card":"summary_large_image","twitter_misc":{"Scritto da":"redazione","Tempo di lettura stimato":"2 minuti"},"schema":{"@context":"https:\/\/schema.org","@graph":[{"@type":"WebPage","@id":"https:\/\/euricse.eu\/it\/storie-di-stage-il-racconto-di-beatrice-bersanini\/","url":"https:\/\/euricse.eu\/it\/storie-di-stage-il-racconto-di-beatrice-bersanini\/","name":"Storie di stage: il racconto di Beatrice Bersanini - Euricse","isPartOf":{"@id":"https:\/\/euricse.eu\/en\/#website"},"primaryImageOfPage":{"@id":"https:\/\/euricse.eu\/it\/storie-di-stage-il-racconto-di-beatrice-bersanini\/#primaryimage"},"image":{"@id":"https:\/\/euricse.eu\/it\/storie-di-stage-il-racconto-di-beatrice-bersanini\/#primaryimage"},"thumbnailUrl":"https:\/\/euricse.eu\/wp-content\/uploads\/2018\/07\/Optimized-Beatrice.jpg","datePublished":"2018-07-17T12:36:57+00:00","author":{"@id":"https:\/\/euricse.eu\/en\/#\/schema\/person\/46be9426d76e3114ba478b69f3d8040b"},"breadcrumb":{"@id":"https:\/\/euricse.eu\/it\/storie-di-stage-il-racconto-di-beatrice-bersanini\/#breadcrumb"},"inLanguage":"it-IT","potentialAction":[{"@type":"ReadAction","target":["https:\/\/euricse.eu\/it\/storie-di-stage-il-racconto-di-beatrice-bersanini\/"]}]},{"@type":"ImageObject","inLanguage":"it-IT","@id":"https:\/\/euricse.eu\/it\/storie-di-stage-il-racconto-di-beatrice-bersanini\/#primaryimage","url":"https:\/\/euricse.eu\/wp-content\/uploads\/2018\/07\/Optimized-Beatrice.jpg","contentUrl":"https:\/\/euricse.eu\/wp-content\/uploads\/2018\/07\/Optimized-Beatrice.jpg","width":600,"height":900},{"@type":"BreadcrumbList","@id":"https:\/\/euricse.eu\/it\/storie-di-stage-il-racconto-di-beatrice-bersanini\/#breadcrumb","itemListElement":[{"@type":"ListItem","position":1,"name":"Home","item":"https:\/\/euricse.eu\/it\/"},{"@type":"ListItem","position":2,"name":"Storie di stage: il racconto di Beatrice Bersanini"}]},{"@type":"WebSite","@id":"https:\/\/euricse.eu\/en\/#website","url":"https:\/\/euricse.eu\/en\/","name":"Euricse","description":"Knowledge and innovation for cooperative and social enterprises.","potentialAction":[{"@type":"SearchAction","target":{"@type":"EntryPoint","urlTemplate":"https:\/\/euricse.eu\/en\/?s={search_term_string}"},"query-input":{"@type":"PropertyValueSpecification","valueRequired":true,"valueName":"search_term_string"}}],"inLanguage":"it-IT"},{"@type":"Person","@id":"https:\/\/euricse.eu\/en\/#\/schema\/person\/46be9426d76e3114ba478b69f3d8040b","name":"redazione","image":{"@type":"ImageObject","inLanguage":"it-IT","@id":"https:\/\/euricse.eu\/en\/#\/schema\/person\/image\/","url":"https:\/\/secure.gravatar.com\/avatar\/d1e5fb76fa001722a0822f32de0a8935d9c7a01b0f055f16dc71df73252c3c50?s=96&d=mm&r=g","contentUrl":"https:\/\/secure.gravatar.com\/avatar\/d1e5fb76fa001722a0822f32de0a8935d9c7a01b0f055f16dc71df73252c3c50?s=96&d=mm&r=g","caption":"redazione"},"url":"https:\/\/euricse.eu\/it\/author\/marikadmin\/"}]}},"_links":{"self":[{"href":"https:\/\/euricse.eu\/it\/wp-json\/wp\/v2\/posts\/6989","targetHints":{"allow":["GET"]}}],"collection":[{"href":"https:\/\/euricse.eu\/it\/wp-json\/wp\/v2\/posts"}],"about":[{"href":"https:\/\/euricse.eu\/it\/wp-json\/wp\/v2\/types\/post"}],"author":[{"embeddable":true,"href":"https:\/\/euricse.eu\/it\/wp-json\/wp\/v2\/users\/30"}],"replies":[{"embeddable":true,"href":"https:\/\/euricse.eu\/it\/wp-json\/wp\/v2\/comments?post=6989"}],"version-history":[{"count":0,"href":"https:\/\/euricse.eu\/it\/wp-json\/wp\/v2\/posts\/6989\/revisions"}],"wp:featuredmedia":[{"embeddable":true,"href":"https:\/\/euricse.eu\/it\/wp-json\/wp\/v2\/media\/6991"}],"wp:attachment":[{"href":"https:\/\/euricse.eu\/it\/wp-json\/wp\/v2\/media?parent=6989"}],"wp:term":[{"taxonomy":"category","embeddable":true,"href":"https:\/\/euricse.eu\/it\/wp-json\/wp\/v2\/categories?post=6989"},{"taxonomy":"post_tag","embeddable":true,"href":"https:\/\/euricse.eu\/it\/wp-json\/wp\/v2\/tags?post=6989"}],"curies":[{"name":"wp","href":"https:\/\/api.w.org\/{rel}","templated":true}]}}