{"id":7006,"date":"2018-07-27T15:18:17","date_gmt":"2018-07-27T14:18:17","guid":{"rendered":"https:\/\/euricse.staging.hgblu.com\/?p=7006"},"modified":"2022-05-13T10:38:15","modified_gmt":"2022-05-13T09:38:15","slug":"storie-di-stage-il-racconto-di-nicholas-partel","status":"publish","type":"post","link":"https:\/\/euricse.eu\/it\/storie-di-stage-il-racconto-di-nicholas-partel\/","title":{"rendered":"Storie di stage: il racconto di Nicholas Partel"},"content":{"rendered":"<p>di\u00a0<strong>Nicholas Partel<\/strong><\/p>\n<blockquote>\n<p style=\"text-align: justify;\"><em>Fare quest\u2019esperienza, in un ambiente cos\u00ec positivo e dinamico, diventa una vera opportunit\u00e0 di crescita per il mio futuro professionale<\/em><\/p>\n<\/blockquote>\n<p style=\"text-align: justify;\">Sono Nicholas Partel, ho 23 anni e provengo dalla Val di Fiemme. Dopo aver conseguito la laurea triennale in Gestione Aziendale presso l\u2019Universit\u00e0 di Trento, ho deciso di iscrivermi al Master GIS perch\u00e9 lo ritenevo un&#8217;opportunit\u00e0 in grado di coniugare il mio percorso di studi con il mio interesse e la mia sensibilit\u00e0 verso il mondo del nonprofit, poich\u00e9 da anni attivo nell\u2019ambito del volontariato.<\/p>\n<p style=\"text-align: justify;\">Il Master GIS mi ha quindi permesso di approfondire il mondo del terzo settore sotto vari aspetti: da quelli pi\u00f9 economico-giuridici, a quelli legati alla progettazione e l\u2019innovazione sociale. Il punto di forza del Master sta nel connubio tra le lezioni frontali e case study di realt\u00e0 no profit del territorio. Questo lavoro, svolto in piccoli gruppi, permette di vedere subito e mettere in pratica gli aspetti teorici studiati durante le lezioni.<\/p>\n<p style=\"text-align: justify;\">Inoltre, la classe del Master \u00e8 ricca di competenze, esperienze e personalit\u00e0 che diventano uno stimolo di confronto e di scambio reciproco di saperi, rendendo il Master un\u2019occasione di crescita professionale e anche personale.<\/p>\n<hr \/>\n<p style=\"text-align: justify;\">Dopo i 6 mesi di didattica in aula ho scelto di svolgere il tirocinio presso la Fondazione Caritro. La Fondazione nasce nel 1992 in seguito allo scorporo dell&#8217;attivit\u00e0 bancaria della Cassa di Risparmio di Trento e Rovereto e da allora persegue scopi di utilit\u00e0 sociale e di promozione dello sviluppo economico, al fine di generare valore sul territorio trentino. La Fondazione opera in quattro settori di intervento: la ricerca scientifica, l\u2019educazione, la cultura e il volontariato.<\/p>\n<p style=\"text-align: justify;\">All\u2019interno della Fondazione sto seguendo principalmente la progettazione e lo sviluppo di una nuova iniziativa rivolta agli enti del terzo settore che si avvicinano ai temi dell\u2019imprenditorialit\u00e0 sociale. La finalit\u00e0 dell\u2019iniziativa \u00e8 quella di stimolare la partecipazione a un percorso di innovazione sociale, il quale vuole offrire agli enti la possibilit\u00e0 di acquisire maggiori competenze manageriali per la programmazione, la realizzazione delle attivit\u00e0 ed il monitoraggio dei risultati. Successivamente, il percorso prevede la programmazione di un progetto di sviluppo di impresa sociale. Progetto che sar\u00e0 sviluppato attraverso una sinergica collaborazione tra la singola realt\u00e0 partecipante con tutor e giovani studenti, che l\u2019affiancheranno prima nella pianificazione e poi nell\u2019implementazione operativa.<\/p>\n<p style=\"text-align: justify;\">Fare quest\u2019esperienza in un ambiente cos\u00ec positivo e dinamico, diventa una vera opportunit\u00e0 di crescita per il mio futuro professionale!<\/p>\n<hr \/>\n<p style=\"text-align: justify;\"><img loading=\"lazy\" decoding=\"async\" class=\"alignleft size-medium wp-image-7008\" src=\"https:\/\/euricse.eu\/wp-content\/uploads\/2018\/07\/storie-stage-300x225.jpg\" alt=\"\" width=\"300\" height=\"225\" \/>La rubrica \u201cStorie di stage\u201d \u00e8 stata creata per dare la possibilit\u00e0 ai corsisti del Master GIS di condividere le loro storie ed esperienze durante i periodi di tirocinio. Le iscrizioni per una nuova edizione del Master sono aperte. Per informazioni e iscrizioni visita<a href=\"https:\/\/euricse.eu\/it\/training\/master-gis\/\">\u00a0la pagina dedicata al corso<\/a>.<\/p>\n<hr \/>\n","protected":false},"excerpt":{"rendered":"<p>di\u00a0Nicholas Partel Fare quest\u2019esperienza, in un ambiente cos\u00ec positivo e dinamico, diventa una vera opportunit\u00e0 di crescita per il mio futuro professionale Sono Nicholas Partel, ho 23 anni e provengo dalla Val di Fiemme. Dopo aver conseguito la laurea triennale in Gestione Aziendale presso l\u2019Universit\u00e0 di Trento, ho deciso di iscrivermi al Master GIS perch\u00e9 [&hellip;]<\/p>\n","protected":false},"author":30,"featured_media":15813,"comment_status":"closed","ping_status":"closed","sticky":false,"template":"","format":"standard","meta":{"_acf_changed":false,"episode_type":"","audio_file":"","cover_image":"","cover_image_id":"","duration":"","filesize":"","date_recorded":"","explicit":"","block":"","itunes_episode_number":"","itunes_title":"","itunes_season_number":"","itunes_episode_type":"","filesize_raw":"","footnotes":""},"categories":[14],"tags":[292,430],"class_list":["post-7006","post","type-post","status-publish","format-standard","has-post-thumbnail","hentry","category-blog-it","tag-master-gis","tag-storie-di-stage"],"acf":[],"yoast_head":"<!-- This site is optimized with the Yoast SEO plugin v26.1.1 - https:\/\/yoast.com\/wordpress\/plugins\/seo\/ -->\n<title>Storie di stage: il racconto di Nicholas Partel - Euricse<\/title>\n<meta name=\"robots\" content=\"index, follow, max-snippet:-1, max-image-preview:large, max-video-preview:-1\" \/>\n<link rel=\"canonical\" href=\"https:\/\/euricse.eu\/it\/storie-di-stage-il-racconto-di-nicholas-partel\/\" \/>\n<meta property=\"og:locale\" content=\"it_IT\" \/>\n<meta property=\"og:type\" content=\"article\" \/>\n<meta property=\"og:title\" content=\"Storie di stage: il racconto di Nicholas Partel - Euricse\" \/>\n<meta property=\"og:description\" content=\"di\u00a0Nicholas Partel Fare quest\u2019esperienza, in un ambiente cos\u00ec positivo e dinamico, diventa una vera opportunit\u00e0 di crescita per il mio futuro professionale Sono Nicholas Partel, ho 23 anni e provengo dalla Val di Fiemme. Dopo aver conseguito la laurea triennale in Gestione Aziendale presso l\u2019Universit\u00e0 di Trento, ho deciso di iscrivermi al Master GIS perch\u00e9 [&hellip;]\" \/>\n<meta property=\"og:url\" content=\"https:\/\/euricse.eu\/it\/storie-di-stage-il-racconto-di-nicholas-partel\/\" \/>\n<meta property=\"og:site_name\" content=\"Euricse\" \/>\n<meta property=\"article:published_time\" content=\"2018-07-27T14:18:17+00:00\" \/>\n<meta property=\"article:modified_time\" content=\"2022-05-13T09:38:15+00:00\" \/>\n<meta property=\"og:image\" content=\"https:\/\/euricse.eu\/wp-content\/uploads\/2018\/07\/Storie-di-Stage-Nicholas.jpeg\" \/>\n\t<meta property=\"og:image:width\" content=\"300\" \/>\n\t<meta property=\"og:image:height\" content=\"279\" \/>\n\t<meta property=\"og:image:type\" content=\"image\/jpeg\" \/>\n<meta name=\"author\" content=\"redazione\" \/>\n<meta name=\"twitter:card\" content=\"summary_large_image\" \/>\n<meta name=\"twitter:label1\" content=\"Scritto da\" \/>\n\t<meta name=\"twitter:data1\" content=\"redazione\" \/>\n\t<meta name=\"twitter:label2\" content=\"Tempo di lettura stimato\" \/>\n\t<meta name=\"twitter:data2\" content=\"2 minuti\" \/>\n<script type=\"application\/ld+json\" class=\"yoast-schema-graph\">{\"@context\":\"https:\/\/schema.org\",\"@graph\":[{\"@type\":\"WebPage\",\"@id\":\"https:\/\/euricse.eu\/it\/storie-di-stage-il-racconto-di-nicholas-partel\/\",\"url\":\"https:\/\/euricse.eu\/it\/storie-di-stage-il-racconto-di-nicholas-partel\/\",\"name\":\"Storie di stage: il racconto di Nicholas Partel - Euricse\",\"isPartOf\":{\"@id\":\"https:\/\/euricse.eu\/en\/#website\"},\"primaryImageOfPage\":{\"@id\":\"https:\/\/euricse.eu\/it\/storie-di-stage-il-racconto-di-nicholas-partel\/#primaryimage\"},\"image\":{\"@id\":\"https:\/\/euricse.eu\/it\/storie-di-stage-il-racconto-di-nicholas-partel\/#primaryimage\"},\"thumbnailUrl\":\"https:\/\/euricse.eu\/wp-content\/uploads\/2018\/07\/Storie-di-Stage-Nicholas.jpeg\",\"datePublished\":\"2018-07-27T14:18:17+00:00\",\"dateModified\":\"2022-05-13T09:38:15+00:00\",\"author\":{\"@id\":\"https:\/\/euricse.eu\/en\/#\/schema\/person\/46be9426d76e3114ba478b69f3d8040b\"},\"breadcrumb\":{\"@id\":\"https:\/\/euricse.eu\/it\/storie-di-stage-il-racconto-di-nicholas-partel\/#breadcrumb\"},\"inLanguage\":\"it-IT\",\"potentialAction\":[{\"@type\":\"ReadAction\",\"target\":[\"https:\/\/euricse.eu\/it\/storie-di-stage-il-racconto-di-nicholas-partel\/\"]}]},{\"@type\":\"ImageObject\",\"inLanguage\":\"it-IT\",\"@id\":\"https:\/\/euricse.eu\/it\/storie-di-stage-il-racconto-di-nicholas-partel\/#primaryimage\",\"url\":\"https:\/\/euricse.eu\/wp-content\/uploads\/2018\/07\/Storie-di-Stage-Nicholas.jpeg\",\"contentUrl\":\"https:\/\/euricse.eu\/wp-content\/uploads\/2018\/07\/Storie-di-Stage-Nicholas.jpeg\",\"width\":300,\"height\":279},{\"@type\":\"BreadcrumbList\",\"@id\":\"https:\/\/euricse.eu\/it\/storie-di-stage-il-racconto-di-nicholas-partel\/#breadcrumb\",\"itemListElement\":[{\"@type\":\"ListItem\",\"position\":1,\"name\":\"Home\",\"item\":\"https:\/\/euricse.eu\/it\/\"},{\"@type\":\"ListItem\",\"position\":2,\"name\":\"Storie di stage: il racconto di Nicholas Partel\"}]},{\"@type\":\"WebSite\",\"@id\":\"https:\/\/euricse.eu\/en\/#website\",\"url\":\"https:\/\/euricse.eu\/en\/\",\"name\":\"Euricse\",\"description\":\"Knowledge and innovation for cooperative and social enterprises.\",\"potentialAction\":[{\"@type\":\"SearchAction\",\"target\":{\"@type\":\"EntryPoint\",\"urlTemplate\":\"https:\/\/euricse.eu\/en\/?s={search_term_string}\"},\"query-input\":{\"@type\":\"PropertyValueSpecification\",\"valueRequired\":true,\"valueName\":\"search_term_string\"}}],\"inLanguage\":\"it-IT\"},{\"@type\":\"Person\",\"@id\":\"https:\/\/euricse.eu\/en\/#\/schema\/person\/46be9426d76e3114ba478b69f3d8040b\",\"name\":\"redazione\",\"image\":{\"@type\":\"ImageObject\",\"inLanguage\":\"it-IT\",\"@id\":\"https:\/\/euricse.eu\/en\/#\/schema\/person\/image\/\",\"url\":\"https:\/\/secure.gravatar.com\/avatar\/d1e5fb76fa001722a0822f32de0a8935d9c7a01b0f055f16dc71df73252c3c50?s=96&d=mm&r=g\",\"contentUrl\":\"https:\/\/secure.gravatar.com\/avatar\/d1e5fb76fa001722a0822f32de0a8935d9c7a01b0f055f16dc71df73252c3c50?s=96&d=mm&r=g\",\"caption\":\"redazione\"},\"url\":\"https:\/\/euricse.eu\/it\/author\/marikadmin\/\"}]}<\/script>\n<!-- \/ Yoast SEO plugin. -->","yoast_head_json":{"title":"Storie di stage: il racconto di Nicholas Partel - Euricse","robots":{"index":"index","follow":"follow","max-snippet":"max-snippet:-1","max-image-preview":"max-image-preview:large","max-video-preview":"max-video-preview:-1"},"canonical":"https:\/\/euricse.eu\/it\/storie-di-stage-il-racconto-di-nicholas-partel\/","og_locale":"it_IT","og_type":"article","og_title":"Storie di stage: il racconto di Nicholas Partel - Euricse","og_description":"di\u00a0Nicholas Partel Fare quest\u2019esperienza, in un ambiente cos\u00ec positivo e dinamico, diventa una vera opportunit\u00e0 di crescita per il mio futuro professionale Sono Nicholas Partel, ho 23 anni e provengo dalla Val di Fiemme. Dopo aver conseguito la laurea triennale in Gestione Aziendale presso l\u2019Universit\u00e0 di Trento, ho deciso di iscrivermi al Master GIS perch\u00e9 [&hellip;]","og_url":"https:\/\/euricse.eu\/it\/storie-di-stage-il-racconto-di-nicholas-partel\/","og_site_name":"Euricse","article_published_time":"2018-07-27T14:18:17+00:00","article_modified_time":"2022-05-13T09:38:15+00:00","og_image":[{"width":300,"height":279,"url":"https:\/\/euricse.eu\/wp-content\/uploads\/2018\/07\/Storie-di-Stage-Nicholas.jpeg","type":"image\/jpeg"}],"author":"redazione","twitter_card":"summary_large_image","twitter_misc":{"Scritto da":"redazione","Tempo di lettura stimato":"2 minuti"},"schema":{"@context":"https:\/\/schema.org","@graph":[{"@type":"WebPage","@id":"https:\/\/euricse.eu\/it\/storie-di-stage-il-racconto-di-nicholas-partel\/","url":"https:\/\/euricse.eu\/it\/storie-di-stage-il-racconto-di-nicholas-partel\/","name":"Storie di stage: il racconto di Nicholas Partel - Euricse","isPartOf":{"@id":"https:\/\/euricse.eu\/en\/#website"},"primaryImageOfPage":{"@id":"https:\/\/euricse.eu\/it\/storie-di-stage-il-racconto-di-nicholas-partel\/#primaryimage"},"image":{"@id":"https:\/\/euricse.eu\/it\/storie-di-stage-il-racconto-di-nicholas-partel\/#primaryimage"},"thumbnailUrl":"https:\/\/euricse.eu\/wp-content\/uploads\/2018\/07\/Storie-di-Stage-Nicholas.jpeg","datePublished":"2018-07-27T14:18:17+00:00","dateModified":"2022-05-13T09:38:15+00:00","author":{"@id":"https:\/\/euricse.eu\/en\/#\/schema\/person\/46be9426d76e3114ba478b69f3d8040b"},"breadcrumb":{"@id":"https:\/\/euricse.eu\/it\/storie-di-stage-il-racconto-di-nicholas-partel\/#breadcrumb"},"inLanguage":"it-IT","potentialAction":[{"@type":"ReadAction","target":["https:\/\/euricse.eu\/it\/storie-di-stage-il-racconto-di-nicholas-partel\/"]}]},{"@type":"ImageObject","inLanguage":"it-IT","@id":"https:\/\/euricse.eu\/it\/storie-di-stage-il-racconto-di-nicholas-partel\/#primaryimage","url":"https:\/\/euricse.eu\/wp-content\/uploads\/2018\/07\/Storie-di-Stage-Nicholas.jpeg","contentUrl":"https:\/\/euricse.eu\/wp-content\/uploads\/2018\/07\/Storie-di-Stage-Nicholas.jpeg","width":300,"height":279},{"@type":"BreadcrumbList","@id":"https:\/\/euricse.eu\/it\/storie-di-stage-il-racconto-di-nicholas-partel\/#breadcrumb","itemListElement":[{"@type":"ListItem","position":1,"name":"Home","item":"https:\/\/euricse.eu\/it\/"},{"@type":"ListItem","position":2,"name":"Storie di stage: il racconto di Nicholas Partel"}]},{"@type":"WebSite","@id":"https:\/\/euricse.eu\/en\/#website","url":"https:\/\/euricse.eu\/en\/","name":"Euricse","description":"Knowledge and innovation for cooperative and social enterprises.","potentialAction":[{"@type":"SearchAction","target":{"@type":"EntryPoint","urlTemplate":"https:\/\/euricse.eu\/en\/?s={search_term_string}"},"query-input":{"@type":"PropertyValueSpecification","valueRequired":true,"valueName":"search_term_string"}}],"inLanguage":"it-IT"},{"@type":"Person","@id":"https:\/\/euricse.eu\/en\/#\/schema\/person\/46be9426d76e3114ba478b69f3d8040b","name":"redazione","image":{"@type":"ImageObject","inLanguage":"it-IT","@id":"https:\/\/euricse.eu\/en\/#\/schema\/person\/image\/","url":"https:\/\/secure.gravatar.com\/avatar\/d1e5fb76fa001722a0822f32de0a8935d9c7a01b0f055f16dc71df73252c3c50?s=96&d=mm&r=g","contentUrl":"https:\/\/secure.gravatar.com\/avatar\/d1e5fb76fa001722a0822f32de0a8935d9c7a01b0f055f16dc71df73252c3c50?s=96&d=mm&r=g","caption":"redazione"},"url":"https:\/\/euricse.eu\/it\/author\/marikadmin\/"}]}},"_links":{"self":[{"href":"https:\/\/euricse.eu\/it\/wp-json\/wp\/v2\/posts\/7006","targetHints":{"allow":["GET"]}}],"collection":[{"href":"https:\/\/euricse.eu\/it\/wp-json\/wp\/v2\/posts"}],"about":[{"href":"https:\/\/euricse.eu\/it\/wp-json\/wp\/v2\/types\/post"}],"author":[{"embeddable":true,"href":"https:\/\/euricse.eu\/it\/wp-json\/wp\/v2\/users\/30"}],"replies":[{"embeddable":true,"href":"https:\/\/euricse.eu\/it\/wp-json\/wp\/v2\/comments?post=7006"}],"version-history":[{"count":1,"href":"https:\/\/euricse.eu\/it\/wp-json\/wp\/v2\/posts\/7006\/revisions"}],"predecessor-version":[{"id":15815,"href":"https:\/\/euricse.eu\/it\/wp-json\/wp\/v2\/posts\/7006\/revisions\/15815"}],"wp:featuredmedia":[{"embeddable":true,"href":"https:\/\/euricse.eu\/it\/wp-json\/wp\/v2\/media\/15813"}],"wp:attachment":[{"href":"https:\/\/euricse.eu\/it\/wp-json\/wp\/v2\/media?parent=7006"}],"wp:term":[{"taxonomy":"category","embeddable":true,"href":"https:\/\/euricse.eu\/it\/wp-json\/wp\/v2\/categories?post=7006"},{"taxonomy":"post_tag","embeddable":true,"href":"https:\/\/euricse.eu\/it\/wp-json\/wp\/v2\/tags?post=7006"}],"curies":[{"name":"wp","href":"https:\/\/api.w.org\/{rel}","templated":true}]}}