{"id":7047,"date":"2018-08-08T10:13:59","date_gmt":"2018-08-08T09:13:59","guid":{"rendered":"https:\/\/euricse.staging.hgblu.com\/?p=7047"},"modified":"2018-10-23T14:49:37","modified_gmt":"2018-10-23T13:49:37","slug":"euricse-da-trento-al-mondo","status":"publish","type":"post","link":"https:\/\/euricse.eu\/it\/euricse-da-trento-al-mondo\/","title":{"rendered":"Euricse, da Trento al mondo"},"content":{"rendered":"<p>&nbsp;<\/p>\n<p><strong>La nascita di Euricse, i traguardi della fondazione nei suoi primi dieci anni di attivit\u00e0, i temi di oggi e le sfide future. Il mensile della Federazione Trentina della Cooperazione ha intervistato Carlo Borzaga, presidente di Euricse. Una conversazione a tutto tondo (anche) sui problemi trentini, dai Sieg alle cooperative di comunit\u00e0, dalla riforma del Terzo Settore alla gestione dei lavoratori svantaggiati.<\/strong><\/p>\n<p><!--more--><\/p>\n<p><em>di<\/em> Dirce Pradella<\/p>\n<p>Si evolve la mission di Euricse, l\u2019Istituto europeo di ricerca sull&#8217;impresa cooperativa e sociale fondato dieci anni fa a Trento (tra i soci fondatori anche la Cooperazione Trentina) e presieduto dal professor <strong>Carlo Borzaga<\/strong>, direttore vicario del Dipartimento di Sociologia e Ricerca Sociale.<\/p>\n<p><strong>Professore, come \u00e8 cambiato Euricse nel suo decennio di attivit\u00e0?<\/strong><\/p>\n<p>L\u2019idea che ha dato origine a Euricse era quella di partire dall\u2019eccellenza del distretto cooperativo trentino per sviluppare una riflessione a livello europeo ed internazionale attorno all\u2019impresa cooperativa e sociale. La sensazione era che fosse un fenomeno sottovalutato a causa della scarsa conoscenza, di interpretazioni superficiali e generaliste e di attacchi mediatici e politici ingiustificati.<\/p>\n<p><strong>E ci siete riusciti?<\/strong><\/p>\n<p>S\u00ec, siamo riusciti a far crescere l\u2019attenzione al modello cooperativo sia nel mondo della ricerca che tra gli opinion leader, diventando un punto di riferimento internazionale nello studio della cooperazione. Pur restando indipendente, Euricse ha sviluppato un rapporto organico con il movimento cooperativo, supportandone le imprese e gli organismi di rappresentanza. Non solo: ha sostenuto governi ed enti pubblici nella predisposizione di leggi e politiche in materia di cooperazione e impresa sociale. Minori riconoscimenti, invece, sono arrivati sul piano nazionale.<\/p>\n<p><strong>Nemo profeta in patria?<\/strong><\/p>\n<p>Scontiamo lo scetticismo riservato alle iniziative che arrivano dalla periferia, dal Trentino in particolare. Eppure siamo autori del primo rapporto sulla cooperazione in Italia. Nessuno prima di noi aveva provato a quantificare l\u2019impatto del sistema cooperativo sull\u2019economia italiana. Abbiamo dimostrato che nella crisi le cooperative hanno resistito e creato occupazione. Abbiamo dimostrato che contribuiscono la bilancio pubblico come e pi\u00f9 delle altre imprese.<\/p>\n<p><img loading=\"lazy\" decoding=\"async\" class=\"size-medium wp-image-7052 alignright\" src=\"https:\/\/euricse.eu\/wp-content\/uploads\/2018\/08\/borzaga-199x300.jpg\" alt=\"\" width=\"199\" height=\"300\" \/><\/p>\n<p><strong>Che ricadute hanno le cooperative trentine dell\u2019attivit\u00e0 di Euricse?<\/strong><\/p>\n<p>Oltre ad avere benefici indiretti rispetto al riconoscimento del ruolo e del valore delle organizzazioni cooperative in generale, negli ultimi anni le realt\u00e0 trentine hanno beneficiato di specifiche attivit\u00e0 di ricerca, accompagnamento e consulenza. E penso alla valutazione dell\u2019impatto sociale, alla ricerca sul prestito soci, su cooperative agricole innovazione, sul confronto tra costi e benefici dell\u2019inserimento lavorativo.<\/p>\n<p><strong>E in futuro?<\/strong><\/p>\n<p>Abbiamo adottato un nuovo approccio. Lo statuto dice che dobbiamo occuparci delle cooperative e imprese sociali aiutandole nella loro capacit\u00e0 di risolvere i problemi. Nei primi anni abbiamo lavorato sui numeri e sulle forme d\u2019impresa. Ora vogliamo spostare l&#8217;attenzione sui problemi.<\/p>\n<p><strong>Un approccio pi\u00f9 politico, si pu\u00f2 dire? Ci fa qualche esempio?<\/strong><\/p>\n<p>Delle cooperative agricole abbiamo misurato ruolo e impatto nella filiera agroalimentare italiana. Ora vorremmo capire come potrebbero risolvere i problemi ancora aperti. Lo stesso vale per le cooperative sanitarie: abbiamo misurato come si sono sviluppate per dare risposte mutualistiche all\u2019impossibilit\u00e0 dell\u2019ente pubblico di far fronte alla domanda sanitaria. Ora vogliamo capire come possono farlo meglio. Abbiamo dimostrato che l\u2019inserimento lavorativo porta pi\u00f9 benefici che costi. Ora stiamo studiando come rendere pi\u00f9 performanti le cooperative di inserimento lavorativo, usando il contratto di rete tra imprese finalizzato all&#8217;inserimento lavorativo. Un altro filone \u00e8 quello di come le cooperative possono contribuire ad adeguare i servizi agli anziani ai bisogni. O ancora il rapporto tra pubblico e privato nei servizi sociali e mi riferisco all\u2019articolo 55 del nuovo codice del Terzo settore. Senza un cambiamento vedo il rischio sia per la continuit\u00e0 dei servizi sia per le stesse cooperative.<\/p>\n<p><strong>Partire dai problemi, dunque. Come fanno le cooperative di comunit\u00e0?<\/strong><\/p>\n<p>La nostra idea di cooperativa ha come riferimento la comunit\u00e0. Il concetto caro ai giuristi che la cooperativa risponda solo ai bisogni di pochi soci secondo me limita l\u2019azione cooperativa. Tutte le cooperative sono di comunit\u00e0. Diciamo che in Trentino si stanno palesando nuovi bisogni di sostegno e servizio alla comunit\u00e0 che al privato non interessano perch\u00e9 non ci sono margini e il pubblico non realizza perch\u00e9 non ha risorse. E allora rientra in gioco la comunit\u00e0 che si organizza in forma di associazione o di cooperativa.<\/p>\n<p><strong>Che ruolo avranno le imprese di comunit\u00e0 in Trentino?<\/strong><\/p>\n<p>In autunno uscir\u00e0 un libro che contiene uno studio che abbiamo fatto analizzando venti imprese di comunit\u00e0 nate in Italia, edito da <em>il Mulino<\/em>. La conclusione \u00e8 che c\u2019\u00e8 moltissima distanza tra l&#8217;enfasi che si pone su questi progetti e la realt\u00e0, fatta da esperienze limitate e abbastanza fragili.<\/p>\n<p><strong>Euricse ha approfondito anche i Sieg. Quale futuro?<\/strong><\/p>\n<p>Seguiamo i Sieg da tanti anni e abbiamo salutato positivamente il riconoscimento che consente maggiore flessibilit\u00e0 anche sotto il profilo economico. Sono per\u00f2 preoccupato perch\u00e9 non basta l\u2019impegno della Federazione. Perch\u00e9 i Sieg funzionino serve che la Provincia e i comuni facciano un passo indietro. Se continuano a occupare tutti gli spazi disponibili, le persone non avranno mai spinta sufficiente per autorganizzarsi o per sperimentare percorsi alternativi. Per il movimento trentino, fare cooperative di comunit\u00e0 significa trasformare le cooperative di consumo in altro, cio\u00e8 in cooperative di utenti dove i servizi da elargire siano diversi da quelli tradizionali. Con le cooperative di comunit\u00e0 \u00e8 possibile ri-coinvolgere i cittadini nelle cose pubbliche, che tra l\u2019altro \u00e8 l\u2019unico modo per uscire da questa situazione di paura e individualismo egoista. Bisogna tornare ad avere comunit\u00e0 inclusive. Lo vediamo con l\u2019immigrazione, su cui abbiamo iniziato a lavorare: se gestita in un certo modo pu\u00f2 aiutare a ripopolare le aree emarginate.<\/p>\n<p><strong>A parlare di immigrazione vengono in mente gli scandali mediatici e le false cooperative\u2026<\/strong><\/p>\n<p>La politica proposta dall\u2019Aci sulle false cooperative \u00e8 troppo debole. E\u2019 necessaria una revisione drastica dello statuto delle cooperative. Per esempio: perch\u00e9 per l\u2019approvazione del bilancio di una cooperativa tra lavoratori basta il quorum della seconda convocazione come per le altre forme d\u2019impresa? Servirebbe introdurre l\u2019obbligo di approvare i bilanci solo in prima convocazione perch\u00e9 \u00a0il management sia pi\u00f9 controllato dai soci.<\/p>\n<p><strong>Professore, Euricse \u00e8 nato con lei. Come proseguir\u00e0 il suo cammino?<\/strong><\/p>\n<p>Ho settant\u2019anni e nel 2019 andr\u00f2 in pensione. Ma sto gi\u00e0 lavorando per lasciare l\u2019Istituto in buone mani. In accordo con il Rettore stiamo studiando un passaggio graduale ad un nuovo presidente.<\/p>\n<p>&nbsp;<\/p>\n<hr \/>\n<h2><\/h2>\n<h2 style=\"text-align: center;\"><span style=\"color: #ff6600;\">I numeri di Euricse<\/span><\/h2>\n<p>&nbsp;<\/p>\n<p><em>Dieci anni fa accanto al professor <strong>Carlo Borzaga<\/strong> lavoravano nel neonato Euricse un paio di giovani ricercatori. L\u2019impegno era tutto orientato a far nascere informazione e consapevolezza sull\u2019opportunit\u00e0 del modello della cooperazione sociale in Europa, cio\u00e8 sulle dimensioni del fenomeno e sulle forme che esso ha assunto nel tempo. Oggi i ricercatori sono numerosi, sono organizzati in tre aree di interesse, c\u2019\u00e8 una struttura amministrativa leggera con una direzione e un segretario generale, <strong>Gianluca Salvatori<\/strong>, a cui Borzaga riconosce il merito di \u201caver sviluppato nel tempo relazioni internazionali di valore inestimabile\u201d. Euricse ha rapporti sistematici con Ica, l\u2019organizzazione internazionale delle cooperative, in particolare le sezioni in America Latina e Asia. Con Ocse, in particolare il centro Leed con sede a Parigi, con l\u2019ILO, l\u2019Organizzazione internazionale del lavoro e con la Commissione Europea.<\/em><\/p>\n<p><em>Tracciare il bilancio di dieci anni di attivit\u00e0, dunque, \u00e8 particolarmente complesso. Ma proviamo a dare i numeri dei risultati prodotti, almeno quelli misurabili, perch\u00e9 la rete di relazioni e di contatti che ha sviluppato negli anni ha prodotto risultati trasversali spesso ancor pi\u00f9 incisivi e politicamente importanti.<\/em><\/p>\n<p>&nbsp;<\/p>\n<ul>\n<li>450 pubblicazioni sulle imprese cooperative e sociali, collana di WP (102 pubblicati) e rivista internazionale referata (6 volumi)<\/li>\n<li>20 progetti europei vinti e portati a termine<\/li>\n<li>Centinaia di presentazioni a convegni e conferenze in tutto il mondo<\/li>\n<li>100 delegazioni e ricercatori visiting ospitati<\/li>\n<li>800 partecipanti alle attivit\u00e0 di formazione, svolte in tutta Italia con oltre 50 docenti e quasi 200 imprese coinvolte<\/li>\n<li>100 progetti di consulenza a supporto di imprese, consorzi, federazioni, enti pubblici e istituzioni locali, nazionali e internazionali<\/li>\n<li>Oltre 5 milioni di euro di entrate proprie generate, aggiuntive rispetto ad apporto PAT e soci. Finanziamento pubblico sotto il 50% (negli ultimi anni sotto il 35%), costi generali sotto il 20%.<br \/>\n<hr \/>\n<\/li>\n<\/ul>\n","protected":false},"excerpt":{"rendered":"<p>&nbsp; La nascita di Euricse, i traguardi della fondazione nei suoi primi dieci anni di attivit\u00e0, i temi di oggi e le sfide future. Il mensile della Federazione Trentina della Cooperazione ha intervistato Carlo Borzaga, presidente di Euricse. Una conversazione a tutto tondo (anche) sui problemi trentini, dai Sieg alle cooperative di comunit\u00e0, dalla riforma [&hellip;]<\/p>\n","protected":false},"author":30,"featured_media":7628,"comment_status":"open","ping_status":"closed","sticky":false,"template":"","format":"standard","meta":{"_acf_changed":false,"episode_type":"","audio_file":"","cover_image":"","cover_image_id":"","duration":"","filesize":"","date_recorded":"","explicit":"","block":"","itunes_episode_number":"","itunes_title":"","itunes_season_number":"","itunes_episode_type":"","filesize_raw":"","footnotes":""},"categories":[17,257],"tags":[651],"class_list":["post-7047","post","type-post","status-publish","format-standard","has-post-thumbnail","hentry","category-news-it","category-press-it","tag-euricse"],"acf":[],"yoast_head":"<!-- This site is optimized with the Yoast SEO plugin v26.1.1 - https:\/\/yoast.com\/wordpress\/plugins\/seo\/ -->\n<title>Euricse, da Trento al mondo - Euricse<\/title>\n<meta name=\"robots\" content=\"index, follow, max-snippet:-1, max-image-preview:large, max-video-preview:-1\" \/>\n<link rel=\"canonical\" href=\"https:\/\/euricse.eu\/it\/euricse-da-trento-al-mondo\/\" \/>\n<meta property=\"og:locale\" content=\"it_IT\" \/>\n<meta property=\"og:type\" content=\"article\" \/>\n<meta property=\"og:title\" content=\"Euricse, da Trento al mondo - Euricse\" \/>\n<meta property=\"og:description\" content=\"&nbsp; La nascita di Euricse, i traguardi della fondazione nei suoi primi dieci anni di attivit\u00e0, i temi di oggi e le sfide future. Il mensile della Federazione Trentina della Cooperazione ha intervistato Carlo Borzaga, presidente di Euricse. Una conversazione a tutto tondo (anche) sui problemi trentini, dai Sieg alle cooperative di comunit\u00e0, dalla riforma [&hellip;]\" \/>\n<meta property=\"og:url\" content=\"https:\/\/euricse.eu\/it\/euricse-da-trento-al-mondo\/\" \/>\n<meta property=\"og:site_name\" content=\"Euricse\" \/>\n<meta property=\"article:published_time\" content=\"2018-08-08T09:13:59+00:00\" \/>\n<meta property=\"article:modified_time\" content=\"2018-10-23T13:49:37+00:00\" \/>\n<meta property=\"og:image\" content=\"https:\/\/euricse.eu\/wp-content\/uploads\/2018\/08\/bigstock-Dictionary-Series-Science-R-3998059-e1540302564203.jpg\" \/>\n\t<meta property=\"og:image:width\" content=\"1100\" \/>\n\t<meta property=\"og:image:height\" content=\"734\" \/>\n\t<meta property=\"og:image:type\" content=\"image\/jpeg\" \/>\n<meta name=\"author\" content=\"redazione\" \/>\n<meta name=\"twitter:card\" content=\"summary_large_image\" \/>\n<meta name=\"twitter:label1\" content=\"Scritto da\" \/>\n\t<meta name=\"twitter:data1\" content=\"redazione\" \/>\n\t<meta name=\"twitter:label2\" content=\"Tempo di lettura stimato\" \/>\n\t<meta name=\"twitter:data2\" content=\"7 minuti\" \/>\n<script type=\"application\/ld+json\" class=\"yoast-schema-graph\">{\"@context\":\"https:\/\/schema.org\",\"@graph\":[{\"@type\":\"WebPage\",\"@id\":\"https:\/\/euricse.eu\/it\/euricse-da-trento-al-mondo\/\",\"url\":\"https:\/\/euricse.eu\/it\/euricse-da-trento-al-mondo\/\",\"name\":\"Euricse, da Trento al mondo - Euricse\",\"isPartOf\":{\"@id\":\"https:\/\/euricse.eu\/en\/#website\"},\"primaryImageOfPage\":{\"@id\":\"https:\/\/euricse.eu\/it\/euricse-da-trento-al-mondo\/#primaryimage\"},\"image\":{\"@id\":\"https:\/\/euricse.eu\/it\/euricse-da-trento-al-mondo\/#primaryimage\"},\"thumbnailUrl\":\"https:\/\/euricse.eu\/wp-content\/uploads\/2018\/08\/bigstock-Dictionary-Series-Science-R-3998059-e1540302564203.jpg\",\"datePublished\":\"2018-08-08T09:13:59+00:00\",\"dateModified\":\"2018-10-23T13:49:37+00:00\",\"author\":{\"@id\":\"https:\/\/euricse.eu\/en\/#\/schema\/person\/46be9426d76e3114ba478b69f3d8040b\"},\"breadcrumb\":{\"@id\":\"https:\/\/euricse.eu\/it\/euricse-da-trento-al-mondo\/#breadcrumb\"},\"inLanguage\":\"it-IT\",\"potentialAction\":[{\"@type\":\"ReadAction\",\"target\":[\"https:\/\/euricse.eu\/it\/euricse-da-trento-al-mondo\/\"]}]},{\"@type\":\"ImageObject\",\"inLanguage\":\"it-IT\",\"@id\":\"https:\/\/euricse.eu\/it\/euricse-da-trento-al-mondo\/#primaryimage\",\"url\":\"https:\/\/euricse.eu\/wp-content\/uploads\/2018\/08\/bigstock-Dictionary-Series-Science-R-3998059-e1540302564203.jpg\",\"contentUrl\":\"https:\/\/euricse.eu\/wp-content\/uploads\/2018\/08\/bigstock-Dictionary-Series-Science-R-3998059-e1540302564203.jpg\",\"width\":1100,\"height\":734},{\"@type\":\"BreadcrumbList\",\"@id\":\"https:\/\/euricse.eu\/it\/euricse-da-trento-al-mondo\/#breadcrumb\",\"itemListElement\":[{\"@type\":\"ListItem\",\"position\":1,\"name\":\"Home\",\"item\":\"https:\/\/euricse.eu\/it\/\"},{\"@type\":\"ListItem\",\"position\":2,\"name\":\"Euricse, da Trento al mondo\"}]},{\"@type\":\"WebSite\",\"@id\":\"https:\/\/euricse.eu\/en\/#website\",\"url\":\"https:\/\/euricse.eu\/en\/\",\"name\":\"Euricse\",\"description\":\"Knowledge and innovation for cooperative and social enterprises.\",\"potentialAction\":[{\"@type\":\"SearchAction\",\"target\":{\"@type\":\"EntryPoint\",\"urlTemplate\":\"https:\/\/euricse.eu\/en\/?s={search_term_string}\"},\"query-input\":{\"@type\":\"PropertyValueSpecification\",\"valueRequired\":true,\"valueName\":\"search_term_string\"}}],\"inLanguage\":\"it-IT\"},{\"@type\":\"Person\",\"@id\":\"https:\/\/euricse.eu\/en\/#\/schema\/person\/46be9426d76e3114ba478b69f3d8040b\",\"name\":\"redazione\",\"image\":{\"@type\":\"ImageObject\",\"inLanguage\":\"it-IT\",\"@id\":\"https:\/\/euricse.eu\/en\/#\/schema\/person\/image\/\",\"url\":\"https:\/\/secure.gravatar.com\/avatar\/d1e5fb76fa001722a0822f32de0a8935d9c7a01b0f055f16dc71df73252c3c50?s=96&d=mm&r=g\",\"contentUrl\":\"https:\/\/secure.gravatar.com\/avatar\/d1e5fb76fa001722a0822f32de0a8935d9c7a01b0f055f16dc71df73252c3c50?s=96&d=mm&r=g\",\"caption\":\"redazione\"},\"url\":\"https:\/\/euricse.eu\/it\/author\/marikadmin\/\"}]}<\/script>\n<!-- \/ Yoast SEO plugin. -->","yoast_head_json":{"title":"Euricse, da Trento al mondo - Euricse","robots":{"index":"index","follow":"follow","max-snippet":"max-snippet:-1","max-image-preview":"max-image-preview:large","max-video-preview":"max-video-preview:-1"},"canonical":"https:\/\/euricse.eu\/it\/euricse-da-trento-al-mondo\/","og_locale":"it_IT","og_type":"article","og_title":"Euricse, da Trento al mondo - Euricse","og_description":"&nbsp; La nascita di Euricse, i traguardi della fondazione nei suoi primi dieci anni di attivit\u00e0, i temi di oggi e le sfide future. Il mensile della Federazione Trentina della Cooperazione ha intervistato Carlo Borzaga, presidente di Euricse. Una conversazione a tutto tondo (anche) sui problemi trentini, dai Sieg alle cooperative di comunit\u00e0, dalla riforma [&hellip;]","og_url":"https:\/\/euricse.eu\/it\/euricse-da-trento-al-mondo\/","og_site_name":"Euricse","article_published_time":"2018-08-08T09:13:59+00:00","article_modified_time":"2018-10-23T13:49:37+00:00","og_image":[{"width":1100,"height":734,"url":"https:\/\/euricse.eu\/wp-content\/uploads\/2018\/08\/bigstock-Dictionary-Series-Science-R-3998059-e1540302564203.jpg","type":"image\/jpeg"}],"author":"redazione","twitter_card":"summary_large_image","twitter_misc":{"Scritto da":"redazione","Tempo di lettura stimato":"7 minuti"},"schema":{"@context":"https:\/\/schema.org","@graph":[{"@type":"WebPage","@id":"https:\/\/euricse.eu\/it\/euricse-da-trento-al-mondo\/","url":"https:\/\/euricse.eu\/it\/euricse-da-trento-al-mondo\/","name":"Euricse, da Trento al mondo - Euricse","isPartOf":{"@id":"https:\/\/euricse.eu\/en\/#website"},"primaryImageOfPage":{"@id":"https:\/\/euricse.eu\/it\/euricse-da-trento-al-mondo\/#primaryimage"},"image":{"@id":"https:\/\/euricse.eu\/it\/euricse-da-trento-al-mondo\/#primaryimage"},"thumbnailUrl":"https:\/\/euricse.eu\/wp-content\/uploads\/2018\/08\/bigstock-Dictionary-Series-Science-R-3998059-e1540302564203.jpg","datePublished":"2018-08-08T09:13:59+00:00","dateModified":"2018-10-23T13:49:37+00:00","author":{"@id":"https:\/\/euricse.eu\/en\/#\/schema\/person\/46be9426d76e3114ba478b69f3d8040b"},"breadcrumb":{"@id":"https:\/\/euricse.eu\/it\/euricse-da-trento-al-mondo\/#breadcrumb"},"inLanguage":"it-IT","potentialAction":[{"@type":"ReadAction","target":["https:\/\/euricse.eu\/it\/euricse-da-trento-al-mondo\/"]}]},{"@type":"ImageObject","inLanguage":"it-IT","@id":"https:\/\/euricse.eu\/it\/euricse-da-trento-al-mondo\/#primaryimage","url":"https:\/\/euricse.eu\/wp-content\/uploads\/2018\/08\/bigstock-Dictionary-Series-Science-R-3998059-e1540302564203.jpg","contentUrl":"https:\/\/euricse.eu\/wp-content\/uploads\/2018\/08\/bigstock-Dictionary-Series-Science-R-3998059-e1540302564203.jpg","width":1100,"height":734},{"@type":"BreadcrumbList","@id":"https:\/\/euricse.eu\/it\/euricse-da-trento-al-mondo\/#breadcrumb","itemListElement":[{"@type":"ListItem","position":1,"name":"Home","item":"https:\/\/euricse.eu\/it\/"},{"@type":"ListItem","position":2,"name":"Euricse, da Trento al mondo"}]},{"@type":"WebSite","@id":"https:\/\/euricse.eu\/en\/#website","url":"https:\/\/euricse.eu\/en\/","name":"Euricse","description":"Knowledge and innovation for cooperative and social enterprises.","potentialAction":[{"@type":"SearchAction","target":{"@type":"EntryPoint","urlTemplate":"https:\/\/euricse.eu\/en\/?s={search_term_string}"},"query-input":{"@type":"PropertyValueSpecification","valueRequired":true,"valueName":"search_term_string"}}],"inLanguage":"it-IT"},{"@type":"Person","@id":"https:\/\/euricse.eu\/en\/#\/schema\/person\/46be9426d76e3114ba478b69f3d8040b","name":"redazione","image":{"@type":"ImageObject","inLanguage":"it-IT","@id":"https:\/\/euricse.eu\/en\/#\/schema\/person\/image\/","url":"https:\/\/secure.gravatar.com\/avatar\/d1e5fb76fa001722a0822f32de0a8935d9c7a01b0f055f16dc71df73252c3c50?s=96&d=mm&r=g","contentUrl":"https:\/\/secure.gravatar.com\/avatar\/d1e5fb76fa001722a0822f32de0a8935d9c7a01b0f055f16dc71df73252c3c50?s=96&d=mm&r=g","caption":"redazione"},"url":"https:\/\/euricse.eu\/it\/author\/marikadmin\/"}]}},"_links":{"self":[{"href":"https:\/\/euricse.eu\/it\/wp-json\/wp\/v2\/posts\/7047","targetHints":{"allow":["GET"]}}],"collection":[{"href":"https:\/\/euricse.eu\/it\/wp-json\/wp\/v2\/posts"}],"about":[{"href":"https:\/\/euricse.eu\/it\/wp-json\/wp\/v2\/types\/post"}],"author":[{"embeddable":true,"href":"https:\/\/euricse.eu\/it\/wp-json\/wp\/v2\/users\/30"}],"replies":[{"embeddable":true,"href":"https:\/\/euricse.eu\/it\/wp-json\/wp\/v2\/comments?post=7047"}],"version-history":[{"count":0,"href":"https:\/\/euricse.eu\/it\/wp-json\/wp\/v2\/posts\/7047\/revisions"}],"wp:featuredmedia":[{"embeddable":true,"href":"https:\/\/euricse.eu\/it\/wp-json\/wp\/v2\/media\/7628"}],"wp:attachment":[{"href":"https:\/\/euricse.eu\/it\/wp-json\/wp\/v2\/media?parent=7047"}],"wp:term":[{"taxonomy":"category","embeddable":true,"href":"https:\/\/euricse.eu\/it\/wp-json\/wp\/v2\/categories?post=7047"},{"taxonomy":"post_tag","embeddable":true,"href":"https:\/\/euricse.eu\/it\/wp-json\/wp\/v2\/tags?post=7047"}],"curies":[{"name":"wp","href":"https:\/\/api.w.org\/{rel}","templated":true}]}}