{"id":7099,"date":"2018-08-22T10:10:38","date_gmt":"2018-08-22T09:10:38","guid":{"rendered":"https:\/\/euricse.staging.hgblu.com\/?p=7099"},"modified":"2018-08-22T10:46:31","modified_gmt":"2018-08-22T09:46:31","slug":"riforma-del-terzo-settore-seminario-gratuito-a-verona-il-27-settembre","status":"publish","type":"post","link":"https:\/\/euricse.eu\/it\/riforma-del-terzo-settore-seminario-gratuito-a-verona-il-27-settembre\/","title":{"rendered":"Riforma del Terzo Settore, seminario gratuito a Verona il 27 settembre"},"content":{"rendered":"<p>&nbsp;<\/p>\n<p>L\u2019appuntamento \u00e8 in agenda gioved\u00ec 27 settembre, a Verona, negli spazi dell\u2019auditorium \u201cBisoffi\u201d (Via Calatafimi n. 10\/A). Qui &#8211; nella sede di Cattolica Assicurazioni &#8211; docenti, esperti e operatori del settore s\u2019incontreranno per offrire un quadro complessivo (ed esaustivo) circa l\u2019evoluzione attuale della riforma del Terzo Settore. Il seminario, dal titolo \u201cLa riforma del Terzo Settore: stato dell\u2019arte e questioni applicative alla luce dei decreti correttivi\u201d, \u00e8 organizzato da Euricse in collaborazione con Cattolica e la partecipazione \u00e8 gratuita, previa iscrizione via mail all\u2019indirizzo: <a href=\"mailto:formazione@euricse.eu\">formazione@euricse.eu<\/a>.<\/p>\n<p><!--more--><\/p>\n<p>&nbsp;<\/p>\n<p>Quali sono le novit\u00e0 introdotte poche settimane fa dal Consiglio dei ministri nel decreto correttivo sulla Riforma del Terzo Settore, che a sua volta ha modificato il Codice del Terzo Settore? E quali le prospettive future? Due interrogativi, su tutti, che ricorrono tra gli operatori interessati dallo schema di riforma. Due interrogativi, ancora, che il 27 settembre ospiti e relatori cercheranno di affrontare (e risolvere). Dopo il <img loading=\"lazy\" decoding=\"async\" class=\"size-medium wp-image-7118 alignright\" src=\"https:\/\/euricse.eu\/wp-content\/uploads\/2018\/08\/Euricse-FB_sponsorizzazione-02-300x225.png\" alt=\"\" width=\"300\" height=\"225\" srcset=\"https:\/\/euricse.eu\/wp-content\/uploads\/2018\/08\/Euricse-FB_sponsorizzazione-02-300x225.png 300w, https:\/\/euricse.eu\/wp-content\/uploads\/2018\/08\/Euricse-FB_sponsorizzazione-02-533x400.png 533w, https:\/\/euricse.eu\/wp-content\/uploads\/2018\/08\/Euricse-FB_sponsorizzazione-02-768x576.png 768w, https:\/\/euricse.eu\/wp-content\/uploads\/2018\/08\/Euricse-FB_sponsorizzazione-02-1024x768.png 1024w\" sizes=\"auto, (max-width: 300px) 100vw, 300px\" \/>successo del corso itinerante in cinque citt\u00e0 italiane &#8211; Milano, Verona, Roma, Napoli e Trento \u2013 Euricse e Cattolica uniscono nuovamente le competenze per offrire uno spaccato aggiornato della Riforma del Terzo settore.<\/p>\n<p>&nbsp;<\/p>\n<p>Il seminario, rivolto a operatori del settore, professionisti, policy maker e stakeholder interessati, sar\u00e0 quindi l\u2019occasione per individuare, analizzare e cogliere le opportunit\u00e0 offerte dalla recente Riforma e, soprattutto, ripercorrerne le novit\u00e0 recenti.<\/p>\n<p><img loading=\"lazy\" decoding=\"async\" class=\"size-medium wp-image-6939 alignleft\" src=\"https:\/\/euricse.eu\/wp-content\/uploads\/2018\/07\/connect-20333_1280-300x200.jpg\" alt=\"\" width=\"300\" height=\"200\" \/><\/p>\n<p>Il programma dei lavori, in calendario gioved\u00ec 27 settembre a partire dalle 9.15 e fino alle 13.15, \u00e8 declinato in due parti. Una prima sessione sar\u00e0 dedicata alle novit\u00e0 giunte dai decreti correttivi e alle prospettive di partnership tra Pubblico e Terzo Settore. Una seconda sessione, a seguire, sar\u00e0 rivolta invece all\u2019ente del Terzo Settore come modello organizzativo di attivit\u00e0 di interesse generale.<\/p>\n<p>&nbsp;<\/p>\n<p>A inaugurare i lavori sar\u00e0 Alberto Minali, amministratore delegato del gruppo Cattolica Assicurazioni. Tra gli ospiti attesi sul palco, anche Alessandro Lombardi, direttore generale del Terzo Settore e della responsabilit\u00e0 sociale delle imprese del ministero del Lavoro e delle Politiche sociali. I relatori che si alterneranno contribuiranno a definire un quadro complessivo dell\u2019evoluzione della riforma. Ne discuteranno: Antonio Fici (Universit\u00e0 del Molise, Comitato Scientifico Terzo Settore di Cattolica Assicurazioni); Felice Scalvini (ANCI, Comitato Scientifico Terzo Settore di Cattolica Assicurazioni), Gabriele Sepio (Universit\u00e0 di Roma Tor Vergata), Giovanni Giudetti (Pontificia Universit\u00e0 Lateranense, Comitato Scientifico Terzo Settore di Cattolica Assicurazioni), Fabio Lenzi (Fondazione Policlinico Gemelli), Marco Abbadessa (Coop. Kalat\u00e0 Culture), Gianluca Salvatori (Euricse), Lorenzo Pilon (3SFormER, Comitato Scientifico Terzo Settore di Cattolica Assicurazioni), Flaviano Zandonai (Euricse, Iris Network).<\/p>\n<p>&nbsp;<\/p>\n<hr \/>\n<h2><\/h2>\n<h2 style=\"text-align: center;\"><span style=\"color: #ff6600;\">La riforma del Terzo Settore: stato dell\u2019arte e questioni applicative alla luce dei decreti correttivi<\/span><\/h2>\n<p>&nbsp;<\/p>\n<p>&nbsp;<\/p>\n<h2>Ore 9.15 &#8211; Prima Parte<\/h2>\n<p>&nbsp;<\/p>\n<p><strong>La riforma del Terzo Settore: novit\u00e0 dai decreti correttivi e prospettive di partnership tra Pubblico e Terzo Settore<\/strong><\/p>\n<p>&nbsp;<\/p>\n<p>Introduzione:<\/p>\n<p>Alberto Minali &#8211; A.D. Gruppo Cattolica Assicurazioni<\/p>\n<p>&nbsp;<\/p>\n<p>Interventi:<\/p>\n<p>Antonio Fici &#8211; Universit\u00e0 del Molise, Euricse e Comitato Scientifico Terzo Settore di Cattolica Assicurazioni<\/p>\n<p>Alessandro Lombardi &#8211; Ministero Lavoro e Politiche Sociali<\/p>\n<p>Felice Scalvini \u2013 ANCI, Comitato Scientifico Terzo Settore di Cattolica Assicurazioni<\/p>\n<p>Gabriele Sepio &#8211; Universit\u00e0 di Roma Tor Vergata<\/p>\n<p>&nbsp;<\/p>\n<p>Modera: Giovanni Giudetti &#8211; Pontificia Universit\u00e0 Lateranense, Comitato Scientifico Terzo Settore di Cattolica Assicurazioni<\/p>\n<p>&nbsp;<\/p>\n<p>&nbsp;<\/p>\n<h2>Ore 11.15 &#8211; Seconda parte<\/h2>\n<p>&nbsp;<\/p>\n<p><strong>L\u2019ente del Terzo Settore come modello organizzativo di attivit\u00e0 di interesse generale<\/strong><\/p>\n<p>&nbsp;<\/p>\n<p>Interventi:<\/p>\n<p>Terzo Settore e sanit\u00e0, Fabio Lenzi &#8211; Fondazione Policlinico Gemelli<\/p>\n<p>Terzo Settore e cultura, Marco Abbadessa &#8211; Coop. Kalat\u00e0 Culture<\/p>\n<p>Terzo Settore e filantropia, Gianluca Salvatori &#8211; Euricse<\/p>\n<p>Terzo Settore ed enti religiosi, Lorenzo Pilon &#8211; 3SFormER, Comitato Scientifico Terzo Settore di Cattolica Assicurazioni<\/p>\n<p>&nbsp;<\/p>\n<p>Modera: Flaviano Zandonai &#8211; Euricse e Iris Network<\/p>\n<p>&nbsp;<\/p>\n<p>Ore 13.15 &#8211; Dibattito e chiusura lavori, a seguire rinfresco<\/p>\n<hr \/>\n<p>&nbsp;<\/p>\n<h3>La partecipazione al seminario \u00e8 gratuita fino a esaurimento dei posti disponibili, \u00e8 richiesta l\u2019iscrizione inviando una mail a: <a href=\"mailto:formazione@euricse.eu\">formazione@euricse.eu<\/a><\/h3>\n<p>&nbsp;<\/p>\n<h2>Il programma \u00e8 scaricabile <a href=\"https:\/\/euricse.eu\/wp-content\/uploads\/2018\/08\/pieghevole_def_web.pdf\">qui.<\/a><\/h2>\n<hr \/>\n<p><img loading=\"lazy\" decoding=\"async\" class=\"aligncenter size-medium wp-image-7106\" src=\"https:\/\/euricse.eu\/wp-content\/uploads\/2018\/08\/c8_logo_payoff_kf-01-300x125.png\" alt=\"\" width=\"300\" height=\"125\" srcset=\"https:\/\/euricse.eu\/wp-content\/uploads\/2018\/08\/c8_logo_payoff_kf-01-300x125.png 300w, https:\/\/euricse.eu\/wp-content\/uploads\/2018\/08\/c8_logo_payoff_kf-01-670x278.png 670w, https:\/\/euricse.eu\/wp-content\/uploads\/2018\/08\/c8_logo_payoff_kf-01-768x319.png 768w, https:\/\/euricse.eu\/wp-content\/uploads\/2018\/08\/c8_logo_payoff_kf-01-1024x425.png 1024w, https:\/\/euricse.eu\/wp-content\/uploads\/2018\/08\/c8_logo_payoff_kf-01.png 1060w\" sizes=\"auto, (max-width: 300px) 100vw, 300px\" \/><\/p>\n<p><img loading=\"lazy\" decoding=\"async\" class=\"aligncenter size-full wp-image-7108\" src=\"https:\/\/euricse.eu\/wp-content\/uploads\/2018\/08\/In-collaborazione-con-logo-Cattolica-assicurazioni_CMYK-2-1-001.jpg\" alt=\"\" width=\"249\" height=\"140\" \/><\/p>\n","protected":false},"excerpt":{"rendered":"<p>&nbsp; L\u2019appuntamento \u00e8 in agenda gioved\u00ec 27 settembre, a Verona, negli spazi dell\u2019auditorium \u201cBisoffi\u201d (Via Calatafimi n. 10\/A). Qui &#8211; nella sede di Cattolica Assicurazioni &#8211; docenti, esperti e operatori del settore s\u2019incontreranno per offrire un quadro complessivo (ed esaustivo) circa l\u2019evoluzione attuale della riforma del Terzo Settore. Il seminario, dal titolo \u201cLa riforma del [&hellip;]<\/p>\n","protected":false},"author":30,"featured_media":7120,"comment_status":"open","ping_status":"closed","sticky":false,"template":"","format":"standard","meta":{"_acf_changed":false,"episode_type":"","audio_file":"","cover_image":"","cover_image_id":"","duration":"","filesize":"","date_recorded":"","explicit":"","block":"","itunes_episode_number":"","itunes_title":"","itunes_season_number":"","itunes_episode_type":"","filesize_raw":"","footnotes":""},"categories":[15,257],"tags":[404],"class_list":["post-7099","post","type-post","status-publish","format-standard","has-post-thumbnail","hentry","category-eventi","category-press-it","tag-riforma-del-terzo-settore"],"acf":[],"yoast_head":"<!-- This site is optimized with the Yoast SEO plugin v26.1.1 - https:\/\/yoast.com\/wordpress\/plugins\/seo\/ -->\n<title>Riforma del Terzo Settore, seminario gratuito a Verona il 27 settembre - Euricse<\/title>\n<meta name=\"robots\" content=\"index, follow, max-snippet:-1, max-image-preview:large, max-video-preview:-1\" \/>\n<link rel=\"canonical\" href=\"https:\/\/euricse.eu\/it\/riforma-del-terzo-settore-seminario-gratuito-a-verona-il-27-settembre\/\" \/>\n<meta property=\"og:locale\" content=\"it_IT\" \/>\n<meta property=\"og:type\" content=\"article\" \/>\n<meta property=\"og:title\" content=\"Riforma del Terzo Settore, seminario gratuito a Verona il 27 settembre - Euricse\" \/>\n<meta property=\"og:description\" content=\"&nbsp; L\u2019appuntamento \u00e8 in agenda gioved\u00ec 27 settembre, a Verona, negli spazi dell\u2019auditorium \u201cBisoffi\u201d (Via Calatafimi n. 10\/A). Qui &#8211; nella sede di Cattolica Assicurazioni &#8211; docenti, esperti e operatori del settore s\u2019incontreranno per offrire un quadro complessivo (ed esaustivo) circa l\u2019evoluzione attuale della riforma del Terzo Settore. Il seminario, dal titolo \u201cLa riforma del [&hellip;]\" \/>\n<meta property=\"og:url\" content=\"https:\/\/euricse.eu\/it\/riforma-del-terzo-settore-seminario-gratuito-a-verona-il-27-settembre\/\" \/>\n<meta property=\"og:site_name\" content=\"Euricse\" \/>\n<meta property=\"article:published_time\" content=\"2018-08-22T09:10:38+00:00\" \/>\n<meta property=\"article:modified_time\" content=\"2018-08-22T09:46:31+00:00\" \/>\n<meta property=\"og:image\" content=\"https:\/\/euricse.eu\/wp-content\/uploads\/2018\/08\/Euricse-FB_copertina-2-e1534929536540.jpg\" \/>\n\t<meta property=\"og:image:width\" content=\"1100\" \/>\n\t<meta property=\"og:image:height\" content=\"419\" \/>\n\t<meta property=\"og:image:type\" content=\"image\/jpeg\" \/>\n<meta name=\"author\" content=\"redazione\" \/>\n<meta name=\"twitter:card\" content=\"summary_large_image\" \/>\n<meta name=\"twitter:label1\" content=\"Scritto da\" \/>\n\t<meta name=\"twitter:data1\" content=\"redazione\" \/>\n\t<meta name=\"twitter:label2\" content=\"Tempo di lettura stimato\" \/>\n\t<meta name=\"twitter:data2\" content=\"3 minuti\" \/>\n<script type=\"application\/ld+json\" class=\"yoast-schema-graph\">{\"@context\":\"https:\/\/schema.org\",\"@graph\":[{\"@type\":\"WebPage\",\"@id\":\"https:\/\/euricse.eu\/it\/riforma-del-terzo-settore-seminario-gratuito-a-verona-il-27-settembre\/\",\"url\":\"https:\/\/euricse.eu\/it\/riforma-del-terzo-settore-seminario-gratuito-a-verona-il-27-settembre\/\",\"name\":\"Riforma del Terzo Settore, seminario gratuito a Verona il 27 settembre - Euricse\",\"isPartOf\":{\"@id\":\"https:\/\/euricse.eu\/en\/#website\"},\"primaryImageOfPage\":{\"@id\":\"https:\/\/euricse.eu\/it\/riforma-del-terzo-settore-seminario-gratuito-a-verona-il-27-settembre\/#primaryimage\"},\"image\":{\"@id\":\"https:\/\/euricse.eu\/it\/riforma-del-terzo-settore-seminario-gratuito-a-verona-il-27-settembre\/#primaryimage\"},\"thumbnailUrl\":\"https:\/\/euricse.eu\/wp-content\/uploads\/2018\/08\/Euricse-FB_copertina-2-e1534929536540.jpg\",\"datePublished\":\"2018-08-22T09:10:38+00:00\",\"dateModified\":\"2018-08-22T09:46:31+00:00\",\"author\":{\"@id\":\"https:\/\/euricse.eu\/en\/#\/schema\/person\/46be9426d76e3114ba478b69f3d8040b\"},\"breadcrumb\":{\"@id\":\"https:\/\/euricse.eu\/it\/riforma-del-terzo-settore-seminario-gratuito-a-verona-il-27-settembre\/#breadcrumb\"},\"inLanguage\":\"it-IT\",\"potentialAction\":[{\"@type\":\"ReadAction\",\"target\":[\"https:\/\/euricse.eu\/it\/riforma-del-terzo-settore-seminario-gratuito-a-verona-il-27-settembre\/\"]}]},{\"@type\":\"ImageObject\",\"inLanguage\":\"it-IT\",\"@id\":\"https:\/\/euricse.eu\/it\/riforma-del-terzo-settore-seminario-gratuito-a-verona-il-27-settembre\/#primaryimage\",\"url\":\"https:\/\/euricse.eu\/wp-content\/uploads\/2018\/08\/Euricse-FB_copertina-2-e1534929536540.jpg\",\"contentUrl\":\"https:\/\/euricse.eu\/wp-content\/uploads\/2018\/08\/Euricse-FB_copertina-2-e1534929536540.jpg\",\"width\":1100,\"height\":419},{\"@type\":\"BreadcrumbList\",\"@id\":\"https:\/\/euricse.eu\/it\/riforma-del-terzo-settore-seminario-gratuito-a-verona-il-27-settembre\/#breadcrumb\",\"itemListElement\":[{\"@type\":\"ListItem\",\"position\":1,\"name\":\"Home\",\"item\":\"https:\/\/euricse.eu\/it\/\"},{\"@type\":\"ListItem\",\"position\":2,\"name\":\"Riforma del Terzo Settore, seminario gratuito a Verona il 27 settembre\"}]},{\"@type\":\"WebSite\",\"@id\":\"https:\/\/euricse.eu\/en\/#website\",\"url\":\"https:\/\/euricse.eu\/en\/\",\"name\":\"Euricse\",\"description\":\"Knowledge and innovation for cooperative and social enterprises.\",\"potentialAction\":[{\"@type\":\"SearchAction\",\"target\":{\"@type\":\"EntryPoint\",\"urlTemplate\":\"https:\/\/euricse.eu\/en\/?s={search_term_string}\"},\"query-input\":{\"@type\":\"PropertyValueSpecification\",\"valueRequired\":true,\"valueName\":\"search_term_string\"}}],\"inLanguage\":\"it-IT\"},{\"@type\":\"Person\",\"@id\":\"https:\/\/euricse.eu\/en\/#\/schema\/person\/46be9426d76e3114ba478b69f3d8040b\",\"name\":\"redazione\",\"image\":{\"@type\":\"ImageObject\",\"inLanguage\":\"it-IT\",\"@id\":\"https:\/\/euricse.eu\/en\/#\/schema\/person\/image\/\",\"url\":\"https:\/\/secure.gravatar.com\/avatar\/d1e5fb76fa001722a0822f32de0a8935d9c7a01b0f055f16dc71df73252c3c50?s=96&d=mm&r=g\",\"contentUrl\":\"https:\/\/secure.gravatar.com\/avatar\/d1e5fb76fa001722a0822f32de0a8935d9c7a01b0f055f16dc71df73252c3c50?s=96&d=mm&r=g\",\"caption\":\"redazione\"},\"url\":\"https:\/\/euricse.eu\/it\/author\/marikadmin\/\"}]}<\/script>\n<!-- \/ Yoast SEO plugin. -->","yoast_head_json":{"title":"Riforma del Terzo Settore, seminario gratuito a Verona il 27 settembre - Euricse","robots":{"index":"index","follow":"follow","max-snippet":"max-snippet:-1","max-image-preview":"max-image-preview:large","max-video-preview":"max-video-preview:-1"},"canonical":"https:\/\/euricse.eu\/it\/riforma-del-terzo-settore-seminario-gratuito-a-verona-il-27-settembre\/","og_locale":"it_IT","og_type":"article","og_title":"Riforma del Terzo Settore, seminario gratuito a Verona il 27 settembre - Euricse","og_description":"&nbsp; L\u2019appuntamento \u00e8 in agenda gioved\u00ec 27 settembre, a Verona, negli spazi dell\u2019auditorium \u201cBisoffi\u201d (Via Calatafimi n. 10\/A). Qui &#8211; nella sede di Cattolica Assicurazioni &#8211; docenti, esperti e operatori del settore s\u2019incontreranno per offrire un quadro complessivo (ed esaustivo) circa l\u2019evoluzione attuale della riforma del Terzo Settore. Il seminario, dal titolo \u201cLa riforma del [&hellip;]","og_url":"https:\/\/euricse.eu\/it\/riforma-del-terzo-settore-seminario-gratuito-a-verona-il-27-settembre\/","og_site_name":"Euricse","article_published_time":"2018-08-22T09:10:38+00:00","article_modified_time":"2018-08-22T09:46:31+00:00","og_image":[{"width":1100,"height":419,"url":"https:\/\/euricse.eu\/wp-content\/uploads\/2018\/08\/Euricse-FB_copertina-2-e1534929536540.jpg","type":"image\/jpeg"}],"author":"redazione","twitter_card":"summary_large_image","twitter_misc":{"Scritto da":"redazione","Tempo di lettura stimato":"3 minuti"},"schema":{"@context":"https:\/\/schema.org","@graph":[{"@type":"WebPage","@id":"https:\/\/euricse.eu\/it\/riforma-del-terzo-settore-seminario-gratuito-a-verona-il-27-settembre\/","url":"https:\/\/euricse.eu\/it\/riforma-del-terzo-settore-seminario-gratuito-a-verona-il-27-settembre\/","name":"Riforma del Terzo Settore, seminario gratuito a Verona il 27 settembre - Euricse","isPartOf":{"@id":"https:\/\/euricse.eu\/en\/#website"},"primaryImageOfPage":{"@id":"https:\/\/euricse.eu\/it\/riforma-del-terzo-settore-seminario-gratuito-a-verona-il-27-settembre\/#primaryimage"},"image":{"@id":"https:\/\/euricse.eu\/it\/riforma-del-terzo-settore-seminario-gratuito-a-verona-il-27-settembre\/#primaryimage"},"thumbnailUrl":"https:\/\/euricse.eu\/wp-content\/uploads\/2018\/08\/Euricse-FB_copertina-2-e1534929536540.jpg","datePublished":"2018-08-22T09:10:38+00:00","dateModified":"2018-08-22T09:46:31+00:00","author":{"@id":"https:\/\/euricse.eu\/en\/#\/schema\/person\/46be9426d76e3114ba478b69f3d8040b"},"breadcrumb":{"@id":"https:\/\/euricse.eu\/it\/riforma-del-terzo-settore-seminario-gratuito-a-verona-il-27-settembre\/#breadcrumb"},"inLanguage":"it-IT","potentialAction":[{"@type":"ReadAction","target":["https:\/\/euricse.eu\/it\/riforma-del-terzo-settore-seminario-gratuito-a-verona-il-27-settembre\/"]}]},{"@type":"ImageObject","inLanguage":"it-IT","@id":"https:\/\/euricse.eu\/it\/riforma-del-terzo-settore-seminario-gratuito-a-verona-il-27-settembre\/#primaryimage","url":"https:\/\/euricse.eu\/wp-content\/uploads\/2018\/08\/Euricse-FB_copertina-2-e1534929536540.jpg","contentUrl":"https:\/\/euricse.eu\/wp-content\/uploads\/2018\/08\/Euricse-FB_copertina-2-e1534929536540.jpg","width":1100,"height":419},{"@type":"BreadcrumbList","@id":"https:\/\/euricse.eu\/it\/riforma-del-terzo-settore-seminario-gratuito-a-verona-il-27-settembre\/#breadcrumb","itemListElement":[{"@type":"ListItem","position":1,"name":"Home","item":"https:\/\/euricse.eu\/it\/"},{"@type":"ListItem","position":2,"name":"Riforma del Terzo Settore, seminario gratuito a Verona il 27 settembre"}]},{"@type":"WebSite","@id":"https:\/\/euricse.eu\/en\/#website","url":"https:\/\/euricse.eu\/en\/","name":"Euricse","description":"Knowledge and innovation for cooperative and social enterprises.","potentialAction":[{"@type":"SearchAction","target":{"@type":"EntryPoint","urlTemplate":"https:\/\/euricse.eu\/en\/?s={search_term_string}"},"query-input":{"@type":"PropertyValueSpecification","valueRequired":true,"valueName":"search_term_string"}}],"inLanguage":"it-IT"},{"@type":"Person","@id":"https:\/\/euricse.eu\/en\/#\/schema\/person\/46be9426d76e3114ba478b69f3d8040b","name":"redazione","image":{"@type":"ImageObject","inLanguage":"it-IT","@id":"https:\/\/euricse.eu\/en\/#\/schema\/person\/image\/","url":"https:\/\/secure.gravatar.com\/avatar\/d1e5fb76fa001722a0822f32de0a8935d9c7a01b0f055f16dc71df73252c3c50?s=96&d=mm&r=g","contentUrl":"https:\/\/secure.gravatar.com\/avatar\/d1e5fb76fa001722a0822f32de0a8935d9c7a01b0f055f16dc71df73252c3c50?s=96&d=mm&r=g","caption":"redazione"},"url":"https:\/\/euricse.eu\/it\/author\/marikadmin\/"}]}},"_links":{"self":[{"href":"https:\/\/euricse.eu\/it\/wp-json\/wp\/v2\/posts\/7099","targetHints":{"allow":["GET"]}}],"collection":[{"href":"https:\/\/euricse.eu\/it\/wp-json\/wp\/v2\/posts"}],"about":[{"href":"https:\/\/euricse.eu\/it\/wp-json\/wp\/v2\/types\/post"}],"author":[{"embeddable":true,"href":"https:\/\/euricse.eu\/it\/wp-json\/wp\/v2\/users\/30"}],"replies":[{"embeddable":true,"href":"https:\/\/euricse.eu\/it\/wp-json\/wp\/v2\/comments?post=7099"}],"version-history":[{"count":0,"href":"https:\/\/euricse.eu\/it\/wp-json\/wp\/v2\/posts\/7099\/revisions"}],"wp:featuredmedia":[{"embeddable":true,"href":"https:\/\/euricse.eu\/it\/wp-json\/wp\/v2\/media\/7120"}],"wp:attachment":[{"href":"https:\/\/euricse.eu\/it\/wp-json\/wp\/v2\/media?parent=7099"}],"wp:term":[{"taxonomy":"category","embeddable":true,"href":"https:\/\/euricse.eu\/it\/wp-json\/wp\/v2\/categories?post=7099"},{"taxonomy":"post_tag","embeddable":true,"href":"https:\/\/euricse.eu\/it\/wp-json\/wp\/v2\/tags?post=7099"}],"curies":[{"name":"wp","href":"https:\/\/api.w.org\/{rel}","templated":true}]}}