{"id":7126,"date":"2018-08-24T11:34:47","date_gmt":"2018-08-24T10:34:47","guid":{"rendered":"https:\/\/euricse.staging.hgblu.com\/?p=7126"},"modified":"2018-08-24T11:34:47","modified_gmt":"2018-08-24T10:34:47","slug":"storie-di-stage-il-racconto-di-federica","status":"publish","type":"post","link":"https:\/\/euricse.eu\/it\/storie-di-stage-il-racconto-di-federica\/","title":{"rendered":"Storie di stage: il racconto di Federica"},"content":{"rendered":"<blockquote><p>..ora posso acquisire quelle competenze gestionali e progettuali in cui desideravo crescere.<\/p><\/blockquote>\n<p>Mi chiamo Federica Buffa, vivo a Roma e sono laureata in Servizio Sociale. Dopo aver ottenuto l\u2019abilitazione di assistente sociale, ho sentito la necessit\u00e0 di approfondire le mie competenze manageriali nel Terzo Settore, per questo motivo ho deciso di iscrivermi al Master GIS.<\/p>\n<p><!--more--><\/p>\n<p>Durante i moduli del Master ho affrontato i temi centrali del settore non profit, per poi metterli \u201calla prova\u201d analizzando dal vivo alcune imprese operanti sul territorio trentino. Assieme al mio gruppo di lavoro abbiamo colto gli aspetti positivi e le criticit\u00e0 tipiche delle imprese nonprofit, comprendendone cos\u00ec il reale funzionamento organizzativo. Questa esperienza \u00e8 stata non solo una grande opportunit\u00e0 di apprendimento, ma mi ha permesso di arricchirmi anche personalmente, stringendo legami che porter\u00f2 con me per sempre.\u00a0<img loading=\"lazy\" decoding=\"async\" class=\"alignright size-medium wp-image-7127\" src=\"https:\/\/euricse.eu\/wp-content\/uploads\/2018\/08\/foto_1-252x300.jpeg\" alt=\"\" width=\"252\" height=\"300\" srcset=\"https:\/\/euricse.eu\/wp-content\/uploads\/2018\/08\/foto_1-252x300.jpeg 252w, https:\/\/euricse.eu\/wp-content\/uploads\/2018\/08\/foto_1-336x400.jpeg 336w, https:\/\/euricse.eu\/wp-content\/uploads\/2018\/08\/foto_1.jpeg 675w\" sizes=\"auto, (max-width: 252px) 100vw, 252px\" \/><\/p>\n<p>Ora sto svolgendo il mio stage a Roma, presso il Cesv &#8211; Centro servizi per il volontariato del Lazio, il cui scopo \u00e8 far crescere il volontariato e valorizzare le risorse delle organizzazioni presenti sul territorio. \u00a0Offre servizi di promozione e orientamento, consulenza e assistenza, progettazione, formazione, comunicazione, informazione e sostiene la formazione di reti.<\/p>\n<p>Sono inserita nell\u2019area progettazione e in particolare sto seguendo il progetto \u201cTutti a Scuola\u201d, di cui il Cesv \u00e8 capofila insieme a 61 organizzazioni partner della Regione Lazio. L\u2019obiettivo \u00e8 contrastare la \u201c<em>povert\u00e0 educativa minorile\u201d<\/em> utilizzando l\u2019omonimo fondo messo a disposizione dall\u2019impresa sociale \u201cCon i Bambini\u201d.<\/p>\n<p>Svolgere lo stage in questa organizzazione (dove subito ho ricevuto fiducia e autonomia) e collaborare ad un grande e ambizioso progetto, mi \u00e8 sembrata un\u2019occasione da non perdere! Infatti posso, da un lato, acquisire quelle competenze gestionali e progettuali in cui desideravo crescere e, dall\u2019altro lato, approfondire la conoscenza di moltissime realt\u00e0 e organizzazioni che operano nel territorio in cui vivo e in cui, un domani, spero di poter costruire il mio futuro professionale.<\/p>\n<hr \/>\n<p>La rubrica \u201cStorie di stage\u201d \u00e8 stata creata per dare la possibilit\u00e0 ai corsisti del Master GIS di condividere le loro storie ed esperienze durante i periodi di tirocinio. Le iscrizioni per una nuova edizione del Master sono aperte. Per informazioni e iscrizioni visita<a href=\"https:\/\/euricse.eu\/it\/training\/master-gis\/\">\u00a0la pagina dedicata al corso<\/a><\/p>\n<hr \/>\n<p>&nbsp;<\/p>\n","protected":false},"excerpt":{"rendered":"<p>..ora posso acquisire quelle competenze gestionali e progettuali in cui desideravo crescere. Mi chiamo Federica Buffa, vivo a Roma e sono laureata in Servizio Sociale. Dopo aver ottenuto l\u2019abilitazione di assistente sociale, ho sentito la necessit\u00e0 di approfondire le mie competenze manageriali nel Terzo Settore, per questo motivo ho deciso di iscrivermi al Master GIS.<\/p>\n","protected":false},"author":30,"featured_media":7129,"comment_status":"open","ping_status":"closed","sticky":false,"template":"","format":"standard","meta":{"_acf_changed":false,"episode_type":"","audio_file":"","cover_image":"","cover_image_id":"","duration":"","filesize":"","date_recorded":"","explicit":"","block":"","itunes_episode_number":"","itunes_title":"","itunes_season_number":"","itunes_episode_type":"","filesize_raw":"","footnotes":""},"categories":[14,257],"tags":[292,430],"class_list":["post-7126","post","type-post","status-publish","format-standard","has-post-thumbnail","hentry","category-blog-it","category-press-it","tag-master-gis","tag-storie-di-stage"],"acf":[],"yoast_head":"<!-- This site is optimized with the Yoast SEO plugin v26.1.1 - https:\/\/yoast.com\/wordpress\/plugins\/seo\/ -->\n<title>Storie di stage: il racconto di Federica - Euricse<\/title>\n<meta name=\"robots\" content=\"index, follow, max-snippet:-1, max-image-preview:large, max-video-preview:-1\" \/>\n<link rel=\"canonical\" href=\"https:\/\/euricse.eu\/it\/storie-di-stage-il-racconto-di-federica\/\" \/>\n<meta property=\"og:locale\" content=\"it_IT\" \/>\n<meta property=\"og:type\" content=\"article\" \/>\n<meta property=\"og:title\" content=\"Storie di stage: il racconto di Federica - Euricse\" \/>\n<meta property=\"og:description\" content=\"..ora posso acquisire quelle competenze gestionali e progettuali in cui desideravo crescere. Mi chiamo Federica Buffa, vivo a Roma e sono laureata in Servizio Sociale. Dopo aver ottenuto l\u2019abilitazione di assistente sociale, ho sentito la necessit\u00e0 di approfondire le mie competenze manageriali nel Terzo Settore, per questo motivo ho deciso di iscrivermi al Master GIS.\" \/>\n<meta property=\"og:url\" content=\"https:\/\/euricse.eu\/it\/storie-di-stage-il-racconto-di-federica\/\" \/>\n<meta property=\"og:site_name\" content=\"Euricse\" \/>\n<meta property=\"article:published_time\" content=\"2018-08-24T10:34:47+00:00\" \/>\n<meta property=\"og:image\" content=\"https:\/\/euricse.eu\/wp-content\/uploads\/2018\/08\/foto_2-e1535106865765.jpeg\" \/>\n\t<meta property=\"og:image:width\" content=\"928\" \/>\n\t<meta property=\"og:image:height\" content=\"569\" \/>\n\t<meta property=\"og:image:type\" content=\"image\/jpeg\" \/>\n<meta name=\"author\" content=\"redazione\" \/>\n<meta name=\"twitter:card\" content=\"summary_large_image\" \/>\n<meta name=\"twitter:label1\" content=\"Scritto da\" \/>\n\t<meta name=\"twitter:data1\" content=\"redazione\" \/>\n\t<meta name=\"twitter:label2\" content=\"Tempo di lettura stimato\" \/>\n\t<meta name=\"twitter:data2\" content=\"2 minuti\" \/>\n<script type=\"application\/ld+json\" class=\"yoast-schema-graph\">{\"@context\":\"https:\/\/schema.org\",\"@graph\":[{\"@type\":\"WebPage\",\"@id\":\"https:\/\/euricse.eu\/it\/storie-di-stage-il-racconto-di-federica\/\",\"url\":\"https:\/\/euricse.eu\/it\/storie-di-stage-il-racconto-di-federica\/\",\"name\":\"Storie di stage: il racconto di Federica - Euricse\",\"isPartOf\":{\"@id\":\"https:\/\/euricse.eu\/en\/#website\"},\"primaryImageOfPage\":{\"@id\":\"https:\/\/euricse.eu\/it\/storie-di-stage-il-racconto-di-federica\/#primaryimage\"},\"image\":{\"@id\":\"https:\/\/euricse.eu\/it\/storie-di-stage-il-racconto-di-federica\/#primaryimage\"},\"thumbnailUrl\":\"https:\/\/euricse.eu\/wp-content\/uploads\/2018\/08\/foto_2-e1535106865765.jpeg\",\"datePublished\":\"2018-08-24T10:34:47+00:00\",\"author\":{\"@id\":\"https:\/\/euricse.eu\/en\/#\/schema\/person\/46be9426d76e3114ba478b69f3d8040b\"},\"breadcrumb\":{\"@id\":\"https:\/\/euricse.eu\/it\/storie-di-stage-il-racconto-di-federica\/#breadcrumb\"},\"inLanguage\":\"it-IT\",\"potentialAction\":[{\"@type\":\"ReadAction\",\"target\":[\"https:\/\/euricse.eu\/it\/storie-di-stage-il-racconto-di-federica\/\"]}]},{\"@type\":\"ImageObject\",\"inLanguage\":\"it-IT\",\"@id\":\"https:\/\/euricse.eu\/it\/storie-di-stage-il-racconto-di-federica\/#primaryimage\",\"url\":\"https:\/\/euricse.eu\/wp-content\/uploads\/2018\/08\/foto_2-e1535106865765.jpeg\",\"contentUrl\":\"https:\/\/euricse.eu\/wp-content\/uploads\/2018\/08\/foto_2-e1535106865765.jpeg\",\"width\":928,\"height\":569},{\"@type\":\"BreadcrumbList\",\"@id\":\"https:\/\/euricse.eu\/it\/storie-di-stage-il-racconto-di-federica\/#breadcrumb\",\"itemListElement\":[{\"@type\":\"ListItem\",\"position\":1,\"name\":\"Home\",\"item\":\"https:\/\/euricse.eu\/it\/\"},{\"@type\":\"ListItem\",\"position\":2,\"name\":\"Storie di stage: il racconto di Federica\"}]},{\"@type\":\"WebSite\",\"@id\":\"https:\/\/euricse.eu\/en\/#website\",\"url\":\"https:\/\/euricse.eu\/en\/\",\"name\":\"Euricse\",\"description\":\"Knowledge and innovation for cooperative and social enterprises.\",\"potentialAction\":[{\"@type\":\"SearchAction\",\"target\":{\"@type\":\"EntryPoint\",\"urlTemplate\":\"https:\/\/euricse.eu\/en\/?s={search_term_string}\"},\"query-input\":{\"@type\":\"PropertyValueSpecification\",\"valueRequired\":true,\"valueName\":\"search_term_string\"}}],\"inLanguage\":\"it-IT\"},{\"@type\":\"Person\",\"@id\":\"https:\/\/euricse.eu\/en\/#\/schema\/person\/46be9426d76e3114ba478b69f3d8040b\",\"name\":\"redazione\",\"image\":{\"@type\":\"ImageObject\",\"inLanguage\":\"it-IT\",\"@id\":\"https:\/\/euricse.eu\/en\/#\/schema\/person\/image\/\",\"url\":\"https:\/\/secure.gravatar.com\/avatar\/d1e5fb76fa001722a0822f32de0a8935d9c7a01b0f055f16dc71df73252c3c50?s=96&d=mm&r=g\",\"contentUrl\":\"https:\/\/secure.gravatar.com\/avatar\/d1e5fb76fa001722a0822f32de0a8935d9c7a01b0f055f16dc71df73252c3c50?s=96&d=mm&r=g\",\"caption\":\"redazione\"},\"url\":\"https:\/\/euricse.eu\/it\/author\/marikadmin\/\"}]}<\/script>\n<!-- \/ Yoast SEO plugin. -->","yoast_head_json":{"title":"Storie di stage: il racconto di Federica - Euricse","robots":{"index":"index","follow":"follow","max-snippet":"max-snippet:-1","max-image-preview":"max-image-preview:large","max-video-preview":"max-video-preview:-1"},"canonical":"https:\/\/euricse.eu\/it\/storie-di-stage-il-racconto-di-federica\/","og_locale":"it_IT","og_type":"article","og_title":"Storie di stage: il racconto di Federica - Euricse","og_description":"..ora posso acquisire quelle competenze gestionali e progettuali in cui desideravo crescere. Mi chiamo Federica Buffa, vivo a Roma e sono laureata in Servizio Sociale. Dopo aver ottenuto l\u2019abilitazione di assistente sociale, ho sentito la necessit\u00e0 di approfondire le mie competenze manageriali nel Terzo Settore, per questo motivo ho deciso di iscrivermi al Master GIS.","og_url":"https:\/\/euricse.eu\/it\/storie-di-stage-il-racconto-di-federica\/","og_site_name":"Euricse","article_published_time":"2018-08-24T10:34:47+00:00","og_image":[{"width":928,"height":569,"url":"https:\/\/euricse.eu\/wp-content\/uploads\/2018\/08\/foto_2-e1535106865765.jpeg","type":"image\/jpeg"}],"author":"redazione","twitter_card":"summary_large_image","twitter_misc":{"Scritto da":"redazione","Tempo di lettura stimato":"2 minuti"},"schema":{"@context":"https:\/\/schema.org","@graph":[{"@type":"WebPage","@id":"https:\/\/euricse.eu\/it\/storie-di-stage-il-racconto-di-federica\/","url":"https:\/\/euricse.eu\/it\/storie-di-stage-il-racconto-di-federica\/","name":"Storie di stage: il racconto di Federica - Euricse","isPartOf":{"@id":"https:\/\/euricse.eu\/en\/#website"},"primaryImageOfPage":{"@id":"https:\/\/euricse.eu\/it\/storie-di-stage-il-racconto-di-federica\/#primaryimage"},"image":{"@id":"https:\/\/euricse.eu\/it\/storie-di-stage-il-racconto-di-federica\/#primaryimage"},"thumbnailUrl":"https:\/\/euricse.eu\/wp-content\/uploads\/2018\/08\/foto_2-e1535106865765.jpeg","datePublished":"2018-08-24T10:34:47+00:00","author":{"@id":"https:\/\/euricse.eu\/en\/#\/schema\/person\/46be9426d76e3114ba478b69f3d8040b"},"breadcrumb":{"@id":"https:\/\/euricse.eu\/it\/storie-di-stage-il-racconto-di-federica\/#breadcrumb"},"inLanguage":"it-IT","potentialAction":[{"@type":"ReadAction","target":["https:\/\/euricse.eu\/it\/storie-di-stage-il-racconto-di-federica\/"]}]},{"@type":"ImageObject","inLanguage":"it-IT","@id":"https:\/\/euricse.eu\/it\/storie-di-stage-il-racconto-di-federica\/#primaryimage","url":"https:\/\/euricse.eu\/wp-content\/uploads\/2018\/08\/foto_2-e1535106865765.jpeg","contentUrl":"https:\/\/euricse.eu\/wp-content\/uploads\/2018\/08\/foto_2-e1535106865765.jpeg","width":928,"height":569},{"@type":"BreadcrumbList","@id":"https:\/\/euricse.eu\/it\/storie-di-stage-il-racconto-di-federica\/#breadcrumb","itemListElement":[{"@type":"ListItem","position":1,"name":"Home","item":"https:\/\/euricse.eu\/it\/"},{"@type":"ListItem","position":2,"name":"Storie di stage: il racconto di Federica"}]},{"@type":"WebSite","@id":"https:\/\/euricse.eu\/en\/#website","url":"https:\/\/euricse.eu\/en\/","name":"Euricse","description":"Knowledge and innovation for cooperative and social enterprises.","potentialAction":[{"@type":"SearchAction","target":{"@type":"EntryPoint","urlTemplate":"https:\/\/euricse.eu\/en\/?s={search_term_string}"},"query-input":{"@type":"PropertyValueSpecification","valueRequired":true,"valueName":"search_term_string"}}],"inLanguage":"it-IT"},{"@type":"Person","@id":"https:\/\/euricse.eu\/en\/#\/schema\/person\/46be9426d76e3114ba478b69f3d8040b","name":"redazione","image":{"@type":"ImageObject","inLanguage":"it-IT","@id":"https:\/\/euricse.eu\/en\/#\/schema\/person\/image\/","url":"https:\/\/secure.gravatar.com\/avatar\/d1e5fb76fa001722a0822f32de0a8935d9c7a01b0f055f16dc71df73252c3c50?s=96&d=mm&r=g","contentUrl":"https:\/\/secure.gravatar.com\/avatar\/d1e5fb76fa001722a0822f32de0a8935d9c7a01b0f055f16dc71df73252c3c50?s=96&d=mm&r=g","caption":"redazione"},"url":"https:\/\/euricse.eu\/it\/author\/marikadmin\/"}]}},"_links":{"self":[{"href":"https:\/\/euricse.eu\/it\/wp-json\/wp\/v2\/posts\/7126","targetHints":{"allow":["GET"]}}],"collection":[{"href":"https:\/\/euricse.eu\/it\/wp-json\/wp\/v2\/posts"}],"about":[{"href":"https:\/\/euricse.eu\/it\/wp-json\/wp\/v2\/types\/post"}],"author":[{"embeddable":true,"href":"https:\/\/euricse.eu\/it\/wp-json\/wp\/v2\/users\/30"}],"replies":[{"embeddable":true,"href":"https:\/\/euricse.eu\/it\/wp-json\/wp\/v2\/comments?post=7126"}],"version-history":[{"count":0,"href":"https:\/\/euricse.eu\/it\/wp-json\/wp\/v2\/posts\/7126\/revisions"}],"wp:featuredmedia":[{"embeddable":true,"href":"https:\/\/euricse.eu\/it\/wp-json\/wp\/v2\/media\/7129"}],"wp:attachment":[{"href":"https:\/\/euricse.eu\/it\/wp-json\/wp\/v2\/media?parent=7126"}],"wp:term":[{"taxonomy":"category","embeddable":true,"href":"https:\/\/euricse.eu\/it\/wp-json\/wp\/v2\/categories?post=7126"},{"taxonomy":"post_tag","embeddable":true,"href":"https:\/\/euricse.eu\/it\/wp-json\/wp\/v2\/tags?post=7126"}],"curies":[{"name":"wp","href":"https:\/\/api.w.org\/{rel}","templated":true}]}}