{"id":7154,"date":"2018-08-29T16:22:38","date_gmt":"2018-08-29T15:22:38","guid":{"rendered":"https:\/\/euricse.staging.hgblu.com\/?p=7154"},"modified":"2018-08-29T16:32:18","modified_gmt":"2018-08-29T15:32:18","slug":"sibec-lab-corso-intensivo-per-gestire-i-beni-comuni","status":"publish","type":"post","link":"https:\/\/euricse.eu\/it\/sibec-lab-corso-intensivo-per-gestire-i-beni-comuni\/","title":{"rendered":"SIBEC LAB, corso intensivo per gestire i beni comuni"},"content":{"rendered":"<p>&nbsp;<\/p>\n<p><em>Quattro giorni di lezioni all\u2019Oasi Dynamo. Il programma del campus<\/em><\/p>\n<p>&nbsp;<\/p>\n<p><strong>Quattro giorni di lezioni, sei tutor esperti, venti posti disponibili, altrettante idee che saranno analizzate, approfondite, presentate davanti a una giuria. E un metodo didattico basato sullo sviluppo delle competenze e sullo studio concreto dei lavori presentati dai corsisti.\u00a0 Sono questi i numeri di SIBEC LAB, il nuovo corso intensivo \u2013 una vera e propria full immersion &#8211; ideato da Euricse e Labsus-Laboratorio per la sussidiariet\u00e0 in collaborazione con Dynamo Academy e il supporto di Banca Etica. Il Campus \u00e8 in agenda dal 17 al 20 ottobre 2018, all\u2019Oasi Dynamo (San Marcello Piteglio, in provincia di Pistoia) e former\u00e0 amministratori, imprenditori, professionisti, cittadini attivi o associazioni interessate a sviluppare (e gestire) beni comuni che, se rigenerati, possono trovare nuova vita e tornare al servizio della collettivit\u00e0. Le iscrizioni sono aperte e si chiuderanno il 5 ottobre.<\/strong><\/p>\n<p><strong>\u00a0<\/strong><!--more--><\/p>\n<p>Parchi, edifici, palazzi: l\u2019elenco \u00e8 lungo. Spazi e luoghi pubblici, complice una progressiva erosione delle risorse, sono oggi a rischio abbandono o sottoutilizzo. Tuttavia una rinascita, attraverso una gestione condivisa di questi patrimoni dimenticati, non \u00e8 solo possibile \u00e8 gi\u00e0 praticata. L\u2019esito \u00e8 una riappropriazione di spazi preziosi. Ma per farlo sono necessarie competenze, abilit\u00e0 specifiche. Luoghi a rischio abbandono possono cos\u00ec trasformarsi in occasione d\u2019incontro tra pubblico e privato. Sia restituendo spazi alla cittadinanza sia fornendo nuovi servizi, quindi amplificando l\u2019occupazione, favorendo l\u2019inclusione sociale, generando lavoro.<\/p>\n<p><img loading=\"lazy\" decoding=\"async\" class=\"alignright size-medium wp-image-7155\" src=\"https:\/\/euricse.eu\/wp-content\/uploads\/2018\/08\/save-the-date-300x300.jpg\" alt=\"\" width=\"300\" height=\"300\" srcset=\"https:\/\/euricse.eu\/wp-content\/uploads\/2018\/08\/save-the-date-300x300.jpg 300w, https:\/\/euricse.eu\/wp-content\/uploads\/2018\/08\/save-the-date-400x400.jpg 400w, https:\/\/euricse.eu\/wp-content\/uploads\/2018\/08\/save-the-date-768x768.jpg 768w, https:\/\/euricse.eu\/wp-content\/uploads\/2018\/08\/save-the-date-16x16.jpg 16w, https:\/\/euricse.eu\/wp-content\/uploads\/2018\/08\/save-the-date.jpg 800w\" sizes=\"auto, (max-width: 300px) 100vw, 300px\" \/><\/p>\n<p>Ed \u00e8 qui che SIBEC intende mettersi al servizio di chiunque intenda farsi carico di una gestione condivisa dei beni comuni. Conclusi i corsi itineranti 2018, la Scuola lancia una nuova formula: SIBEC LAB, un corso mirato di quattro giorni.\u00a0 Ai partecipanti sar\u00e0 offerto un percorso intensivo, attraverso momenti di lavoro sia esclusivi sia di gruppo per dare impulso e concretezza alle necessit\u00e0 progettuali. Il tutto con il supporto di tutor esperti che affiancheranno i corsisti.<\/p>\n<p>A caratterizzare SIBEC LAB sar\u00e0 anche la formula didattica: tutti i giorni ci sar\u00e0 una relazione Keynote, seguita dallo sviluppo dei singoli project work proposti dai partecipanti e un laboratorio sulle competenze. Sabato mattina \u00e8 in agenda la presentazione di alcuni progetti di lavoro davanti a una giuria di esperti.<\/p>\n<p>Le lezioni creeranno cos\u00ec le competenze, teoriche e pratiche, per gestire i beni comuni: dalle modalit\u00e0 di reperimento dei finanziamenti al management quotidiano di un bene rigenerato. Fino alle strategie per raccontarsi e raccontare la propria avventura. Quanto alla location: i partecipanti saranno ospiti, per quattro giorni, di <strong>Oasi Dynamo<\/strong>: propriet\u00e0 di circa 1.200 ettari in ambiente preappenninico nel comune di San Marcello Piteglio. Un luogo in cui ogni giorno si praticano conservazione, ricerca e sostenibilit\u00e0 ambientale. L\u2019Oasi Dynamo, affiliata WWF, \u00e8 infatti societ\u00e0 agricola che valorizza il patrimonio naturalistico della montagna pistoiese. Questa impresa agricola di conservazione \u00e8 attiva su un vasto territorio, suddiviso tra i Comuni di Piteglio e San Marcello Pistoiese \u2013 dove, nella frazione di Limestre, sorge Dynamo Camp \u2013 in provincia di Pistoia.<\/p>\n<p>&nbsp;<\/p>\n<p>&nbsp;<\/p>\n<hr \/>\n<h2><\/h2>\n<h2 style=\"text-align: center;\"><span style=\"color: #008000;\"><strong>Il programma di SIBEC LAB<\/strong><\/span><\/h2>\n<p style=\"text-align: center;\"><strong>Mercoled\u00ec 17 ottobre <\/strong><\/p>\n<p style=\"text-align: center;\"><em>Introduzione<\/em><\/p>\n<p style=\"text-align: center;\">Maria Serena Porcari (Dynamo Academy); Gianluca Salvatori (Euricse); Daniela Ciaffi (Labsus)<\/p>\n<p style=\"text-align: center;\">Keynote 1 | <strong>InnovAzione con i beni comuni<\/strong>, Daniela Ciaffi (Labsus) e Flaviano Zandonai (Euricse)<\/p>\n<p style=\"text-align: center;\">Project work nei gruppi di lavoro<\/p>\n<p style=\"text-align: center;\">Laboratorio 1 | Costruire comunit\u00e0 intraprendenti, Daniela Ciaffi (Labsus)<\/p>\n<p style=\"text-align: center;\"><strong>Gioved\u00ec 18 ottobre<\/strong><\/p>\n<p style=\"text-align: center;\">Keynote 2 | <strong>Risorse e finanziamenti<\/strong>, Anna Fasano (Banca Etica)<\/p>\n<p style=\"text-align: center;\">Project work nei gruppi di lavoro<\/p>\n<p style=\"text-align: center;\">Keynote 3 |<strong> Beni comuni, che impresa! <\/strong>Francesca Ricciardi (Universit\u00e0 degli Studi di Torino)<\/p>\n<p style=\"text-align: center;\"><strong>Venerd\u00ec 19 ottobre<\/strong><\/p>\n<p style=\"text-align: center;\">Laboratorio 2 | Il management dei beni comuni, Flaviano Zandonai (Euricse)<\/p>\n<p style=\"text-align: center;\">Project work nei gruppi di lavoro<\/p>\n<p style=\"text-align: center;\">Laboratorio 3 | Oltre lo storytelling: raccontare i beni comuni, Elena Taverna (Labsus)<\/p>\n<p style=\"text-align: center;\"><strong>Sabato 20 ottobre<\/strong><\/p>\n<p style=\"text-align: center;\">Presentazione dei project work e opinione della giuria di esperti<\/p>\n<p style=\"text-align: center;\">Tutor dei gruppi di lavoro: Daniela Ciaffi, Gianluca Salvatori, Elena Taverna, Flaviano Zandonai<\/p>\n<p>&nbsp;<\/p>\n<p>&nbsp;<\/p>\n<hr \/>\n<p>&nbsp;<\/p>\n<h2><span style=\"color: #008000;\"><strong>Chi pu\u00f2 iscriversi?<\/strong><\/span><\/h2>\n<p><strong>\u00a0<\/strong><\/p>\n<p><strong>Amministratori pubblici<\/strong> (statali, regionali, locali) coinvolti in processi decisionali e attivit\u00e0 progettuali innovative riguardanti il benessere della collettivit\u00e0.<\/p>\n<p><strong>Professionisti e imprenditori <\/strong>Del mondo profit o non profit che desiderano investire le proprie abilit\u00e0 per costruire nuove opportunit\u00e0 professionali al servizio dei beni comuni.<\/p>\n<p><strong>Societ\u00e0 civile<\/strong> Ovvero esponenti di associazioni, comitati e gruppi di cittadini gi\u00e0 coinvolti in processi di promozione, cura e rigenerazione di beni comuni.<\/p>\n<p>&nbsp;<\/p>\n<p>Pi\u00f9 in generale, il \u201cgestore di beni comuni\u201d riveste un nuovo profilo professionale, in cui le doti di leadership si combinano con abilit\u00e0 relazionali e di mediazione, dove le competenze tecniche e progettuali sono in relazione con i bisogni e le risorse della comunit\u00e0. Tutto ci\u00f2 al fine di valorizzare la rigenerazione dei beni comuni del territorio. Un ruolo, questo, che pu\u00f2 trovare spazio sia nelle pubbliche amministrazioni sia nelle imprese private generando nuove competenze e nuovi profili professionali.<\/p>\n<p><strong>\u00a0<\/strong><\/p>\n<hr \/>\n<p>&nbsp;<\/p>\n<h2><span style=\"color: #008000;\"><strong>Come iscriversi?<\/strong><\/span><\/h2>\n<p>Per aderire \u00e8 sufficiente compilare il modulo disponibile online (https:\/\/www.sibec.eu\/sibec-lab\/). I partecipanti al Campus saranno selezionati tra coloro che possiedono una conoscenza di base sufficiente del tema \u201cgestione condivisa dei Beni Comuni\u201d.<\/p>\n<p>La quota di iscrizione \u00e8 di 750 euro + IVA (dove dovuta). La quota comprende vitto e alloggio all\u2019Oasi Dynamo, ma non comprende i costi relativi alle spese di viaggio.<\/p>\n<p>&nbsp;<\/p>\n<p>&nbsp;<\/p>\n<p>Il corso \u00e8 finanziabile attraverso Fon.Coop<\/p>\n<p>&nbsp;<\/p>\n<p>Per informazioni e dettagli sul programma: info@sibec.eu oppure 0461 282289<\/p>\n<hr \/>\n<p>&nbsp;<\/p>\n<figure id=\"attachment_7157\" aria-describedby=\"caption-attachment-7157\" style=\"width: 300px\" class=\"wp-caption aligncenter\"><img loading=\"lazy\" decoding=\"async\" class=\"wp-image-7157 size-medium\" src=\"https:\/\/euricse.eu\/wp-content\/uploads\/2018\/08\/Oasi-Dynamo-2-300x200.jpg\" alt=\"\" width=\"300\" height=\"200\" \/><figcaption id=\"caption-attachment-7157\" class=\"wp-caption-text\">L&#8217;Oasi Dynamo<\/figcaption><\/figure>\n<h2><span style=\"color: #008000;\"><strong>Chi siamo<\/strong><\/span><\/h2>\n<p><strong>SIBEC<\/strong><\/p>\n<p>SIBEC \u00e8 la prima scuola nazionale per la formazione alla gestione condivisa dei beni comuni nata in Italia nel 2015. Questa tematica riveste un interesse sempre maggiore in quanto la crisi economica ed il calo delle risorse pubbliche hanno generato un crescente numero di aree, spazi pubblici ed edifici in stato di abbandono o sottoutilizzo: quando questi vengono recuperati e gestiti dalla comunit\u00e0 essi divengono \u201cbeni comuni\u201d, fruibili da tutta la comunit\u00e0 e vettori di sviluppo economico ed opportunit\u00e0 di lavoro.<\/p>\n<p>SIBEC si rivolge a professionisti, imprenditori (for profit e no profit), appartenenti ad organizzazioni di Terzo Settore ed amministratori locali (intesi sia come eletti sia come funzionari e dirigenti); l\u2019obiettivo \u00e8 di formare professionisti capaci di gestire in una modalit\u00e0 economicamente sostenibile tali beni insieme alla comunit\u00e0 ed alle istituzioni, valorizzandone le potenzialit\u00e0.<\/p>\n<p>&nbsp;<\/p>\n<p><strong>I FONDATORI DI SIBEC<\/strong><\/p>\n<p>La Scuola \u00e8 stata fondata e promossa da <strong>EURICSE, Labsus ed Universit\u00e0 degli Studi di Trento<\/strong>. Euricse, gi\u00e0 da anni, in collaborazione con l\u2019Universit\u00e0 degli Studi di Trento, si occupa dello studio delle forme organizzative ed imprenditoriali pi\u00f9 adatte alla gestione dei beni comuni dedicando uno dei suoi filoni di ricerca alle imprese di comunit\u00e0. Questa partnership consente di formare figure professionali che possano gestire beni comuni, delle quali vi \u00e8 una sempre maggiore necessit\u00e0, permettendo ad EURICSE e Labsus di mettere a frutto in SIBEC le esperienze, le competenze e le reti di relazioni di queste due realt\u00e0, tra le principali organizzazioni italiane operanti in questo settore.<\/p>\n<p>Nello specifico, Euricse &#8211; European Research Institute on Cooperative and Social Enterprises &#8211; promuove la conoscenza e l\u2019innovazione nell\u2019ambito delle imprese cooperative e sociali e delle altre organizzazioni nonprofit di carattere produttivo. L\u2019Istituto intende sempre pi\u00f9 approfondire il ruolo di questi soggetti e il loro impatto sullo sviluppo economico e sociale, accompagnandone la crescita e migliorandone l\u2019efficacia. Attraverso attivit\u00e0 di ricerca teorica e applicata, di formazione e di consulenza realizzate con il coinvolgimento della comunit\u00e0 scientifica e degli operatori del settore, Euricse affronta temi di rilevanza nazionale e internazionale ispirandosi a principi di apertura e di collaborazione.<\/p>\n<p>Labsus \u2013 Laboratorio per la sussidiariet\u00e0 &#8211; \u00e8 un\u2019associazione culturale, nata nel 2005 con l\u2019obiettivo di diffondere un nuovo modello di societ\u00e0 basato sul principio di sussidiariet\u00e0 orizzontale (art. 118, ultimo comma della Costituzione).<\/p>\n<p>Esso \u00e8 animato da volontari e studiosi che quotidianamente elaborano idee e raccolgono esperienze e documenti per consolidare l\u2019amministrazione condivisa, un modello di amministrazione fondato sull\u2019alleanza fra cittadini e amministrazioni per la cura condivisa dei beni comuni. Dal 2014 Labsus promuove a livello nazionale il primo regolamento sull\u2019amministrazione condivisa dei beni comuni, che ha ideato e realizzato insieme con l\u2019amministrazione del Comune di Bologna e che \u00e8 stato gi\u00e0 adottato da 60 Comuni in tutta Italia ed \u00e8 in corso di adozione da parte di altri 80.<\/p>\n<p>Questo regolamento costituisce la prima \u201ctraduzione\u201d del principio costituzionale di sussidiariet\u00e0 in disposizioni di livello amministrativo, che gli enti locali e i cittadini possono utilizzare per instaurare Patti di collaborazione nella cura dei beni comuni.<\/p>\n<p>Universit\u00e0 degli Studi di Trento, infine, secondo le ultime indagini di CENSIS &#8211; Repubblica, \u00e8 considerata tra i migliori atenei d\u2019Italia per la qualit\u00e0 della didattica, i servizi offerti e per la forte propensione internazionale dei propri corsi di studio. In particolare pu\u00f2 oggi contare su un corpo docente eterogeneo e qualificato, dove spiccano eccellenze nazionali e internazionali nel settore degli studi cooperativi, della gestione d\u2019impresa e del nonprofit.<\/p>\n<p>&nbsp;<\/p>\n<p><strong>Oasi Dynamo<\/strong><\/p>\n<p>Oasi Dynamo \u00e8 un\u2019oasi naturalistica di 1.200 ettari affiliata WWF, gestita dall\u2019omonima Societ\u00e0 Agricola. Oasi Dynamo gestisce il territorio con ottica di conservazione, valorizzazione e sostenibilit\u00e0 ambientale, attraverso attivit\u00e0 di agricoltura, ricerca scientifica, ospitalit\u00e0 ed eco-turismo.<\/p>\n<p>&nbsp;<\/p>\n<p><strong>Dynamo Academy<\/strong><\/p>\n<p>Dynamo Academy Impresa Sociale propone dal 2010 alle aziende un approccio personalizzato alla Corporate Philanthropy, attraverso programmi di formazione e consulenza avanzata nell\u2019ambito Business for the Common Good. Gli edifici del Campus di Dynamo Academy a Limestre sono stati ricavati da un\u2019opera di recupero industriale. Dynamo Academy contribuisce alla sostenibilit\u00e0 economica di Dynamo Camp, camp che offre gratuitamente programmi di Terapia Ricreativa a bambini e ragazzi con gravi patologie, con l\u2019obiettivo dello svago ma soprattutto di far riacquisire fiducia in se stessi e nelle proprie capacit\u00e0.<\/p>\n<hr \/>\n<p>&nbsp;<\/p>\n","protected":false},"excerpt":{"rendered":"<p>&nbsp; Quattro giorni di lezioni all\u2019Oasi Dynamo. Il programma del campus &nbsp; Quattro giorni di lezioni, sei tutor esperti, venti posti disponibili, altrettante idee che saranno analizzate, approfondite, presentate davanti a una giuria. E un metodo didattico basato sullo sviluppo delle competenze e sullo studio concreto dei lavori presentati dai corsisti.\u00a0 Sono questi i numeri [&hellip;]<\/p>\n","protected":false},"author":30,"featured_media":7159,"comment_status":"open","ping_status":"closed","sticky":false,"template":"","format":"standard","meta":{"_acf_changed":false,"episode_type":"","audio_file":"","cover_image":"","cover_image_id":"","duration":"","filesize":"","date_recorded":"","explicit":"","block":"","itunes_episode_number":"","itunes_title":"","itunes_season_number":"","itunes_episode_type":"","filesize_raw":"","footnotes":""},"categories":[15,257],"tags":[123,263],"class_list":["post-7154","post","type-post","status-publish","format-standard","has-post-thumbnail","hentry","category-eventi","category-press-it","tag-beni-comuni","tag-sibec"],"acf":[],"yoast_head":"<!-- This site is optimized with the Yoast SEO plugin v26.1.1 - https:\/\/yoast.com\/wordpress\/plugins\/seo\/ -->\n<title>SIBEC LAB, corso intensivo per gestire i beni comuni - Euricse<\/title>\n<meta name=\"robots\" content=\"index, follow, max-snippet:-1, max-image-preview:large, max-video-preview:-1\" \/>\n<link rel=\"canonical\" href=\"https:\/\/euricse.eu\/it\/sibec-lab-corso-intensivo-per-gestire-i-beni-comuni\/\" \/>\n<meta property=\"og:locale\" content=\"it_IT\" \/>\n<meta property=\"og:type\" content=\"article\" \/>\n<meta property=\"og:title\" content=\"SIBEC LAB, corso intensivo per gestire i beni comuni - Euricse\" \/>\n<meta property=\"og:description\" content=\"&nbsp; Quattro giorni di lezioni all\u2019Oasi Dynamo. Il programma del campus &nbsp; Quattro giorni di lezioni, sei tutor esperti, venti posti disponibili, altrettante idee che saranno analizzate, approfondite, presentate davanti a una giuria. E un metodo didattico basato sullo sviluppo delle competenze e sullo studio concreto dei lavori presentati dai corsisti.\u00a0 Sono questi i numeri [&hellip;]\" \/>\n<meta property=\"og:url\" content=\"https:\/\/euricse.eu\/it\/sibec-lab-corso-intensivo-per-gestire-i-beni-comuni\/\" \/>\n<meta property=\"og:site_name\" content=\"Euricse\" \/>\n<meta property=\"article:published_time\" content=\"2018-08-29T15:22:38+00:00\" \/>\n<meta property=\"article:modified_time\" content=\"2018-08-29T15:32:18+00:00\" \/>\n<meta property=\"og:image\" content=\"https:\/\/euricse.eu\/wp-content\/uploads\/2018\/08\/leaf-1482948_1280.jpg\" \/>\n\t<meta property=\"og:image:width\" content=\"1280\" \/>\n\t<meta property=\"og:image:height\" content=\"616\" \/>\n\t<meta property=\"og:image:type\" content=\"image\/jpeg\" \/>\n<meta name=\"author\" content=\"redazione\" \/>\n<meta name=\"twitter:card\" content=\"summary_large_image\" \/>\n<meta name=\"twitter:label1\" content=\"Scritto da\" \/>\n\t<meta name=\"twitter:data1\" content=\"redazione\" \/>\n\t<meta name=\"twitter:label2\" content=\"Tempo di lettura stimato\" \/>\n\t<meta name=\"twitter:data2\" content=\"8 minuti\" \/>\n<script type=\"application\/ld+json\" class=\"yoast-schema-graph\">{\"@context\":\"https:\/\/schema.org\",\"@graph\":[{\"@type\":\"WebPage\",\"@id\":\"https:\/\/euricse.eu\/it\/sibec-lab-corso-intensivo-per-gestire-i-beni-comuni\/\",\"url\":\"https:\/\/euricse.eu\/it\/sibec-lab-corso-intensivo-per-gestire-i-beni-comuni\/\",\"name\":\"SIBEC LAB, corso intensivo per gestire i beni comuni - Euricse\",\"isPartOf\":{\"@id\":\"https:\/\/euricse.eu\/en\/#website\"},\"primaryImageOfPage\":{\"@id\":\"https:\/\/euricse.eu\/it\/sibec-lab-corso-intensivo-per-gestire-i-beni-comuni\/#primaryimage\"},\"image\":{\"@id\":\"https:\/\/euricse.eu\/it\/sibec-lab-corso-intensivo-per-gestire-i-beni-comuni\/#primaryimage\"},\"thumbnailUrl\":\"https:\/\/euricse.eu\/wp-content\/uploads\/2018\/08\/leaf-1482948_1280.jpg\",\"datePublished\":\"2018-08-29T15:22:38+00:00\",\"dateModified\":\"2018-08-29T15:32:18+00:00\",\"author\":{\"@id\":\"https:\/\/euricse.eu\/en\/#\/schema\/person\/46be9426d76e3114ba478b69f3d8040b\"},\"breadcrumb\":{\"@id\":\"https:\/\/euricse.eu\/it\/sibec-lab-corso-intensivo-per-gestire-i-beni-comuni\/#breadcrumb\"},\"inLanguage\":\"it-IT\",\"potentialAction\":[{\"@type\":\"ReadAction\",\"target\":[\"https:\/\/euricse.eu\/it\/sibec-lab-corso-intensivo-per-gestire-i-beni-comuni\/\"]}]},{\"@type\":\"ImageObject\",\"inLanguage\":\"it-IT\",\"@id\":\"https:\/\/euricse.eu\/it\/sibec-lab-corso-intensivo-per-gestire-i-beni-comuni\/#primaryimage\",\"url\":\"https:\/\/euricse.eu\/wp-content\/uploads\/2018\/08\/leaf-1482948_1280.jpg\",\"contentUrl\":\"https:\/\/euricse.eu\/wp-content\/uploads\/2018\/08\/leaf-1482948_1280.jpg\",\"width\":1280,\"height\":616},{\"@type\":\"BreadcrumbList\",\"@id\":\"https:\/\/euricse.eu\/it\/sibec-lab-corso-intensivo-per-gestire-i-beni-comuni\/#breadcrumb\",\"itemListElement\":[{\"@type\":\"ListItem\",\"position\":1,\"name\":\"Home\",\"item\":\"https:\/\/euricse.eu\/it\/\"},{\"@type\":\"ListItem\",\"position\":2,\"name\":\"SIBEC LAB, corso intensivo per gestire i beni comuni\"}]},{\"@type\":\"WebSite\",\"@id\":\"https:\/\/euricse.eu\/en\/#website\",\"url\":\"https:\/\/euricse.eu\/en\/\",\"name\":\"Euricse\",\"description\":\"Knowledge and innovation for cooperative and social enterprises.\",\"potentialAction\":[{\"@type\":\"SearchAction\",\"target\":{\"@type\":\"EntryPoint\",\"urlTemplate\":\"https:\/\/euricse.eu\/en\/?s={search_term_string}\"},\"query-input\":{\"@type\":\"PropertyValueSpecification\",\"valueRequired\":true,\"valueName\":\"search_term_string\"}}],\"inLanguage\":\"it-IT\"},{\"@type\":\"Person\",\"@id\":\"https:\/\/euricse.eu\/en\/#\/schema\/person\/46be9426d76e3114ba478b69f3d8040b\",\"name\":\"redazione\",\"image\":{\"@type\":\"ImageObject\",\"inLanguage\":\"it-IT\",\"@id\":\"https:\/\/euricse.eu\/en\/#\/schema\/person\/image\/\",\"url\":\"https:\/\/secure.gravatar.com\/avatar\/d1e5fb76fa001722a0822f32de0a8935d9c7a01b0f055f16dc71df73252c3c50?s=96&d=mm&r=g\",\"contentUrl\":\"https:\/\/secure.gravatar.com\/avatar\/d1e5fb76fa001722a0822f32de0a8935d9c7a01b0f055f16dc71df73252c3c50?s=96&d=mm&r=g\",\"caption\":\"redazione\"},\"url\":\"https:\/\/euricse.eu\/it\/author\/marikadmin\/\"}]}<\/script>\n<!-- \/ Yoast SEO plugin. -->","yoast_head_json":{"title":"SIBEC LAB, corso intensivo per gestire i beni comuni - Euricse","robots":{"index":"index","follow":"follow","max-snippet":"max-snippet:-1","max-image-preview":"max-image-preview:large","max-video-preview":"max-video-preview:-1"},"canonical":"https:\/\/euricse.eu\/it\/sibec-lab-corso-intensivo-per-gestire-i-beni-comuni\/","og_locale":"it_IT","og_type":"article","og_title":"SIBEC LAB, corso intensivo per gestire i beni comuni - Euricse","og_description":"&nbsp; Quattro giorni di lezioni all\u2019Oasi Dynamo. Il programma del campus &nbsp; Quattro giorni di lezioni, sei tutor esperti, venti posti disponibili, altrettante idee che saranno analizzate, approfondite, presentate davanti a una giuria. E un metodo didattico basato sullo sviluppo delle competenze e sullo studio concreto dei lavori presentati dai corsisti.\u00a0 Sono questi i numeri [&hellip;]","og_url":"https:\/\/euricse.eu\/it\/sibec-lab-corso-intensivo-per-gestire-i-beni-comuni\/","og_site_name":"Euricse","article_published_time":"2018-08-29T15:22:38+00:00","article_modified_time":"2018-08-29T15:32:18+00:00","og_image":[{"width":1280,"height":616,"url":"https:\/\/euricse.eu\/wp-content\/uploads\/2018\/08\/leaf-1482948_1280.jpg","type":"image\/jpeg"}],"author":"redazione","twitter_card":"summary_large_image","twitter_misc":{"Scritto da":"redazione","Tempo di lettura stimato":"8 minuti"},"schema":{"@context":"https:\/\/schema.org","@graph":[{"@type":"WebPage","@id":"https:\/\/euricse.eu\/it\/sibec-lab-corso-intensivo-per-gestire-i-beni-comuni\/","url":"https:\/\/euricse.eu\/it\/sibec-lab-corso-intensivo-per-gestire-i-beni-comuni\/","name":"SIBEC LAB, corso intensivo per gestire i beni comuni - Euricse","isPartOf":{"@id":"https:\/\/euricse.eu\/en\/#website"},"primaryImageOfPage":{"@id":"https:\/\/euricse.eu\/it\/sibec-lab-corso-intensivo-per-gestire-i-beni-comuni\/#primaryimage"},"image":{"@id":"https:\/\/euricse.eu\/it\/sibec-lab-corso-intensivo-per-gestire-i-beni-comuni\/#primaryimage"},"thumbnailUrl":"https:\/\/euricse.eu\/wp-content\/uploads\/2018\/08\/leaf-1482948_1280.jpg","datePublished":"2018-08-29T15:22:38+00:00","dateModified":"2018-08-29T15:32:18+00:00","author":{"@id":"https:\/\/euricse.eu\/en\/#\/schema\/person\/46be9426d76e3114ba478b69f3d8040b"},"breadcrumb":{"@id":"https:\/\/euricse.eu\/it\/sibec-lab-corso-intensivo-per-gestire-i-beni-comuni\/#breadcrumb"},"inLanguage":"it-IT","potentialAction":[{"@type":"ReadAction","target":["https:\/\/euricse.eu\/it\/sibec-lab-corso-intensivo-per-gestire-i-beni-comuni\/"]}]},{"@type":"ImageObject","inLanguage":"it-IT","@id":"https:\/\/euricse.eu\/it\/sibec-lab-corso-intensivo-per-gestire-i-beni-comuni\/#primaryimage","url":"https:\/\/euricse.eu\/wp-content\/uploads\/2018\/08\/leaf-1482948_1280.jpg","contentUrl":"https:\/\/euricse.eu\/wp-content\/uploads\/2018\/08\/leaf-1482948_1280.jpg","width":1280,"height":616},{"@type":"BreadcrumbList","@id":"https:\/\/euricse.eu\/it\/sibec-lab-corso-intensivo-per-gestire-i-beni-comuni\/#breadcrumb","itemListElement":[{"@type":"ListItem","position":1,"name":"Home","item":"https:\/\/euricse.eu\/it\/"},{"@type":"ListItem","position":2,"name":"SIBEC LAB, corso intensivo per gestire i beni comuni"}]},{"@type":"WebSite","@id":"https:\/\/euricse.eu\/en\/#website","url":"https:\/\/euricse.eu\/en\/","name":"Euricse","description":"Knowledge and innovation for cooperative and social enterprises.","potentialAction":[{"@type":"SearchAction","target":{"@type":"EntryPoint","urlTemplate":"https:\/\/euricse.eu\/en\/?s={search_term_string}"},"query-input":{"@type":"PropertyValueSpecification","valueRequired":true,"valueName":"search_term_string"}}],"inLanguage":"it-IT"},{"@type":"Person","@id":"https:\/\/euricse.eu\/en\/#\/schema\/person\/46be9426d76e3114ba478b69f3d8040b","name":"redazione","image":{"@type":"ImageObject","inLanguage":"it-IT","@id":"https:\/\/euricse.eu\/en\/#\/schema\/person\/image\/","url":"https:\/\/secure.gravatar.com\/avatar\/d1e5fb76fa001722a0822f32de0a8935d9c7a01b0f055f16dc71df73252c3c50?s=96&d=mm&r=g","contentUrl":"https:\/\/secure.gravatar.com\/avatar\/d1e5fb76fa001722a0822f32de0a8935d9c7a01b0f055f16dc71df73252c3c50?s=96&d=mm&r=g","caption":"redazione"},"url":"https:\/\/euricse.eu\/it\/author\/marikadmin\/"}]}},"_links":{"self":[{"href":"https:\/\/euricse.eu\/it\/wp-json\/wp\/v2\/posts\/7154","targetHints":{"allow":["GET"]}}],"collection":[{"href":"https:\/\/euricse.eu\/it\/wp-json\/wp\/v2\/posts"}],"about":[{"href":"https:\/\/euricse.eu\/it\/wp-json\/wp\/v2\/types\/post"}],"author":[{"embeddable":true,"href":"https:\/\/euricse.eu\/it\/wp-json\/wp\/v2\/users\/30"}],"replies":[{"embeddable":true,"href":"https:\/\/euricse.eu\/it\/wp-json\/wp\/v2\/comments?post=7154"}],"version-history":[{"count":0,"href":"https:\/\/euricse.eu\/it\/wp-json\/wp\/v2\/posts\/7154\/revisions"}],"wp:featuredmedia":[{"embeddable":true,"href":"https:\/\/euricse.eu\/it\/wp-json\/wp\/v2\/media\/7159"}],"wp:attachment":[{"href":"https:\/\/euricse.eu\/it\/wp-json\/wp\/v2\/media?parent=7154"}],"wp:term":[{"taxonomy":"category","embeddable":true,"href":"https:\/\/euricse.eu\/it\/wp-json\/wp\/v2\/categories?post=7154"},{"taxonomy":"post_tag","embeddable":true,"href":"https:\/\/euricse.eu\/it\/wp-json\/wp\/v2\/tags?post=7154"}],"curies":[{"name":"wp","href":"https:\/\/api.w.org\/{rel}","templated":true}]}}