{"id":7215,"date":"2018-09-06T16:54:20","date_gmt":"2018-09-06T15:54:20","guid":{"rendered":"https:\/\/euricse.staging.hgblu.com\/?p=7215"},"modified":"2018-09-06T16:55:48","modified_gmt":"2018-09-06T15:55:48","slug":"storie-di-stage-il-racconto-di-nicola","status":"publish","type":"post","link":"https:\/\/euricse.eu\/it\/storie-di-stage-il-racconto-di-nicola\/","title":{"rendered":"Storie di stage, il racconto di Nicola"},"content":{"rendered":"<p align=\"JUSTIFY\"><span style=\"font-family: Verdana, serif;\"><i><b>Genova, Trento, Perugia: le vie dell\u2019agricoltura sociale<\/b><\/i><\/span><\/p>\n<p align=\"JUSTIFY\">di Nicola Camadona<\/p>\n<p>Sono Nicola Camandona, vengo da Genova e dopo la laurea in Scienze Internazionali e Diplomatiche ho lavorato tre anni in un\u2019associazione di promozione sociale che si occupa di Intercultura e mobilit\u00e0 giovanile.<\/p>\n<p><!--more--><\/p>\n<p>Ho deciso di iscrivermi al Master GIS per ampliare la conoscenza del mondo del Terzo Settore e comprenderne meglio le possibili vie di sviluppo futuro, con un particolare interesse per l\u2019ambito dell\u2019agricoltura sociale.<img loading=\"lazy\" decoding=\"async\" class=\"alignright size-medium wp-image-7216\" src=\"https:\/\/euricse.eu\/wp-content\/uploads\/2018\/09\/14520440_10210799137403301_755395250546131347_n-300x292.jpg\" alt=\"\" width=\"300\" height=\"292\" srcset=\"https:\/\/euricse.eu\/wp-content\/uploads\/2018\/09\/14520440_10210799137403301_755395250546131347_n-300x292.jpg 300w, https:\/\/euricse.eu\/wp-content\/uploads\/2018\/09\/14520440_10210799137403301_755395250546131347_n-412x400.jpg 412w, https:\/\/euricse.eu\/wp-content\/uploads\/2018\/09\/14520440_10210799137403301_755395250546131347_n-16x16.jpg 16w, https:\/\/euricse.eu\/wp-content\/uploads\/2018\/09\/14520440_10210799137403301_755395250546131347_n.jpg 710w\" sizes=\"auto, (max-width: 300px) 100vw, 300px\" \/><br \/>\nIl Master mi ha dotato di nuove lenti con cui osservare il Terzo Settore, comprenderne potenzialit\u00e0 e confini e, soprattutto, sviluppare il mio senso critico. L\u2019interdisciplinariet\u00e0, l\u2019approccio innovativo allo studio, i laboratori pratici, la ricerca sul campo e, infine, il confronto costruttivo con docenti e colleghi sono alcuni degli elementi che hanno reso il Master GIS una delle migliori scelte che ho fatto negli ultimi anni.<br \/>\nAttualmente sto portando a termine il mio tirocinio presso \u201cLa Semente\u201d di Perugia, una cooperativa sociale nata da un progetto voluto 7 anni fa dai tanti genitori di ragazzi autistici desiderosi di costruire per loro un futuro migliore dopo le scuole dell\u2019obbligo. Oggi La Semente, guidata dal Presidente Andrea Tittarelli (ex corsista del master GIS!) \u00e8 una realt\u00e0 molto innovativa e comprende un Centro diurno semiresidenziale, una Cooperativa Agricola Sociale di tipo B e un Distretto rurale di economia solidale.<br \/>\nDurante il tirocinio mi sono cimentato in diverse attivit\u00e0 all\u2019interno della Cooperativa Agricola Sociale, in particolare sono stato coinvolto nell\u2019area amministrativa e contabile, nello sviluppo commerciale e, infine, nell\u2019area della progettazione europea. Questo tirocinio mi ha permesso di calarmi intensamente nella vita di una cooperativa che opera nel settore dell\u2019agricoltura sociale, ne ho compreso le dinamiche e interiorizzato i ritmi ma, soprattutto, mi ha aiutato a sviluppare una visione manageriale d\u2019insieme.<\/p>\n<p><img loading=\"lazy\" decoding=\"async\" class=\"size-medium wp-image-7218 aligncenter\" src=\"https:\/\/euricse.eu\/wp-content\/uploads\/2018\/09\/P9050804-300x196.jpg\" alt=\"\" width=\"300\" height=\"196\" \/><\/p>\n<p>L\u2019esperienza del Master GIS nella sua interezza mi ha fatto crescere personalmente e professionalmente, dandomi maggiore consapevolezza dei miei mezzi e una visione pi\u00f9 chiara di ci\u00f2 che vorr\u00f2 fare \u201cda grande\u201d: lavorare allo sviluppo dell\u2019agricoltura sociale quale ottimo \u201cstrumento\u201d imprenditoriale per promuovere integrazione e coesione sociale.<\/p>\n<p>&nbsp;<\/p>\n<p>&nbsp;<\/p>\n<p>&nbsp;<\/p>\n<hr \/>\n<p>La rubrica \u201cStorie di stage\u201d \u00e8 stata creata per dare la possibilit\u00e0 ai corsisti del Master GIS di condividere le loro storie ed esperienze durante i periodi di tirocinio. Le iscrizioni per una nuova edizione del Master sono aperte. Per informazioni e iscrizioni visita<a href=\"https:\/\/euricse.eu\/it\/training\/master-gis\/\">\u00a0la pagina dedicata al corso<\/a><\/p>\n","protected":false},"excerpt":{"rendered":"<p>Genova, Trento, Perugia: le vie dell\u2019agricoltura sociale di Nicola Camadona Sono Nicola Camandona, vengo da Genova e dopo la laurea in Scienze Internazionali e Diplomatiche ho lavorato tre anni in un\u2019associazione di promozione sociale che si occupa di Intercultura e mobilit\u00e0 giovanile.<\/p>\n","protected":false},"author":30,"featured_media":7220,"comment_status":"open","ping_status":"closed","sticky":false,"template":"","format":"standard","meta":{"_acf_changed":false,"episode_type":"","audio_file":"","cover_image":"","cover_image_id":"","duration":"","filesize":"","date_recorded":"","explicit":"","block":"","itunes_episode_number":"","itunes_title":"","itunes_season_number":"","itunes_episode_type":"","filesize_raw":"","footnotes":""},"categories":[14,257],"tags":[292,430],"class_list":["post-7215","post","type-post","status-publish","format-standard","has-post-thumbnail","hentry","category-blog-it","category-press-it","tag-master-gis","tag-storie-di-stage"],"acf":[],"yoast_head":"<!-- This site is optimized with the Yoast SEO plugin v26.1.1 - https:\/\/yoast.com\/wordpress\/plugins\/seo\/ -->\n<title>Storie di stage, il racconto di Nicola - Euricse<\/title>\n<meta name=\"robots\" content=\"index, follow, max-snippet:-1, max-image-preview:large, max-video-preview:-1\" \/>\n<link rel=\"canonical\" href=\"https:\/\/euricse.eu\/it\/storie-di-stage-il-racconto-di-nicola\/\" \/>\n<meta property=\"og:locale\" content=\"it_IT\" \/>\n<meta property=\"og:type\" content=\"article\" \/>\n<meta property=\"og:title\" content=\"Storie di stage, il racconto di Nicola - Euricse\" \/>\n<meta property=\"og:description\" content=\"Genova, Trento, Perugia: le vie dell\u2019agricoltura sociale di Nicola Camadona Sono Nicola Camandona, vengo da Genova e dopo la laurea in Scienze Internazionali e Diplomatiche ho lavorato tre anni in un\u2019associazione di promozione sociale che si occupa di Intercultura e mobilit\u00e0 giovanile.\" \/>\n<meta property=\"og:url\" content=\"https:\/\/euricse.eu\/it\/storie-di-stage-il-racconto-di-nicola\/\" \/>\n<meta property=\"og:site_name\" content=\"Euricse\" \/>\n<meta property=\"article:published_time\" content=\"2018-09-06T15:54:20+00:00\" \/>\n<meta property=\"article:modified_time\" content=\"2018-09-06T15:55:48+00:00\" \/>\n<meta property=\"og:image\" content=\"https:\/\/euricse.eu\/wp-content\/uploads\/2018\/09\/1536237351100_P9050824-e1536249144175.jpg\" \/>\n\t<meta property=\"og:image:width\" content=\"1100\" \/>\n\t<meta property=\"og:image:height\" content=\"750\" \/>\n\t<meta property=\"og:image:type\" content=\"image\/jpeg\" \/>\n<meta name=\"author\" content=\"redazione\" \/>\n<meta name=\"twitter:card\" content=\"summary_large_image\" \/>\n<meta name=\"twitter:label1\" content=\"Scritto da\" \/>\n\t<meta name=\"twitter:data1\" content=\"redazione\" \/>\n\t<meta name=\"twitter:label2\" content=\"Tempo di lettura stimato\" \/>\n\t<meta name=\"twitter:data2\" content=\"2 minuti\" \/>\n<script type=\"application\/ld+json\" class=\"yoast-schema-graph\">{\"@context\":\"https:\/\/schema.org\",\"@graph\":[{\"@type\":\"WebPage\",\"@id\":\"https:\/\/euricse.eu\/it\/storie-di-stage-il-racconto-di-nicola\/\",\"url\":\"https:\/\/euricse.eu\/it\/storie-di-stage-il-racconto-di-nicola\/\",\"name\":\"Storie di stage, il racconto di Nicola - Euricse\",\"isPartOf\":{\"@id\":\"https:\/\/euricse.eu\/en\/#website\"},\"primaryImageOfPage\":{\"@id\":\"https:\/\/euricse.eu\/it\/storie-di-stage-il-racconto-di-nicola\/#primaryimage\"},\"image\":{\"@id\":\"https:\/\/euricse.eu\/it\/storie-di-stage-il-racconto-di-nicola\/#primaryimage\"},\"thumbnailUrl\":\"https:\/\/euricse.eu\/wp-content\/uploads\/2018\/09\/1536237351100_P9050824-e1536249144175.jpg\",\"datePublished\":\"2018-09-06T15:54:20+00:00\",\"dateModified\":\"2018-09-06T15:55:48+00:00\",\"author\":{\"@id\":\"https:\/\/euricse.eu\/en\/#\/schema\/person\/46be9426d76e3114ba478b69f3d8040b\"},\"breadcrumb\":{\"@id\":\"https:\/\/euricse.eu\/it\/storie-di-stage-il-racconto-di-nicola\/#breadcrumb\"},\"inLanguage\":\"it-IT\",\"potentialAction\":[{\"@type\":\"ReadAction\",\"target\":[\"https:\/\/euricse.eu\/it\/storie-di-stage-il-racconto-di-nicola\/\"]}]},{\"@type\":\"ImageObject\",\"inLanguage\":\"it-IT\",\"@id\":\"https:\/\/euricse.eu\/it\/storie-di-stage-il-racconto-di-nicola\/#primaryimage\",\"url\":\"https:\/\/euricse.eu\/wp-content\/uploads\/2018\/09\/1536237351100_P9050824-e1536249144175.jpg\",\"contentUrl\":\"https:\/\/euricse.eu\/wp-content\/uploads\/2018\/09\/1536237351100_P9050824-e1536249144175.jpg\",\"width\":1100,\"height\":750,\"caption\":\"OLYMPUS DIGITAL CAMERA\"},{\"@type\":\"BreadcrumbList\",\"@id\":\"https:\/\/euricse.eu\/it\/storie-di-stage-il-racconto-di-nicola\/#breadcrumb\",\"itemListElement\":[{\"@type\":\"ListItem\",\"position\":1,\"name\":\"Home\",\"item\":\"https:\/\/euricse.eu\/it\/\"},{\"@type\":\"ListItem\",\"position\":2,\"name\":\"Storie di stage, il racconto di Nicola\"}]},{\"@type\":\"WebSite\",\"@id\":\"https:\/\/euricse.eu\/en\/#website\",\"url\":\"https:\/\/euricse.eu\/en\/\",\"name\":\"Euricse\",\"description\":\"Knowledge and innovation for cooperative and social enterprises.\",\"potentialAction\":[{\"@type\":\"SearchAction\",\"target\":{\"@type\":\"EntryPoint\",\"urlTemplate\":\"https:\/\/euricse.eu\/en\/?s={search_term_string}\"},\"query-input\":{\"@type\":\"PropertyValueSpecification\",\"valueRequired\":true,\"valueName\":\"search_term_string\"}}],\"inLanguage\":\"it-IT\"},{\"@type\":\"Person\",\"@id\":\"https:\/\/euricse.eu\/en\/#\/schema\/person\/46be9426d76e3114ba478b69f3d8040b\",\"name\":\"redazione\",\"image\":{\"@type\":\"ImageObject\",\"inLanguage\":\"it-IT\",\"@id\":\"https:\/\/euricse.eu\/en\/#\/schema\/person\/image\/\",\"url\":\"https:\/\/secure.gravatar.com\/avatar\/d1e5fb76fa001722a0822f32de0a8935d9c7a01b0f055f16dc71df73252c3c50?s=96&d=mm&r=g\",\"contentUrl\":\"https:\/\/secure.gravatar.com\/avatar\/d1e5fb76fa001722a0822f32de0a8935d9c7a01b0f055f16dc71df73252c3c50?s=96&d=mm&r=g\",\"caption\":\"redazione\"},\"url\":\"https:\/\/euricse.eu\/it\/author\/marikadmin\/\"}]}<\/script>\n<!-- \/ Yoast SEO plugin. -->","yoast_head_json":{"title":"Storie di stage, il racconto di Nicola - Euricse","robots":{"index":"index","follow":"follow","max-snippet":"max-snippet:-1","max-image-preview":"max-image-preview:large","max-video-preview":"max-video-preview:-1"},"canonical":"https:\/\/euricse.eu\/it\/storie-di-stage-il-racconto-di-nicola\/","og_locale":"it_IT","og_type":"article","og_title":"Storie di stage, il racconto di Nicola - Euricse","og_description":"Genova, Trento, Perugia: le vie dell\u2019agricoltura sociale di Nicola Camadona Sono Nicola Camandona, vengo da Genova e dopo la laurea in Scienze Internazionali e Diplomatiche ho lavorato tre anni in un\u2019associazione di promozione sociale che si occupa di Intercultura e mobilit\u00e0 giovanile.","og_url":"https:\/\/euricse.eu\/it\/storie-di-stage-il-racconto-di-nicola\/","og_site_name":"Euricse","article_published_time":"2018-09-06T15:54:20+00:00","article_modified_time":"2018-09-06T15:55:48+00:00","og_image":[{"width":1100,"height":750,"url":"https:\/\/euricse.eu\/wp-content\/uploads\/2018\/09\/1536237351100_P9050824-e1536249144175.jpg","type":"image\/jpeg"}],"author":"redazione","twitter_card":"summary_large_image","twitter_misc":{"Scritto da":"redazione","Tempo di lettura stimato":"2 minuti"},"schema":{"@context":"https:\/\/schema.org","@graph":[{"@type":"WebPage","@id":"https:\/\/euricse.eu\/it\/storie-di-stage-il-racconto-di-nicola\/","url":"https:\/\/euricse.eu\/it\/storie-di-stage-il-racconto-di-nicola\/","name":"Storie di stage, il racconto di Nicola - Euricse","isPartOf":{"@id":"https:\/\/euricse.eu\/en\/#website"},"primaryImageOfPage":{"@id":"https:\/\/euricse.eu\/it\/storie-di-stage-il-racconto-di-nicola\/#primaryimage"},"image":{"@id":"https:\/\/euricse.eu\/it\/storie-di-stage-il-racconto-di-nicola\/#primaryimage"},"thumbnailUrl":"https:\/\/euricse.eu\/wp-content\/uploads\/2018\/09\/1536237351100_P9050824-e1536249144175.jpg","datePublished":"2018-09-06T15:54:20+00:00","dateModified":"2018-09-06T15:55:48+00:00","author":{"@id":"https:\/\/euricse.eu\/en\/#\/schema\/person\/46be9426d76e3114ba478b69f3d8040b"},"breadcrumb":{"@id":"https:\/\/euricse.eu\/it\/storie-di-stage-il-racconto-di-nicola\/#breadcrumb"},"inLanguage":"it-IT","potentialAction":[{"@type":"ReadAction","target":["https:\/\/euricse.eu\/it\/storie-di-stage-il-racconto-di-nicola\/"]}]},{"@type":"ImageObject","inLanguage":"it-IT","@id":"https:\/\/euricse.eu\/it\/storie-di-stage-il-racconto-di-nicola\/#primaryimage","url":"https:\/\/euricse.eu\/wp-content\/uploads\/2018\/09\/1536237351100_P9050824-e1536249144175.jpg","contentUrl":"https:\/\/euricse.eu\/wp-content\/uploads\/2018\/09\/1536237351100_P9050824-e1536249144175.jpg","width":1100,"height":750,"caption":"OLYMPUS DIGITAL CAMERA"},{"@type":"BreadcrumbList","@id":"https:\/\/euricse.eu\/it\/storie-di-stage-il-racconto-di-nicola\/#breadcrumb","itemListElement":[{"@type":"ListItem","position":1,"name":"Home","item":"https:\/\/euricse.eu\/it\/"},{"@type":"ListItem","position":2,"name":"Storie di stage, il racconto di Nicola"}]},{"@type":"WebSite","@id":"https:\/\/euricse.eu\/en\/#website","url":"https:\/\/euricse.eu\/en\/","name":"Euricse","description":"Knowledge and innovation for cooperative and social enterprises.","potentialAction":[{"@type":"SearchAction","target":{"@type":"EntryPoint","urlTemplate":"https:\/\/euricse.eu\/en\/?s={search_term_string}"},"query-input":{"@type":"PropertyValueSpecification","valueRequired":true,"valueName":"search_term_string"}}],"inLanguage":"it-IT"},{"@type":"Person","@id":"https:\/\/euricse.eu\/en\/#\/schema\/person\/46be9426d76e3114ba478b69f3d8040b","name":"redazione","image":{"@type":"ImageObject","inLanguage":"it-IT","@id":"https:\/\/euricse.eu\/en\/#\/schema\/person\/image\/","url":"https:\/\/secure.gravatar.com\/avatar\/d1e5fb76fa001722a0822f32de0a8935d9c7a01b0f055f16dc71df73252c3c50?s=96&d=mm&r=g","contentUrl":"https:\/\/secure.gravatar.com\/avatar\/d1e5fb76fa001722a0822f32de0a8935d9c7a01b0f055f16dc71df73252c3c50?s=96&d=mm&r=g","caption":"redazione"},"url":"https:\/\/euricse.eu\/it\/author\/marikadmin\/"}]}},"_links":{"self":[{"href":"https:\/\/euricse.eu\/it\/wp-json\/wp\/v2\/posts\/7215","targetHints":{"allow":["GET"]}}],"collection":[{"href":"https:\/\/euricse.eu\/it\/wp-json\/wp\/v2\/posts"}],"about":[{"href":"https:\/\/euricse.eu\/it\/wp-json\/wp\/v2\/types\/post"}],"author":[{"embeddable":true,"href":"https:\/\/euricse.eu\/it\/wp-json\/wp\/v2\/users\/30"}],"replies":[{"embeddable":true,"href":"https:\/\/euricse.eu\/it\/wp-json\/wp\/v2\/comments?post=7215"}],"version-history":[{"count":0,"href":"https:\/\/euricse.eu\/it\/wp-json\/wp\/v2\/posts\/7215\/revisions"}],"wp:featuredmedia":[{"embeddable":true,"href":"https:\/\/euricse.eu\/it\/wp-json\/wp\/v2\/media\/7220"}],"wp:attachment":[{"href":"https:\/\/euricse.eu\/it\/wp-json\/wp\/v2\/media?parent=7215"}],"wp:term":[{"taxonomy":"category","embeddable":true,"href":"https:\/\/euricse.eu\/it\/wp-json\/wp\/v2\/categories?post=7215"},{"taxonomy":"post_tag","embeddable":true,"href":"https:\/\/euricse.eu\/it\/wp-json\/wp\/v2\/tags?post=7215"}],"curies":[{"name":"wp","href":"https:\/\/api.w.org\/{rel}","templated":true}]}}