{"id":7226,"date":"2018-09-12T09:32:53","date_gmt":"2018-09-12T08:32:53","guid":{"rendered":"https:\/\/euricse.staging.hgblu.com\/?p=7226"},"modified":"2018-09-12T15:08:15","modified_gmt":"2018-09-12T14:08:15","slug":"oltre-il-business-per-generare-valore-sociale","status":"publish","type":"post","link":"https:\/\/euricse.eu\/it\/oltre-il-business-per-generare-valore-sociale\/","title":{"rendered":"&#8220;Oltre il business per generare valore sociale&#8221;"},"content":{"rendered":"<p><em>Serena Porcari (Fondazione Dynamo): &#8220;L&#8217;Oasi? Un bene privato che diventa comune&#8221;<\/em><\/p>\n<p>&nbsp;<\/p>\n<p>L\u2019incontro, teso e proteso alla definizione di una congiunzione ideale, era nell\u2019aria da tempo. \u201cSiamo espressioni diverse e complementari del Terzo settore \u2013 spiega Gianluca Salvatori, segretario generale di Euricse &#8211; Non ci accontentiamo di risposte scontate. Ci sforziamo di sperimentare percorsi nuovi\u201d. Cos\u00ec \u00e8 stato. Euricse, <a href=\"http:\/\/www.labsus.org\/\">Labsus-Laboratorio per la sussidiariet\u00e0<\/a>, che con l\u2019Universit\u00e0 di Trento hanno fondato <a href=\"https:\/\/www.sibec.eu\/\">SIBEC<\/a>, e Dynamo Academy sono oggi fianco a fianco, simbolicamente e formalmente. Dal 17 al 20 ottobre, la collaborazione si tradurr\u00e0 nel primo laboratorio intensivo dedicato alla gestione dei beni comuni. Si tratta di <a href=\"https:\/\/euricse.eu\/it\/sibec-lab-corso-intensivo-per-gestire-i-beni-comuni\/\">SIBEC Lab<\/a>, un campus rivolto a funzionari, professionisti, imprese e cittadini attivi intenzionati ad affinare strumenti \u2013 teorici, pratici e manageriali insieme \u2013 utili per rigenerare spazi a rischio disuso. Tuttavia ancora fertili. Tuttavia ancora disponibili a essere restituiti alla collettivit\u00e0, arricchiti nel potenziale che poi sar\u00e0 riversato sulla comunit\u00e0. Ma non \u00e8 tutto. A ospitare le lezioni di SIBEC Lab sar\u00e0 un luogo che fa piena sintesi delle virt\u00f9 contagiose della rigenerazione: l\u2019Oasi Dynamo, propriet\u00e0 di circa 1.200 ettari in ambiente preappenninico nel Comune di San Marcello Piteglio. \u201cUn luogo in cui ogni giorno si praticano conservazione, ricerca e sostenibilit\u00e0 ambientale\u201d, spiega <strong>Serena Porcari<\/strong>, amministratore delegato di <a href=\"http:\/\/www.fondazionedynamo.org\/\"><strong>Fondazione Dynamo<\/strong><\/a>, a cui fanno capo Dynamo Camp, Dynamo Academy e Oasi Dynamo. Ancora: ad amplificare la gettata positiva del percorso c\u2019\u00e8 la partnership con Dynamo Academy, in prima linea nella diffusione di un approccio orientato alla Corporate Philantropy. Perch\u00e9 \u2013 spiega Dynamo a questo proposito &#8211; \u201cSaper guardare oltre il business significa proiettarsi verso una cultura orientata all\u2019innovazione, scegliere un futuro comune e generare valore sociale\u201d.<\/p>\n<p><!--more--><\/p>\n<p><strong>Serena Porcari, quindi SIBEC Lab e pi\u00f9 in generale la gestione dei beni comuni diventano spazio in cui Euricse, Labsus e Dynamo Academy s\u2019incontrano?<\/strong><\/p>\n<p>\u201cS\u00ec. Tra le missioni di Dynamo Academy c\u2019\u00e8 la necessit\u00e0 di portare l\u2019esperienza delle imprese sociali, unite all\u2019impatto del gruppo Dynamo, a un gruppo di aziende e professionisti: noi lavoriamo su tutti i temi che conducono e aiutano le imprese ad agire per il bene comune. Questo \u00e8 per noi un riferimento costante. Le nostre attivit\u00e0 esperienziali e formative si ispirano al modello della<\/p>\n<p>Terapia Ricreativa, ovvero l\u2019approccio metodologico e valoriale alla base della filosofia di Dynamo Camp. Dynamo Academy diffonde e amplifica questo concetto: lo fa proponendo un modello aziendale innovativo. SIBEC Lab e il corso sulla gestione dei beni comuni, con queste premesse \u00e8 perfettamente coerente\u201d.<img loading=\"lazy\" decoding=\"async\" class=\"alignright size-medium wp-image-7157\" src=\"https:\/\/euricse.eu\/wp-content\/uploads\/2018\/08\/Oasi-Dynamo-2-300x200.jpg\" alt=\"\" width=\"300\" height=\"200\" \/><\/p>\n<p><strong>E l&#8217;Oasi Dynamo, che ospiter\u00e0 il corso intensivo, che significato ha?<\/strong><\/p>\n<p>\u201c\u00c8 un luogo simbolico, esempio di trasformazione di un bene privato che diventa bene comune. Affiliata WWF, l&#8217;Oasi Dynamo \u00e8 oggi societ\u00e0 agricola di conservazione e aprir\u00e0 le sue porte per imparare, nuovamente, a gestire i beni comuni. Ora la sfida \u00e8 avviare un moto culturale, far capire agli interlocutori ideali l&#8217;importanza di approfondire questo tema\u201d.<\/p>\n<p><strong>Gestire un bene comune significa rigenerare un luogo e uno spazio attraverso progetti che siano a loro volta inclusivi, ma significa anche generare occupazione, nuova imprenditorialit\u00e0. Quali sono, a suo avviso, i margini di sviluppo? <\/strong><\/p>\n<p>\u201cLa nostra esperienza ci dimostra che i servizi verso la comunit\u00e0 richiedono persone che, in questo caso, restano insostituibili. Il valore dell&#8217;occupazione cresce di pari passo con l&#8217;impatto sociale che si riesce a generare e lo si amplifica aumentando volontari, bambini, famiglie. Un&#8217;equazione che s&#8217;\u00e8 verificata con Dynamo Camp e che avverr\u00e0 per l&#8217;impresa agricola\u201d.<\/p>\n<p><strong>L&#8217;associazione Dynamo Camp \u00e8 stata fondata nel 2007, undici anni fa, e nel tempo ha amplificato numeri e servizi. Come si innova pur mantenendo la filosofia delle origini?<\/strong><\/p>\n<p>\u201cNoi abbiamo imparato che non si deve inventare nulla: \u00e8 necessario essere aperti al mondo, curiosi, saper cogliere l\u2019ispirazione giusta e provare ad applicarla. La nostra \u00e8 innovazione di prodotto e processo, certo, ma sempre generata da un&#8217;apertura continua verso l\u2019esterno. Ed \u00e8 per questo che si rivela contemporanea. La nostra indipendenza nella raccolta fondi ci permette di poter trovare e poter provare stimoli nuovi. Ecco perch\u00e9 dai servizi rivolti ai bambini prima e alle famiglie poi, siamo arrivati fino alla conservazione della natura.\u00a0 Innovazione \u00e8 anticipazione, declinare una buna esperienza teorica con la concretezza della realt\u00e0: cos\u00ec si pu\u00f2 fare la differenza\u201d.<\/p>\n<hr \/>\n<h2 style=\"text-align: center;\"><span style=\"color: #008000;\"><strong>Il programma di SIBEC LAB<\/strong><\/span><\/h2>\n<p style=\"text-align: center;\"><strong>Mercoled\u00ec 17 ottobre<\/strong><\/p>\n<p style=\"text-align: center;\"><em>Introduzione<\/em><\/p>\n<p style=\"text-align: center;\">Maria Serena Porcari (Dynamo Academy); Gianluca Salvatori (Euricse); Daniela Ciaffi (Labsus)<\/p>\n<p style=\"text-align: center;\">Keynote 1 |\u00a0<strong>InnovAzione con i beni comuni<\/strong>, Daniela Ciaffi (Labsus) e Flaviano Zandonai (Euricse)<\/p>\n<p style=\"text-align: center;\">Project work nei gruppi di lavoro<\/p>\n<p style=\"text-align: center;\">Laboratorio 1 | Costruire comunit\u00e0 intraprendenti, Daniela Ciaffi (Labsus)<\/p>\n<p style=\"text-align: center;\"><strong>Gioved\u00ec 18 ottobre<\/strong><\/p>\n<p style=\"text-align: center;\">Keynote 2 |\u00a0<strong>Risorse e finanziamenti<\/strong>, Anna Fasano (Banca Etica)<\/p>\n<p style=\"text-align: center;\">Project work nei gruppi di lavoro<\/p>\n<p style=\"text-align: center;\">Keynote 3 |<strong>\u00a0Beni comuni, che impresa!\u00a0<\/strong>Francesca Ricciardi (Universit\u00e0 degli Studi di Torino)<\/p>\n<p style=\"text-align: center;\"><strong>Venerd\u00ec 19 ottobre<\/strong><\/p>\n<p style=\"text-align: center;\">Laboratorio 2 | Il management dei beni comuni, Flaviano Zandonai (Euricse)<\/p>\n<p style=\"text-align: center;\">Project work nei gruppi di lavoro<\/p>\n<p style=\"text-align: center;\">Laboratorio 3 | Comunicare i beni comuni, Elena Taverna (Labsus)<\/p>\n<p style=\"text-align: center;\"><strong>Sabato 20 ottobre<\/strong><\/p>\n<p style=\"text-align: center;\">Presentazione dei project work e opinione della giuria di esperti<\/p>\n<p style=\"text-align: center;\">Tutor dei gruppi di lavoro: Daniela Ciaffi, Gianluca Salvatori, Elena Taverna, Flaviano Zandonai<\/p>\n<h2><\/h2>\n<h2 style=\"text-align: center;\"><span style=\"color: #008000;\"><strong>Come iscriversi a Sibec LAB?<\/strong><\/span><\/h2>\n<p style=\"text-align: center;\">Per aderire \u00e8 sufficiente compilare il <a href=\"https:\/\/www.sibec.eu\/sibec-lab\/\">modulo<\/a> disponibile online. I partecipanti al Campus saranno selezionati tra coloro che possiedono una conoscenza di base sufficiente del tema \u201cgestione condivisa dei Beni Comuni\u201d.<\/p>\n<p style=\"text-align: center;\">La quota di iscrizione \u00e8 di 750 euro + IVA (dove dovuta). La quota comprende vitto e alloggio all\u2019Oasi Dynamo, ma non comprende i costi relativi alle spese di viaggio.<\/p>\n<p style=\"text-align: center;\">\n","protected":false},"excerpt":{"rendered":"<p>Serena Porcari (Fondazione Dynamo): &#8220;L&#8217;Oasi? Un bene privato che diventa comune&#8221; &nbsp; L\u2019incontro, teso e proteso alla definizione di una congiunzione ideale, era nell\u2019aria da tempo. \u201cSiamo espressioni diverse e complementari del Terzo settore \u2013 spiega Gianluca Salvatori, segretario generale di Euricse &#8211; Non ci accontentiamo di risposte scontate. Ci sforziamo di sperimentare percorsi nuovi\u201d. [&hellip;]<\/p>\n","protected":false},"author":30,"featured_media":7227,"comment_status":"open","ping_status":"closed","sticky":false,"template":"","format":"standard","meta":{"_acf_changed":false,"episode_type":"","audio_file":"","cover_image":"","cover_image_id":"","duration":"","filesize":"","date_recorded":"","explicit":"","block":"","itunes_episode_number":"","itunes_title":"","itunes_season_number":"","itunes_episode_type":"","filesize_raw":"","footnotes":""},"categories":[17,257],"tags":[123,263],"class_list":["post-7226","post","type-post","status-publish","format-standard","has-post-thumbnail","hentry","category-news-it","category-press-it","tag-beni-comuni","tag-sibec"],"acf":[],"yoast_head":"<!-- This site is optimized with the Yoast SEO plugin v26.1.1 - https:\/\/yoast.com\/wordpress\/plugins\/seo\/ -->\n<title>&quot;Oltre il business per generare valore sociale&quot; - Euricse<\/title>\n<meta name=\"robots\" content=\"index, follow, max-snippet:-1, max-image-preview:large, max-video-preview:-1\" \/>\n<link rel=\"canonical\" href=\"https:\/\/euricse.eu\/it\/oltre-il-business-per-generare-valore-sociale\/\" \/>\n<meta property=\"og:locale\" content=\"it_IT\" \/>\n<meta property=\"og:type\" content=\"article\" \/>\n<meta property=\"og:title\" content=\"&quot;Oltre il business per generare valore sociale&quot; - Euricse\" \/>\n<meta property=\"og:description\" content=\"Serena Porcari (Fondazione Dynamo): &#8220;L&#8217;Oasi? Un bene privato che diventa comune&#8221; &nbsp; L\u2019incontro, teso e proteso alla definizione di una congiunzione ideale, era nell\u2019aria da tempo. \u201cSiamo espressioni diverse e complementari del Terzo settore \u2013 spiega Gianluca Salvatori, segretario generale di Euricse &#8211; Non ci accontentiamo di risposte scontate. Ci sforziamo di sperimentare percorsi nuovi\u201d. [&hellip;]\" \/>\n<meta property=\"og:url\" content=\"https:\/\/euricse.eu\/it\/oltre-il-business-per-generare-valore-sociale\/\" \/>\n<meta property=\"og:site_name\" content=\"Euricse\" \/>\n<meta property=\"article:published_time\" content=\"2018-09-12T08:32:53+00:00\" \/>\n<meta property=\"article:modified_time\" content=\"2018-09-12T14:08:15+00:00\" \/>\n<meta property=\"og:image\" content=\"https:\/\/euricse.eu\/wp-content\/uploads\/2018\/09\/Serena-Porcari-e1536741125108.jpg\" \/>\n\t<meta property=\"og:image:width\" content=\"1097\" \/>\n\t<meta property=\"og:image:height\" content=\"583\" \/>\n\t<meta property=\"og:image:type\" content=\"image\/jpeg\" \/>\n<meta name=\"author\" content=\"redazione\" \/>\n<meta name=\"twitter:card\" content=\"summary_large_image\" \/>\n<meta name=\"twitter:label1\" content=\"Scritto da\" \/>\n\t<meta name=\"twitter:data1\" content=\"redazione\" \/>\n\t<meta name=\"twitter:label2\" content=\"Tempo di lettura stimato\" \/>\n\t<meta name=\"twitter:data2\" content=\"4 minuti\" \/>\n<script type=\"application\/ld+json\" class=\"yoast-schema-graph\">{\"@context\":\"https:\/\/schema.org\",\"@graph\":[{\"@type\":\"WebPage\",\"@id\":\"https:\/\/euricse.eu\/it\/oltre-il-business-per-generare-valore-sociale\/\",\"url\":\"https:\/\/euricse.eu\/it\/oltre-il-business-per-generare-valore-sociale\/\",\"name\":\"\\\"Oltre il business per generare valore sociale\\\" - Euricse\",\"isPartOf\":{\"@id\":\"https:\/\/euricse.eu\/en\/#website\"},\"primaryImageOfPage\":{\"@id\":\"https:\/\/euricse.eu\/it\/oltre-il-business-per-generare-valore-sociale\/#primaryimage\"},\"image\":{\"@id\":\"https:\/\/euricse.eu\/it\/oltre-il-business-per-generare-valore-sociale\/#primaryimage\"},\"thumbnailUrl\":\"https:\/\/euricse.eu\/wp-content\/uploads\/2018\/09\/Serena-Porcari-e1536741125108.jpg\",\"datePublished\":\"2018-09-12T08:32:53+00:00\",\"dateModified\":\"2018-09-12T14:08:15+00:00\",\"author\":{\"@id\":\"https:\/\/euricse.eu\/en\/#\/schema\/person\/46be9426d76e3114ba478b69f3d8040b\"},\"breadcrumb\":{\"@id\":\"https:\/\/euricse.eu\/it\/oltre-il-business-per-generare-valore-sociale\/#breadcrumb\"},\"inLanguage\":\"it-IT\",\"potentialAction\":[{\"@type\":\"ReadAction\",\"target\":[\"https:\/\/euricse.eu\/it\/oltre-il-business-per-generare-valore-sociale\/\"]}]},{\"@type\":\"ImageObject\",\"inLanguage\":\"it-IT\",\"@id\":\"https:\/\/euricse.eu\/it\/oltre-il-business-per-generare-valore-sociale\/#primaryimage\",\"url\":\"https:\/\/euricse.eu\/wp-content\/uploads\/2018\/09\/Serena-Porcari-e1536741125108.jpg\",\"contentUrl\":\"https:\/\/euricse.eu\/wp-content\/uploads\/2018\/09\/Serena-Porcari-e1536741125108.jpg\",\"width\":1097,\"height\":583,\"caption\":\"ROMA 09-05-17 AL CIRCOLO ANIENE PRESENTAZIONE DELLA DUE GIORNI DI SPORT TEAM CHALLENGE 2017 DELLA ASSOCIAZIONE DYNAMO CAMP ONLUS CON GIOVANNI MALAGO',MARIA SERENA PORCARI\"},{\"@type\":\"BreadcrumbList\",\"@id\":\"https:\/\/euricse.eu\/it\/oltre-il-business-per-generare-valore-sociale\/#breadcrumb\",\"itemListElement\":[{\"@type\":\"ListItem\",\"position\":1,\"name\":\"Home\",\"item\":\"https:\/\/euricse.eu\/it\/\"},{\"@type\":\"ListItem\",\"position\":2,\"name\":\"&#8220;Oltre il business per generare valore sociale&#8221;\"}]},{\"@type\":\"WebSite\",\"@id\":\"https:\/\/euricse.eu\/en\/#website\",\"url\":\"https:\/\/euricse.eu\/en\/\",\"name\":\"Euricse\",\"description\":\"Knowledge and innovation for cooperative and social enterprises.\",\"potentialAction\":[{\"@type\":\"SearchAction\",\"target\":{\"@type\":\"EntryPoint\",\"urlTemplate\":\"https:\/\/euricse.eu\/en\/?s={search_term_string}\"},\"query-input\":{\"@type\":\"PropertyValueSpecification\",\"valueRequired\":true,\"valueName\":\"search_term_string\"}}],\"inLanguage\":\"it-IT\"},{\"@type\":\"Person\",\"@id\":\"https:\/\/euricse.eu\/en\/#\/schema\/person\/46be9426d76e3114ba478b69f3d8040b\",\"name\":\"redazione\",\"image\":{\"@type\":\"ImageObject\",\"inLanguage\":\"it-IT\",\"@id\":\"https:\/\/euricse.eu\/en\/#\/schema\/person\/image\/\",\"url\":\"https:\/\/secure.gravatar.com\/avatar\/d1e5fb76fa001722a0822f32de0a8935d9c7a01b0f055f16dc71df73252c3c50?s=96&d=mm&r=g\",\"contentUrl\":\"https:\/\/secure.gravatar.com\/avatar\/d1e5fb76fa001722a0822f32de0a8935d9c7a01b0f055f16dc71df73252c3c50?s=96&d=mm&r=g\",\"caption\":\"redazione\"},\"url\":\"https:\/\/euricse.eu\/it\/author\/marikadmin\/\"}]}<\/script>\n<!-- \/ Yoast SEO plugin. -->","yoast_head_json":{"title":"\"Oltre il business per generare valore sociale\" - Euricse","robots":{"index":"index","follow":"follow","max-snippet":"max-snippet:-1","max-image-preview":"max-image-preview:large","max-video-preview":"max-video-preview:-1"},"canonical":"https:\/\/euricse.eu\/it\/oltre-il-business-per-generare-valore-sociale\/","og_locale":"it_IT","og_type":"article","og_title":"\"Oltre il business per generare valore sociale\" - Euricse","og_description":"Serena Porcari (Fondazione Dynamo): &#8220;L&#8217;Oasi? Un bene privato che diventa comune&#8221; &nbsp; L\u2019incontro, teso e proteso alla definizione di una congiunzione ideale, era nell\u2019aria da tempo. \u201cSiamo espressioni diverse e complementari del Terzo settore \u2013 spiega Gianluca Salvatori, segretario generale di Euricse &#8211; Non ci accontentiamo di risposte scontate. Ci sforziamo di sperimentare percorsi nuovi\u201d. [&hellip;]","og_url":"https:\/\/euricse.eu\/it\/oltre-il-business-per-generare-valore-sociale\/","og_site_name":"Euricse","article_published_time":"2018-09-12T08:32:53+00:00","article_modified_time":"2018-09-12T14:08:15+00:00","og_image":[{"width":1097,"height":583,"url":"https:\/\/euricse.eu\/wp-content\/uploads\/2018\/09\/Serena-Porcari-e1536741125108.jpg","type":"image\/jpeg"}],"author":"redazione","twitter_card":"summary_large_image","twitter_misc":{"Scritto da":"redazione","Tempo di lettura stimato":"4 minuti"},"schema":{"@context":"https:\/\/schema.org","@graph":[{"@type":"WebPage","@id":"https:\/\/euricse.eu\/it\/oltre-il-business-per-generare-valore-sociale\/","url":"https:\/\/euricse.eu\/it\/oltre-il-business-per-generare-valore-sociale\/","name":"\"Oltre il business per generare valore sociale\" - Euricse","isPartOf":{"@id":"https:\/\/euricse.eu\/en\/#website"},"primaryImageOfPage":{"@id":"https:\/\/euricse.eu\/it\/oltre-il-business-per-generare-valore-sociale\/#primaryimage"},"image":{"@id":"https:\/\/euricse.eu\/it\/oltre-il-business-per-generare-valore-sociale\/#primaryimage"},"thumbnailUrl":"https:\/\/euricse.eu\/wp-content\/uploads\/2018\/09\/Serena-Porcari-e1536741125108.jpg","datePublished":"2018-09-12T08:32:53+00:00","dateModified":"2018-09-12T14:08:15+00:00","author":{"@id":"https:\/\/euricse.eu\/en\/#\/schema\/person\/46be9426d76e3114ba478b69f3d8040b"},"breadcrumb":{"@id":"https:\/\/euricse.eu\/it\/oltre-il-business-per-generare-valore-sociale\/#breadcrumb"},"inLanguage":"it-IT","potentialAction":[{"@type":"ReadAction","target":["https:\/\/euricse.eu\/it\/oltre-il-business-per-generare-valore-sociale\/"]}]},{"@type":"ImageObject","inLanguage":"it-IT","@id":"https:\/\/euricse.eu\/it\/oltre-il-business-per-generare-valore-sociale\/#primaryimage","url":"https:\/\/euricse.eu\/wp-content\/uploads\/2018\/09\/Serena-Porcari-e1536741125108.jpg","contentUrl":"https:\/\/euricse.eu\/wp-content\/uploads\/2018\/09\/Serena-Porcari-e1536741125108.jpg","width":1097,"height":583,"caption":"ROMA 09-05-17 AL CIRCOLO ANIENE PRESENTAZIONE DELLA DUE GIORNI DI SPORT TEAM CHALLENGE 2017 DELLA ASSOCIAZIONE DYNAMO CAMP ONLUS CON GIOVANNI MALAGO',MARIA SERENA PORCARI"},{"@type":"BreadcrumbList","@id":"https:\/\/euricse.eu\/it\/oltre-il-business-per-generare-valore-sociale\/#breadcrumb","itemListElement":[{"@type":"ListItem","position":1,"name":"Home","item":"https:\/\/euricse.eu\/it\/"},{"@type":"ListItem","position":2,"name":"&#8220;Oltre il business per generare valore sociale&#8221;"}]},{"@type":"WebSite","@id":"https:\/\/euricse.eu\/en\/#website","url":"https:\/\/euricse.eu\/en\/","name":"Euricse","description":"Knowledge and innovation for cooperative and social enterprises.","potentialAction":[{"@type":"SearchAction","target":{"@type":"EntryPoint","urlTemplate":"https:\/\/euricse.eu\/en\/?s={search_term_string}"},"query-input":{"@type":"PropertyValueSpecification","valueRequired":true,"valueName":"search_term_string"}}],"inLanguage":"it-IT"},{"@type":"Person","@id":"https:\/\/euricse.eu\/en\/#\/schema\/person\/46be9426d76e3114ba478b69f3d8040b","name":"redazione","image":{"@type":"ImageObject","inLanguage":"it-IT","@id":"https:\/\/euricse.eu\/en\/#\/schema\/person\/image\/","url":"https:\/\/secure.gravatar.com\/avatar\/d1e5fb76fa001722a0822f32de0a8935d9c7a01b0f055f16dc71df73252c3c50?s=96&d=mm&r=g","contentUrl":"https:\/\/secure.gravatar.com\/avatar\/d1e5fb76fa001722a0822f32de0a8935d9c7a01b0f055f16dc71df73252c3c50?s=96&d=mm&r=g","caption":"redazione"},"url":"https:\/\/euricse.eu\/it\/author\/marikadmin\/"}]}},"_links":{"self":[{"href":"https:\/\/euricse.eu\/it\/wp-json\/wp\/v2\/posts\/7226","targetHints":{"allow":["GET"]}}],"collection":[{"href":"https:\/\/euricse.eu\/it\/wp-json\/wp\/v2\/posts"}],"about":[{"href":"https:\/\/euricse.eu\/it\/wp-json\/wp\/v2\/types\/post"}],"author":[{"embeddable":true,"href":"https:\/\/euricse.eu\/it\/wp-json\/wp\/v2\/users\/30"}],"replies":[{"embeddable":true,"href":"https:\/\/euricse.eu\/it\/wp-json\/wp\/v2\/comments?post=7226"}],"version-history":[{"count":0,"href":"https:\/\/euricse.eu\/it\/wp-json\/wp\/v2\/posts\/7226\/revisions"}],"wp:featuredmedia":[{"embeddable":true,"href":"https:\/\/euricse.eu\/it\/wp-json\/wp\/v2\/media\/7227"}],"wp:attachment":[{"href":"https:\/\/euricse.eu\/it\/wp-json\/wp\/v2\/media?parent=7226"}],"wp:term":[{"taxonomy":"category","embeddable":true,"href":"https:\/\/euricse.eu\/it\/wp-json\/wp\/v2\/categories?post=7226"},{"taxonomy":"post_tag","embeddable":true,"href":"https:\/\/euricse.eu\/it\/wp-json\/wp\/v2\/tags?post=7226"}],"curies":[{"name":"wp","href":"https:\/\/api.w.org\/{rel}","templated":true}]}}