{"id":7269,"date":"2018-09-14T12:10:22","date_gmt":"2018-09-14T11:10:22","guid":{"rendered":"https:\/\/euricse.staging.hgblu.com\/?p=7269"},"modified":"2018-09-14T12:10:22","modified_gmt":"2018-09-14T11:10:22","slug":"da-social-street-a-social-state-non-accontentiamoci-piu","status":"publish","type":"post","link":"https:\/\/euricse.eu\/it\/da-social-street-a-social-state-non-accontentiamoci-piu\/","title":{"rendered":"&#8220;Da Social street a Social state: non accontentiamoci pi\u00f9&#8221;"},"content":{"rendered":"<p align=\"JUSTIFY\"><em>Salvatori al WIS: &#8220;Il Terzo settore torni a essere motore di cambiamento sociale e politico&#8221;<\/em><\/p>\n<p align=\"JUSTIFY\">\n<p align=\"JUSTIFY\"><span style=\"font-family: Calibri, sans-serif;\">Quella di Gianluca Salvatori, alla fine, \u00e8 un&#8217;esortazione accorata. Un appello rivolto al Terzo Settore nel suo insieme, affinch\u00e9 superi i confini minuti della piccola scala e ambisca piuttosto a elevare la propria azione di elaborazione, progettazione e innovazione al centro del dibattito, verso un cambiamento collettivo, sociale e politico insieme. Scrollandosi di dosso la rassegnazione, l&#8217;assuefazione alla posizione laterale. \u201cE accettando, cos\u00ec, di occuparci non pi\u00f9 e non solo di Social street, ma di Social state\u201d, sintetizza il segretario generale di Euricse. Un moto di responsabilit\u00e0 che, nelle parole di Salvatori, si emancipa dalla tendenza, emersa negli ultimi decenni, \u201cche rischia altrimenti di mettere in sordina le capacit\u00e0 di un movimento\u201d.<\/span><\/p>\n<p align=\"JUSTIFY\"><!--more--><\/p>\n<p align=\"JUSTIFY\"><span style=\"font-family: Calibri, sans-serif;\">E&#8217; da qui, ovvero dall&#8217;urgenza di partecipare alla costruzione di un processo d&#8217;innovazione sociale, che, a Riva del Garda, s&#8217;\u00e8 avviata la sessione conclusiva del Workshop sull&#8217;Impresa Sociale (WIS). L&#8217;incontro, inaugurato dalla riflessione di Gianluca Salvatori e dedicato al processo di <em>Capacity building<\/em>, non ha risparmiato la disamina delle problematicit\u00e0 di oggi. \u201cPer un centro di ricerca come Euricse \u00e8 necessario partire da qui: dall&#8217;identificazione della questione, del tema e del percorso da seguire\u201d ha<img loading=\"lazy\" decoding=\"async\" class=\"alignright size-medium wp-image-7270\" src=\"https:\/\/euricse.eu\/wp-content\/uploads\/2018\/09\/wis-salvatori-300x225.jpg\" alt=\"\" width=\"300\" height=\"225\" \/> esordito Salvatori, che ha ricordato il contesto in cui s&#8217;\u00e8 affermata la cooperazione sociale in Italia. \u201cCulture e visioni etiche, ispirazioni religiose, valori e idee robuste, negli anni Ottanta hanno incontrato un muro roccioso che impediva loro di tradursi in azione politica \u2013 ha spiegato &#8211; Una generazione di persone formate, specializzate e motivate, si sono cos\u00ec trovate dinnanzi all&#8217;impraticabilit\u00e0 del terreno su cui le loro idee potevano innestarsi prima e manifestarsi in azione poi\u201d.<\/span><\/p>\n<p align=\"JUSTIFY\"><span style=\"font-family: Calibri, sans-serif;\">Uno steccato poi superato: \u201cLa nascita della cooperazione sociale ha avuto anche questa capacit\u00e0: rispondere all&#8217;impraticabilit\u00e0 della traduzione delle idee in azione politica \u2013 ha detto il segretario di Euricse &#8211; Passione ed energia delle idee sono state cos\u00ec profuse e diffuse via via\u201d. Tuttavia, ha continuato Salvatori, \u201cla sospensione della percorribilit\u00e0 politica oggi non \u00e8 pi\u00f9 transitoria, si \u00e8 cronicizzata\u201d. Ancora: \u201cLa cooperazione, intesa come temporaneo bypass per costruire gli argomenti all&#8217;origine dello sviluppo di impegno politico e civile, \u00e8 diventata condizione permanente\u201d.<\/span><\/p>\n<p align=\"JUSTIFY\"><span style=\"font-family: Calibri, sans-serif;\">Qual \u00e8, ad oggi, l&#8217;esito di tale processo? \u201cLa dimensione dell&#8217;innovazione sociale sembra non ambire pi\u00f9 a essere motore di cambiamento politico e sociale \u2013 ha detto Salvatori &#8211; si accontenta di Social street e non di governare il Paese. E&#8217; laboratorio di sperimentazioni, certo, ma poi accetta che queste sperimentazioni siano estese e immesse nel mercato da soggetti che hanno scopo il lucro\u201d. Una tendenza ad auto-arginarsi in piccola scala, si potrebbe dire. \u201cE questa assuefazione \u2013 ha rimarcato ancora Salvatori &#8211; la dice lunga sul percorso degli ultimi 30 anni di un movimento che ha via via ha messo in sordina la propria capacit\u00e0 di fare sintesi, scegliendo piuttosto il presidio dell&#8217;immediato\u201d. Micro-cambiamenti, dunque, anzich\u00e9 \u201cpensare in grande e diventare luogo in cui si promuovono spunti per il governo del Paese\u201d.<\/span><\/p>\n<p align=\"JUSTIFY\"><span style=\"font-family: Calibri, sans-serif;\">Misurarsi con l&#8217;ampiezza di una responsabilit\u00e0, ben pi\u00f9 ampia e ben pi\u00f9 profonda della piccola scala, significa allora rimettersi al centro del dibattito pubblico. \u201cEssere parte del Terzo Settore non si consuma collocandoci tra Stato e mercato \u2013 ha spiegato Salvatori &#8211; Dobbiamo collocarci anche tra una visione della societ\u00e0 individualista, frammentata, incapace di elaborare visione, e tra il governo dei pochi: abbiamo una responsabilit\u00e0 intellettuale ma non ne siamo interamente consapevoli\u201d. Cosa fare, allora? \u201cAccettare di occuparci non solo di Social street, ma anche e soprattutto di Social state\u201d.<\/span><\/p>\n","protected":false},"excerpt":{"rendered":"<p>Salvatori al WIS: &#8220;Il Terzo settore torni a essere motore di cambiamento sociale e politico&#8221; Quella di Gianluca Salvatori, alla fine, \u00e8 un&#8217;esortazione accorata. Un appello rivolto al Terzo Settore nel suo insieme, affinch\u00e9 superi i confini minuti della piccola scala e ambisca piuttosto a elevare la propria azione di elaborazione, progettazione e innovazione al [&hellip;]<\/p>\n","protected":false},"author":30,"featured_media":7272,"comment_status":"open","ping_status":"closed","sticky":false,"template":"","format":"standard","meta":{"_acf_changed":false,"episode_type":"","audio_file":"","cover_image":"","cover_image_id":"","duration":"","filesize":"","date_recorded":"","explicit":"","block":"","itunes_episode_number":"","itunes_title":"","itunes_season_number":"","itunes_episode_type":"","filesize_raw":"","footnotes":""},"categories":[17,257],"tags":[],"class_list":["post-7269","post","type-post","status-publish","format-standard","has-post-thumbnail","hentry","category-news-it","category-press-it"],"acf":[],"yoast_head":"<!-- This site is optimized with the Yoast SEO plugin v26.1.1 - https:\/\/yoast.com\/wordpress\/plugins\/seo\/ -->\n<title>&quot;Da Social street a Social state: non accontentiamoci pi\u00f9&quot; - Euricse<\/title>\n<meta name=\"robots\" content=\"index, follow, max-snippet:-1, max-image-preview:large, max-video-preview:-1\" \/>\n<link rel=\"canonical\" href=\"https:\/\/euricse.eu\/it\/da-social-street-a-social-state-non-accontentiamoci-piu\/\" \/>\n<meta property=\"og:locale\" content=\"it_IT\" \/>\n<meta property=\"og:type\" content=\"article\" \/>\n<meta property=\"og:title\" content=\"&quot;Da Social street a Social state: non accontentiamoci pi\u00f9&quot; - Euricse\" \/>\n<meta property=\"og:description\" content=\"Salvatori al WIS: &#8220;Il Terzo settore torni a essere motore di cambiamento sociale e politico&#8221; Quella di Gianluca Salvatori, alla fine, \u00e8 un&#8217;esortazione accorata. Un appello rivolto al Terzo Settore nel suo insieme, affinch\u00e9 superi i confini minuti della piccola scala e ambisca piuttosto a elevare la propria azione di elaborazione, progettazione e innovazione al [&hellip;]\" \/>\n<meta property=\"og:url\" content=\"https:\/\/euricse.eu\/it\/da-social-street-a-social-state-non-accontentiamoci-piu\/\" \/>\n<meta property=\"og:site_name\" content=\"Euricse\" \/>\n<meta property=\"article:published_time\" content=\"2018-09-14T11:10:22+00:00\" \/>\n<meta property=\"og:image\" content=\"https:\/\/euricse.eu\/wp-content\/uploads\/2018\/09\/wis-salvatori-1-e1536922968143.jpg\" \/>\n\t<meta property=\"og:image:width\" content=\"1200\" \/>\n\t<meta property=\"og:image:height\" content=\"900\" \/>\n\t<meta property=\"og:image:type\" content=\"image\/jpeg\" \/>\n<meta name=\"author\" content=\"redazione\" \/>\n<meta name=\"twitter:card\" content=\"summary_large_image\" \/>\n<meta name=\"twitter:label1\" content=\"Scritto da\" \/>\n\t<meta name=\"twitter:data1\" content=\"redazione\" \/>\n\t<meta name=\"twitter:label2\" content=\"Tempo di lettura stimato\" \/>\n\t<meta name=\"twitter:data2\" content=\"3 minuti\" \/>\n<script type=\"application\/ld+json\" class=\"yoast-schema-graph\">{\"@context\":\"https:\/\/schema.org\",\"@graph\":[{\"@type\":\"WebPage\",\"@id\":\"https:\/\/euricse.eu\/it\/da-social-street-a-social-state-non-accontentiamoci-piu\/\",\"url\":\"https:\/\/euricse.eu\/it\/da-social-street-a-social-state-non-accontentiamoci-piu\/\",\"name\":\"\\\"Da Social street a Social state: non accontentiamoci pi\u00f9\\\" - Euricse\",\"isPartOf\":{\"@id\":\"https:\/\/euricse.eu\/en\/#website\"},\"primaryImageOfPage\":{\"@id\":\"https:\/\/euricse.eu\/it\/da-social-street-a-social-state-non-accontentiamoci-piu\/#primaryimage\"},\"image\":{\"@id\":\"https:\/\/euricse.eu\/it\/da-social-street-a-social-state-non-accontentiamoci-piu\/#primaryimage\"},\"thumbnailUrl\":\"https:\/\/euricse.eu\/wp-content\/uploads\/2018\/09\/wis-salvatori-1-e1536922968143.jpg\",\"datePublished\":\"2018-09-14T11:10:22+00:00\",\"author\":{\"@id\":\"https:\/\/euricse.eu\/en\/#\/schema\/person\/46be9426d76e3114ba478b69f3d8040b\"},\"breadcrumb\":{\"@id\":\"https:\/\/euricse.eu\/it\/da-social-street-a-social-state-non-accontentiamoci-piu\/#breadcrumb\"},\"inLanguage\":\"it-IT\",\"potentialAction\":[{\"@type\":\"ReadAction\",\"target\":[\"https:\/\/euricse.eu\/it\/da-social-street-a-social-state-non-accontentiamoci-piu\/\"]}]},{\"@type\":\"ImageObject\",\"inLanguage\":\"it-IT\",\"@id\":\"https:\/\/euricse.eu\/it\/da-social-street-a-social-state-non-accontentiamoci-piu\/#primaryimage\",\"url\":\"https:\/\/euricse.eu\/wp-content\/uploads\/2018\/09\/wis-salvatori-1-e1536922968143.jpg\",\"contentUrl\":\"https:\/\/euricse.eu\/wp-content\/uploads\/2018\/09\/wis-salvatori-1-e1536922968143.jpg\",\"width\":1200,\"height\":900},{\"@type\":\"BreadcrumbList\",\"@id\":\"https:\/\/euricse.eu\/it\/da-social-street-a-social-state-non-accontentiamoci-piu\/#breadcrumb\",\"itemListElement\":[{\"@type\":\"ListItem\",\"position\":1,\"name\":\"Home\",\"item\":\"https:\/\/euricse.eu\/it\/\"},{\"@type\":\"ListItem\",\"position\":2,\"name\":\"&#8220;Da Social street a Social state: non accontentiamoci pi\u00f9&#8221;\"}]},{\"@type\":\"WebSite\",\"@id\":\"https:\/\/euricse.eu\/en\/#website\",\"url\":\"https:\/\/euricse.eu\/en\/\",\"name\":\"Euricse\",\"description\":\"Knowledge and innovation for cooperative and social enterprises.\",\"potentialAction\":[{\"@type\":\"SearchAction\",\"target\":{\"@type\":\"EntryPoint\",\"urlTemplate\":\"https:\/\/euricse.eu\/en\/?s={search_term_string}\"},\"query-input\":{\"@type\":\"PropertyValueSpecification\",\"valueRequired\":true,\"valueName\":\"search_term_string\"}}],\"inLanguage\":\"it-IT\"},{\"@type\":\"Person\",\"@id\":\"https:\/\/euricse.eu\/en\/#\/schema\/person\/46be9426d76e3114ba478b69f3d8040b\",\"name\":\"redazione\",\"image\":{\"@type\":\"ImageObject\",\"inLanguage\":\"it-IT\",\"@id\":\"https:\/\/euricse.eu\/en\/#\/schema\/person\/image\/\",\"url\":\"https:\/\/secure.gravatar.com\/avatar\/d1e5fb76fa001722a0822f32de0a8935d9c7a01b0f055f16dc71df73252c3c50?s=96&d=mm&r=g\",\"contentUrl\":\"https:\/\/secure.gravatar.com\/avatar\/d1e5fb76fa001722a0822f32de0a8935d9c7a01b0f055f16dc71df73252c3c50?s=96&d=mm&r=g\",\"caption\":\"redazione\"},\"url\":\"https:\/\/euricse.eu\/it\/author\/marikadmin\/\"}]}<\/script>\n<!-- \/ Yoast SEO plugin. -->","yoast_head_json":{"title":"\"Da Social street a Social state: non accontentiamoci pi\u00f9\" - Euricse","robots":{"index":"index","follow":"follow","max-snippet":"max-snippet:-1","max-image-preview":"max-image-preview:large","max-video-preview":"max-video-preview:-1"},"canonical":"https:\/\/euricse.eu\/it\/da-social-street-a-social-state-non-accontentiamoci-piu\/","og_locale":"it_IT","og_type":"article","og_title":"\"Da Social street a Social state: non accontentiamoci pi\u00f9\" - Euricse","og_description":"Salvatori al WIS: &#8220;Il Terzo settore torni a essere motore di cambiamento sociale e politico&#8221; Quella di Gianluca Salvatori, alla fine, \u00e8 un&#8217;esortazione accorata. Un appello rivolto al Terzo Settore nel suo insieme, affinch\u00e9 superi i confini minuti della piccola scala e ambisca piuttosto a elevare la propria azione di elaborazione, progettazione e innovazione al [&hellip;]","og_url":"https:\/\/euricse.eu\/it\/da-social-street-a-social-state-non-accontentiamoci-piu\/","og_site_name":"Euricse","article_published_time":"2018-09-14T11:10:22+00:00","og_image":[{"width":1200,"height":900,"url":"https:\/\/euricse.eu\/wp-content\/uploads\/2018\/09\/wis-salvatori-1-e1536922968143.jpg","type":"image\/jpeg"}],"author":"redazione","twitter_card":"summary_large_image","twitter_misc":{"Scritto da":"redazione","Tempo di lettura stimato":"3 minuti"},"schema":{"@context":"https:\/\/schema.org","@graph":[{"@type":"WebPage","@id":"https:\/\/euricse.eu\/it\/da-social-street-a-social-state-non-accontentiamoci-piu\/","url":"https:\/\/euricse.eu\/it\/da-social-street-a-social-state-non-accontentiamoci-piu\/","name":"\"Da Social street a Social state: non accontentiamoci pi\u00f9\" - Euricse","isPartOf":{"@id":"https:\/\/euricse.eu\/en\/#website"},"primaryImageOfPage":{"@id":"https:\/\/euricse.eu\/it\/da-social-street-a-social-state-non-accontentiamoci-piu\/#primaryimage"},"image":{"@id":"https:\/\/euricse.eu\/it\/da-social-street-a-social-state-non-accontentiamoci-piu\/#primaryimage"},"thumbnailUrl":"https:\/\/euricse.eu\/wp-content\/uploads\/2018\/09\/wis-salvatori-1-e1536922968143.jpg","datePublished":"2018-09-14T11:10:22+00:00","author":{"@id":"https:\/\/euricse.eu\/en\/#\/schema\/person\/46be9426d76e3114ba478b69f3d8040b"},"breadcrumb":{"@id":"https:\/\/euricse.eu\/it\/da-social-street-a-social-state-non-accontentiamoci-piu\/#breadcrumb"},"inLanguage":"it-IT","potentialAction":[{"@type":"ReadAction","target":["https:\/\/euricse.eu\/it\/da-social-street-a-social-state-non-accontentiamoci-piu\/"]}]},{"@type":"ImageObject","inLanguage":"it-IT","@id":"https:\/\/euricse.eu\/it\/da-social-street-a-social-state-non-accontentiamoci-piu\/#primaryimage","url":"https:\/\/euricse.eu\/wp-content\/uploads\/2018\/09\/wis-salvatori-1-e1536922968143.jpg","contentUrl":"https:\/\/euricse.eu\/wp-content\/uploads\/2018\/09\/wis-salvatori-1-e1536922968143.jpg","width":1200,"height":900},{"@type":"BreadcrumbList","@id":"https:\/\/euricse.eu\/it\/da-social-street-a-social-state-non-accontentiamoci-piu\/#breadcrumb","itemListElement":[{"@type":"ListItem","position":1,"name":"Home","item":"https:\/\/euricse.eu\/it\/"},{"@type":"ListItem","position":2,"name":"&#8220;Da Social street a Social state: non accontentiamoci pi\u00f9&#8221;"}]},{"@type":"WebSite","@id":"https:\/\/euricse.eu\/en\/#website","url":"https:\/\/euricse.eu\/en\/","name":"Euricse","description":"Knowledge and innovation for cooperative and social enterprises.","potentialAction":[{"@type":"SearchAction","target":{"@type":"EntryPoint","urlTemplate":"https:\/\/euricse.eu\/en\/?s={search_term_string}"},"query-input":{"@type":"PropertyValueSpecification","valueRequired":true,"valueName":"search_term_string"}}],"inLanguage":"it-IT"},{"@type":"Person","@id":"https:\/\/euricse.eu\/en\/#\/schema\/person\/46be9426d76e3114ba478b69f3d8040b","name":"redazione","image":{"@type":"ImageObject","inLanguage":"it-IT","@id":"https:\/\/euricse.eu\/en\/#\/schema\/person\/image\/","url":"https:\/\/secure.gravatar.com\/avatar\/d1e5fb76fa001722a0822f32de0a8935d9c7a01b0f055f16dc71df73252c3c50?s=96&d=mm&r=g","contentUrl":"https:\/\/secure.gravatar.com\/avatar\/d1e5fb76fa001722a0822f32de0a8935d9c7a01b0f055f16dc71df73252c3c50?s=96&d=mm&r=g","caption":"redazione"},"url":"https:\/\/euricse.eu\/it\/author\/marikadmin\/"}]}},"_links":{"self":[{"href":"https:\/\/euricse.eu\/it\/wp-json\/wp\/v2\/posts\/7269","targetHints":{"allow":["GET"]}}],"collection":[{"href":"https:\/\/euricse.eu\/it\/wp-json\/wp\/v2\/posts"}],"about":[{"href":"https:\/\/euricse.eu\/it\/wp-json\/wp\/v2\/types\/post"}],"author":[{"embeddable":true,"href":"https:\/\/euricse.eu\/it\/wp-json\/wp\/v2\/users\/30"}],"replies":[{"embeddable":true,"href":"https:\/\/euricse.eu\/it\/wp-json\/wp\/v2\/comments?post=7269"}],"version-history":[{"count":0,"href":"https:\/\/euricse.eu\/it\/wp-json\/wp\/v2\/posts\/7269\/revisions"}],"wp:featuredmedia":[{"embeddable":true,"href":"https:\/\/euricse.eu\/it\/wp-json\/wp\/v2\/media\/7272"}],"wp:attachment":[{"href":"https:\/\/euricse.eu\/it\/wp-json\/wp\/v2\/media?parent=7269"}],"wp:term":[{"taxonomy":"category","embeddable":true,"href":"https:\/\/euricse.eu\/it\/wp-json\/wp\/v2\/categories?post=7269"},{"taxonomy":"post_tag","embeddable":true,"href":"https:\/\/euricse.eu\/it\/wp-json\/wp\/v2\/tags?post=7269"}],"curies":[{"name":"wp","href":"https:\/\/api.w.org\/{rel}","templated":true}]}}