{"id":7361,"date":"2018-10-22T16:04:54","date_gmt":"2018-10-22T15:04:54","guid":{"rendered":"https:\/\/euricse.staging.hgblu.com\/?p=7361"},"modified":"2018-10-22T16:05:08","modified_gmt":"2018-10-22T15:05:08","slug":"beni-comuni-se-arricchiti-arricchiscono-tutti","status":"publish","type":"post","link":"https:\/\/euricse.eu\/it\/beni-comuni-se-arricchiti-arricchiscono-tutti\/","title":{"rendered":"\u201cBeni comuni, se arricchiti arricchiscono tutti\u201d"},"content":{"rendered":"<p><em>Arena: \u201cL\u2019Italia \u00e8 laboratorio. Con il Regolamento abbiamo intercettato un fenomeno in exploit\u201d<\/em><\/p>\n<p>&nbsp;<\/p>\n<p>Gregorio Arena sceglie una definizione efficace per rendere l\u2019idea: \u201cI beni comuni se arricchiti arricchiscono tutti, se impoveriti impoveriscono tutti\u201d. <em>Et voil\u00e0<\/em>. Ecco restituito a pieno il senso ultimo di ci\u00f2 che realmente rappresentano beni indispensabili all\u2019esercizio di diritti fondamentali. \u201cCome l\u2019acqua, la biosfera, la biodiversit\u00e0\u201d, ci spiega ancora il docente. Gi\u00e0 professore ordinario di diritto amministrativo all\u2019Universit\u00e0 di Trento, presidente di <a href=\"http:\/\/www.labsus.org\/\">Labus-Laboratorio per la sussidiariet\u00e0<\/a>, Arena da oltre quattro anni sta varcando le porte di decine e decine di citt\u00e0 italiane che attraverso il <a href=\"http:\/\/www.labsus.org\/i-regolamenti-per-lamministrazione-condivisa-dei-beni-comuni\/\">Regolamento per l\u2019amministrazione condivisa dei beni comuni<\/a> stanno riscoprendo un rinato attivismo, un impegno osservato con attenzione nel resto d&#8217;Europa. Ma la gestione condivisa dei beni comuni \u00e8 anche altro. \u201cDalla cura dei beni abbandonati \u2013 ricorda Arena \u2013 si possono generare opportunit\u00e0 sviluppo, nuova occupazione\u201d. Ma servono competenze. Ed \u00e8 qui che nasce Sibec, la prima Scuola italiana per la gestione dei beni comuni. Ed \u00e8 qui, ancora, che s\u2019innesta <a href=\"https:\/\/www.sibec.eu\/sibec-lab\/?utm_source=Contatti&amp;utm_campaign=18084d3fd0-EMAIL_CAMPAIGN_2018_09_24_12_11&amp;utm_medium=email&amp;utm_term=0_2dfb7c7c36-18084d3fd0-\">Sibec Lab<\/a>, il corso intensivo che dal 17 al 20 ottobre, all\u2019Oasi Dynamo, former\u00e0 professionisti, cittadini attivi o funzionari interessati (qui \u00e8 possibile <a href=\"https:\/\/euricse.eu\/it\/sibec-lab-corso-intensivo-per-gestire-i-beni-comuni\/\">leggere il programma<\/a>).<\/p>\n<p><!--more--><\/p>\n<p><strong>Professore, innanzitutto cosa s\u2019intende quando si parla di beni comuni? Cosa sono?<\/strong><br \/>\n\u201cI beni comuni sono beni indispensabili alla vita e all\u2019esercizio di diritti fondamentali: acqua, biosfera, biodiversit\u00e0. Ma sono anche beni comuni immateriali come legalit\u00e0, memoria collettiva, sicurezza, salute, i dialetti. Ovvero beni che se arricchiti arricchiscono tutti e, se impoveriti, impoveriscono tutti. In questo senso i beni comuni non sono suscettibili, sono beni condivisi per definizione. Labsus in questi 4 anni, girando tutto il Paese, ha cercato di individuare un Regolamento che ossa tradurre il principio di sussidiariet\u00e0. E sin dal principio abbiamo notato un crescente interesse: questo regolamento ha incrociato un fenomeno sociale, che solo in parte ci aspettavamo\u201d.<br \/>\n<strong>A quattro anni e mezzo dal 22 febbraio del 2014, giorno in cui \u00e8 stato presentato a Bologna il Regolamento per l\u2019amministrazione condivisa dei beni comuni di Labsus, i Comuni che hanno approvato il Regolamento sono 158, altri 66 hanno avviato la procedura. Cosa ha generato questo interesse, a suo avviso?<\/strong><br \/>\n\u201cSin dal primo momento, centinaia di cittadini ci hanno chiesto di andare da loro, di spiegare cos\u2019era il Regolamento: noi abbiamo offerto un quadro giuridico a chiunque volesse prendersi cura di piazze, fontane, rovine archeologiche, parchi. Ecco: il Regolamento si \u00e8 rivelato lo strumento perfetto per questi cittadini attivi, per chi gi\u00e0 si stava impegnando o voleva iniziare a farlo. L\u2019esito \u00e8 stato una diffusione di buone pratiche: quando gli abitati di un quartiere presentano la proposta di Patto a un Comune, si prendono cura di un bene, generano empatia, calore. Nel fare tutto ci\u00f2, i cittadini creano un doppio legame: tra loro, rafforzando lo spirito di comunit\u00e0, in pi\u00f9 producono coesione, integrazione, aiutano persone sole a uscire dalla solitudine, creano dei benefici che vanno ben oltre la manutenzione in s\u00e9\u201d.<br \/>\n<strong>Quindi non \u00e8 solo questione pratica, tangibile, ossia evitare di assistere all&#8217;abbandono di parchi, aree verdi, porzioni di citt\u00e0?<\/strong><br \/>\n\u201cIl vero valore \u00e8 quello impalpabile: le persone ricostruiscono legami di comunit\u00e0 e questo ci d\u00e0 resilienza, perch\u00e9 ci aiuta a reggere, a creare unit\u00e0. Il secondo legame \u00e8 invece visibile a occhio nudo e si manifesta tra le persone e il bene di cui si prendono cura. L\u2019esito \u00e8 una magia\u201d.<br \/>\n<strong>Avvicinarsi alla gestione condivisa dei beni comuni significa anche generare occupazione. In quale modo?<\/strong><br \/>\n\u201cBisogna distinguere tra la cura dei beni comuni urbani e la cura dei beni abbandonati: secondo Legambiente sono 5 milioni gli edifici abbandonati. Sibec \u00e8 nata da una proposta di Labsus e Euricse per formare gestori di questa seconda categoria, per fare in modo che questo immenso patrimonio possa essere recuperato e gestito. Non solo: il vero nodo \u00e8 capire cosa fare dopo aver rigenerato un bene, quindi innestare attivit\u00e0 che diano lavoro, che producano sviluppo. In altri termini: attivit\u00e0 che producono reddito. La scommessa \u00e8 dunque questa: come gestire un bene comune abbandonato in modo che dia sviluppo e crei lavoro? Chiaramente progettando iniziative insieme con la comunit\u00e0, coinvolgendo fondazioni, imprese, categorie\u201d.<br \/>\n<strong>Ha spiegato che i Regolamenti hanno intercettato un fenomeno crescente: questo impegno civico e questa riscoperta della cura dei beni comuni sono diffusi su scala internazionale? Ci sono pratiche che si potrebbe importare in Italia?<\/strong><br \/>\n\u201cIn realt\u00e0 l\u2019Italia \u00e8 stata ed \u00e8 laboratorio: in questo caso abbiamo il vantaggio di avere il principio di sussidiariet\u00e0 in Costituzione e siamo gli unici. Sia chiaro: i cittadini non sono supplenti di amministrazioni inefficienti, agiscono e integrano le azioni possibili perch\u00e9 vogliono e possono farlo ma i Comuni hanno l\u2019obbligo di occuparsi dei beni comuni. In Spagna e in Francia guardano a cosa stiamo facendo, l\u2019impressione \u00e8 che il fenomeno si stia espandendo. E\u2019 un\u2019onda, fatta di tanti puntini luminosi. Ora dobbiamo solo fare in modo che tutte queste esperienze gi\u00e0 nate comunichino tra loro, creino un network\u201d.<\/p>\n<p>&nbsp;<\/p>\n","protected":false},"excerpt":{"rendered":"<p>Arena: \u201cL\u2019Italia \u00e8 laboratorio. Con il Regolamento abbiamo intercettato un fenomeno in exploit\u201d &nbsp; Gregorio Arena sceglie una definizione efficace per rendere l\u2019idea: \u201cI beni comuni se arricchiti arricchiscono tutti, se impoveriti impoveriscono tutti\u201d. Et voil\u00e0. Ecco restituito a pieno il senso ultimo di ci\u00f2 che realmente rappresentano beni indispensabili all\u2019esercizio di diritti fondamentali. \u201cCome [&hellip;]<\/p>\n","protected":false},"author":30,"featured_media":7362,"comment_status":"open","ping_status":"closed","sticky":false,"template":"","format":"standard","meta":{"_acf_changed":false,"episode_type":"","audio_file":"","cover_image":"","cover_image_id":"","duration":"","filesize":"","date_recorded":"","explicit":"","block":"","itunes_episode_number":"","itunes_title":"","itunes_season_number":"","itunes_episode_type":"","filesize_raw":"","footnotes":""},"categories":[17],"tags":[123],"class_list":["post-7361","post","type-post","status-publish","format-standard","has-post-thumbnail","hentry","category-news-it","tag-beni-comuni"],"acf":[],"yoast_head":"<!-- This site is optimized with the Yoast SEO plugin v26.1.1 - https:\/\/yoast.com\/wordpress\/plugins\/seo\/ -->\n<title>\u201cBeni comuni, se arricchiti arricchiscono tutti\u201d - Euricse<\/title>\n<meta name=\"robots\" content=\"index, follow, max-snippet:-1, max-image-preview:large, max-video-preview:-1\" \/>\n<link rel=\"canonical\" href=\"https:\/\/euricse.eu\/it\/beni-comuni-se-arricchiti-arricchiscono-tutti\/\" \/>\n<meta property=\"og:locale\" content=\"it_IT\" \/>\n<meta property=\"og:type\" content=\"article\" \/>\n<meta property=\"og:title\" content=\"\u201cBeni comuni, se arricchiti arricchiscono tutti\u201d - Euricse\" \/>\n<meta property=\"og:description\" content=\"Arena: \u201cL\u2019Italia \u00e8 laboratorio. Con il Regolamento abbiamo intercettato un fenomeno in exploit\u201d &nbsp; Gregorio Arena sceglie una definizione efficace per rendere l\u2019idea: \u201cI beni comuni se arricchiti arricchiscono tutti, se impoveriti impoveriscono tutti\u201d. Et voil\u00e0. Ecco restituito a pieno il senso ultimo di ci\u00f2 che realmente rappresentano beni indispensabili all\u2019esercizio di diritti fondamentali. \u201cCome [&hellip;]\" \/>\n<meta property=\"og:url\" content=\"https:\/\/euricse.eu\/it\/beni-comuni-se-arricchiti-arricchiscono-tutti\/\" \/>\n<meta property=\"og:site_name\" content=\"Euricse\" \/>\n<meta property=\"article:published_time\" content=\"2018-10-22T15:04:54+00:00\" \/>\n<meta property=\"article:modified_time\" content=\"2018-10-22T15:05:08+00:00\" \/>\n<meta property=\"og:image\" content=\"https:\/\/euricse.eu\/wp-content\/uploads\/2018\/10\/footpath-691021_1920.jpg\" \/>\n\t<meta property=\"og:image:width\" content=\"1920\" \/>\n\t<meta property=\"og:image:height\" content=\"1200\" \/>\n\t<meta property=\"og:image:type\" content=\"image\/jpeg\" \/>\n<meta name=\"author\" content=\"redazione\" \/>\n<meta name=\"twitter:card\" content=\"summary_large_image\" \/>\n<meta name=\"twitter:label1\" content=\"Scritto da\" \/>\n\t<meta name=\"twitter:data1\" content=\"redazione\" \/>\n\t<meta name=\"twitter:label2\" content=\"Tempo di lettura stimato\" \/>\n\t<meta name=\"twitter:data2\" content=\"4 minuti\" \/>\n<script type=\"application\/ld+json\" class=\"yoast-schema-graph\">{\"@context\":\"https:\/\/schema.org\",\"@graph\":[{\"@type\":\"WebPage\",\"@id\":\"https:\/\/euricse.eu\/it\/beni-comuni-se-arricchiti-arricchiscono-tutti\/\",\"url\":\"https:\/\/euricse.eu\/it\/beni-comuni-se-arricchiti-arricchiscono-tutti\/\",\"name\":\"\u201cBeni comuni, se arricchiti arricchiscono tutti\u201d - Euricse\",\"isPartOf\":{\"@id\":\"https:\/\/euricse.eu\/en\/#website\"},\"primaryImageOfPage\":{\"@id\":\"https:\/\/euricse.eu\/it\/beni-comuni-se-arricchiti-arricchiscono-tutti\/#primaryimage\"},\"image\":{\"@id\":\"https:\/\/euricse.eu\/it\/beni-comuni-se-arricchiti-arricchiscono-tutti\/#primaryimage\"},\"thumbnailUrl\":\"https:\/\/euricse.eu\/wp-content\/uploads\/2018\/10\/footpath-691021_1920.jpg\",\"datePublished\":\"2018-10-22T15:04:54+00:00\",\"dateModified\":\"2018-10-22T15:05:08+00:00\",\"author\":{\"@id\":\"https:\/\/euricse.eu\/en\/#\/schema\/person\/46be9426d76e3114ba478b69f3d8040b\"},\"breadcrumb\":{\"@id\":\"https:\/\/euricse.eu\/it\/beni-comuni-se-arricchiti-arricchiscono-tutti\/#breadcrumb\"},\"inLanguage\":\"it-IT\",\"potentialAction\":[{\"@type\":\"ReadAction\",\"target\":[\"https:\/\/euricse.eu\/it\/beni-comuni-se-arricchiti-arricchiscono-tutti\/\"]}]},{\"@type\":\"ImageObject\",\"inLanguage\":\"it-IT\",\"@id\":\"https:\/\/euricse.eu\/it\/beni-comuni-se-arricchiti-arricchiscono-tutti\/#primaryimage\",\"url\":\"https:\/\/euricse.eu\/wp-content\/uploads\/2018\/10\/footpath-691021_1920.jpg\",\"contentUrl\":\"https:\/\/euricse.eu\/wp-content\/uploads\/2018\/10\/footpath-691021_1920.jpg\",\"width\":1920,\"height\":1200},{\"@type\":\"BreadcrumbList\",\"@id\":\"https:\/\/euricse.eu\/it\/beni-comuni-se-arricchiti-arricchiscono-tutti\/#breadcrumb\",\"itemListElement\":[{\"@type\":\"ListItem\",\"position\":1,\"name\":\"Home\",\"item\":\"https:\/\/euricse.eu\/it\/\"},{\"@type\":\"ListItem\",\"position\":2,\"name\":\"\u201cBeni comuni, se arricchiti arricchiscono tutti\u201d\"}]},{\"@type\":\"WebSite\",\"@id\":\"https:\/\/euricse.eu\/en\/#website\",\"url\":\"https:\/\/euricse.eu\/en\/\",\"name\":\"Euricse\",\"description\":\"Knowledge and innovation for cooperative and social enterprises.\",\"potentialAction\":[{\"@type\":\"SearchAction\",\"target\":{\"@type\":\"EntryPoint\",\"urlTemplate\":\"https:\/\/euricse.eu\/en\/?s={search_term_string}\"},\"query-input\":{\"@type\":\"PropertyValueSpecification\",\"valueRequired\":true,\"valueName\":\"search_term_string\"}}],\"inLanguage\":\"it-IT\"},{\"@type\":\"Person\",\"@id\":\"https:\/\/euricse.eu\/en\/#\/schema\/person\/46be9426d76e3114ba478b69f3d8040b\",\"name\":\"redazione\",\"image\":{\"@type\":\"ImageObject\",\"inLanguage\":\"it-IT\",\"@id\":\"https:\/\/euricse.eu\/en\/#\/schema\/person\/image\/\",\"url\":\"https:\/\/secure.gravatar.com\/avatar\/d1e5fb76fa001722a0822f32de0a8935d9c7a01b0f055f16dc71df73252c3c50?s=96&d=mm&r=g\",\"contentUrl\":\"https:\/\/secure.gravatar.com\/avatar\/d1e5fb76fa001722a0822f32de0a8935d9c7a01b0f055f16dc71df73252c3c50?s=96&d=mm&r=g\",\"caption\":\"redazione\"},\"url\":\"https:\/\/euricse.eu\/it\/author\/marikadmin\/\"}]}<\/script>\n<!-- \/ Yoast SEO plugin. -->","yoast_head_json":{"title":"\u201cBeni comuni, se arricchiti arricchiscono tutti\u201d - Euricse","robots":{"index":"index","follow":"follow","max-snippet":"max-snippet:-1","max-image-preview":"max-image-preview:large","max-video-preview":"max-video-preview:-1"},"canonical":"https:\/\/euricse.eu\/it\/beni-comuni-se-arricchiti-arricchiscono-tutti\/","og_locale":"it_IT","og_type":"article","og_title":"\u201cBeni comuni, se arricchiti arricchiscono tutti\u201d - Euricse","og_description":"Arena: \u201cL\u2019Italia \u00e8 laboratorio. Con il Regolamento abbiamo intercettato un fenomeno in exploit\u201d &nbsp; Gregorio Arena sceglie una definizione efficace per rendere l\u2019idea: \u201cI beni comuni se arricchiti arricchiscono tutti, se impoveriti impoveriscono tutti\u201d. Et voil\u00e0. Ecco restituito a pieno il senso ultimo di ci\u00f2 che realmente rappresentano beni indispensabili all\u2019esercizio di diritti fondamentali. \u201cCome [&hellip;]","og_url":"https:\/\/euricse.eu\/it\/beni-comuni-se-arricchiti-arricchiscono-tutti\/","og_site_name":"Euricse","article_published_time":"2018-10-22T15:04:54+00:00","article_modified_time":"2018-10-22T15:05:08+00:00","og_image":[{"width":1920,"height":1200,"url":"https:\/\/euricse.eu\/wp-content\/uploads\/2018\/10\/footpath-691021_1920.jpg","type":"image\/jpeg"}],"author":"redazione","twitter_card":"summary_large_image","twitter_misc":{"Scritto da":"redazione","Tempo di lettura stimato":"4 minuti"},"schema":{"@context":"https:\/\/schema.org","@graph":[{"@type":"WebPage","@id":"https:\/\/euricse.eu\/it\/beni-comuni-se-arricchiti-arricchiscono-tutti\/","url":"https:\/\/euricse.eu\/it\/beni-comuni-se-arricchiti-arricchiscono-tutti\/","name":"\u201cBeni comuni, se arricchiti arricchiscono tutti\u201d - Euricse","isPartOf":{"@id":"https:\/\/euricse.eu\/en\/#website"},"primaryImageOfPage":{"@id":"https:\/\/euricse.eu\/it\/beni-comuni-se-arricchiti-arricchiscono-tutti\/#primaryimage"},"image":{"@id":"https:\/\/euricse.eu\/it\/beni-comuni-se-arricchiti-arricchiscono-tutti\/#primaryimage"},"thumbnailUrl":"https:\/\/euricse.eu\/wp-content\/uploads\/2018\/10\/footpath-691021_1920.jpg","datePublished":"2018-10-22T15:04:54+00:00","dateModified":"2018-10-22T15:05:08+00:00","author":{"@id":"https:\/\/euricse.eu\/en\/#\/schema\/person\/46be9426d76e3114ba478b69f3d8040b"},"breadcrumb":{"@id":"https:\/\/euricse.eu\/it\/beni-comuni-se-arricchiti-arricchiscono-tutti\/#breadcrumb"},"inLanguage":"it-IT","potentialAction":[{"@type":"ReadAction","target":["https:\/\/euricse.eu\/it\/beni-comuni-se-arricchiti-arricchiscono-tutti\/"]}]},{"@type":"ImageObject","inLanguage":"it-IT","@id":"https:\/\/euricse.eu\/it\/beni-comuni-se-arricchiti-arricchiscono-tutti\/#primaryimage","url":"https:\/\/euricse.eu\/wp-content\/uploads\/2018\/10\/footpath-691021_1920.jpg","contentUrl":"https:\/\/euricse.eu\/wp-content\/uploads\/2018\/10\/footpath-691021_1920.jpg","width":1920,"height":1200},{"@type":"BreadcrumbList","@id":"https:\/\/euricse.eu\/it\/beni-comuni-se-arricchiti-arricchiscono-tutti\/#breadcrumb","itemListElement":[{"@type":"ListItem","position":1,"name":"Home","item":"https:\/\/euricse.eu\/it\/"},{"@type":"ListItem","position":2,"name":"\u201cBeni comuni, se arricchiti arricchiscono tutti\u201d"}]},{"@type":"WebSite","@id":"https:\/\/euricse.eu\/en\/#website","url":"https:\/\/euricse.eu\/en\/","name":"Euricse","description":"Knowledge and innovation for cooperative and social enterprises.","potentialAction":[{"@type":"SearchAction","target":{"@type":"EntryPoint","urlTemplate":"https:\/\/euricse.eu\/en\/?s={search_term_string}"},"query-input":{"@type":"PropertyValueSpecification","valueRequired":true,"valueName":"search_term_string"}}],"inLanguage":"it-IT"},{"@type":"Person","@id":"https:\/\/euricse.eu\/en\/#\/schema\/person\/46be9426d76e3114ba478b69f3d8040b","name":"redazione","image":{"@type":"ImageObject","inLanguage":"it-IT","@id":"https:\/\/euricse.eu\/en\/#\/schema\/person\/image\/","url":"https:\/\/secure.gravatar.com\/avatar\/d1e5fb76fa001722a0822f32de0a8935d9c7a01b0f055f16dc71df73252c3c50?s=96&d=mm&r=g","contentUrl":"https:\/\/secure.gravatar.com\/avatar\/d1e5fb76fa001722a0822f32de0a8935d9c7a01b0f055f16dc71df73252c3c50?s=96&d=mm&r=g","caption":"redazione"},"url":"https:\/\/euricse.eu\/it\/author\/marikadmin\/"}]}},"_links":{"self":[{"href":"https:\/\/euricse.eu\/it\/wp-json\/wp\/v2\/posts\/7361","targetHints":{"allow":["GET"]}}],"collection":[{"href":"https:\/\/euricse.eu\/it\/wp-json\/wp\/v2\/posts"}],"about":[{"href":"https:\/\/euricse.eu\/it\/wp-json\/wp\/v2\/types\/post"}],"author":[{"embeddable":true,"href":"https:\/\/euricse.eu\/it\/wp-json\/wp\/v2\/users\/30"}],"replies":[{"embeddable":true,"href":"https:\/\/euricse.eu\/it\/wp-json\/wp\/v2\/comments?post=7361"}],"version-history":[{"count":0,"href":"https:\/\/euricse.eu\/it\/wp-json\/wp\/v2\/posts\/7361\/revisions"}],"wp:featuredmedia":[{"embeddable":true,"href":"https:\/\/euricse.eu\/it\/wp-json\/wp\/v2\/media\/7362"}],"wp:attachment":[{"href":"https:\/\/euricse.eu\/it\/wp-json\/wp\/v2\/media?parent=7361"}],"wp:term":[{"taxonomy":"category","embeddable":true,"href":"https:\/\/euricse.eu\/it\/wp-json\/wp\/v2\/categories?post=7361"},{"taxonomy":"post_tag","embeddable":true,"href":"https:\/\/euricse.eu\/it\/wp-json\/wp\/v2\/tags?post=7361"}],"curies":[{"name":"wp","href":"https:\/\/api.w.org\/{rel}","templated":true}]}}