{"id":7394,"date":"2018-10-22T16:28:41","date_gmt":"2018-10-22T15:28:41","guid":{"rendered":"https:\/\/euricse.staging.hgblu.com\/?p=7394"},"modified":"2018-10-22T16:28:41","modified_gmt":"2018-10-22T15:28:41","slug":"storie-di-stage-il-racconto-di-matilde","status":"publish","type":"post","link":"https:\/\/euricse.eu\/it\/storie-di-stage-il-racconto-di-matilde\/","title":{"rendered":"Storie di stage: il racconto di Matilde"},"content":{"rendered":"<p><em>Lavorare per la sostenibilit\u00e0. L&#8217;esperienza (a Modena) con Focus Lab<\/em><\/p>\n<p>&nbsp;<\/p>\n<p>Mi chiamo Matilde Gorni e vengo da Modena. Dopo la laurea triennale in Economia Pubblica, ho conseguito la laurea magistrale in International Management, ma nonostante mi interessassero gli argomenti trattati e il mondo delle imprese, non mi sentivo pienamente soddisfatta della strada intrapresa. Mi sembrava che concetti come responsabilit\u00e0 sociale, sostenibilit\u00e0, reciprocit\u00e0 e solidariet\u00e0 fossero stati trattati troppo marginalmente nel mio percorso universitario. Per questo motivo ho deciso di iscrivermi al Master G.I.S., con la speranza di poter trasferire le mie conoscenze di Economia e Management in un mondo, quello del Terzo Settore, pi\u00f9 vicino ai miei valori.<\/p>\n<p><!--more--><\/p>\n<p>Arrivata quasi alla fine di questo percorso, mi sento di poter dire che il Master G.I.S. si \u00e8 rilevato pi\u00f9 che all\u2019altezza delle aspettative. Grazie a un approccio multidisciplinare tra economia, giurisprudenza e sociologia, al continuo confronto con i docenti, ai laboratori e allo studio di realt\u00e0 del Terzo Settore presenti sul territorio trentino, in pochi mesi ho appreso la storia e le caratteristiche di questo Settore, e ho acquisito gli strumenti per poter diventare un Manager del Sociale.<img loading=\"lazy\" decoding=\"async\" class=\"alignright size-full wp-image-7395\" src=\"https:\/\/euricse.eu\/wp-content\/uploads\/2018\/10\/matilde2.jpg\" alt=\"\" width=\"300\" height=\"200\" \/><\/p>\n<p>Oggi sto svolgendo il mio tirocinio presso Focus Lab, una Benefit Corporation con sede a Modena che offre servizi di consulenza riguardanti la Sostenibilit\u00e0, sia essa economica, sociale o ambientale, attraverso molteplici azioni. Le sue attivit\u00e0 spaziano dallo Stakeholder Engagement, al CSR Management, alla Green Economy e alla formazione, sempre con la sostenibilit\u00e0 come filo conduttore. Durante i mesi del tirocinio ho avuto modo di mettermi molto alla prova e crescere professionalmente. Ho assistito e partecipato alle varie fasi di costruzione di un processo di coinvolgimento degli Stakeholder, facilitato diversi eventi, avuto l\u2019occasione di redigere proposte commerciali inerenti i servizi di consulenza e formazione sul tema della Sostenibilit\u00e0, e aiutato nella gestione dei canali social dell\u2019organizzazione.<\/p>\n<p>&nbsp;<\/p>\n<p>In futuro spero di riuscire a sfruttare le conoscenze e le competenze acquisite grazie al Master, e di continuare a lavorare in realt\u00e0 che siano vicine ai miei valori.<\/p>\n<p>&nbsp;<\/p>\n<p>La rubrica \u201cStorie di stage\u201d \u00e8 stata creata per dare la possibilit\u00e0 ai corsisti del Master GIS di condividere le loro storie ed esperienze durante i periodi di tirocinio. Le iscrizioni per una nuova edizione del Master sono aperte. Per informazioni e iscrizioni visita<a href=\"https:\/\/euricse.eu\/it\/training\/master-gis\/\">\u00a0la pagina dedicata al corso<\/a><\/p>\n<p>&nbsp;<\/p>\n<p>&nbsp;<\/p>\n","protected":false},"excerpt":{"rendered":"<p>Lavorare per la sostenibilit\u00e0. L&#8217;esperienza (a Modena) con Focus Lab &nbsp; Mi chiamo Matilde Gorni e vengo da Modena. Dopo la laurea triennale in Economia Pubblica, ho conseguito la laurea magistrale in International Management, ma nonostante mi interessassero gli argomenti trattati e il mondo delle imprese, non mi sentivo pienamente soddisfatta della strada intrapresa. Mi [&hellip;]<\/p>\n","protected":false},"author":30,"featured_media":7397,"comment_status":"open","ping_status":"closed","sticky":false,"template":"","format":"standard","meta":{"_acf_changed":false,"episode_type":"","audio_file":"","cover_image":"","cover_image_id":"","duration":"","filesize":"","date_recorded":"","explicit":"","block":"","itunes_episode_number":"","itunes_title":"","itunes_season_number":"","itunes_episode_type":"","filesize_raw":"","footnotes":""},"categories":[17],"tags":[292,430],"class_list":["post-7394","post","type-post","status-publish","format-standard","has-post-thumbnail","hentry","category-news-it","tag-master-gis","tag-storie-di-stage"],"acf":[],"yoast_head":"<!-- This site is optimized with the Yoast SEO plugin v26.1.1 - https:\/\/yoast.com\/wordpress\/plugins\/seo\/ -->\n<title>Storie di stage: il racconto di Matilde - Euricse<\/title>\n<meta name=\"robots\" content=\"index, follow, max-snippet:-1, max-image-preview:large, max-video-preview:-1\" \/>\n<link rel=\"canonical\" href=\"https:\/\/euricse.eu\/it\/storie-di-stage-il-racconto-di-matilde\/\" \/>\n<meta property=\"og:locale\" content=\"it_IT\" \/>\n<meta property=\"og:type\" content=\"article\" \/>\n<meta property=\"og:title\" content=\"Storie di stage: il racconto di Matilde - Euricse\" \/>\n<meta property=\"og:description\" content=\"Lavorare per la sostenibilit\u00e0. L&#8217;esperienza (a Modena) con Focus Lab &nbsp; Mi chiamo Matilde Gorni e vengo da Modena. Dopo la laurea triennale in Economia Pubblica, ho conseguito la laurea magistrale in International Management, ma nonostante mi interessassero gli argomenti trattati e il mondo delle imprese, non mi sentivo pienamente soddisfatta della strada intrapresa. Mi [&hellip;]\" \/>\n<meta property=\"og:url\" content=\"https:\/\/euricse.eu\/it\/storie-di-stage-il-racconto-di-matilde\/\" \/>\n<meta property=\"og:site_name\" content=\"Euricse\" \/>\n<meta property=\"article:published_time\" content=\"2018-10-22T15:28:41+00:00\" \/>\n<meta property=\"og:image\" content=\"https:\/\/euricse.eu\/wp-content\/uploads\/2018\/10\/matilde.jpg\" \/>\n\t<meta property=\"og:image:width\" content=\"2389\" \/>\n\t<meta property=\"og:image:height\" content=\"1812\" \/>\n\t<meta property=\"og:image:type\" content=\"image\/jpeg\" \/>\n<meta name=\"author\" content=\"redazione\" \/>\n<meta name=\"twitter:card\" content=\"summary_large_image\" \/>\n<meta name=\"twitter:label1\" content=\"Scritto da\" \/>\n\t<meta name=\"twitter:data1\" content=\"redazione\" \/>\n\t<meta name=\"twitter:label2\" content=\"Tempo di lettura stimato\" \/>\n\t<meta name=\"twitter:data2\" content=\"2 minuti\" \/>\n<script type=\"application\/ld+json\" class=\"yoast-schema-graph\">{\"@context\":\"https:\/\/schema.org\",\"@graph\":[{\"@type\":\"WebPage\",\"@id\":\"https:\/\/euricse.eu\/it\/storie-di-stage-il-racconto-di-matilde\/\",\"url\":\"https:\/\/euricse.eu\/it\/storie-di-stage-il-racconto-di-matilde\/\",\"name\":\"Storie di stage: il racconto di Matilde - Euricse\",\"isPartOf\":{\"@id\":\"https:\/\/euricse.eu\/en\/#website\"},\"primaryImageOfPage\":{\"@id\":\"https:\/\/euricse.eu\/it\/storie-di-stage-il-racconto-di-matilde\/#primaryimage\"},\"image\":{\"@id\":\"https:\/\/euricse.eu\/it\/storie-di-stage-il-racconto-di-matilde\/#primaryimage\"},\"thumbnailUrl\":\"https:\/\/euricse.eu\/wp-content\/uploads\/2018\/10\/matilde.jpg\",\"datePublished\":\"2018-10-22T15:28:41+00:00\",\"author\":{\"@id\":\"https:\/\/euricse.eu\/en\/#\/schema\/person\/46be9426d76e3114ba478b69f3d8040b\"},\"breadcrumb\":{\"@id\":\"https:\/\/euricse.eu\/it\/storie-di-stage-il-racconto-di-matilde\/#breadcrumb\"},\"inLanguage\":\"it-IT\",\"potentialAction\":[{\"@type\":\"ReadAction\",\"target\":[\"https:\/\/euricse.eu\/it\/storie-di-stage-il-racconto-di-matilde\/\"]}]},{\"@type\":\"ImageObject\",\"inLanguage\":\"it-IT\",\"@id\":\"https:\/\/euricse.eu\/it\/storie-di-stage-il-racconto-di-matilde\/#primaryimage\",\"url\":\"https:\/\/euricse.eu\/wp-content\/uploads\/2018\/10\/matilde.jpg\",\"contentUrl\":\"https:\/\/euricse.eu\/wp-content\/uploads\/2018\/10\/matilde.jpg\",\"width\":2389,\"height\":1812,\"caption\":\"dav\"},{\"@type\":\"BreadcrumbList\",\"@id\":\"https:\/\/euricse.eu\/it\/storie-di-stage-il-racconto-di-matilde\/#breadcrumb\",\"itemListElement\":[{\"@type\":\"ListItem\",\"position\":1,\"name\":\"Home\",\"item\":\"https:\/\/euricse.eu\/it\/\"},{\"@type\":\"ListItem\",\"position\":2,\"name\":\"Storie di stage: il racconto di Matilde\"}]},{\"@type\":\"WebSite\",\"@id\":\"https:\/\/euricse.eu\/en\/#website\",\"url\":\"https:\/\/euricse.eu\/en\/\",\"name\":\"Euricse\",\"description\":\"Knowledge and innovation for cooperative and social enterprises.\",\"potentialAction\":[{\"@type\":\"SearchAction\",\"target\":{\"@type\":\"EntryPoint\",\"urlTemplate\":\"https:\/\/euricse.eu\/en\/?s={search_term_string}\"},\"query-input\":{\"@type\":\"PropertyValueSpecification\",\"valueRequired\":true,\"valueName\":\"search_term_string\"}}],\"inLanguage\":\"it-IT\"},{\"@type\":\"Person\",\"@id\":\"https:\/\/euricse.eu\/en\/#\/schema\/person\/46be9426d76e3114ba478b69f3d8040b\",\"name\":\"redazione\",\"image\":{\"@type\":\"ImageObject\",\"inLanguage\":\"it-IT\",\"@id\":\"https:\/\/euricse.eu\/en\/#\/schema\/person\/image\/\",\"url\":\"https:\/\/secure.gravatar.com\/avatar\/d1e5fb76fa001722a0822f32de0a8935d9c7a01b0f055f16dc71df73252c3c50?s=96&d=mm&r=g\",\"contentUrl\":\"https:\/\/secure.gravatar.com\/avatar\/d1e5fb76fa001722a0822f32de0a8935d9c7a01b0f055f16dc71df73252c3c50?s=96&d=mm&r=g\",\"caption\":\"redazione\"},\"url\":\"https:\/\/euricse.eu\/it\/author\/marikadmin\/\"}]}<\/script>\n<!-- \/ Yoast SEO plugin. -->","yoast_head_json":{"title":"Storie di stage: il racconto di Matilde - Euricse","robots":{"index":"index","follow":"follow","max-snippet":"max-snippet:-1","max-image-preview":"max-image-preview:large","max-video-preview":"max-video-preview:-1"},"canonical":"https:\/\/euricse.eu\/it\/storie-di-stage-il-racconto-di-matilde\/","og_locale":"it_IT","og_type":"article","og_title":"Storie di stage: il racconto di Matilde - Euricse","og_description":"Lavorare per la sostenibilit\u00e0. L&#8217;esperienza (a Modena) con Focus Lab &nbsp; Mi chiamo Matilde Gorni e vengo da Modena. Dopo la laurea triennale in Economia Pubblica, ho conseguito la laurea magistrale in International Management, ma nonostante mi interessassero gli argomenti trattati e il mondo delle imprese, non mi sentivo pienamente soddisfatta della strada intrapresa. Mi [&hellip;]","og_url":"https:\/\/euricse.eu\/it\/storie-di-stage-il-racconto-di-matilde\/","og_site_name":"Euricse","article_published_time":"2018-10-22T15:28:41+00:00","og_image":[{"width":2389,"height":1812,"url":"https:\/\/euricse.eu\/wp-content\/uploads\/2018\/10\/matilde.jpg","type":"image\/jpeg"}],"author":"redazione","twitter_card":"summary_large_image","twitter_misc":{"Scritto da":"redazione","Tempo di lettura stimato":"2 minuti"},"schema":{"@context":"https:\/\/schema.org","@graph":[{"@type":"WebPage","@id":"https:\/\/euricse.eu\/it\/storie-di-stage-il-racconto-di-matilde\/","url":"https:\/\/euricse.eu\/it\/storie-di-stage-il-racconto-di-matilde\/","name":"Storie di stage: il racconto di Matilde - Euricse","isPartOf":{"@id":"https:\/\/euricse.eu\/en\/#website"},"primaryImageOfPage":{"@id":"https:\/\/euricse.eu\/it\/storie-di-stage-il-racconto-di-matilde\/#primaryimage"},"image":{"@id":"https:\/\/euricse.eu\/it\/storie-di-stage-il-racconto-di-matilde\/#primaryimage"},"thumbnailUrl":"https:\/\/euricse.eu\/wp-content\/uploads\/2018\/10\/matilde.jpg","datePublished":"2018-10-22T15:28:41+00:00","author":{"@id":"https:\/\/euricse.eu\/en\/#\/schema\/person\/46be9426d76e3114ba478b69f3d8040b"},"breadcrumb":{"@id":"https:\/\/euricse.eu\/it\/storie-di-stage-il-racconto-di-matilde\/#breadcrumb"},"inLanguage":"it-IT","potentialAction":[{"@type":"ReadAction","target":["https:\/\/euricse.eu\/it\/storie-di-stage-il-racconto-di-matilde\/"]}]},{"@type":"ImageObject","inLanguage":"it-IT","@id":"https:\/\/euricse.eu\/it\/storie-di-stage-il-racconto-di-matilde\/#primaryimage","url":"https:\/\/euricse.eu\/wp-content\/uploads\/2018\/10\/matilde.jpg","contentUrl":"https:\/\/euricse.eu\/wp-content\/uploads\/2018\/10\/matilde.jpg","width":2389,"height":1812,"caption":"dav"},{"@type":"BreadcrumbList","@id":"https:\/\/euricse.eu\/it\/storie-di-stage-il-racconto-di-matilde\/#breadcrumb","itemListElement":[{"@type":"ListItem","position":1,"name":"Home","item":"https:\/\/euricse.eu\/it\/"},{"@type":"ListItem","position":2,"name":"Storie di stage: il racconto di Matilde"}]},{"@type":"WebSite","@id":"https:\/\/euricse.eu\/en\/#website","url":"https:\/\/euricse.eu\/en\/","name":"Euricse","description":"Knowledge and innovation for cooperative and social enterprises.","potentialAction":[{"@type":"SearchAction","target":{"@type":"EntryPoint","urlTemplate":"https:\/\/euricse.eu\/en\/?s={search_term_string}"},"query-input":{"@type":"PropertyValueSpecification","valueRequired":true,"valueName":"search_term_string"}}],"inLanguage":"it-IT"},{"@type":"Person","@id":"https:\/\/euricse.eu\/en\/#\/schema\/person\/46be9426d76e3114ba478b69f3d8040b","name":"redazione","image":{"@type":"ImageObject","inLanguage":"it-IT","@id":"https:\/\/euricse.eu\/en\/#\/schema\/person\/image\/","url":"https:\/\/secure.gravatar.com\/avatar\/d1e5fb76fa001722a0822f32de0a8935d9c7a01b0f055f16dc71df73252c3c50?s=96&d=mm&r=g","contentUrl":"https:\/\/secure.gravatar.com\/avatar\/d1e5fb76fa001722a0822f32de0a8935d9c7a01b0f055f16dc71df73252c3c50?s=96&d=mm&r=g","caption":"redazione"},"url":"https:\/\/euricse.eu\/it\/author\/marikadmin\/"}]}},"_links":{"self":[{"href":"https:\/\/euricse.eu\/it\/wp-json\/wp\/v2\/posts\/7394","targetHints":{"allow":["GET"]}}],"collection":[{"href":"https:\/\/euricse.eu\/it\/wp-json\/wp\/v2\/posts"}],"about":[{"href":"https:\/\/euricse.eu\/it\/wp-json\/wp\/v2\/types\/post"}],"author":[{"embeddable":true,"href":"https:\/\/euricse.eu\/it\/wp-json\/wp\/v2\/users\/30"}],"replies":[{"embeddable":true,"href":"https:\/\/euricse.eu\/it\/wp-json\/wp\/v2\/comments?post=7394"}],"version-history":[{"count":0,"href":"https:\/\/euricse.eu\/it\/wp-json\/wp\/v2\/posts\/7394\/revisions"}],"wp:featuredmedia":[{"embeddable":true,"href":"https:\/\/euricse.eu\/it\/wp-json\/wp\/v2\/media\/7397"}],"wp:attachment":[{"href":"https:\/\/euricse.eu\/it\/wp-json\/wp\/v2\/media?parent=7394"}],"wp:term":[{"taxonomy":"category","embeddable":true,"href":"https:\/\/euricse.eu\/it\/wp-json\/wp\/v2\/categories?post=7394"},{"taxonomy":"post_tag","embeddable":true,"href":"https:\/\/euricse.eu\/it\/wp-json\/wp\/v2\/tags?post=7394"}],"curies":[{"name":"wp","href":"https:\/\/api.w.org\/{rel}","templated":true}]}}