{"id":7760,"date":"2018-10-30T09:31:57","date_gmt":"2018-10-30T09:31:57","guid":{"rendered":"https:\/\/euricse.staging.hgblu.com\/?p=7760"},"modified":"2018-10-30T09:32:43","modified_gmt":"2018-10-30T09:32:43","slug":"cronaca-di-un-conformismo-annunciato","status":"publish","type":"post","link":"https:\/\/euricse.eu\/it\/cronaca-di-un-conformismo-annunciato\/","title":{"rendered":"Cronaca di un conformismo annunciato"},"content":{"rendered":"<p>Spunti e rischi latenti, ci\u00f2 che accade con il nuovo Geces<\/p>\n<p>&nbsp;<\/p>\n<p>di <a href=\"https:\/\/euricse.eu\/it\/people\/gianluca-salvatori\/\">Gianluca Salvatori<\/a><\/p>\n<p>L\u2019europeismo non si rinnega, tanto meno di questi tempi. Per\u00f2 di ritorno da una riunione convocata dalla Commissione europea \u00e8 impossibile liberarsi da una sensazione. O, per dirla tutta, da una considerazione frustrante. Alla ricerca di un minimo comune denominatore, che a forza di stringere il perimetro di fatto coincide con il mercato unico e le sue esigenze, si \u00e8 troppo spesso sacrificata la volont\u00e0 di interrogarsi sui fini facendo invece prevalere il discorso sui mezzi. Presentati oltretutto come sintesi di buone pratiche, e quindi apparentemente inoppugnabili. Perch\u00e9 \u2013 in una realt\u00e0 complessa come quella europea, dove la ricerca delle convergenze non \u00e8 un esercizio facile \u2013 si ritiene che ci\u00f2 che ha gi\u00e0 funzionato una volta abbia in s\u00e9 la propria giustificazione e si possa replicare come modello. Evitando cos\u00ec discussioni altrimenti ingestibili.<\/p>\n<p><!--more--><\/p>\n<p>Lo spunto per questa riflessione viene dalla prima riunione del nuovo Gruppo di esperti sull\u2019economia sociale. Il Geces, com\u2019\u00e8 chiamato in gergo, \u00e8 un organismo dalle dimensioni quasi assembleari. Un centinaio di membri di cui met\u00e0 rappresentanti tecnici dei governi nazionali e met\u00e0 selezionati dalla Commissione europea a seguito di avviso pubblico. Quindi, come qualcuno sarebbe tentato di pensare, la quintessenza della vituperata tecnocrazia che governa l\u2019Europa.<\/p>\n<p>&nbsp;<\/p>\n<p>Il Geces in realt\u00e0 governa ben poco. La sua \u00e8 una funzione di consulenza, in teoria rivolta ai decisori ma in pratica al servizio soprattutto dei funzionari. Una posizione non esattamente strategica ma che potrebbe comunque svolgere un compito utile se funzionasse come un forum in cui interrogarsi e confrontarsi, senza remore, sullo stato e le prospettive dell\u2019economia sociale nei paesi dell\u2019Unione. Sfuggendo al rischio di fungere da simulacro di una partecipazione formale in cui ci si limita a commentare decisioni assunte altrove.<\/p>\n<p>&nbsp;<\/p>\n<p>Qui sta per\u00f2 il motivo del senso di leggera ma penetrante frustrazione che ho percepito alla mia prima riunione. Dettato dalla sensazione che se il Geces rischia di prendere la strada di un formalismo partecipativo il motivo, pi\u00f9 che dall\u2019atteggiamento dei membri pubblici, dipende proprio dagli esperti non governativi. Vale a dire noi altri, che partecipiamo a nome di centri di ricerca, organizzazioni di terzo settore, reti di rappresentanza. Noi, che dovremmo portare nelle stanze di Bruxelles le voci della realt\u00e0 esterna e che invece finiamo per adeguarci ad una neo-lingua esoterica farcita di <em>playfield leveling<\/em>, promozione di ecosistemi e cluster, accesso alla finanza e ai mercati, <em>social public procurement, <\/em>valutazione di impatto.<\/p>\n<p>&nbsp;<\/p>\n<p>Sembra che ogni conversazione non riesca a staccarsi dalla dimensione strumentale, dal \u201ccome\u201d, incapace di retrocedere un passo e chiedersi \u201cperch\u00e9?\u201d. Quasi che questi ultimi anni non avessero terremotato gli schemi di pensiero che riguardano le strategie di sviluppo, gli strumenti di <em>policy<\/em>, le aspettative e i timori dell\u2019opinione pubblica. Con effetti rilevanti anche sull\u2019economia sociale. Davanti alla quale si sono aperti nuovi e inaspettati spazi, per cogliere i quali non basta ripetere le giaculatorie riprese da una visione del futuro europeo come progressivo e inarrestabile adattamento alle regole del libero mercato.<\/p>\n<p>&nbsp;<\/p>\n<p>Il pericolo maggiore dal quale dobbiamo guardarci viene da questo conformismo al quale ci siamo adeguati quasi inconsapevolmente. Dinanzi a funzionari europei che compilano l\u2019agenda seguendo il tracciato che hanno sempre seguito, non dovrebbe essere normale limitarsi a fare loro da eco. Alla riproposizione dell\u2019armamentario di concetti, come il <em>Social Business<\/em>, che hanno lastricato le politiche europee nella stagione in cui il problema sembrava fosse innanzitutto quello di adeguare l\u2019economia sociale alle regole di funzionamento dell\u2019economia di mercato, bisogna reagire argomentando che oggi il problema \u00e8 semmai quello opposto, cio\u00e8 ripensare le regole del mercato a partire dalle sollecitazioni mosse dall\u2019economia sociale e dai valori di cui \u00e8 portatrice.<\/p>\n<p>&nbsp;<\/p>\n<p>Con un cambiamento profondo di prospettiva, motivato dal fatto che gli argomenti per sostenere le ragioni dell\u2019economia sociale oggi non sono pi\u00f9 gli stessi di dieci o venti anni fa. Perch\u00e9 il ruolo che essa pu\u00f2 svolgere non \u00e8 puramente interstiziale, o \u201cterzo\u201d, come conseguenza dei fallimenti dello Stato e del mercato. Ma va dritto al cuore del tema di quella rigenerazione del \u201cmodello sociale europeo\u201d da cui dipende il futuro oggi incerto della democrazia liberale nei nostri paesi. Mettere in fila le questioni, risalendo dalle ragioni per sostenere l\u2019economia sociale alle questioni che riguardano i nostri futuri assetti istituzionali (e in definitiva il futuro stesso del progetto europeo), significa appunto interrogarsi sui fini e non solo sui mezzi. Chiedersi \u201cperch\u00e9\u201d, e non soltanto \u201ccome\u201d. Per lasciarsi alle spalle le formule rituali e trovare parole convincenti. In grado di spiegare che la posta in gioco non riguarda soltanto la ricerca di nuovi strumenti per finanziare le imprese sociali o agevolare l\u2019accesso alle commesse pubbliche, bens\u00ec \u2013 pi\u00f9 radicalmente \u2013 riguarda un approccio all\u2019economia in cui la generazione del capitale sociale \u00e8 il fine, e il capitale finanziario lo strumento.<\/p>\n<p>&nbsp;<\/p>\n<p>Chiamare a raccolta degli esperti di economia sociale dovrebbe servire appunto a questo: ricordare di cosa si sta parlando veramente, ridisegnando una visione d\u2019insieme. Rispetto alla quale gli strumenti devono essere conseguenti. Altrimenti la condanna \u00e8 un inutile conformismo. Se sapr\u00e0 stare al passo con questo impegno, anche il Geces potr\u00e0 essere il tassello di una strategia di ripensamento della prospettiva europea. Non per allontanarci da Bruxelles, ma per ridare forza a quell\u2019ideale comunitario cui abbiamo fortemente creduto per sessant\u2019anni e la cui crisi \u00e8 troppo recente perch\u00e9 ci si possa rassegnare.<\/p>\n<figure id=\"attachment_7763\" aria-describedby=\"caption-attachment-7763\" style=\"width: 332px\" class=\"wp-caption aligncenter\"><img loading=\"lazy\" decoding=\"async\" class=\"size-full wp-image-7763\" src=\"https:\/\/euricse.eu\/wp-content\/uploads\/2018\/10\/Gianluca-Salvatori_Website.jpg\" alt=\"\" width=\"332\" height=\"277\" srcset=\"https:\/\/euricse.eu\/wp-content\/uploads\/2018\/10\/Gianluca-Salvatori_Website.jpg 332w, https:\/\/euricse.eu\/wp-content\/uploads\/2018\/10\/Gianluca-Salvatori_Website-300x250.jpg 300w\" sizes=\"auto, (max-width: 332px) 100vw, 332px\" \/><figcaption id=\"caption-attachment-7763\" class=\"wp-caption-text\">Gianluca Salvatori, segretario generale di Euricse<\/figcaption><\/figure>\n","protected":false},"excerpt":{"rendered":"<p>Spunti e rischi latenti, ci\u00f2 che accade con il nuovo Geces &nbsp; di Gianluca Salvatori L\u2019europeismo non si rinnega, tanto meno di questi tempi. Per\u00f2 di ritorno da una riunione convocata dalla Commissione europea \u00e8 impossibile liberarsi da una sensazione. O, per dirla tutta, da una considerazione frustrante. Alla ricerca di un minimo comune denominatore, [&hellip;]<\/p>\n","protected":false},"author":30,"featured_media":7761,"comment_status":"open","ping_status":"closed","sticky":false,"template":"","format":"standard","meta":{"_acf_changed":false,"episode_type":"","audio_file":"","cover_image":"","cover_image_id":"","duration":"","filesize":"","date_recorded":"","explicit":"","block":"","itunes_episode_number":"","itunes_title":"","itunes_season_number":"","itunes_episode_type":"","filesize_raw":"","footnotes":""},"categories":[17],"tags":[],"class_list":["post-7760","post","type-post","status-publish","format-standard","has-post-thumbnail","hentry","category-news-it"],"acf":[],"yoast_head":"<!-- This site is optimized with the Yoast SEO plugin v26.1.1 - https:\/\/yoast.com\/wordpress\/plugins\/seo\/ -->\n<title>Cronaca di un conformismo annunciato - Euricse<\/title>\n<meta name=\"robots\" content=\"index, follow, max-snippet:-1, max-image-preview:large, max-video-preview:-1\" \/>\n<link rel=\"canonical\" href=\"https:\/\/euricse.eu\/it\/cronaca-di-un-conformismo-annunciato\/\" \/>\n<meta property=\"og:locale\" content=\"it_IT\" \/>\n<meta property=\"og:type\" content=\"article\" \/>\n<meta property=\"og:title\" content=\"Cronaca di un conformismo annunciato - Euricse\" \/>\n<meta property=\"og:description\" content=\"Spunti e rischi latenti, ci\u00f2 che accade con il nuovo Geces &nbsp; di Gianluca Salvatori L\u2019europeismo non si rinnega, tanto meno di questi tempi. Per\u00f2 di ritorno da una riunione convocata dalla Commissione europea \u00e8 impossibile liberarsi da una sensazione. O, per dirla tutta, da una considerazione frustrante. Alla ricerca di un minimo comune denominatore, [&hellip;]\" \/>\n<meta property=\"og:url\" content=\"https:\/\/euricse.eu\/it\/cronaca-di-un-conformismo-annunciato\/\" \/>\n<meta property=\"og:site_name\" content=\"Euricse\" \/>\n<meta property=\"article:published_time\" content=\"2018-10-30T09:31:57+00:00\" \/>\n<meta property=\"article:modified_time\" content=\"2018-10-30T09:32:43+00:00\" \/>\n<meta property=\"og:image\" content=\"https:\/\/euricse.eu\/wp-content\/uploads\/2018\/10\/architecture-768432_1920.jpg\" \/>\n\t<meta property=\"og:image:width\" content=\"1920\" \/>\n\t<meta property=\"og:image:height\" content=\"1279\" \/>\n\t<meta property=\"og:image:type\" content=\"image\/jpeg\" \/>\n<meta name=\"author\" content=\"redazione\" \/>\n<meta name=\"twitter:card\" content=\"summary_large_image\" \/>\n<meta name=\"twitter:label1\" content=\"Scritto da\" \/>\n\t<meta name=\"twitter:data1\" content=\"redazione\" \/>\n\t<meta name=\"twitter:label2\" content=\"Tempo di lettura stimato\" \/>\n\t<meta name=\"twitter:data2\" content=\"5 minuti\" \/>\n<script type=\"application\/ld+json\" class=\"yoast-schema-graph\">{\"@context\":\"https:\/\/schema.org\",\"@graph\":[{\"@type\":\"WebPage\",\"@id\":\"https:\/\/euricse.eu\/it\/cronaca-di-un-conformismo-annunciato\/\",\"url\":\"https:\/\/euricse.eu\/it\/cronaca-di-un-conformismo-annunciato\/\",\"name\":\"Cronaca di un conformismo annunciato - Euricse\",\"isPartOf\":{\"@id\":\"https:\/\/euricse.eu\/en\/#website\"},\"primaryImageOfPage\":{\"@id\":\"https:\/\/euricse.eu\/it\/cronaca-di-un-conformismo-annunciato\/#primaryimage\"},\"image\":{\"@id\":\"https:\/\/euricse.eu\/it\/cronaca-di-un-conformismo-annunciato\/#primaryimage\"},\"thumbnailUrl\":\"https:\/\/euricse.eu\/wp-content\/uploads\/2018\/10\/architecture-768432_1920.jpg\",\"datePublished\":\"2018-10-30T09:31:57+00:00\",\"dateModified\":\"2018-10-30T09:32:43+00:00\",\"author\":{\"@id\":\"https:\/\/euricse.eu\/en\/#\/schema\/person\/46be9426d76e3114ba478b69f3d8040b\"},\"breadcrumb\":{\"@id\":\"https:\/\/euricse.eu\/it\/cronaca-di-un-conformismo-annunciato\/#breadcrumb\"},\"inLanguage\":\"it-IT\",\"potentialAction\":[{\"@type\":\"ReadAction\",\"target\":[\"https:\/\/euricse.eu\/it\/cronaca-di-un-conformismo-annunciato\/\"]}]},{\"@type\":\"ImageObject\",\"inLanguage\":\"it-IT\",\"@id\":\"https:\/\/euricse.eu\/it\/cronaca-di-un-conformismo-annunciato\/#primaryimage\",\"url\":\"https:\/\/euricse.eu\/wp-content\/uploads\/2018\/10\/architecture-768432_1920.jpg\",\"contentUrl\":\"https:\/\/euricse.eu\/wp-content\/uploads\/2018\/10\/architecture-768432_1920.jpg\",\"width\":1920,\"height\":1279},{\"@type\":\"BreadcrumbList\",\"@id\":\"https:\/\/euricse.eu\/it\/cronaca-di-un-conformismo-annunciato\/#breadcrumb\",\"itemListElement\":[{\"@type\":\"ListItem\",\"position\":1,\"name\":\"Home\",\"item\":\"https:\/\/euricse.eu\/it\/\"},{\"@type\":\"ListItem\",\"position\":2,\"name\":\"Cronaca di un conformismo annunciato\"}]},{\"@type\":\"WebSite\",\"@id\":\"https:\/\/euricse.eu\/en\/#website\",\"url\":\"https:\/\/euricse.eu\/en\/\",\"name\":\"Euricse\",\"description\":\"Knowledge and innovation for cooperative and social enterprises.\",\"potentialAction\":[{\"@type\":\"SearchAction\",\"target\":{\"@type\":\"EntryPoint\",\"urlTemplate\":\"https:\/\/euricse.eu\/en\/?s={search_term_string}\"},\"query-input\":{\"@type\":\"PropertyValueSpecification\",\"valueRequired\":true,\"valueName\":\"search_term_string\"}}],\"inLanguage\":\"it-IT\"},{\"@type\":\"Person\",\"@id\":\"https:\/\/euricse.eu\/en\/#\/schema\/person\/46be9426d76e3114ba478b69f3d8040b\",\"name\":\"redazione\",\"image\":{\"@type\":\"ImageObject\",\"inLanguage\":\"it-IT\",\"@id\":\"https:\/\/euricse.eu\/en\/#\/schema\/person\/image\/\",\"url\":\"https:\/\/secure.gravatar.com\/avatar\/d1e5fb76fa001722a0822f32de0a8935d9c7a01b0f055f16dc71df73252c3c50?s=96&d=mm&r=g\",\"contentUrl\":\"https:\/\/secure.gravatar.com\/avatar\/d1e5fb76fa001722a0822f32de0a8935d9c7a01b0f055f16dc71df73252c3c50?s=96&d=mm&r=g\",\"caption\":\"redazione\"},\"url\":\"https:\/\/euricse.eu\/it\/author\/marikadmin\/\"}]}<\/script>\n<!-- \/ Yoast SEO plugin. -->","yoast_head_json":{"title":"Cronaca di un conformismo annunciato - Euricse","robots":{"index":"index","follow":"follow","max-snippet":"max-snippet:-1","max-image-preview":"max-image-preview:large","max-video-preview":"max-video-preview:-1"},"canonical":"https:\/\/euricse.eu\/it\/cronaca-di-un-conformismo-annunciato\/","og_locale":"it_IT","og_type":"article","og_title":"Cronaca di un conformismo annunciato - Euricse","og_description":"Spunti e rischi latenti, ci\u00f2 che accade con il nuovo Geces &nbsp; di Gianluca Salvatori L\u2019europeismo non si rinnega, tanto meno di questi tempi. Per\u00f2 di ritorno da una riunione convocata dalla Commissione europea \u00e8 impossibile liberarsi da una sensazione. O, per dirla tutta, da una considerazione frustrante. Alla ricerca di un minimo comune denominatore, [&hellip;]","og_url":"https:\/\/euricse.eu\/it\/cronaca-di-un-conformismo-annunciato\/","og_site_name":"Euricse","article_published_time":"2018-10-30T09:31:57+00:00","article_modified_time":"2018-10-30T09:32:43+00:00","og_image":[{"width":1920,"height":1279,"url":"https:\/\/euricse.eu\/wp-content\/uploads\/2018\/10\/architecture-768432_1920.jpg","type":"image\/jpeg"}],"author":"redazione","twitter_card":"summary_large_image","twitter_misc":{"Scritto da":"redazione","Tempo di lettura stimato":"5 minuti"},"schema":{"@context":"https:\/\/schema.org","@graph":[{"@type":"WebPage","@id":"https:\/\/euricse.eu\/it\/cronaca-di-un-conformismo-annunciato\/","url":"https:\/\/euricse.eu\/it\/cronaca-di-un-conformismo-annunciato\/","name":"Cronaca di un conformismo annunciato - Euricse","isPartOf":{"@id":"https:\/\/euricse.eu\/en\/#website"},"primaryImageOfPage":{"@id":"https:\/\/euricse.eu\/it\/cronaca-di-un-conformismo-annunciato\/#primaryimage"},"image":{"@id":"https:\/\/euricse.eu\/it\/cronaca-di-un-conformismo-annunciato\/#primaryimage"},"thumbnailUrl":"https:\/\/euricse.eu\/wp-content\/uploads\/2018\/10\/architecture-768432_1920.jpg","datePublished":"2018-10-30T09:31:57+00:00","dateModified":"2018-10-30T09:32:43+00:00","author":{"@id":"https:\/\/euricse.eu\/en\/#\/schema\/person\/46be9426d76e3114ba478b69f3d8040b"},"breadcrumb":{"@id":"https:\/\/euricse.eu\/it\/cronaca-di-un-conformismo-annunciato\/#breadcrumb"},"inLanguage":"it-IT","potentialAction":[{"@type":"ReadAction","target":["https:\/\/euricse.eu\/it\/cronaca-di-un-conformismo-annunciato\/"]}]},{"@type":"ImageObject","inLanguage":"it-IT","@id":"https:\/\/euricse.eu\/it\/cronaca-di-un-conformismo-annunciato\/#primaryimage","url":"https:\/\/euricse.eu\/wp-content\/uploads\/2018\/10\/architecture-768432_1920.jpg","contentUrl":"https:\/\/euricse.eu\/wp-content\/uploads\/2018\/10\/architecture-768432_1920.jpg","width":1920,"height":1279},{"@type":"BreadcrumbList","@id":"https:\/\/euricse.eu\/it\/cronaca-di-un-conformismo-annunciato\/#breadcrumb","itemListElement":[{"@type":"ListItem","position":1,"name":"Home","item":"https:\/\/euricse.eu\/it\/"},{"@type":"ListItem","position":2,"name":"Cronaca di un conformismo annunciato"}]},{"@type":"WebSite","@id":"https:\/\/euricse.eu\/en\/#website","url":"https:\/\/euricse.eu\/en\/","name":"Euricse","description":"Knowledge and innovation for cooperative and social enterprises.","potentialAction":[{"@type":"SearchAction","target":{"@type":"EntryPoint","urlTemplate":"https:\/\/euricse.eu\/en\/?s={search_term_string}"},"query-input":{"@type":"PropertyValueSpecification","valueRequired":true,"valueName":"search_term_string"}}],"inLanguage":"it-IT"},{"@type":"Person","@id":"https:\/\/euricse.eu\/en\/#\/schema\/person\/46be9426d76e3114ba478b69f3d8040b","name":"redazione","image":{"@type":"ImageObject","inLanguage":"it-IT","@id":"https:\/\/euricse.eu\/en\/#\/schema\/person\/image\/","url":"https:\/\/secure.gravatar.com\/avatar\/d1e5fb76fa001722a0822f32de0a8935d9c7a01b0f055f16dc71df73252c3c50?s=96&d=mm&r=g","contentUrl":"https:\/\/secure.gravatar.com\/avatar\/d1e5fb76fa001722a0822f32de0a8935d9c7a01b0f055f16dc71df73252c3c50?s=96&d=mm&r=g","caption":"redazione"},"url":"https:\/\/euricse.eu\/it\/author\/marikadmin\/"}]}},"_links":{"self":[{"href":"https:\/\/euricse.eu\/it\/wp-json\/wp\/v2\/posts\/7760","targetHints":{"allow":["GET"]}}],"collection":[{"href":"https:\/\/euricse.eu\/it\/wp-json\/wp\/v2\/posts"}],"about":[{"href":"https:\/\/euricse.eu\/it\/wp-json\/wp\/v2\/types\/post"}],"author":[{"embeddable":true,"href":"https:\/\/euricse.eu\/it\/wp-json\/wp\/v2\/users\/30"}],"replies":[{"embeddable":true,"href":"https:\/\/euricse.eu\/it\/wp-json\/wp\/v2\/comments?post=7760"}],"version-history":[{"count":0,"href":"https:\/\/euricse.eu\/it\/wp-json\/wp\/v2\/posts\/7760\/revisions"}],"wp:featuredmedia":[{"embeddable":true,"href":"https:\/\/euricse.eu\/it\/wp-json\/wp\/v2\/media\/7761"}],"wp:attachment":[{"href":"https:\/\/euricse.eu\/it\/wp-json\/wp\/v2\/media?parent=7760"}],"wp:term":[{"taxonomy":"category","embeddable":true,"href":"https:\/\/euricse.eu\/it\/wp-json\/wp\/v2\/categories?post=7760"},{"taxonomy":"post_tag","embeddable":true,"href":"https:\/\/euricse.eu\/it\/wp-json\/wp\/v2\/tags?post=7760"}],"curies":[{"name":"wp","href":"https:\/\/api.w.org\/{rel}","templated":true}]}}