{"id":7921,"date":"2018-11-27T10:59:44","date_gmt":"2018-11-27T10:59:44","guid":{"rendered":"https:\/\/euricse.staging.hgblu.com\/?p=7921"},"modified":"2018-11-30T15:55:37","modified_gmt":"2018-11-30T15:55:37","slug":"terzo-settore-e-enti-locali-nasce-il-libro-bianco-dellaccoglienza","status":"publish","type":"post","link":"https:\/\/euricse.eu\/it\/terzo-settore-e-enti-locali-nasce-il-libro-bianco-dellaccoglienza\/","title":{"rendered":"Terzo settore e enti locali, nasce il Libro Bianco dell\u2019accoglienza"},"content":{"rendered":"<p style=\"font-weight: 400;\">Quasi 300 iscritti al workshop di Euricse. Ora nascer\u00e0 un volume<\/p>\n<p style=\"font-weight: 400;\">Fico invita gli organizzatori a Montecitorio per un incontro<\/p>\n<p>&nbsp;<\/p>\n<p style=\"font-weight: 400;\">Quasi 300 iscritti alle sei diverse sessioni; ventinove pratiche in arrivo da Friuli Venezia Giulia, Piemonte, Lombardia, Veneto, Emilia Romagna, Campania, Sicilia, Toscana, Calabria, Lazio, Trentino che hanno raccontato le decine di esperienze innovative dispiegate in tutto il Paese per rispondere alla sfida migratoria. Il workshop\u00a0<a href=\"https:\/\/euricse.eu\/it\/territori-accoglienti-workshop-di-euricse-sulle-buone-pratiche-diffuse-in-italia\/\"><strong>Territori accoglienti<\/strong>,<\/a> organizzato da Euricse e in agenda oggi, sabato 24, al dipartimento di Lettere dell\u2019ateneo di Trento, ha fatto emergere una costellazione spesso silenziosa, modelli ben riusciti d\u2019incontro fra terzo settore e enti locali. \u201cOra \u2013 spiega Giulia Galera, ricercatrice senior di Euricse e organizzatrice dell\u2019evento \u2013 da questo convegno nascer\u00e0 un Libro Bianco, per individuare soluzioni applicabili in futuro, alla luce dei nuovi scenari normativi, e per indicare un pacchetto di raccomandazioni\u201d. Non solo, il presidente della Camera dei Deputati, Roberto Fico, ha gi\u00e0 dato piena disponibilit\u00e0 a incontrare i ricercatori coinvolti: nelle prossime settimane saranno ricevuti a Montecitorio.<\/p>\n<p><!--more--><\/p>\n<p style=\"font-weight: 400;\">\u201cQuesto \u00e8 un momento rilevante per l\u2019Italia \u2013 ha esordito aprendo i lavori a Lettere\u00a0<strong>Mario Diani<\/strong>, direttore del dipartimento di Sociologia e ricerca sociale dell\u2019universit\u00e0 di Trento \u2013 Ci\u00f2 che mi auguro \u00e8 che il tema delle disuguaglianze sia riportato al centro del dibattito pubblico\u201d. \u201cAnche l\u2019ateneo di Trento, con le sue competenze, da tempo fa la sua parte \u2013 ha fatto eco\u00a0<strong>Barbara Poggio<\/strong>, prorettrice con delega all\u2019equit\u00e0 \u2013 Dal 2015 \u00e8 partito il progetto \u2018richiedenti asilo all\u2019universit\u00e0\u2019, per poter garantire a 5 studenti ogni anno (richiedenti asilo o detentori di forme di protezione internazionale,\u00a0<em>ndr<\/em>), l\u2019inserimento universitario, una borsa di studio e il posto alloggio per un periodo pari per lo meno a un ciclo triennale\u201d.<\/p>\n<p style=\"font-weight: 400;\">Inevitabile la riflessione sui cambiamenti normativi in corso, quindi il riferimento al decreto sicurezza e immigrazione che porta il nome del ministro Matteo Salvini (il Decreto Legge 4 ottobre 2018, n. 113). \u201cIl sistema SPRAR (sistema di protezione per richiedenti asilo e rifugiati)\u00a0 dal 5 ottobre non esiste pi\u00f9\u201d, ha detto\u00a0<strong>Gianfranco Schiavone<\/strong>, vicepresidente di Asgi (Associazione per gli studi giuridici sul\u2019immigrazione). Due, su tutte, le conseguenze citate da Schiavone: \u201cI progetti ex Sprar periferici, nelle aree interne, si svuoteranno\u201d. Ancora: \u201cL\u2019attuale rete diffusa sar\u00e0 sovrabbondante\u201d.<\/p>\n<p style=\"font-weight: 400;\">Quindi, cosa sta accadendo? A rispondere, a Trento,\u00a0<strong>Daniela Di Capua<\/strong>, direttrice del servizio centrale SPRAR. \u201cLa mia \u00e8 un\u2019analisi tecnica \u2013 ha premesso \u2013 il sistema Sprar coinvolge 1.825 Comuni per 877 progetti: un\u2019evoluzione forte, censita negli ultimi anni\u201d. Ora qualcosa \u00e8 cambiato. \u201cIn pochi mesi tutto \u00e8 stato stravolto \u2013 ha aggiunto \u2013 Il tema non \u00e8 e non dev\u2019essere la solidariet\u00e0, che attiene perlopi\u00f9 alle coscienze individuali, qui si parla di diritti\u201d. In particolare, Di Capua ha messo in discussione la riuscita del contenimento dei costi legati all\u2019accoglienza: \u201cAbbassare i costi dei CAS (centri di accoglienza straordinaria) in realt\u00e0 aumenter\u00e0 drasticamente i costi sociali e le conseguenze saranno gravose per tutti\u201d.<\/p>\n<p style=\"font-weight: 400;\"><strong>Matteo Biffoni<\/strong>, sindaco di Prato e delegato ANCI per le politiche migratorie, nel suo intervento a Trento ha dato voce ai Comuni d\u2019Italia. \u201cI territori sono in subbuglio \u2013 ha detto &#8211; Il clima nei confronti dello SPRAR e del sistema di accoglienza cos\u00ec come l\u2019abbiamo conosciuto \u00e8 questo: di lutto\u201d. \u201cPreoccupazioni trasversali\u201d, ha rimarcato il primo cittadino, circa un modello \u2013 lo Sprar \u2013 che nelle sue parole ha inanellato numeri importanti: \u201cIl 70% delle persone che escono dal programma Sprar sono formate; il 45% ha un contratto di lavoro in tasca: hanno quindi gli strumenti per affrontare la quotidianit\u00e0: sono cittadini. Questo era lo Sprar, con una particolarit\u00e0: a gestirlo erano i Comuni che si caricavano di una responsabilit\u00e0 dello Stato e dando risposte efficaci\u201d. E ora? Quali prospettive? \u201cCome sindaci temiamo che l\u2019esito sia la confusione, e che il sistema Sprar rimarr\u00e0 strumento di nicchia\u201d.<\/p>\n<p style=\"font-weight: 400;\"><strong>Cosimo Palazzo<\/strong>, dirigente area emergenze del Comune di Milano, guardandosi indietro ha citato quanto fatto: \u201cIn questi anni abbiamo saputo produrre una straordinaria trasformazione dei nostri sistemi di welfare: abbiamo imparato a gestire il tema dell\u2019accoglienza; in futuro dobbiamo trovare una nuova alleanza fra enti locali e terzo settore\u201d. Citando il fenomeno delle migrazioni climatiche \u201cche segneranno gli anni a venire\u201d,\u00a0<strong>Anna Fasano<\/strong>, vicepresidente di Banca Etica, ha sottolineato l\u2019importanza di superare il Pil quale metro di giudizio e soffermarsi sull\u2019impatto sociale e ambientale.<\/p>\n<p style=\"font-weight: 400;\">\u201cLa cooperazione sociale in questo momento \u00e8 messa all\u2019angolo \u2013 ha aggiunto\u00a0<strong>Stefano Granata<\/strong>, presidente di Federsolidariet\u00e0 &#8211; Dobbiamo tornare all\u2019istanza iniziale, ovvero alla costruzione di consenso sociale che oggi abbiamo perso\u201d. Un\u2019esortazione accorata, la sua: \u201cDobbiamo scrivere un nuovo patto fiduciario con le comunit\u00e0, a partire proprio dalle fragilit\u00e0 e dalle paure delle comunit\u00e0. Non possiamo fare finta di nulla e, piuttosto, riallacciare un dialogo, tornando a una funzione di ascolto, stare in mezzo alle persone\u201d.<\/p>\n<p style=\"font-weight: 400;\">Missionario in Camerun, oggi parroco a Rebbio,\u00a0<strong>don Giusto Della Valle<\/strong>\u00a0ha infine riepilogato i numeri dei tanti cittadini a rischio povert\u00e0: \u201cL\u2019Italia ha bisogno di una rinascita, persone che sappiano coalizzare energie, forze che ora faticano a vedersi espresse\u201d. Quindi, ha detto, giovani che si impegnino. \u201cE al tempo stesso luoghi e spazi, associazioni, centri culturali\u201d: Congiuzioni, dunque.<\/p>\n<div id='gallery-1' class='gallery galleryid-7921 gallery-columns-3 gallery-size-thumbnail'><figure class='gallery-item'>\n\t\t\t<div class='gallery-icon landscape'>\n\t\t\t\t<a href='https:\/\/euricse.eu\/it\/terzo-settore-e-enti-locali-nasce-il-libro-bianco-dellaccoglienza\/sala-2\/'><img loading=\"lazy\" decoding=\"async\" width=\"533\" height=\"400\" src=\"https:\/\/euricse.eu\/wp-content\/uploads\/2018\/11\/sala-1-533x400.jpg\" class=\"attachment-thumbnail size-thumbnail\" alt=\"\" srcset=\"https:\/\/euricse.eu\/wp-content\/uploads\/2018\/11\/sala-1-533x400.jpg 533w, https:\/\/euricse.eu\/wp-content\/uploads\/2018\/11\/sala-1-300x225.jpg 300w, https:\/\/euricse.eu\/wp-content\/uploads\/2018\/11\/sala-1-768x576.jpg 768w, https:\/\/euricse.eu\/wp-content\/uploads\/2018\/11\/sala-1.jpg 960w\" sizes=\"auto, (max-width: 533px) 100vw, 533px\" \/><\/a>\n\t\t\t<\/div><\/figure><figure class='gallery-item'>\n\t\t\t<div class='gallery-icon landscape'>\n\t\t\t\t<a href='https:\/\/euricse.eu\/it\/terzo-settore-e-enti-locali-nasce-il-libro-bianco-dellaccoglienza\/dscf1325\/'><img loading=\"lazy\" decoding=\"async\" width=\"600\" height=\"400\" src=\"https:\/\/euricse.eu\/wp-content\/uploads\/2018\/11\/DSCF1325-600x400.jpg\" class=\"attachment-thumbnail size-thumbnail\" alt=\"\" srcset=\"https:\/\/euricse.eu\/wp-content\/uploads\/2018\/11\/DSCF1325-600x400.jpg 600w, https:\/\/euricse.eu\/wp-content\/uploads\/2018\/11\/DSCF1325-300x200.jpg 300w, https:\/\/euricse.eu\/wp-content\/uploads\/2018\/11\/DSCF1325-768x512.jpg 768w, https:\/\/euricse.eu\/wp-content\/uploads\/2018\/11\/DSCF1325-1024x683.jpg 1024w\" sizes=\"auto, (max-width: 600px) 100vw, 600px\" \/><\/a>\n\t\t\t<\/div><\/figure><figure class='gallery-item'>\n\t\t\t<div class='gallery-icon landscape'>\n\t\t\t\t<a href='https:\/\/euricse.eu\/it\/terzo-settore-e-enti-locali-nasce-il-libro-bianco-dellaccoglienza\/dscf1324\/'><img loading=\"lazy\" decoding=\"async\" width=\"600\" height=\"400\" src=\"https:\/\/euricse.eu\/wp-content\/uploads\/2018\/11\/DSCF1324-600x400.jpg\" class=\"attachment-thumbnail size-thumbnail\" alt=\"\" srcset=\"https:\/\/euricse.eu\/wp-content\/uploads\/2018\/11\/DSCF1324-600x400.jpg 600w, https:\/\/euricse.eu\/wp-content\/uploads\/2018\/11\/DSCF1324-300x200.jpg 300w, https:\/\/euricse.eu\/wp-content\/uploads\/2018\/11\/DSCF1324-768x512.jpg 768w, https:\/\/euricse.eu\/wp-content\/uploads\/2018\/11\/DSCF1324-1024x683.jpg 1024w\" sizes=\"auto, (max-width: 600px) 100vw, 600px\" \/><\/a>\n\t\t\t<\/div><\/figure><figure class='gallery-item'>\n\t\t\t<div class='gallery-icon landscape'>\n\t\t\t\t<a href='https:\/\/euricse.eu\/it\/terzo-settore-e-enti-locali-nasce-il-libro-bianco-dellaccoglienza\/dscf1322\/'><img loading=\"lazy\" decoding=\"async\" width=\"600\" height=\"400\" src=\"https:\/\/euricse.eu\/wp-content\/uploads\/2018\/11\/DSCF1322-600x400.jpg\" class=\"attachment-thumbnail size-thumbnail\" alt=\"\" srcset=\"https:\/\/euricse.eu\/wp-content\/uploads\/2018\/11\/DSCF1322-600x400.jpg 600w, https:\/\/euricse.eu\/wp-content\/uploads\/2018\/11\/DSCF1322-300x200.jpg 300w, https:\/\/euricse.eu\/wp-content\/uploads\/2018\/11\/DSCF1322-768x512.jpg 768w, https:\/\/euricse.eu\/wp-content\/uploads\/2018\/11\/DSCF1322-1024x683.jpg 1024w\" sizes=\"auto, (max-width: 600px) 100vw, 600px\" \/><\/a>\n\t\t\t<\/div><\/figure><figure class='gallery-item'>\n\t\t\t<div class='gallery-icon landscape'>\n\t\t\t\t<a href='https:\/\/euricse.eu\/it\/terzo-settore-e-enti-locali-nasce-il-libro-bianco-dellaccoglienza\/dscf1321\/'><img loading=\"lazy\" decoding=\"async\" width=\"600\" height=\"400\" src=\"https:\/\/euricse.eu\/wp-content\/uploads\/2018\/11\/DSCF1321-600x400.jpg\" class=\"attachment-thumbnail size-thumbnail\" alt=\"\" srcset=\"https:\/\/euricse.eu\/wp-content\/uploads\/2018\/11\/DSCF1321-600x400.jpg 600w, https:\/\/euricse.eu\/wp-content\/uploads\/2018\/11\/DSCF1321-300x200.jpg 300w, https:\/\/euricse.eu\/wp-content\/uploads\/2018\/11\/DSCF1321-768x512.jpg 768w, https:\/\/euricse.eu\/wp-content\/uploads\/2018\/11\/DSCF1321-1024x683.jpg 1024w\" sizes=\"auto, (max-width: 600px) 100vw, 600px\" \/><\/a>\n\t\t\t<\/div><\/figure><figure class='gallery-item'>\n\t\t\t<div class='gallery-icon landscape'>\n\t\t\t\t<a href='https:\/\/euricse.eu\/it\/terzo-settore-e-enti-locali-nasce-il-libro-bianco-dellaccoglienza\/dscf1337\/'><img loading=\"lazy\" decoding=\"async\" width=\"600\" height=\"400\" src=\"https:\/\/euricse.eu\/wp-content\/uploads\/2018\/11\/DSCF1337-600x400.jpg\" class=\"attachment-thumbnail size-thumbnail\" alt=\"\" srcset=\"https:\/\/euricse.eu\/wp-content\/uploads\/2018\/11\/DSCF1337-600x400.jpg 600w, https:\/\/euricse.eu\/wp-content\/uploads\/2018\/11\/DSCF1337-300x200.jpg 300w, https:\/\/euricse.eu\/wp-content\/uploads\/2018\/11\/DSCF1337-768x512.jpg 768w, https:\/\/euricse.eu\/wp-content\/uploads\/2018\/11\/DSCF1337-1024x683.jpg 1024w\" sizes=\"auto, (max-width: 600px) 100vw, 600px\" \/><\/a>\n\t\t\t<\/div><\/figure><figure class='gallery-item'>\n\t\t\t<div class='gallery-icon landscape'>\n\t\t\t\t<a href='https:\/\/euricse.eu\/it\/terzo-settore-e-enti-locali-nasce-il-libro-bianco-dellaccoglienza\/dscf1335\/'><img loading=\"lazy\" decoding=\"async\" width=\"600\" height=\"400\" src=\"https:\/\/euricse.eu\/wp-content\/uploads\/2018\/11\/DSCF1335-600x400.jpg\" class=\"attachment-thumbnail size-thumbnail\" alt=\"\" srcset=\"https:\/\/euricse.eu\/wp-content\/uploads\/2018\/11\/DSCF1335-600x400.jpg 600w, https:\/\/euricse.eu\/wp-content\/uploads\/2018\/11\/DSCF1335-300x200.jpg 300w, https:\/\/euricse.eu\/wp-content\/uploads\/2018\/11\/DSCF1335-768x512.jpg 768w, https:\/\/euricse.eu\/wp-content\/uploads\/2018\/11\/DSCF1335-1024x683.jpg 1024w\" sizes=\"auto, (max-width: 600px) 100vw, 600px\" \/><\/a>\n\t\t\t<\/div><\/figure><figure class='gallery-item'>\n\t\t\t<div class='gallery-icon landscape'>\n\t\t\t\t<a href='https:\/\/euricse.eu\/it\/terzo-settore-e-enti-locali-nasce-il-libro-bianco-dellaccoglienza\/dscf1330\/'><img loading=\"lazy\" decoding=\"async\" width=\"600\" height=\"400\" src=\"https:\/\/euricse.eu\/wp-content\/uploads\/2018\/11\/DSCF1330-600x400.jpg\" class=\"attachment-thumbnail size-thumbnail\" alt=\"\" srcset=\"https:\/\/euricse.eu\/wp-content\/uploads\/2018\/11\/DSCF1330-600x400.jpg 600w, https:\/\/euricse.eu\/wp-content\/uploads\/2018\/11\/DSCF1330-300x200.jpg 300w, https:\/\/euricse.eu\/wp-content\/uploads\/2018\/11\/DSCF1330-768x512.jpg 768w, https:\/\/euricse.eu\/wp-content\/uploads\/2018\/11\/DSCF1330-1024x683.jpg 1024w\" sizes=\"auto, (max-width: 600px) 100vw, 600px\" \/><\/a>\n\t\t\t<\/div><\/figure><figure class='gallery-item'>\n\t\t\t<div class='gallery-icon landscape'>\n\t\t\t\t<a href='https:\/\/euricse.eu\/it\/terzo-settore-e-enti-locali-nasce-il-libro-bianco-dellaccoglienza\/dscf1348\/'><img loading=\"lazy\" decoding=\"async\" width=\"600\" height=\"400\" src=\"https:\/\/euricse.eu\/wp-content\/uploads\/2018\/11\/DSCF1348-600x400.jpg\" class=\"attachment-thumbnail size-thumbnail\" alt=\"\" srcset=\"https:\/\/euricse.eu\/wp-content\/uploads\/2018\/11\/DSCF1348-600x400.jpg 600w, https:\/\/euricse.eu\/wp-content\/uploads\/2018\/11\/DSCF1348-300x200.jpg 300w, https:\/\/euricse.eu\/wp-content\/uploads\/2018\/11\/DSCF1348-768x512.jpg 768w, https:\/\/euricse.eu\/wp-content\/uploads\/2018\/11\/DSCF1348-1024x683.jpg 1024w\" sizes=\"auto, (max-width: 600px) 100vw, 600px\" \/><\/a>\n\t\t\t<\/div><\/figure><figure class='gallery-item'>\n\t\t\t<div class='gallery-icon landscape'>\n\t\t\t\t<a href='https:\/\/euricse.eu\/it\/terzo-settore-e-enti-locali-nasce-il-libro-bianco-dellaccoglienza\/dscf1346\/'><img loading=\"lazy\" decoding=\"async\" width=\"600\" height=\"400\" src=\"https:\/\/euricse.eu\/wp-content\/uploads\/2018\/11\/DSCF1346-600x400.jpg\" class=\"attachment-thumbnail size-thumbnail\" alt=\"\" srcset=\"https:\/\/euricse.eu\/wp-content\/uploads\/2018\/11\/DSCF1346-600x400.jpg 600w, https:\/\/euricse.eu\/wp-content\/uploads\/2018\/11\/DSCF1346-300x200.jpg 300w, https:\/\/euricse.eu\/wp-content\/uploads\/2018\/11\/DSCF1346-768x512.jpg 768w, https:\/\/euricse.eu\/wp-content\/uploads\/2018\/11\/DSCF1346-1024x683.jpg 1024w\" sizes=\"auto, (max-width: 600px) 100vw, 600px\" \/><\/a>\n\t\t\t<\/div><\/figure>\n\t\t<\/div>\n\n","protected":false},"excerpt":{"rendered":"<p>Quasi 300 iscritti al workshop di Euricse. Ora nascer\u00e0 un volume Fico invita gli organizzatori a Montecitorio per un incontro &nbsp; Quasi 300 iscritti alle sei diverse sessioni; ventinove pratiche in arrivo da Friuli Venezia Giulia, Piemonte, Lombardia, Veneto, Emilia Romagna, Campania, Sicilia, Toscana, Calabria, Lazio, Trentino che hanno raccontato le decine di esperienze innovative [&hellip;]<\/p>\n","protected":false},"author":30,"featured_media":8014,"comment_status":"open","ping_status":"closed","sticky":false,"template":"","format":"standard","meta":{"_acf_changed":false,"episode_type":"","audio_file":"","cover_image":"","cover_image_id":"","duration":"","filesize":"","date_recorded":"","explicit":"","block":"","itunes_episode_number":"","itunes_title":"","itunes_season_number":"","itunes_episode_type":"","filesize_raw":"","footnotes":""},"categories":[17],"tags":[],"class_list":["post-7921","post","type-post","status-publish","format-standard","has-post-thumbnail","hentry","category-news-it"],"acf":[],"yoast_head":"<!-- This site is optimized with the Yoast SEO plugin v26.1.1 - https:\/\/yoast.com\/wordpress\/plugins\/seo\/ -->\n<title>Terzo settore e enti locali, nasce il Libro Bianco dell\u2019accoglienza - Euricse<\/title>\n<meta name=\"robots\" content=\"index, follow, max-snippet:-1, max-image-preview:large, max-video-preview:-1\" \/>\n<link rel=\"canonical\" href=\"https:\/\/euricse.eu\/it\/terzo-settore-e-enti-locali-nasce-il-libro-bianco-dellaccoglienza\/\" \/>\n<meta property=\"og:locale\" content=\"it_IT\" \/>\n<meta property=\"og:type\" content=\"article\" \/>\n<meta property=\"og:title\" content=\"Terzo settore e enti locali, nasce il Libro Bianco dell\u2019accoglienza - Euricse\" \/>\n<meta property=\"og:description\" content=\"Quasi 300 iscritti al workshop di Euricse. Ora nascer\u00e0 un volume Fico invita gli organizzatori a Montecitorio per un incontro &nbsp; Quasi 300 iscritti alle sei diverse sessioni; ventinove pratiche in arrivo da Friuli Venezia Giulia, Piemonte, Lombardia, Veneto, Emilia Romagna, Campania, Sicilia, Toscana, Calabria, Lazio, Trentino che hanno raccontato le decine di esperienze innovative [&hellip;]\" \/>\n<meta property=\"og:url\" content=\"https:\/\/euricse.eu\/it\/terzo-settore-e-enti-locali-nasce-il-libro-bianco-dellaccoglienza\/\" \/>\n<meta property=\"og:site_name\" content=\"Euricse\" \/>\n<meta property=\"article:published_time\" content=\"2018-11-27T10:59:44+00:00\" \/>\n<meta property=\"article:modified_time\" content=\"2018-11-30T15:55:37+00:00\" \/>\n<meta property=\"og:image\" content=\"https:\/\/euricse.eu\/wp-content\/uploads\/2018\/11\/trento_24112018_440_M-e1543593325568.jpg\" \/>\n\t<meta property=\"og:image:width\" content=\"1200\" \/>\n\t<meta property=\"og:image:height\" content=\"800\" \/>\n\t<meta property=\"og:image:type\" content=\"image\/jpeg\" \/>\n<meta name=\"author\" content=\"redazione\" \/>\n<meta name=\"twitter:card\" content=\"summary_large_image\" \/>\n<meta name=\"twitter:label1\" content=\"Scritto da\" \/>\n\t<meta name=\"twitter:data1\" content=\"redazione\" \/>\n\t<meta name=\"twitter:label2\" content=\"Tempo di lettura stimato\" \/>\n\t<meta name=\"twitter:data2\" content=\"4 minuti\" \/>\n<script type=\"application\/ld+json\" class=\"yoast-schema-graph\">{\"@context\":\"https:\/\/schema.org\",\"@graph\":[{\"@type\":\"WebPage\",\"@id\":\"https:\/\/euricse.eu\/it\/terzo-settore-e-enti-locali-nasce-il-libro-bianco-dellaccoglienza\/\",\"url\":\"https:\/\/euricse.eu\/it\/terzo-settore-e-enti-locali-nasce-il-libro-bianco-dellaccoglienza\/\",\"name\":\"Terzo settore e enti locali, nasce il Libro Bianco dell\u2019accoglienza - Euricse\",\"isPartOf\":{\"@id\":\"https:\/\/euricse.eu\/en\/#website\"},\"primaryImageOfPage\":{\"@id\":\"https:\/\/euricse.eu\/it\/terzo-settore-e-enti-locali-nasce-il-libro-bianco-dellaccoglienza\/#primaryimage\"},\"image\":{\"@id\":\"https:\/\/euricse.eu\/it\/terzo-settore-e-enti-locali-nasce-il-libro-bianco-dellaccoglienza\/#primaryimage\"},\"thumbnailUrl\":\"https:\/\/euricse.eu\/wp-content\/uploads\/2018\/11\/trento_24112018_440_M-e1543593325568.jpg\",\"datePublished\":\"2018-11-27T10:59:44+00:00\",\"dateModified\":\"2018-11-30T15:55:37+00:00\",\"author\":{\"@id\":\"https:\/\/euricse.eu\/en\/#\/schema\/person\/46be9426d76e3114ba478b69f3d8040b\"},\"breadcrumb\":{\"@id\":\"https:\/\/euricse.eu\/it\/terzo-settore-e-enti-locali-nasce-il-libro-bianco-dellaccoglienza\/#breadcrumb\"},\"inLanguage\":\"it-IT\",\"potentialAction\":[{\"@type\":\"ReadAction\",\"target\":[\"https:\/\/euricse.eu\/it\/terzo-settore-e-enti-locali-nasce-il-libro-bianco-dellaccoglienza\/\"]}]},{\"@type\":\"ImageObject\",\"inLanguage\":\"it-IT\",\"@id\":\"https:\/\/euricse.eu\/it\/terzo-settore-e-enti-locali-nasce-il-libro-bianco-dellaccoglienza\/#primaryimage\",\"url\":\"https:\/\/euricse.eu\/wp-content\/uploads\/2018\/11\/trento_24112018_440_M-e1543593325568.jpg\",\"contentUrl\":\"https:\/\/euricse.eu\/wp-content\/uploads\/2018\/11\/trento_24112018_440_M-e1543593325568.jpg\",\"width\":1200,\"height\":800},{\"@type\":\"BreadcrumbList\",\"@id\":\"https:\/\/euricse.eu\/it\/terzo-settore-e-enti-locali-nasce-il-libro-bianco-dellaccoglienza\/#breadcrumb\",\"itemListElement\":[{\"@type\":\"ListItem\",\"position\":1,\"name\":\"Home\",\"item\":\"https:\/\/euricse.eu\/it\/\"},{\"@type\":\"ListItem\",\"position\":2,\"name\":\"Terzo settore e enti locali, nasce il Libro Bianco dell\u2019accoglienza\"}]},{\"@type\":\"WebSite\",\"@id\":\"https:\/\/euricse.eu\/en\/#website\",\"url\":\"https:\/\/euricse.eu\/en\/\",\"name\":\"Euricse\",\"description\":\"Knowledge and innovation for cooperative and social enterprises.\",\"potentialAction\":[{\"@type\":\"SearchAction\",\"target\":{\"@type\":\"EntryPoint\",\"urlTemplate\":\"https:\/\/euricse.eu\/en\/?s={search_term_string}\"},\"query-input\":{\"@type\":\"PropertyValueSpecification\",\"valueRequired\":true,\"valueName\":\"search_term_string\"}}],\"inLanguage\":\"it-IT\"},{\"@type\":\"Person\",\"@id\":\"https:\/\/euricse.eu\/en\/#\/schema\/person\/46be9426d76e3114ba478b69f3d8040b\",\"name\":\"redazione\",\"image\":{\"@type\":\"ImageObject\",\"inLanguage\":\"it-IT\",\"@id\":\"https:\/\/euricse.eu\/en\/#\/schema\/person\/image\/\",\"url\":\"https:\/\/secure.gravatar.com\/avatar\/d1e5fb76fa001722a0822f32de0a8935d9c7a01b0f055f16dc71df73252c3c50?s=96&d=mm&r=g\",\"contentUrl\":\"https:\/\/secure.gravatar.com\/avatar\/d1e5fb76fa001722a0822f32de0a8935d9c7a01b0f055f16dc71df73252c3c50?s=96&d=mm&r=g\",\"caption\":\"redazione\"},\"url\":\"https:\/\/euricse.eu\/it\/author\/marikadmin\/\"}]}<\/script>\n<!-- \/ Yoast SEO plugin. -->","yoast_head_json":{"title":"Terzo settore e enti locali, nasce il Libro Bianco dell\u2019accoglienza - Euricse","robots":{"index":"index","follow":"follow","max-snippet":"max-snippet:-1","max-image-preview":"max-image-preview:large","max-video-preview":"max-video-preview:-1"},"canonical":"https:\/\/euricse.eu\/it\/terzo-settore-e-enti-locali-nasce-il-libro-bianco-dellaccoglienza\/","og_locale":"it_IT","og_type":"article","og_title":"Terzo settore e enti locali, nasce il Libro Bianco dell\u2019accoglienza - Euricse","og_description":"Quasi 300 iscritti al workshop di Euricse. Ora nascer\u00e0 un volume Fico invita gli organizzatori a Montecitorio per un incontro &nbsp; Quasi 300 iscritti alle sei diverse sessioni; ventinove pratiche in arrivo da Friuli Venezia Giulia, Piemonte, Lombardia, Veneto, Emilia Romagna, Campania, Sicilia, Toscana, Calabria, Lazio, Trentino che hanno raccontato le decine di esperienze innovative [&hellip;]","og_url":"https:\/\/euricse.eu\/it\/terzo-settore-e-enti-locali-nasce-il-libro-bianco-dellaccoglienza\/","og_site_name":"Euricse","article_published_time":"2018-11-27T10:59:44+00:00","article_modified_time":"2018-11-30T15:55:37+00:00","og_image":[{"width":1200,"height":800,"url":"https:\/\/euricse.eu\/wp-content\/uploads\/2018\/11\/trento_24112018_440_M-e1543593325568.jpg","type":"image\/jpeg"}],"author":"redazione","twitter_card":"summary_large_image","twitter_misc":{"Scritto da":"redazione","Tempo di lettura stimato":"4 minuti"},"schema":{"@context":"https:\/\/schema.org","@graph":[{"@type":"WebPage","@id":"https:\/\/euricse.eu\/it\/terzo-settore-e-enti-locali-nasce-il-libro-bianco-dellaccoglienza\/","url":"https:\/\/euricse.eu\/it\/terzo-settore-e-enti-locali-nasce-il-libro-bianco-dellaccoglienza\/","name":"Terzo settore e enti locali, nasce il Libro Bianco dell\u2019accoglienza - Euricse","isPartOf":{"@id":"https:\/\/euricse.eu\/en\/#website"},"primaryImageOfPage":{"@id":"https:\/\/euricse.eu\/it\/terzo-settore-e-enti-locali-nasce-il-libro-bianco-dellaccoglienza\/#primaryimage"},"image":{"@id":"https:\/\/euricse.eu\/it\/terzo-settore-e-enti-locali-nasce-il-libro-bianco-dellaccoglienza\/#primaryimage"},"thumbnailUrl":"https:\/\/euricse.eu\/wp-content\/uploads\/2018\/11\/trento_24112018_440_M-e1543593325568.jpg","datePublished":"2018-11-27T10:59:44+00:00","dateModified":"2018-11-30T15:55:37+00:00","author":{"@id":"https:\/\/euricse.eu\/en\/#\/schema\/person\/46be9426d76e3114ba478b69f3d8040b"},"breadcrumb":{"@id":"https:\/\/euricse.eu\/it\/terzo-settore-e-enti-locali-nasce-il-libro-bianco-dellaccoglienza\/#breadcrumb"},"inLanguage":"it-IT","potentialAction":[{"@type":"ReadAction","target":["https:\/\/euricse.eu\/it\/terzo-settore-e-enti-locali-nasce-il-libro-bianco-dellaccoglienza\/"]}]},{"@type":"ImageObject","inLanguage":"it-IT","@id":"https:\/\/euricse.eu\/it\/terzo-settore-e-enti-locali-nasce-il-libro-bianco-dellaccoglienza\/#primaryimage","url":"https:\/\/euricse.eu\/wp-content\/uploads\/2018\/11\/trento_24112018_440_M-e1543593325568.jpg","contentUrl":"https:\/\/euricse.eu\/wp-content\/uploads\/2018\/11\/trento_24112018_440_M-e1543593325568.jpg","width":1200,"height":800},{"@type":"BreadcrumbList","@id":"https:\/\/euricse.eu\/it\/terzo-settore-e-enti-locali-nasce-il-libro-bianco-dellaccoglienza\/#breadcrumb","itemListElement":[{"@type":"ListItem","position":1,"name":"Home","item":"https:\/\/euricse.eu\/it\/"},{"@type":"ListItem","position":2,"name":"Terzo settore e enti locali, nasce il Libro Bianco dell\u2019accoglienza"}]},{"@type":"WebSite","@id":"https:\/\/euricse.eu\/en\/#website","url":"https:\/\/euricse.eu\/en\/","name":"Euricse","description":"Knowledge and innovation for cooperative and social enterprises.","potentialAction":[{"@type":"SearchAction","target":{"@type":"EntryPoint","urlTemplate":"https:\/\/euricse.eu\/en\/?s={search_term_string}"},"query-input":{"@type":"PropertyValueSpecification","valueRequired":true,"valueName":"search_term_string"}}],"inLanguage":"it-IT"},{"@type":"Person","@id":"https:\/\/euricse.eu\/en\/#\/schema\/person\/46be9426d76e3114ba478b69f3d8040b","name":"redazione","image":{"@type":"ImageObject","inLanguage":"it-IT","@id":"https:\/\/euricse.eu\/en\/#\/schema\/person\/image\/","url":"https:\/\/secure.gravatar.com\/avatar\/d1e5fb76fa001722a0822f32de0a8935d9c7a01b0f055f16dc71df73252c3c50?s=96&d=mm&r=g","contentUrl":"https:\/\/secure.gravatar.com\/avatar\/d1e5fb76fa001722a0822f32de0a8935d9c7a01b0f055f16dc71df73252c3c50?s=96&d=mm&r=g","caption":"redazione"},"url":"https:\/\/euricse.eu\/it\/author\/marikadmin\/"}]}},"_links":{"self":[{"href":"https:\/\/euricse.eu\/it\/wp-json\/wp\/v2\/posts\/7921","targetHints":{"allow":["GET"]}}],"collection":[{"href":"https:\/\/euricse.eu\/it\/wp-json\/wp\/v2\/posts"}],"about":[{"href":"https:\/\/euricse.eu\/it\/wp-json\/wp\/v2\/types\/post"}],"author":[{"embeddable":true,"href":"https:\/\/euricse.eu\/it\/wp-json\/wp\/v2\/users\/30"}],"replies":[{"embeddable":true,"href":"https:\/\/euricse.eu\/it\/wp-json\/wp\/v2\/comments?post=7921"}],"version-history":[{"count":0,"href":"https:\/\/euricse.eu\/it\/wp-json\/wp\/v2\/posts\/7921\/revisions"}],"wp:featuredmedia":[{"embeddable":true,"href":"https:\/\/euricse.eu\/it\/wp-json\/wp\/v2\/media\/8014"}],"wp:attachment":[{"href":"https:\/\/euricse.eu\/it\/wp-json\/wp\/v2\/media?parent=7921"}],"wp:term":[{"taxonomy":"category","embeddable":true,"href":"https:\/\/euricse.eu\/it\/wp-json\/wp\/v2\/categories?post=7921"},{"taxonomy":"post_tag","embeddable":true,"href":"https:\/\/euricse.eu\/it\/wp-json\/wp\/v2\/tags?post=7921"}],"curies":[{"name":"wp","href":"https:\/\/api.w.org\/{rel}","templated":true}]}}