{"id":7961,"date":"2018-11-27T14:36:41","date_gmt":"2018-11-27T14:36:41","guid":{"rendered":"https:\/\/euricse.staging.hgblu.com\/?p=7961"},"modified":"2018-11-29T14:39:37","modified_gmt":"2018-11-29T14:39:37","slug":"euricse-compie-dieci-anni-esce-il-libro-per-celebrare-il-traguardo","status":"publish","type":"post","link":"https:\/\/euricse.eu\/it\/euricse-compie-dieci-anni-esce-il-libro-per-celebrare-il-traguardo\/","title":{"rendered":"Euricse compie dieci anni, esce il libro per celebrare il traguardo"},"content":{"rendered":"<p>\u201cCooperative da riscoprire\u201d: una decade di studi in dieci capitoli<\/p>\n<p>Sabato primo dicembre la presentazione a Bologna. Gioved\u00ec 6 dicembre dibattito al Muse<\/p>\n<p>Sono trascorsi dieci anni, ormai, dalla nascita di Euricse. Dal 2008 a oggi, l\u2019Istituto europeo di ricerca sull\u2019impresa cooperativa e sociale \u00e8 cresciuto; ha partecipato attivamente alla diffusione delle conoscenze relative all\u2019economia sociale e solidale; ne ha affinato gli strumenti a disposizione; si \u00e8 ricavato spazio autorevole nel dibattito pubblico e scientifico &#8211; locale, nazionale, internazionale &#8211; e ha implementato la squadra di ricercatrici e ricercatori che giorno dopo giorno hanno contribuito alla realizzazione di ogni singolo risultato.<\/p>\n<p><!--more--><\/p>\n<p>Per celebrare questo importante traguardo, e al tempo stesso gettare le basi di un nuovo decennio di lavoro, la Fondazione ha sintetizzato alcuni dei principali contributi inanellati in questi anni. Dati, ricerche, riflessioni, analisi: contributi a firma dei ricercatori di Euricse, e curati dal presidente Carlo Borzaga, oggi confluiti in un libro. Cooperative da riscoprire. Dieci tesi controcorrente\u201d (Donzelli) sar\u00e0 nelle librerie di tutto il Paese a partire dal 29 novembre. Un volume, questo, che \u00e8 sia memoria delle ricerche condotte sia contributo divulgativo. L&#8217;intento \u00e8 (anche) sovvertire facili clich\u00e9 che spesso gravano sulle spalle del movimento cooperativo.<\/p>\n<p>Le cooperative sono davvero nane e marginali? Vivono e sopravvivono solo grazie a un regime fiscale vantaggioso rispetto ad altre forme di impresa? E negli anni pi\u00f9 aspri della crisi hanno subito le medesime conseguenze sofferte da Spa e Srl? Ancora: al tempo della sharing economy, della digitalizzazione urgente e inderogabile, parlare di cooperazione \u00e8 davvero anacronistico? Le risposte, cucite nel volume e supportate da evidenze empiriche, sono frutto di ricerche che i lettori potranno consultare, approfondire, riscoprire.<\/p>\n<p>La prima presentazione del volume \u00e8 in agenda <strong>sabato primo dicembre<\/strong>, nell\u2019ambito della Biennale della Cooperazione, a Bologna. A Palazzo Re Enzo, Gianluca Salvatori, segretario generale di Euricse, converser\u00e0 con il giornalista Fabio Lazzari sui temi sollevati dal libro (alle 14:30). <strong>Gioved\u00ec 6 dicembre appuntamento a Trento<\/strong>: alle 18:30, al Muse, dialogo con Mario Tonina, vicepresidente della Provincia e assessore alla cooperazione; Marina Mattarei, presidente della Federazione della Cooperazione e Carlo Borzaga, presidente di Euricse.<\/p>\n<p><img loading=\"lazy\" decoding=\"async\" class=\"aligncenter size-full wp-image-7964\" src=\"https:\/\/euricse.eu\/wp-content\/uploads\/2018\/11\/decennale-per-newsletter.jpg\" alt=\"\" width=\"600\" height=\"400\" srcset=\"https:\/\/euricse.eu\/wp-content\/uploads\/2018\/11\/decennale-per-newsletter.jpg 600w, https:\/\/euricse.eu\/wp-content\/uploads\/2018\/11\/decennale-per-newsletter-300x200.jpg 300w\" sizes=\"auto, (max-width: 600px) 100vw, 600px\" \/><\/p>\n","protected":false},"excerpt":{"rendered":"<p>\u201cCooperative da riscoprire\u201d: una decade di studi in dieci capitoli Sabato primo dicembre la presentazione a Bologna. Gioved\u00ec 6 dicembre dibattito al Muse Sono trascorsi dieci anni, ormai, dalla nascita di Euricse. Dal 2008 a oggi, l\u2019Istituto europeo di ricerca sull\u2019impresa cooperativa e sociale \u00e8 cresciuto; ha partecipato attivamente alla diffusione delle conoscenze relative all\u2019economia [&hellip;]<\/p>\n","protected":false},"author":30,"featured_media":7992,"comment_status":"open","ping_status":"closed","sticky":false,"template":"","format":"standard","meta":{"_acf_changed":false,"episode_type":"","audio_file":"","cover_image":"","cover_image_id":"","duration":"","filesize":"","date_recorded":"","explicit":"","block":"","itunes_episode_number":"","itunes_title":"","itunes_season_number":"","itunes_episode_type":"","filesize_raw":"","footnotes":""},"categories":[17],"tags":[],"class_list":["post-7961","post","type-post","status-publish","format-standard","has-post-thumbnail","hentry","category-news-it"],"acf":[],"yoast_head":"<!-- This site is optimized with the Yoast SEO plugin v26.1.1 - https:\/\/yoast.com\/wordpress\/plugins\/seo\/ -->\n<title>Euricse compie dieci anni, esce il libro per celebrare il traguardo - Euricse<\/title>\n<meta name=\"robots\" content=\"index, follow, max-snippet:-1, max-image-preview:large, max-video-preview:-1\" \/>\n<link rel=\"canonical\" href=\"https:\/\/euricse.eu\/it\/euricse-compie-dieci-anni-esce-il-libro-per-celebrare-il-traguardo\/\" \/>\n<meta property=\"og:locale\" content=\"it_IT\" \/>\n<meta property=\"og:type\" content=\"article\" \/>\n<meta property=\"og:title\" content=\"Euricse compie dieci anni, esce il libro per celebrare il traguardo - Euricse\" \/>\n<meta property=\"og:description\" content=\"\u201cCooperative da riscoprire\u201d: una decade di studi in dieci capitoli Sabato primo dicembre la presentazione a Bologna. Gioved\u00ec 6 dicembre dibattito al Muse Sono trascorsi dieci anni, ormai, dalla nascita di Euricse. Dal 2008 a oggi, l\u2019Istituto europeo di ricerca sull\u2019impresa cooperativa e sociale \u00e8 cresciuto; ha partecipato attivamente alla diffusione delle conoscenze relative all\u2019economia [&hellip;]\" \/>\n<meta property=\"og:url\" content=\"https:\/\/euricse.eu\/it\/euricse-compie-dieci-anni-esce-il-libro-per-celebrare-il-traguardo\/\" \/>\n<meta property=\"og:site_name\" content=\"Euricse\" \/>\n<meta property=\"article:published_time\" content=\"2018-11-27T14:36:41+00:00\" \/>\n<meta property=\"article:modified_time\" content=\"2018-11-29T14:39:37+00:00\" \/>\n<meta property=\"og:image\" content=\"https:\/\/euricse.eu\/wp-content\/uploads\/2018\/11\/cover-sito.jpg\" \/>\n\t<meta property=\"og:image:width\" content=\"1920\" \/>\n\t<meta property=\"og:image:height\" content=\"1080\" \/>\n\t<meta property=\"og:image:type\" content=\"image\/jpeg\" \/>\n<meta name=\"author\" content=\"redazione\" \/>\n<meta name=\"twitter:card\" content=\"summary_large_image\" \/>\n<meta name=\"twitter:label1\" content=\"Scritto da\" \/>\n\t<meta name=\"twitter:data1\" content=\"redazione\" \/>\n\t<meta name=\"twitter:label2\" content=\"Tempo di lettura stimato\" \/>\n\t<meta name=\"twitter:data2\" content=\"2 minuti\" \/>\n<script type=\"application\/ld+json\" class=\"yoast-schema-graph\">{\"@context\":\"https:\/\/schema.org\",\"@graph\":[{\"@type\":\"WebPage\",\"@id\":\"https:\/\/euricse.eu\/it\/euricse-compie-dieci-anni-esce-il-libro-per-celebrare-il-traguardo\/\",\"url\":\"https:\/\/euricse.eu\/it\/euricse-compie-dieci-anni-esce-il-libro-per-celebrare-il-traguardo\/\",\"name\":\"Euricse compie dieci anni, esce il libro per celebrare il traguardo - Euricse\",\"isPartOf\":{\"@id\":\"https:\/\/euricse.eu\/en\/#website\"},\"primaryImageOfPage\":{\"@id\":\"https:\/\/euricse.eu\/it\/euricse-compie-dieci-anni-esce-il-libro-per-celebrare-il-traguardo\/#primaryimage\"},\"image\":{\"@id\":\"https:\/\/euricse.eu\/it\/euricse-compie-dieci-anni-esce-il-libro-per-celebrare-il-traguardo\/#primaryimage\"},\"thumbnailUrl\":\"https:\/\/euricse.eu\/wp-content\/uploads\/2018\/11\/cover-sito.jpg\",\"datePublished\":\"2018-11-27T14:36:41+00:00\",\"dateModified\":\"2018-11-29T14:39:37+00:00\",\"author\":{\"@id\":\"https:\/\/euricse.eu\/en\/#\/schema\/person\/46be9426d76e3114ba478b69f3d8040b\"},\"breadcrumb\":{\"@id\":\"https:\/\/euricse.eu\/it\/euricse-compie-dieci-anni-esce-il-libro-per-celebrare-il-traguardo\/#breadcrumb\"},\"inLanguage\":\"it-IT\",\"potentialAction\":[{\"@type\":\"ReadAction\",\"target\":[\"https:\/\/euricse.eu\/it\/euricse-compie-dieci-anni-esce-il-libro-per-celebrare-il-traguardo\/\"]}]},{\"@type\":\"ImageObject\",\"inLanguage\":\"it-IT\",\"@id\":\"https:\/\/euricse.eu\/it\/euricse-compie-dieci-anni-esce-il-libro-per-celebrare-il-traguardo\/#primaryimage\",\"url\":\"https:\/\/euricse.eu\/wp-content\/uploads\/2018\/11\/cover-sito.jpg\",\"contentUrl\":\"https:\/\/euricse.eu\/wp-content\/uploads\/2018\/11\/cover-sito.jpg\",\"width\":1920,\"height\":1080},{\"@type\":\"BreadcrumbList\",\"@id\":\"https:\/\/euricse.eu\/it\/euricse-compie-dieci-anni-esce-il-libro-per-celebrare-il-traguardo\/#breadcrumb\",\"itemListElement\":[{\"@type\":\"ListItem\",\"position\":1,\"name\":\"Home\",\"item\":\"https:\/\/euricse.eu\/it\/\"},{\"@type\":\"ListItem\",\"position\":2,\"name\":\"Euricse compie dieci anni, esce il libro per celebrare il traguardo\"}]},{\"@type\":\"WebSite\",\"@id\":\"https:\/\/euricse.eu\/en\/#website\",\"url\":\"https:\/\/euricse.eu\/en\/\",\"name\":\"Euricse\",\"description\":\"Knowledge and innovation for cooperative and social enterprises.\",\"potentialAction\":[{\"@type\":\"SearchAction\",\"target\":{\"@type\":\"EntryPoint\",\"urlTemplate\":\"https:\/\/euricse.eu\/en\/?s={search_term_string}\"},\"query-input\":{\"@type\":\"PropertyValueSpecification\",\"valueRequired\":true,\"valueName\":\"search_term_string\"}}],\"inLanguage\":\"it-IT\"},{\"@type\":\"Person\",\"@id\":\"https:\/\/euricse.eu\/en\/#\/schema\/person\/46be9426d76e3114ba478b69f3d8040b\",\"name\":\"redazione\",\"image\":{\"@type\":\"ImageObject\",\"inLanguage\":\"it-IT\",\"@id\":\"https:\/\/euricse.eu\/en\/#\/schema\/person\/image\/\",\"url\":\"https:\/\/secure.gravatar.com\/avatar\/d1e5fb76fa001722a0822f32de0a8935d9c7a01b0f055f16dc71df73252c3c50?s=96&d=mm&r=g\",\"contentUrl\":\"https:\/\/secure.gravatar.com\/avatar\/d1e5fb76fa001722a0822f32de0a8935d9c7a01b0f055f16dc71df73252c3c50?s=96&d=mm&r=g\",\"caption\":\"redazione\"},\"url\":\"https:\/\/euricse.eu\/it\/author\/marikadmin\/\"}]}<\/script>\n<!-- \/ Yoast SEO plugin. -->","yoast_head_json":{"title":"Euricse compie dieci anni, esce il libro per celebrare il traguardo - Euricse","robots":{"index":"index","follow":"follow","max-snippet":"max-snippet:-1","max-image-preview":"max-image-preview:large","max-video-preview":"max-video-preview:-1"},"canonical":"https:\/\/euricse.eu\/it\/euricse-compie-dieci-anni-esce-il-libro-per-celebrare-il-traguardo\/","og_locale":"it_IT","og_type":"article","og_title":"Euricse compie dieci anni, esce il libro per celebrare il traguardo - Euricse","og_description":"\u201cCooperative da riscoprire\u201d: una decade di studi in dieci capitoli Sabato primo dicembre la presentazione a Bologna. Gioved\u00ec 6 dicembre dibattito al Muse Sono trascorsi dieci anni, ormai, dalla nascita di Euricse. Dal 2008 a oggi, l\u2019Istituto europeo di ricerca sull\u2019impresa cooperativa e sociale \u00e8 cresciuto; ha partecipato attivamente alla diffusione delle conoscenze relative all\u2019economia [&hellip;]","og_url":"https:\/\/euricse.eu\/it\/euricse-compie-dieci-anni-esce-il-libro-per-celebrare-il-traguardo\/","og_site_name":"Euricse","article_published_time":"2018-11-27T14:36:41+00:00","article_modified_time":"2018-11-29T14:39:37+00:00","og_image":[{"width":1920,"height":1080,"url":"https:\/\/euricse.eu\/wp-content\/uploads\/2018\/11\/cover-sito.jpg","type":"image\/jpeg"}],"author":"redazione","twitter_card":"summary_large_image","twitter_misc":{"Scritto da":"redazione","Tempo di lettura stimato":"2 minuti"},"schema":{"@context":"https:\/\/schema.org","@graph":[{"@type":"WebPage","@id":"https:\/\/euricse.eu\/it\/euricse-compie-dieci-anni-esce-il-libro-per-celebrare-il-traguardo\/","url":"https:\/\/euricse.eu\/it\/euricse-compie-dieci-anni-esce-il-libro-per-celebrare-il-traguardo\/","name":"Euricse compie dieci anni, esce il libro per celebrare il traguardo - Euricse","isPartOf":{"@id":"https:\/\/euricse.eu\/en\/#website"},"primaryImageOfPage":{"@id":"https:\/\/euricse.eu\/it\/euricse-compie-dieci-anni-esce-il-libro-per-celebrare-il-traguardo\/#primaryimage"},"image":{"@id":"https:\/\/euricse.eu\/it\/euricse-compie-dieci-anni-esce-il-libro-per-celebrare-il-traguardo\/#primaryimage"},"thumbnailUrl":"https:\/\/euricse.eu\/wp-content\/uploads\/2018\/11\/cover-sito.jpg","datePublished":"2018-11-27T14:36:41+00:00","dateModified":"2018-11-29T14:39:37+00:00","author":{"@id":"https:\/\/euricse.eu\/en\/#\/schema\/person\/46be9426d76e3114ba478b69f3d8040b"},"breadcrumb":{"@id":"https:\/\/euricse.eu\/it\/euricse-compie-dieci-anni-esce-il-libro-per-celebrare-il-traguardo\/#breadcrumb"},"inLanguage":"it-IT","potentialAction":[{"@type":"ReadAction","target":["https:\/\/euricse.eu\/it\/euricse-compie-dieci-anni-esce-il-libro-per-celebrare-il-traguardo\/"]}]},{"@type":"ImageObject","inLanguage":"it-IT","@id":"https:\/\/euricse.eu\/it\/euricse-compie-dieci-anni-esce-il-libro-per-celebrare-il-traguardo\/#primaryimage","url":"https:\/\/euricse.eu\/wp-content\/uploads\/2018\/11\/cover-sito.jpg","contentUrl":"https:\/\/euricse.eu\/wp-content\/uploads\/2018\/11\/cover-sito.jpg","width":1920,"height":1080},{"@type":"BreadcrumbList","@id":"https:\/\/euricse.eu\/it\/euricse-compie-dieci-anni-esce-il-libro-per-celebrare-il-traguardo\/#breadcrumb","itemListElement":[{"@type":"ListItem","position":1,"name":"Home","item":"https:\/\/euricse.eu\/it\/"},{"@type":"ListItem","position":2,"name":"Euricse compie dieci anni, esce il libro per celebrare il traguardo"}]},{"@type":"WebSite","@id":"https:\/\/euricse.eu\/en\/#website","url":"https:\/\/euricse.eu\/en\/","name":"Euricse","description":"Knowledge and innovation for cooperative and social enterprises.","potentialAction":[{"@type":"SearchAction","target":{"@type":"EntryPoint","urlTemplate":"https:\/\/euricse.eu\/en\/?s={search_term_string}"},"query-input":{"@type":"PropertyValueSpecification","valueRequired":true,"valueName":"search_term_string"}}],"inLanguage":"it-IT"},{"@type":"Person","@id":"https:\/\/euricse.eu\/en\/#\/schema\/person\/46be9426d76e3114ba478b69f3d8040b","name":"redazione","image":{"@type":"ImageObject","inLanguage":"it-IT","@id":"https:\/\/euricse.eu\/en\/#\/schema\/person\/image\/","url":"https:\/\/secure.gravatar.com\/avatar\/d1e5fb76fa001722a0822f32de0a8935d9c7a01b0f055f16dc71df73252c3c50?s=96&d=mm&r=g","contentUrl":"https:\/\/secure.gravatar.com\/avatar\/d1e5fb76fa001722a0822f32de0a8935d9c7a01b0f055f16dc71df73252c3c50?s=96&d=mm&r=g","caption":"redazione"},"url":"https:\/\/euricse.eu\/it\/author\/marikadmin\/"}]}},"_links":{"self":[{"href":"https:\/\/euricse.eu\/it\/wp-json\/wp\/v2\/posts\/7961","targetHints":{"allow":["GET"]}}],"collection":[{"href":"https:\/\/euricse.eu\/it\/wp-json\/wp\/v2\/posts"}],"about":[{"href":"https:\/\/euricse.eu\/it\/wp-json\/wp\/v2\/types\/post"}],"author":[{"embeddable":true,"href":"https:\/\/euricse.eu\/it\/wp-json\/wp\/v2\/users\/30"}],"replies":[{"embeddable":true,"href":"https:\/\/euricse.eu\/it\/wp-json\/wp\/v2\/comments?post=7961"}],"version-history":[{"count":0,"href":"https:\/\/euricse.eu\/it\/wp-json\/wp\/v2\/posts\/7961\/revisions"}],"wp:featuredmedia":[{"embeddable":true,"href":"https:\/\/euricse.eu\/it\/wp-json\/wp\/v2\/media\/7992"}],"wp:attachment":[{"href":"https:\/\/euricse.eu\/it\/wp-json\/wp\/v2\/media?parent=7961"}],"wp:term":[{"taxonomy":"category","embeddable":true,"href":"https:\/\/euricse.eu\/it\/wp-json\/wp\/v2\/categories?post=7961"},{"taxonomy":"post_tag","embeddable":true,"href":"https:\/\/euricse.eu\/it\/wp-json\/wp\/v2\/tags?post=7961"}],"curies":[{"name":"wp","href":"https:\/\/api.w.org\/{rel}","templated":true}]}}