{"id":8016,"date":"2018-12-07T13:28:49","date_gmt":"2018-12-07T13:28:49","guid":{"rendered":"https:\/\/euricse.staging.hgblu.com\/?p=8016"},"modified":"2018-12-07T13:57:10","modified_gmt":"2018-12-07T13:57:10","slug":"la-cooperazione-oltre-gli-stereotipi","status":"publish","type":"post","link":"https:\/\/euricse.eu\/it\/la-cooperazione-oltre-gli-stereotipi\/","title":{"rendered":"La cooperazione oltre gli stereotipi"},"content":{"rendered":"<p>Euricse presenta il suo libro. Borzaga: &#8220;Dati empirici contro il pensiero dominante&#8221;<\/p>\n<p>&nbsp;<\/p>\n<p>di Marika Damaggio<\/p>\n<p>L\u2019intento, alla fine, \u00e8 sempre il medesimo: costruire occasioni di confronto, irrorare le conoscenze sino a oggi disponibili generando nuovi impulsi. Uno sforzo continuo, generativo, mai sazio. E\u2019 pi\u00f9 o meno da qui che la Fondazione Euricse \u00e8 partita nel 2008: ossia dal bisogno di dare fondamenta empiriche al dibattito sulle imprese cooperative e sociali. Ed \u00e8 ancora da qui che, in occasione del suo primo decennale, s\u2019\u00e8 soffermata un istante sul ciglio del suo giovane percorso. L\u2019ha fatto affidando alle pagine di un volume (<a href=\"https:\/\/www.donzelli.it\/libro\/9788868438609\">Cooperative da riscoprire. Dieci tesi controcorrente<\/a>) una prima eredit\u00e0 scientifica, a sua volta motore per altri dieci anni di riflessione, di ricerca e formazione.<\/p>\n<p><!--more--><\/p>\n<p>Presentato al Muse di Trento, il libro edito da Donzelli e curato da Carlo Borzaga, presidente di Euricse, cerca di decostruire quel corollario di stereotipi e preconcetti che gravano sulle spalle del movimento cooperativo. \u201cUn pensiero <em>mainstream<\/em>\u201d, utilizzando la definizione di Borzaga, che riecheggia sia nella rappresentazione mediatica, sia politico-istituzionale sia tra gli stessi operatori. Qualche esempio: \u201cE\u2019 idea diffusa che le imprese cooperative siano destinate a essere piccole e marginali, che siano per definizione sotto-patrimonializzate, che siano meno efficienti delle imprese di capitali, che godano di una fiscalit\u00e0 di vantaggio, che garantiscano condizioni di lavoro peggiori di quelle della altre imprese e che alcuni comparti, in particolare quello delle cooperative sociali, esistano solo perch\u00e9 sussidiati da denaro pubblico\u201d.<\/p>\n<p>Stereotipi, per l\u2019appunto. \u201cChe Euricse sin dal principio ha cercato di confutare attraverso analisi empiriche volte a quantificare il fenomeno, colmando le lacune che nel tempo hanno contribuito a una rappresentazione parziale di un settore, quello delle cooperative, che in Italia conta 12 milioni di soci e 1,2 milioni di addetti\u201d. E\u2019 con simili premesse che le dieci tesi controcorrente di Euricse, confluite in dieci capitoli, rispondono agli slogan di ieri e di oggi. Dati alla mano.<\/p>\n<p>\u201cPrendiamo un esempio: si dice che le imprese cooperative siano sottocapitalizzate, ma non \u00e8 vero \u2013 ha aggiunto al Muse Borzaga, esortato dalle domande di Paolo Mantovan, vicedirettore del quotidiano \u201cTrentino\u201d &#8211; Contrariamente a quanto sostenuto da alcune teorie, dalle convinzioni diffuse nella comunit\u00e0 economica e tra gli stessi cooperatori, le cooperative italiane si trovano, sia nella media sia nella maggior parte dei casi, in equilibrio finanziario sia di breve che di lungo periodo. Almeno quanto e in molti casi pi\u00f9 delle imprese di capitali. Di conseguenza, se esiste davvero un problema di sottocapitalizzazione, riguarda non le cooperative in quanto tali, ma la generalit\u00e0 delle imprese italiane\u201d.<\/p>\n<p>La storia recente ha posto anche nuove sfide al movimento cooperativo, e in particolare al credito cooperativo. La riforma delle BCC, ritoccata in corso d&#8217;opera e ancora in fase di declinazione attuativa, \u00e8 davvero fonte di preoccupazione? \u201cPer favorire una valutazione consapevole occorrerebbe in primo luogo evitare di continuare a insistere su pericoli della riforma \u2013 ha risposto Borzaga &#8211; Pericoli, tra l\u2019altro, del tutto inesistenti per guardare invece ai vantaggi di cui la riforma \u00e8 portatrice\u201d. L\u2019elenco delle potenzialit\u00e0 possibili \u00e8 presto fatto: \u201cInnanzitutto l\u2019appartenenza a un gruppo significa per ogni BCC poter contare su una capacit\u00e0 di fare credito maggiore di quella consentita dalla raccolta locale; in secondo luogo: la forza finanziaria del gruppo e la possibilit\u00e0 di ricorrere se necessario a investitori eterni possono proteggere le singole banche che dovessero versare in condizioni di difficolt\u00e0; centralizzare gli investimenti in innovazione offrir\u00e0 servizi migliori; infine: la possibilit\u00e0 di gestire centralmente tutte le funzioni di controllo richieste dalla regolamentazione europea e dalle autorit\u00e0 di vigilanza determiner\u00e0 una riduzione significativa dei costi di compliance\u201d.<\/p>\n<p>\u201cViviamo in un tempo di passaggio \u2013 ha aggiunto Marina Mattarei, presidente della Federazione Trentina della Cooperazione \u2013 Una trasformazione che \u00e8 epocale e non investe solo la cooperazione, ma anche la politica, la societ\u00e0 civile. Siamo quindi chiamati a presidiare tale cambiamento, fronteggiando questi tempi sfidanti senza abdicare allo spirito cooperativo\u201d. Quanto al tema BCC, Mattarei ha ricordato lo stato dell\u2019arte: \u201cCassa Centrale ha portato a termine un progetto industriale. Il cambiamento in atto \u00e8 sfidante, ma sono convinta che se riusciremo a rafforzare i fondamentali, sapremo anche interpretare al meglio questa riforma che, per quanto necessaria e condivisibile, lascia aperto il grande tema della mutualit\u00e0\u201d. Un tema che, ha aggiunto la presidente, \u00e8 anche sinonimo \u201cdi responsabilit\u00e0 verso le comunit\u00e0 di riferimento\u201d. Un valore che negli anni pi\u00f9 aspri della congiuntura s\u2019\u00e8 palesato: \u201cNon dimentichiamo una cosa \u2013 ha rimarcato Mattarei guardandosi indietro \u2013 le Casse Rurali, anche negli anni della crisi, hanno persino sopperito alle mancanze degli altri istituti che avevano ridotto il credito\u201d.<\/p>\n<p>E, a proposito dei <em>letimotiv<\/em> ricorrenti quando si parla di cooperazione con piglio superficiale, Mattarei ha poi ribadito un concetto: \u201cLa cooperazione \u00e8 viva e i dati lo dimostrano\u201d. Non solo: \u00e8 parte del patrimonio genetico del Trentino. A sostenerlo, il neo-vicepresidente della Provincia di Trento nonch\u00e9 assessore con delega alla cooperazione: Mario Tonina. \u201cLe settimane difficili dell\u2019alluvione che ci ha colpiti ci hanno dimostrato qualcosa \u2013 ha premesso \u2013 In altre Regioni s\u2019\u00e8 parlato della necessit\u00e0 di avviare una sorta di Piano Marshall per la ricostruzione e per evitare lo spopolamento delle montagne che gi\u00e0 altrove \u00e8 avvenuto. Ma qui \u2013 in Trentino \u2013 i territori di montagna hanno subito meno le conseguenze. E ci\u00f2 \u00e8 accaduto grazie alla cooperazione che, da sempre, ha presidiato i territori, rispondendo con tempestivit\u00e0 ai bisogni, mostrando una presenza costante\u201d.<\/p>\n<p>Al di l\u00e0 del caso specifico e guardando al futuro, Tonina s\u2019\u00e8 rivolto ai Giovani Cooperatori: \u201cPerch\u00e9 \u00e8 attraverso nuovi slanci, nuove idee, nuove competenze che si possono creare ulteriori opportunit\u00e0 di rinnovamento per il territorio\u201d. Uno spunto consegnato a futura memoria che, nelle parole dell\u2019assessore, potrebbe trovare spazio di elaborazione anche nella nascita degli Stati Generali della montagna.<\/p>\n<div id='gallery-1' class='gallery galleryid-8016 gallery-columns-2 gallery-size-thumbnail'><figure class='gallery-item'>\n\t\t\t<div class='gallery-icon landscape'>\n\t\t\t\t<a href='https:\/\/euricse.eu\/it\/la-cooperazione-oltre-gli-stereotipi\/euricse-presentazione-del-libro-e-festa-dei-10-anni-di-attivita-2\/'><img loading=\"lazy\" decoding=\"async\" width=\"601\" height=\"400\" src=\"https:\/\/euricse.eu\/wp-content\/uploads\/2018\/12\/Euricse-presentazione-libro-\u252c\u00ae-File-Daniele-Mosna75-601x400.jpg\" class=\"attachment-thumbnail size-thumbnail\" alt=\"\" aria-describedby=\"gallery-1-8022\" srcset=\"https:\/\/euricse.eu\/wp-content\/uploads\/2018\/12\/Euricse-presentazione-libro-\u252c\u00ae-File-Daniele-Mosna75-601x400.jpg 601w, https:\/\/euricse.eu\/wp-content\/uploads\/2018\/12\/Euricse-presentazione-libro-\u252c\u00ae-File-Daniele-Mosna75-300x200.jpg 300w, https:\/\/euricse.eu\/wp-content\/uploads\/2018\/12\/Euricse-presentazione-libro-\u252c\u00ae-File-Daniele-Mosna75-768x511.jpg 768w, https:\/\/euricse.eu\/wp-content\/uploads\/2018\/12\/Euricse-presentazione-libro-\u252c\u00ae-File-Daniele-Mosna75-1024x682.jpg 1024w, https:\/\/euricse.eu\/wp-content\/uploads\/2018\/12\/Euricse-presentazione-libro-\u252c\u00ae-File-Daniele-Mosna75.jpg 1200w\" sizes=\"auto, (max-width: 601px) 100vw, 601px\" \/><\/a>\n\t\t\t<\/div>\n\t\t\t\t<figcaption class='wp-caption-text gallery-caption' id='gallery-1-8022'>\n\t\t\t\tCarlo Borzaga, Trento Muse 6 dicembre 2018 \u00a9 foto Daniele Mosna\n\t\t\t\t<\/figcaption><\/figure><figure class='gallery-item'>\n\t\t\t<div class='gallery-icon landscape'>\n\t\t\t\t<a href='https:\/\/euricse.eu\/it\/la-cooperazione-oltre-gli-stereotipi\/euricse-presentazione-del-libro-e-festa-dei-10-anni-di-attivita-3\/'><img loading=\"lazy\" decoding=\"async\" width=\"604\" height=\"400\" src=\"https:\/\/euricse.eu\/wp-content\/uploads\/2018\/12\/Euricse-presentazione-libro-\u252c\u00ae-File-Daniele-Mosna78-604x400.jpg\" class=\"attachment-thumbnail size-thumbnail\" alt=\"\" aria-describedby=\"gallery-1-8024\" srcset=\"https:\/\/euricse.eu\/wp-content\/uploads\/2018\/12\/Euricse-presentazione-libro-\u252c\u00ae-File-Daniele-Mosna78-604x400.jpg 604w, https:\/\/euricse.eu\/wp-content\/uploads\/2018\/12\/Euricse-presentazione-libro-\u252c\u00ae-File-Daniele-Mosna78-300x199.jpg 300w, https:\/\/euricse.eu\/wp-content\/uploads\/2018\/12\/Euricse-presentazione-libro-\u252c\u00ae-File-Daniele-Mosna78-768x509.jpg 768w, https:\/\/euricse.eu\/wp-content\/uploads\/2018\/12\/Euricse-presentazione-libro-\u252c\u00ae-File-Daniele-Mosna78-1024x678.jpg 1024w, https:\/\/euricse.eu\/wp-content\/uploads\/2018\/12\/Euricse-presentazione-libro-\u252c\u00ae-File-Daniele-Mosna78.jpg 1200w\" sizes=\"auto, (max-width: 604px) 100vw, 604px\" \/><\/a>\n\t\t\t<\/div>\n\t\t\t\t<figcaption class='wp-caption-text gallery-caption' id='gallery-1-8024'>\n\t\t\t\tLa presidente della Cooperazione Trentina Mattarei e Borzaga, Trento Muse 6 dicembre 2018 \u00a9 foto Daniele Mosna\n\t\t\t\t<\/figcaption><\/figure><figure class='gallery-item'>\n\t\t\t<div class='gallery-icon landscape'>\n\t\t\t\t<a href='https:\/\/euricse.eu\/it\/la-cooperazione-oltre-gli-stereotipi\/euricse-presentazione-del-libro-e-festa-dei-10-anni-di-attivita-4\/'><img loading=\"lazy\" decoding=\"async\" width=\"647\" height=\"400\" src=\"https:\/\/euricse.eu\/wp-content\/uploads\/2018\/12\/Euricse-presentazione-libro-\u252c\u00ae-File-Daniele-Mosna107-647x400.jpg\" class=\"attachment-thumbnail size-thumbnail\" alt=\"\" aria-describedby=\"gallery-1-8026\" srcset=\"https:\/\/euricse.eu\/wp-content\/uploads\/2018\/12\/Euricse-presentazione-libro-\u252c\u00ae-File-Daniele-Mosna107-647x400.jpg 647w, https:\/\/euricse.eu\/wp-content\/uploads\/2018\/12\/Euricse-presentazione-libro-\u252c\u00ae-File-Daniele-Mosna107-300x186.jpg 300w, https:\/\/euricse.eu\/wp-content\/uploads\/2018\/12\/Euricse-presentazione-libro-\u252c\u00ae-File-Daniele-Mosna107-768x475.jpg 768w, https:\/\/euricse.eu\/wp-content\/uploads\/2018\/12\/Euricse-presentazione-libro-\u252c\u00ae-File-Daniele-Mosna107-1024x633.jpg 1024w, https:\/\/euricse.eu\/wp-content\/uploads\/2018\/12\/Euricse-presentazione-libro-\u252c\u00ae-File-Daniele-Mosna107.jpg 1200w\" sizes=\"auto, (max-width: 647px) 100vw, 647px\" \/><\/a>\n\t\t\t<\/div>\n\t\t\t\t<figcaption class='wp-caption-text gallery-caption' id='gallery-1-8026'>\n\t\t\t\tDa sinistra, l&#8217;assessore alla Cooperazione Mario Tonina, il vice direttore del Trentino Mantovan, la presidente della Cooperazione Trentina Mattarei e Borzaga, Trento Muse 6 dicembre 2018 \u00a9 foto Daniele Mosna\n\t\t\t\t<\/figcaption><\/figure><figure class='gallery-item'>\n\t\t\t<div class='gallery-icon landscape'>\n\t\t\t\t<a href='https:\/\/euricse.eu\/it\/la-cooperazione-oltre-gli-stereotipi\/euricse-presentazione-del-libro-e-festa-dei-10-anni-di-attivita-5\/'><img loading=\"lazy\" decoding=\"async\" width=\"607\" height=\"400\" src=\"https:\/\/euricse.eu\/wp-content\/uploads\/2018\/12\/Euricse-presentazione-libro-\u252c\u00ae-File-Daniele-Mosna110-607x400.jpg\" class=\"attachment-thumbnail size-thumbnail\" alt=\"\" aria-describedby=\"gallery-1-8028\" srcset=\"https:\/\/euricse.eu\/wp-content\/uploads\/2018\/12\/Euricse-presentazione-libro-\u252c\u00ae-File-Daniele-Mosna110-607x400.jpg 607w, https:\/\/euricse.eu\/wp-content\/uploads\/2018\/12\/Euricse-presentazione-libro-\u252c\u00ae-File-Daniele-Mosna110-300x198.jpg 300w, https:\/\/euricse.eu\/wp-content\/uploads\/2018\/12\/Euricse-presentazione-libro-\u252c\u00ae-File-Daniele-Mosna110-768x506.jpg 768w, https:\/\/euricse.eu\/wp-content\/uploads\/2018\/12\/Euricse-presentazione-libro-\u252c\u00ae-File-Daniele-Mosna110-1024x675.jpg 1024w, https:\/\/euricse.eu\/wp-content\/uploads\/2018\/12\/Euricse-presentazione-libro-\u252c\u00ae-File-Daniele-Mosna110.jpg 1200w\" sizes=\"auto, (max-width: 607px) 100vw, 607px\" \/><\/a>\n\t\t\t<\/div>\n\t\t\t\t<figcaption class='wp-caption-text gallery-caption' id='gallery-1-8028'>\n\t\t\t\tDa sinistra, l&#8217;assessore alla Cooperazione Mario Tonina, il vice direttore del Trentino Mantovan, la presidente della Cooperazione Trentina Mattarei e Borzaga, Trento Muse 6 dicembre 2018 \u00a9 foto Daniele Mosna\n\t\t\t\t<\/figcaption><\/figure>\n\t\t<\/div>\n\n","protected":false},"excerpt":{"rendered":"<p>Euricse presenta il suo libro. Borzaga: &#8220;Dati empirici contro il pensiero dominante&#8221; &nbsp; di Marika Damaggio L\u2019intento, alla fine, \u00e8 sempre il medesimo: costruire occasioni di confronto, irrorare le conoscenze sino a oggi disponibili generando nuovi impulsi. Uno sforzo continuo, generativo, mai sazio. E\u2019 pi\u00f9 o meno da qui che la Fondazione Euricse \u00e8 partita [&hellip;]<\/p>\n","protected":false},"author":30,"featured_media":8019,"comment_status":"open","ping_status":"closed","sticky":false,"template":"","format":"standard","meta":{"_acf_changed":false,"episode_type":"","audio_file":"","cover_image":"","cover_image_id":"","duration":"","filesize":"","date_recorded":"","explicit":"","block":"","itunes_episode_number":"","itunes_title":"","itunes_season_number":"","itunes_episode_type":"","filesize_raw":"","footnotes":""},"categories":[17],"tags":[],"class_list":["post-8016","post","type-post","status-publish","format-standard","has-post-thumbnail","hentry","category-news-it"],"acf":[],"yoast_head":"<!-- This site is optimized with the Yoast SEO plugin v26.1.1 - https:\/\/yoast.com\/wordpress\/plugins\/seo\/ -->\n<title>La cooperazione oltre gli stereotipi - Euricse<\/title>\n<meta name=\"robots\" content=\"index, follow, max-snippet:-1, max-image-preview:large, max-video-preview:-1\" \/>\n<link rel=\"canonical\" href=\"https:\/\/euricse.eu\/it\/la-cooperazione-oltre-gli-stereotipi\/\" \/>\n<meta property=\"og:locale\" content=\"it_IT\" \/>\n<meta property=\"og:type\" content=\"article\" \/>\n<meta property=\"og:title\" content=\"La cooperazione oltre gli stereotipi - Euricse\" \/>\n<meta property=\"og:description\" content=\"Euricse presenta il suo libro. Borzaga: &#8220;Dati empirici contro il pensiero dominante&#8221; &nbsp; di Marika Damaggio L\u2019intento, alla fine, \u00e8 sempre il medesimo: costruire occasioni di confronto, irrorare le conoscenze sino a oggi disponibili generando nuovi impulsi. Uno sforzo continuo, generativo, mai sazio. E\u2019 pi\u00f9 o meno da qui che la Fondazione Euricse \u00e8 partita [&hellip;]\" \/>\n<meta property=\"og:url\" content=\"https:\/\/euricse.eu\/it\/la-cooperazione-oltre-gli-stereotipi\/\" \/>\n<meta property=\"og:site_name\" content=\"Euricse\" \/>\n<meta property=\"article:published_time\" content=\"2018-12-07T13:28:49+00:00\" \/>\n<meta property=\"article:modified_time\" content=\"2018-12-07T13:57:10+00:00\" \/>\n<meta property=\"og:image\" content=\"https:\/\/euricse.eu\/wp-content\/uploads\/2018\/12\/Euricse-presentazione-libro-\u00a9-File-Daniele-Mosna68-1024x663.jpg\" \/>\n\t<meta property=\"og:image:width\" content=\"1024\" \/>\n\t<meta property=\"og:image:height\" content=\"663\" \/>\n\t<meta property=\"og:image:type\" content=\"image\/jpeg\" \/>\n<meta name=\"author\" content=\"redazione\" \/>\n<meta name=\"twitter:card\" content=\"summary_large_image\" \/>\n<meta name=\"twitter:label1\" content=\"Scritto da\" \/>\n\t<meta name=\"twitter:data1\" content=\"redazione\" \/>\n\t<meta name=\"twitter:label2\" content=\"Tempo di lettura stimato\" \/>\n\t<meta name=\"twitter:data2\" content=\"5 minuti\" \/>\n<script type=\"application\/ld+json\" class=\"yoast-schema-graph\">{\"@context\":\"https:\/\/schema.org\",\"@graph\":[{\"@type\":\"WebPage\",\"@id\":\"https:\/\/euricse.eu\/it\/la-cooperazione-oltre-gli-stereotipi\/\",\"url\":\"https:\/\/euricse.eu\/it\/la-cooperazione-oltre-gli-stereotipi\/\",\"name\":\"La cooperazione oltre gli stereotipi - Euricse\",\"isPartOf\":{\"@id\":\"https:\/\/euricse.eu\/en\/#website\"},\"primaryImageOfPage\":{\"@id\":\"https:\/\/euricse.eu\/it\/la-cooperazione-oltre-gli-stereotipi\/#primaryimage\"},\"image\":{\"@id\":\"https:\/\/euricse.eu\/it\/la-cooperazione-oltre-gli-stereotipi\/#primaryimage\"},\"thumbnailUrl\":\"https:\/\/euricse.eu\/wp-content\/uploads\/2018\/12\/Euricse-presentazione-libro-\u00a9-File-Daniele-Mosna68.jpg\",\"datePublished\":\"2018-12-07T13:28:49+00:00\",\"dateModified\":\"2018-12-07T13:57:10+00:00\",\"author\":{\"@id\":\"https:\/\/euricse.eu\/en\/#\/schema\/person\/46be9426d76e3114ba478b69f3d8040b\"},\"breadcrumb\":{\"@id\":\"https:\/\/euricse.eu\/it\/la-cooperazione-oltre-gli-stereotipi\/#breadcrumb\"},\"inLanguage\":\"it-IT\",\"potentialAction\":[{\"@type\":\"ReadAction\",\"target\":[\"https:\/\/euricse.eu\/it\/la-cooperazione-oltre-gli-stereotipi\/\"]}]},{\"@type\":\"ImageObject\",\"inLanguage\":\"it-IT\",\"@id\":\"https:\/\/euricse.eu\/it\/la-cooperazione-oltre-gli-stereotipi\/#primaryimage\",\"url\":\"https:\/\/euricse.eu\/wp-content\/uploads\/2018\/12\/Euricse-presentazione-libro-\u00a9-File-Daniele-Mosna68.jpg\",\"contentUrl\":\"https:\/\/euricse.eu\/wp-content\/uploads\/2018\/12\/Euricse-presentazione-libro-\u00a9-File-Daniele-Mosna68.jpg\",\"width\":2400,\"height\":1555,\"caption\":\"Euricse La festa dei 10 anni con la presentazione del Libro, a sinistra Assessore alla Cooperazione Mario Tonina, il vice direttore del Trentino Mantovan, la presidentessa della Cooperazione Trentina Mattarei e Borzaga, Trento Muse 6 dicembre 2018 \u00a9 foto Daniele Mosna\"},{\"@type\":\"BreadcrumbList\",\"@id\":\"https:\/\/euricse.eu\/it\/la-cooperazione-oltre-gli-stereotipi\/#breadcrumb\",\"itemListElement\":[{\"@type\":\"ListItem\",\"position\":1,\"name\":\"Home\",\"item\":\"https:\/\/euricse.eu\/it\/\"},{\"@type\":\"ListItem\",\"position\":2,\"name\":\"La cooperazione oltre gli stereotipi\"}]},{\"@type\":\"WebSite\",\"@id\":\"https:\/\/euricse.eu\/en\/#website\",\"url\":\"https:\/\/euricse.eu\/en\/\",\"name\":\"Euricse\",\"description\":\"Knowledge and innovation for cooperative and social enterprises.\",\"potentialAction\":[{\"@type\":\"SearchAction\",\"target\":{\"@type\":\"EntryPoint\",\"urlTemplate\":\"https:\/\/euricse.eu\/en\/?s={search_term_string}\"},\"query-input\":{\"@type\":\"PropertyValueSpecification\",\"valueRequired\":true,\"valueName\":\"search_term_string\"}}],\"inLanguage\":\"it-IT\"},{\"@type\":\"Person\",\"@id\":\"https:\/\/euricse.eu\/en\/#\/schema\/person\/46be9426d76e3114ba478b69f3d8040b\",\"name\":\"redazione\",\"image\":{\"@type\":\"ImageObject\",\"inLanguage\":\"it-IT\",\"@id\":\"https:\/\/euricse.eu\/en\/#\/schema\/person\/image\/\",\"url\":\"https:\/\/secure.gravatar.com\/avatar\/d1e5fb76fa001722a0822f32de0a8935d9c7a01b0f055f16dc71df73252c3c50?s=96&d=mm&r=g\",\"contentUrl\":\"https:\/\/secure.gravatar.com\/avatar\/d1e5fb76fa001722a0822f32de0a8935d9c7a01b0f055f16dc71df73252c3c50?s=96&d=mm&r=g\",\"caption\":\"redazione\"},\"url\":\"https:\/\/euricse.eu\/it\/author\/marikadmin\/\"}]}<\/script>\n<!-- \/ Yoast SEO plugin. -->","yoast_head_json":{"title":"La cooperazione oltre gli stereotipi - Euricse","robots":{"index":"index","follow":"follow","max-snippet":"max-snippet:-1","max-image-preview":"max-image-preview:large","max-video-preview":"max-video-preview:-1"},"canonical":"https:\/\/euricse.eu\/it\/la-cooperazione-oltre-gli-stereotipi\/","og_locale":"it_IT","og_type":"article","og_title":"La cooperazione oltre gli stereotipi - Euricse","og_description":"Euricse presenta il suo libro. Borzaga: &#8220;Dati empirici contro il pensiero dominante&#8221; &nbsp; di Marika Damaggio L\u2019intento, alla fine, \u00e8 sempre il medesimo: costruire occasioni di confronto, irrorare le conoscenze sino a oggi disponibili generando nuovi impulsi. Uno sforzo continuo, generativo, mai sazio. E\u2019 pi\u00f9 o meno da qui che la Fondazione Euricse \u00e8 partita [&hellip;]","og_url":"https:\/\/euricse.eu\/it\/la-cooperazione-oltre-gli-stereotipi\/","og_site_name":"Euricse","article_published_time":"2018-12-07T13:28:49+00:00","article_modified_time":"2018-12-07T13:57:10+00:00","og_image":[{"width":1024,"height":663,"url":"https:\/\/euricse.eu\/wp-content\/uploads\/2018\/12\/Euricse-presentazione-libro-\u00a9-File-Daniele-Mosna68-1024x663.jpg","type":"image\/jpeg"}],"author":"redazione","twitter_card":"summary_large_image","twitter_misc":{"Scritto da":"redazione","Tempo di lettura stimato":"5 minuti"},"schema":{"@context":"https:\/\/schema.org","@graph":[{"@type":"WebPage","@id":"https:\/\/euricse.eu\/it\/la-cooperazione-oltre-gli-stereotipi\/","url":"https:\/\/euricse.eu\/it\/la-cooperazione-oltre-gli-stereotipi\/","name":"La cooperazione oltre gli stereotipi - Euricse","isPartOf":{"@id":"https:\/\/euricse.eu\/en\/#website"},"primaryImageOfPage":{"@id":"https:\/\/euricse.eu\/it\/la-cooperazione-oltre-gli-stereotipi\/#primaryimage"},"image":{"@id":"https:\/\/euricse.eu\/it\/la-cooperazione-oltre-gli-stereotipi\/#primaryimage"},"thumbnailUrl":"https:\/\/euricse.eu\/wp-content\/uploads\/2018\/12\/Euricse-presentazione-libro-\u00a9-File-Daniele-Mosna68.jpg","datePublished":"2018-12-07T13:28:49+00:00","dateModified":"2018-12-07T13:57:10+00:00","author":{"@id":"https:\/\/euricse.eu\/en\/#\/schema\/person\/46be9426d76e3114ba478b69f3d8040b"},"breadcrumb":{"@id":"https:\/\/euricse.eu\/it\/la-cooperazione-oltre-gli-stereotipi\/#breadcrumb"},"inLanguage":"it-IT","potentialAction":[{"@type":"ReadAction","target":["https:\/\/euricse.eu\/it\/la-cooperazione-oltre-gli-stereotipi\/"]}]},{"@type":"ImageObject","inLanguage":"it-IT","@id":"https:\/\/euricse.eu\/it\/la-cooperazione-oltre-gli-stereotipi\/#primaryimage","url":"https:\/\/euricse.eu\/wp-content\/uploads\/2018\/12\/Euricse-presentazione-libro-\u00a9-File-Daniele-Mosna68.jpg","contentUrl":"https:\/\/euricse.eu\/wp-content\/uploads\/2018\/12\/Euricse-presentazione-libro-\u00a9-File-Daniele-Mosna68.jpg","width":2400,"height":1555,"caption":"Euricse La festa dei 10 anni con la presentazione del Libro, a sinistra Assessore alla Cooperazione Mario Tonina, il vice direttore del Trentino Mantovan, la presidentessa della Cooperazione Trentina Mattarei e Borzaga, Trento Muse 6 dicembre 2018 \u00a9 foto Daniele Mosna"},{"@type":"BreadcrumbList","@id":"https:\/\/euricse.eu\/it\/la-cooperazione-oltre-gli-stereotipi\/#breadcrumb","itemListElement":[{"@type":"ListItem","position":1,"name":"Home","item":"https:\/\/euricse.eu\/it\/"},{"@type":"ListItem","position":2,"name":"La cooperazione oltre gli stereotipi"}]},{"@type":"WebSite","@id":"https:\/\/euricse.eu\/en\/#website","url":"https:\/\/euricse.eu\/en\/","name":"Euricse","description":"Knowledge and innovation for cooperative and social enterprises.","potentialAction":[{"@type":"SearchAction","target":{"@type":"EntryPoint","urlTemplate":"https:\/\/euricse.eu\/en\/?s={search_term_string}"},"query-input":{"@type":"PropertyValueSpecification","valueRequired":true,"valueName":"search_term_string"}}],"inLanguage":"it-IT"},{"@type":"Person","@id":"https:\/\/euricse.eu\/en\/#\/schema\/person\/46be9426d76e3114ba478b69f3d8040b","name":"redazione","image":{"@type":"ImageObject","inLanguage":"it-IT","@id":"https:\/\/euricse.eu\/en\/#\/schema\/person\/image\/","url":"https:\/\/secure.gravatar.com\/avatar\/d1e5fb76fa001722a0822f32de0a8935d9c7a01b0f055f16dc71df73252c3c50?s=96&d=mm&r=g","contentUrl":"https:\/\/secure.gravatar.com\/avatar\/d1e5fb76fa001722a0822f32de0a8935d9c7a01b0f055f16dc71df73252c3c50?s=96&d=mm&r=g","caption":"redazione"},"url":"https:\/\/euricse.eu\/it\/author\/marikadmin\/"}]}},"_links":{"self":[{"href":"https:\/\/euricse.eu\/it\/wp-json\/wp\/v2\/posts\/8016","targetHints":{"allow":["GET"]}}],"collection":[{"href":"https:\/\/euricse.eu\/it\/wp-json\/wp\/v2\/posts"}],"about":[{"href":"https:\/\/euricse.eu\/it\/wp-json\/wp\/v2\/types\/post"}],"author":[{"embeddable":true,"href":"https:\/\/euricse.eu\/it\/wp-json\/wp\/v2\/users\/30"}],"replies":[{"embeddable":true,"href":"https:\/\/euricse.eu\/it\/wp-json\/wp\/v2\/comments?post=8016"}],"version-history":[{"count":0,"href":"https:\/\/euricse.eu\/it\/wp-json\/wp\/v2\/posts\/8016\/revisions"}],"wp:featuredmedia":[{"embeddable":true,"href":"https:\/\/euricse.eu\/it\/wp-json\/wp\/v2\/media\/8019"}],"wp:attachment":[{"href":"https:\/\/euricse.eu\/it\/wp-json\/wp\/v2\/media?parent=8016"}],"wp:term":[{"taxonomy":"category","embeddable":true,"href":"https:\/\/euricse.eu\/it\/wp-json\/wp\/v2\/categories?post=8016"},{"taxonomy":"post_tag","embeddable":true,"href":"https:\/\/euricse.eu\/it\/wp-json\/wp\/v2\/tags?post=8016"}],"curies":[{"name":"wp","href":"https:\/\/api.w.org\/{rel}","templated":true}]}}