{"id":8131,"date":"2018-12-28T16:14:50","date_gmt":"2018-12-28T16:14:50","guid":{"rendered":"https:\/\/euricse.staging.hgblu.com\/?p=8131"},"modified":"2019-01-29T11:53:48","modified_gmt":"2019-01-29T11:53:48","slug":"integrazione-di-migranti-e-rifugiati-due-nuove-pubblicazioni-per-locse","status":"publish","type":"post","link":"https:\/\/euricse.eu\/it\/integrazione-di-migranti-e-rifugiati-due-nuove-pubblicazioni-per-locse\/","title":{"rendered":"Integrazione di migranti e rifugiati: due policy notes per l&#8217;OCSE"},"content":{"rendered":"<p>Due diverse pubblicazioni, due policy notes per l&#8217;OCSE che, attraverso altrettante angolature, analizzano i processi di integrazione di migranti e richiedenti asilo praticati in diversi Paesi d&#8217;Europa. <a href=\"https:\/\/euricse.eu\/it\/people\/giulia-galera-2\/\">Giulia Galera<\/a>, ricercatrice senior di Euricse, ha contribuito alla realizzazione dei due paper che sono liberamente scaricabili online, direttamente dal<a href=\"https:\/\/www.oecd-ilibrary.org\/industry-and-services\/oecd-local-economic-and-employment-development-leed-working-papers_20794797\"> sito dell&#8217;OCSE\u00a0<\/a>. Ma quali sono, nel dettaglio, i temi dipanati nelle pubblicazioni? Di seguito i rispettivi abstract e i link per il download.<\/p>\n<p><!--more--><\/p>\n<p>&nbsp;<\/p>\n<h2>Integrazione di migranti, rifugiati e richiedenti asilo in aree remote con popolazioni in declino demografico<\/h2>\n<p><strong>Autori:\u00a0<\/strong>Giulia Galera, Leila Giannetto, Andrea Membretti e Antonella Noya<\/p>\n<p>&nbsp;<\/p>\n<p>Il paper esamina quanto il fenomeno migratorio possa controbilanciare i processi di spopolamento e di declino economico nelle aree remote e periferiche. Sulla base dell&#8217;analisi comparativa di quattro studi di caso focalizzati su specifici territori delle province\/regioni di Belluno (Italia), Klagenfurt-Villach (Austria), Dalarna (Svezia) e Ha\u00dfberge (Germania), il lavoro analizza i fattori socio-economici chiave che possono favorire l&#8217;integrazione di migranti, rifugiati, detentori di varie forme di protezione e richiedenti asilo. Analizza inoltre a quali condizioni l&#8217;arrivo di nuovi abitanti possa trasformarsi in un&#8217;opportunit\u00e0 di sviluppo locale per i territori ospitanti. I casi di studio riguardano quattro territori periferici che presentano determinate caratteristiche comuni: hanno subito trasformazioni socio-economiche significative nell&#8217;ultimo decennio; hanno assistito ad un progressivo declino demografico con un allarmante esodo di giovani e un crescente invecchiamento della popolazione e sono stati contraddistinti da flussi migratori rilevanti di richiedenti asilo, distribuiti in territori periferici su iniziativa dei governi centrali per controbilanciare le flessioni demografiche negative. I risultati mostrano quanto l\u2019efficacia dei percorsi di integrazione intrapresi dai beneficiari grazie alla mediazione di enti locali e organizzazioni di terzo settore differisca significativamente tra i quattro territori. Tuttavia, tutti i casi studio confermano come l\u2019esistenza di posti di lavoro e alloggi stabili possano aumentare l\u2019attrattivit\u00e0 di localit\u00e0 remote e montane per i rifugiati e i titolari di diverse forme di protezione internazionale, che \u2013 viceversa \u2013 sarebbero pi\u00f9 inclini a trasferirsi nei centri urbani. Infine, i casi studio evidenziano l&#8217;importanza di progettare percorsi di integrazione individualizzati, sostenuti da iniziative di inclusione sociale che possano stimolare collaborazioni spontanee e processi di rigenerazione insieme alla popolazione locale.<\/p>\n<p><a href=\"https:\/\/www.oecd-ilibrary.org\/industry-and-services\/integration-of-migrants-refugees-and-asylum-seekers-in-remote-areas-with-declining-populations_84043b2a-en\"><strong>Qui il download<\/strong><\/a><\/p>\n<hr \/>\n<p>&nbsp;<\/p>\n<h2>Il ruolo degli attori non statali nell&#8217;integrazione dei rifugiati e dei richiedenti asilo<\/h2>\n<p><strong>Autori:<\/strong> Giulia Galera, Leila Giannetto e Antonella Noya<\/p>\n<p>&nbsp;<\/p>\n<p>Le significative differenze tra i Paesi OCSE riflettono gli altrettanto diversi ruoli che gli attori non statali possono svolgere nell&#8217;accoglienza e nell&#8217;integrazione dei richiedenti asilo. Tali diversi approcci possono essere spiegati dalle differenze nell&#8217;organizzazione e nell&#8217;erogazione dei servizi sociali, dalle diverse politiche nazionali a sostegno dell&#8217;occupazione e dai distinti quadri giuridici specifici che consentono l&#8217;accesso o meno al mercato del lavoro dei richiedenti asilo. Rileva inoltre la diversa inclinazione degli abitanti locali ad auto-organizzarsi per affrontare nuove sfide e rispondere a bisogni inevasi. All&#8217;interno dell&#8217;ampio spettro di attori non statali che forniscono assistenza ai rifugiati e ai richiedenti asilo, il presente paper si concentra specificamente su quattro organizzazioni del terzo settore operanti in diversi paesi europei. Attraverso un&#8217;indagine mirata, la pubblicazione analizza il contributo di queste organizzazioni nella sperimentazione di politiche di accoglienza e integrazione per i rifugiati, per i titolari di protezione e i richiedenti asilo attraverso il disegno di innovative ed efficaci strategie e strumenti di lavoro. Il documento si conclude con una serie di raccomandazioni di policy volte a valorizzare la capacit\u00e0 innovativa delle organizzazioni del terzo settore nel progettare iniziative di integrazione dei rifugiati nella societ\u00e0, nel mercato del lavoro e nell&#8217;economia delle comunit\u00e0 di accoglienza.<\/p>\n<p>&nbsp;<\/p>\n<p><strong><a href=\"https:\/\/www.oecd-ilibrary.org\/industry-and-services\/the-role-of-non-state-actors-in-the-integration-of-refugees-and-asylum-seekers_434c3303-en\">Qui il download<\/a><\/strong><\/p>\n<p>&nbsp;<\/p>\n<p>&nbsp;<\/p>\n","protected":false},"excerpt":{"rendered":"<p>Due diverse pubblicazioni, due policy notes per l&#8217;OCSE che, attraverso altrettante angolature, analizzano i processi di integrazione di migranti e richiedenti asilo praticati in diversi Paesi d&#8217;Europa. Giulia Galera, ricercatrice senior di Euricse, ha contribuito alla realizzazione dei due paper che sono liberamente scaricabili online, direttamente dal sito dell&#8217;OCSE\u00a0. Ma quali sono, nel dettaglio, i [&hellip;]<\/p>\n","protected":false},"author":30,"featured_media":8123,"comment_status":"open","ping_status":"closed","sticky":false,"template":"","format":"standard","meta":{"_acf_changed":false,"episode_type":"","audio_file":"","cover_image":"","cover_image_id":"","duration":"","filesize":"","date_recorded":"","explicit":"","block":"","itunes_episode_number":"","itunes_title":"","itunes_season_number":"","itunes_episode_type":"","filesize_raw":"","footnotes":""},"categories":[17],"tags":[],"class_list":["post-8131","post","type-post","status-publish","format-standard","has-post-thumbnail","hentry","category-news-it"],"acf":[],"yoast_head":"<!-- This site is optimized with the Yoast SEO plugin v26.1.1 - https:\/\/yoast.com\/wordpress\/plugins\/seo\/ -->\n<title>Integrazione di migranti e rifugiati: due policy notes per l&#039;OCSE - Euricse<\/title>\n<meta name=\"robots\" content=\"index, follow, max-snippet:-1, max-image-preview:large, max-video-preview:-1\" \/>\n<link rel=\"canonical\" href=\"https:\/\/euricse.eu\/it\/integrazione-di-migranti-e-rifugiati-due-nuove-pubblicazioni-per-locse\/\" \/>\n<meta property=\"og:locale\" content=\"it_IT\" \/>\n<meta property=\"og:type\" content=\"article\" \/>\n<meta property=\"og:title\" content=\"Integrazione di migranti e rifugiati: due policy notes per l&#039;OCSE - Euricse\" \/>\n<meta property=\"og:description\" content=\"Due diverse pubblicazioni, due policy notes per l&#8217;OCSE che, attraverso altrettante angolature, analizzano i processi di integrazione di migranti e richiedenti asilo praticati in diversi Paesi d&#8217;Europa. Giulia Galera, ricercatrice senior di Euricse, ha contribuito alla realizzazione dei due paper che sono liberamente scaricabili online, direttamente dal sito dell&#8217;OCSE\u00a0. Ma quali sono, nel dettaglio, i [&hellip;]\" \/>\n<meta property=\"og:url\" content=\"https:\/\/euricse.eu\/it\/integrazione-di-migranti-e-rifugiati-due-nuove-pubblicazioni-per-locse\/\" \/>\n<meta property=\"og:site_name\" content=\"Euricse\" \/>\n<meta property=\"article:published_time\" content=\"2018-12-28T16:14:50+00:00\" \/>\n<meta property=\"article:modified_time\" content=\"2019-01-29T11:53:48+00:00\" \/>\n<meta property=\"og:image\" content=\"https:\/\/euricse.eu\/wp-content\/uploads\/2018\/12\/new-york-3610695_1920.jpg\" \/>\n\t<meta property=\"og:image:width\" content=\"1920\" \/>\n\t<meta property=\"og:image:height\" content=\"1276\" \/>\n\t<meta property=\"og:image:type\" content=\"image\/jpeg\" \/>\n<meta name=\"author\" content=\"redazione\" \/>\n<meta name=\"twitter:card\" content=\"summary_large_image\" \/>\n<meta name=\"twitter:label1\" content=\"Scritto da\" \/>\n\t<meta name=\"twitter:data1\" content=\"redazione\" \/>\n\t<meta name=\"twitter:label2\" content=\"Tempo di lettura stimato\" \/>\n\t<meta name=\"twitter:data2\" content=\"3 minuti\" \/>\n<script type=\"application\/ld+json\" class=\"yoast-schema-graph\">{\"@context\":\"https:\/\/schema.org\",\"@graph\":[{\"@type\":\"WebPage\",\"@id\":\"https:\/\/euricse.eu\/it\/integrazione-di-migranti-e-rifugiati-due-nuove-pubblicazioni-per-locse\/\",\"url\":\"https:\/\/euricse.eu\/it\/integrazione-di-migranti-e-rifugiati-due-nuove-pubblicazioni-per-locse\/\",\"name\":\"Integrazione di migranti e rifugiati: due policy notes per l'OCSE - Euricse\",\"isPartOf\":{\"@id\":\"https:\/\/euricse.eu\/en\/#website\"},\"primaryImageOfPage\":{\"@id\":\"https:\/\/euricse.eu\/it\/integrazione-di-migranti-e-rifugiati-due-nuove-pubblicazioni-per-locse\/#primaryimage\"},\"image\":{\"@id\":\"https:\/\/euricse.eu\/it\/integrazione-di-migranti-e-rifugiati-due-nuove-pubblicazioni-per-locse\/#primaryimage\"},\"thumbnailUrl\":\"https:\/\/euricse.eu\/wp-content\/uploads\/2018\/12\/new-york-3610695_1920.jpg\",\"datePublished\":\"2018-12-28T16:14:50+00:00\",\"dateModified\":\"2019-01-29T11:53:48+00:00\",\"author\":{\"@id\":\"https:\/\/euricse.eu\/en\/#\/schema\/person\/46be9426d76e3114ba478b69f3d8040b\"},\"breadcrumb\":{\"@id\":\"https:\/\/euricse.eu\/it\/integrazione-di-migranti-e-rifugiati-due-nuove-pubblicazioni-per-locse\/#breadcrumb\"},\"inLanguage\":\"it-IT\",\"potentialAction\":[{\"@type\":\"ReadAction\",\"target\":[\"https:\/\/euricse.eu\/it\/integrazione-di-migranti-e-rifugiati-due-nuove-pubblicazioni-per-locse\/\"]}]},{\"@type\":\"ImageObject\",\"inLanguage\":\"it-IT\",\"@id\":\"https:\/\/euricse.eu\/it\/integrazione-di-migranti-e-rifugiati-due-nuove-pubblicazioni-per-locse\/#primaryimage\",\"url\":\"https:\/\/euricse.eu\/wp-content\/uploads\/2018\/12\/new-york-3610695_1920.jpg\",\"contentUrl\":\"https:\/\/euricse.eu\/wp-content\/uploads\/2018\/12\/new-york-3610695_1920.jpg\",\"width\":1920,\"height\":1276},{\"@type\":\"BreadcrumbList\",\"@id\":\"https:\/\/euricse.eu\/it\/integrazione-di-migranti-e-rifugiati-due-nuove-pubblicazioni-per-locse\/#breadcrumb\",\"itemListElement\":[{\"@type\":\"ListItem\",\"position\":1,\"name\":\"Home\",\"item\":\"https:\/\/euricse.eu\/it\/\"},{\"@type\":\"ListItem\",\"position\":2,\"name\":\"Integrazione di migranti e rifugiati: due policy notes per l&#8217;OCSE\"}]},{\"@type\":\"WebSite\",\"@id\":\"https:\/\/euricse.eu\/en\/#website\",\"url\":\"https:\/\/euricse.eu\/en\/\",\"name\":\"Euricse\",\"description\":\"Knowledge and innovation for cooperative and social enterprises.\",\"potentialAction\":[{\"@type\":\"SearchAction\",\"target\":{\"@type\":\"EntryPoint\",\"urlTemplate\":\"https:\/\/euricse.eu\/en\/?s={search_term_string}\"},\"query-input\":{\"@type\":\"PropertyValueSpecification\",\"valueRequired\":true,\"valueName\":\"search_term_string\"}}],\"inLanguage\":\"it-IT\"},{\"@type\":\"Person\",\"@id\":\"https:\/\/euricse.eu\/en\/#\/schema\/person\/46be9426d76e3114ba478b69f3d8040b\",\"name\":\"redazione\",\"image\":{\"@type\":\"ImageObject\",\"inLanguage\":\"it-IT\",\"@id\":\"https:\/\/euricse.eu\/en\/#\/schema\/person\/image\/\",\"url\":\"https:\/\/secure.gravatar.com\/avatar\/d1e5fb76fa001722a0822f32de0a8935d9c7a01b0f055f16dc71df73252c3c50?s=96&d=mm&r=g\",\"contentUrl\":\"https:\/\/secure.gravatar.com\/avatar\/d1e5fb76fa001722a0822f32de0a8935d9c7a01b0f055f16dc71df73252c3c50?s=96&d=mm&r=g\",\"caption\":\"redazione\"},\"url\":\"https:\/\/euricse.eu\/it\/author\/marikadmin\/\"}]}<\/script>\n<!-- \/ Yoast SEO plugin. -->","yoast_head_json":{"title":"Integrazione di migranti e rifugiati: due policy notes per l'OCSE - Euricse","robots":{"index":"index","follow":"follow","max-snippet":"max-snippet:-1","max-image-preview":"max-image-preview:large","max-video-preview":"max-video-preview:-1"},"canonical":"https:\/\/euricse.eu\/it\/integrazione-di-migranti-e-rifugiati-due-nuove-pubblicazioni-per-locse\/","og_locale":"it_IT","og_type":"article","og_title":"Integrazione di migranti e rifugiati: due policy notes per l'OCSE - Euricse","og_description":"Due diverse pubblicazioni, due policy notes per l&#8217;OCSE che, attraverso altrettante angolature, analizzano i processi di integrazione di migranti e richiedenti asilo praticati in diversi Paesi d&#8217;Europa. Giulia Galera, ricercatrice senior di Euricse, ha contribuito alla realizzazione dei due paper che sono liberamente scaricabili online, direttamente dal sito dell&#8217;OCSE\u00a0. Ma quali sono, nel dettaglio, i [&hellip;]","og_url":"https:\/\/euricse.eu\/it\/integrazione-di-migranti-e-rifugiati-due-nuove-pubblicazioni-per-locse\/","og_site_name":"Euricse","article_published_time":"2018-12-28T16:14:50+00:00","article_modified_time":"2019-01-29T11:53:48+00:00","og_image":[{"width":1920,"height":1276,"url":"https:\/\/euricse.eu\/wp-content\/uploads\/2018\/12\/new-york-3610695_1920.jpg","type":"image\/jpeg"}],"author":"redazione","twitter_card":"summary_large_image","twitter_misc":{"Scritto da":"redazione","Tempo di lettura stimato":"3 minuti"},"schema":{"@context":"https:\/\/schema.org","@graph":[{"@type":"WebPage","@id":"https:\/\/euricse.eu\/it\/integrazione-di-migranti-e-rifugiati-due-nuove-pubblicazioni-per-locse\/","url":"https:\/\/euricse.eu\/it\/integrazione-di-migranti-e-rifugiati-due-nuove-pubblicazioni-per-locse\/","name":"Integrazione di migranti e rifugiati: due policy notes per l'OCSE - Euricse","isPartOf":{"@id":"https:\/\/euricse.eu\/en\/#website"},"primaryImageOfPage":{"@id":"https:\/\/euricse.eu\/it\/integrazione-di-migranti-e-rifugiati-due-nuove-pubblicazioni-per-locse\/#primaryimage"},"image":{"@id":"https:\/\/euricse.eu\/it\/integrazione-di-migranti-e-rifugiati-due-nuove-pubblicazioni-per-locse\/#primaryimage"},"thumbnailUrl":"https:\/\/euricse.eu\/wp-content\/uploads\/2018\/12\/new-york-3610695_1920.jpg","datePublished":"2018-12-28T16:14:50+00:00","dateModified":"2019-01-29T11:53:48+00:00","author":{"@id":"https:\/\/euricse.eu\/en\/#\/schema\/person\/46be9426d76e3114ba478b69f3d8040b"},"breadcrumb":{"@id":"https:\/\/euricse.eu\/it\/integrazione-di-migranti-e-rifugiati-due-nuove-pubblicazioni-per-locse\/#breadcrumb"},"inLanguage":"it-IT","potentialAction":[{"@type":"ReadAction","target":["https:\/\/euricse.eu\/it\/integrazione-di-migranti-e-rifugiati-due-nuove-pubblicazioni-per-locse\/"]}]},{"@type":"ImageObject","inLanguage":"it-IT","@id":"https:\/\/euricse.eu\/it\/integrazione-di-migranti-e-rifugiati-due-nuove-pubblicazioni-per-locse\/#primaryimage","url":"https:\/\/euricse.eu\/wp-content\/uploads\/2018\/12\/new-york-3610695_1920.jpg","contentUrl":"https:\/\/euricse.eu\/wp-content\/uploads\/2018\/12\/new-york-3610695_1920.jpg","width":1920,"height":1276},{"@type":"BreadcrumbList","@id":"https:\/\/euricse.eu\/it\/integrazione-di-migranti-e-rifugiati-due-nuove-pubblicazioni-per-locse\/#breadcrumb","itemListElement":[{"@type":"ListItem","position":1,"name":"Home","item":"https:\/\/euricse.eu\/it\/"},{"@type":"ListItem","position":2,"name":"Integrazione di migranti e rifugiati: due policy notes per l&#8217;OCSE"}]},{"@type":"WebSite","@id":"https:\/\/euricse.eu\/en\/#website","url":"https:\/\/euricse.eu\/en\/","name":"Euricse","description":"Knowledge and innovation for cooperative and social enterprises.","potentialAction":[{"@type":"SearchAction","target":{"@type":"EntryPoint","urlTemplate":"https:\/\/euricse.eu\/en\/?s={search_term_string}"},"query-input":{"@type":"PropertyValueSpecification","valueRequired":true,"valueName":"search_term_string"}}],"inLanguage":"it-IT"},{"@type":"Person","@id":"https:\/\/euricse.eu\/en\/#\/schema\/person\/46be9426d76e3114ba478b69f3d8040b","name":"redazione","image":{"@type":"ImageObject","inLanguage":"it-IT","@id":"https:\/\/euricse.eu\/en\/#\/schema\/person\/image\/","url":"https:\/\/secure.gravatar.com\/avatar\/d1e5fb76fa001722a0822f32de0a8935d9c7a01b0f055f16dc71df73252c3c50?s=96&d=mm&r=g","contentUrl":"https:\/\/secure.gravatar.com\/avatar\/d1e5fb76fa001722a0822f32de0a8935d9c7a01b0f055f16dc71df73252c3c50?s=96&d=mm&r=g","caption":"redazione"},"url":"https:\/\/euricse.eu\/it\/author\/marikadmin\/"}]}},"_links":{"self":[{"href":"https:\/\/euricse.eu\/it\/wp-json\/wp\/v2\/posts\/8131","targetHints":{"allow":["GET"]}}],"collection":[{"href":"https:\/\/euricse.eu\/it\/wp-json\/wp\/v2\/posts"}],"about":[{"href":"https:\/\/euricse.eu\/it\/wp-json\/wp\/v2\/types\/post"}],"author":[{"embeddable":true,"href":"https:\/\/euricse.eu\/it\/wp-json\/wp\/v2\/users\/30"}],"replies":[{"embeddable":true,"href":"https:\/\/euricse.eu\/it\/wp-json\/wp\/v2\/comments?post=8131"}],"version-history":[{"count":0,"href":"https:\/\/euricse.eu\/it\/wp-json\/wp\/v2\/posts\/8131\/revisions"}],"wp:featuredmedia":[{"embeddable":true,"href":"https:\/\/euricse.eu\/it\/wp-json\/wp\/v2\/media\/8123"}],"wp:attachment":[{"href":"https:\/\/euricse.eu\/it\/wp-json\/wp\/v2\/media?parent=8131"}],"wp:term":[{"taxonomy":"category","embeddable":true,"href":"https:\/\/euricse.eu\/it\/wp-json\/wp\/v2\/categories?post=8131"},{"taxonomy":"post_tag","embeddable":true,"href":"https:\/\/euricse.eu\/it\/wp-json\/wp\/v2\/tags?post=8131"}],"curies":[{"name":"wp","href":"https:\/\/api.w.org\/{rel}","templated":true}]}}