{"id":8188,"date":"2019-01-29T12:11:13","date_gmt":"2019-01-29T12:11:13","guid":{"rendered":"https:\/\/euricse.staging.hgblu.com\/?p=8188"},"modified":"2019-01-29T12:15:37","modified_gmt":"2019-01-29T12:15:37","slug":"territori-accoglienti-lincontro-a-roma-con-il-presidente-fico","status":"publish","type":"post","link":"https:\/\/euricse.eu\/it\/territori-accoglienti-lincontro-a-roma-con-il-presidente-fico\/","title":{"rendered":"Territori accoglienti: l&#8217;incontro a Roma con il presidente Fico"},"content":{"rendered":"<p>Euricse e il Consorzio Nazionale Idee in Rete hanno incontrato a Montecitorio il presidente della Camera dei deputati, Roberto Fico. Un&#8217;occasione per presentare alla terza carica dello Stato il percorso di ricerca avviato in seguito al convegno \u201c<a href=\"https:\/\/euricse.eu\/it\/territori-accoglienti-workshop-di-euricse-sulle-buone-pratiche-diffuse-in-italia\/\">Territori accoglienti<\/a>\u201d e ripercorrere &#8211; con i promotori &#8211; le direttrici di un studio sulle modalit\u00e0 in cui terzo settore e enti locali hanno saputo rispondere alla sfida migratoria, avviando processi di accoglienza e integrazione sul territorio. Dal convegno \u00e8 partita la stesura (in corso) di un libro bianco. E alcune delle pratiche protagoniste saranno raccontate dal presidente Fico.<\/p>\n<p><!--more--><\/p>\n<p>\u201cAccoglienza non \u00e8 una parola astratta \u2013 ha detto il presidente Fico in seguito all\u2019incontro &#8211; Significa crescita, sicurezza e benessere. Un territorio che accoglie in modo virtuoso \u00e8 pi\u00f9 solido e coeso. Di questo ho parlato con i ricercatori di Euricse che mi hanno presentato le iniziative a cui stanno lavorando come lo studio di progetti di accoglienza sostenibile che ci sono rivelati un valore aggiunto per le comunit\u00e0. Hanno analizzato decine di esperienze, molto spesso nate dal basso, che conciliano integrazione e sviluppo della comunit\u00e0. I modelli su cui si sono concentrati hanno permesso di innescare, in tutta Italia, processi di innovazione e rilancio sociale, con l&#8217;avvio di nuove imprese e servizi, sviluppo dell&#8217;economia, con il coinvolgimento attivo del territorio e della societ\u00e0 civile\u201d.<\/p>\n<p>Ed \u00e8 proprio questo, infatti, il focus del percorso di studio di Euricse. Dopo il convegno che ha ospitato a Trento 31 fra Comuni, consorzi, cooperative sociali e associazioni impegnate nell\u2019accoglienza di richiedenti asilo e detentori di varie forme di protezione internazionale (pi\u00f9 di 300 i partecipanti all\u2019evento del 24 novembre), l\u2019istituto di ricerca Euricse, supportato da un gruppo di ricercatori, dall\u2019Universit\u00e0 di Trento e dal Consorzio Nazionale Idee in Rete, sta predisponendo un volume che al tempo stesso fa sia sintesi dei contenuti emersi nel corso della mattinata di lavoro, sia cerca di attualizzare soluzioni inedite messe in campo in tutto il Paese per fronteggiare la sfida migratoria e favorire processi di integrazione. Sei le angolature analizzate nelle diverse sessioni e, a catena, articolate nel libro: forme innovative per favorire l\u2019emancipazione abitativa; strategie per favorire l\u2019inserimento lavorativo, rapporti con la pubblica amministrazione; percorsi per favorire eguale accesso alle cure; risposte impiegate per la gestione dei conflitti; soluzioni pensate per le aree interne, montane, periferiche. La pubblicazione, gi\u00e0 in fase di stesura, cercher\u00e0 di individuare percorsi futuribili, alla luce delle novit\u00e0 normative.<\/p>\n<p><img loading=\"lazy\" decoding=\"async\" class=\"aligncenter size-large wp-image-8189\" src=\"https:\/\/euricse.eu\/wp-content\/uploads\/2019\/01\/15_01_2019_Fico_delegazione_ERI-9089-1024x683.jpg\" alt=\"\" width=\"1024\" height=\"683\" srcset=\"https:\/\/euricse.eu\/wp-content\/uploads\/2019\/01\/15_01_2019_Fico_delegazione_ERI-9089-1024x683.jpg 1024w, https:\/\/euricse.eu\/wp-content\/uploads\/2019\/01\/15_01_2019_Fico_delegazione_ERI-9089-600x400.jpg 600w, https:\/\/euricse.eu\/wp-content\/uploads\/2019\/01\/15_01_2019_Fico_delegazione_ERI-9089-300x200.jpg 300w, https:\/\/euricse.eu\/wp-content\/uploads\/2019\/01\/15_01_2019_Fico_delegazione_ERI-9089-768x512.jpg 768w\" sizes=\"auto, (max-width: 1024px) 100vw, 1024px\" \/><\/p>\n<p><img loading=\"lazy\" decoding=\"async\" class=\"aligncenter size-large wp-image-8191\" src=\"https:\/\/euricse.eu\/wp-content\/uploads\/2019\/01\/15_01_2019_Fico_delegazione_ERI-9059-1024x683.jpg\" alt=\"\" width=\"1024\" height=\"683\" srcset=\"https:\/\/euricse.eu\/wp-content\/uploads\/2019\/01\/15_01_2019_Fico_delegazione_ERI-9059-1024x683.jpg 1024w, https:\/\/euricse.eu\/wp-content\/uploads\/2019\/01\/15_01_2019_Fico_delegazione_ERI-9059-600x400.jpg 600w, https:\/\/euricse.eu\/wp-content\/uploads\/2019\/01\/15_01_2019_Fico_delegazione_ERI-9059-300x200.jpg 300w, https:\/\/euricse.eu\/wp-content\/uploads\/2019\/01\/15_01_2019_Fico_delegazione_ERI-9059-768x512.jpg 768w\" sizes=\"auto, (max-width: 1024px) 100vw, 1024px\" \/><\/p>\n","protected":false},"excerpt":{"rendered":"<p>Euricse e il Consorzio Nazionale Idee in Rete hanno incontrato a Montecitorio il presidente della Camera dei deputati, Roberto Fico. Un&#8217;occasione per presentare alla terza carica dello Stato il percorso di ricerca avviato in seguito al convegno \u201cTerritori accoglienti\u201d e ripercorrere &#8211; con i promotori &#8211; le direttrici di un studio sulle modalit\u00e0 in cui [&hellip;]<\/p>\n","protected":false},"author":30,"featured_media":8189,"comment_status":"open","ping_status":"closed","sticky":false,"template":"","format":"standard","meta":{"_acf_changed":false,"episode_type":"","audio_file":"","cover_image":"","cover_image_id":"","duration":"","filesize":"","date_recorded":"","explicit":"","block":"","itunes_episode_number":"","itunes_title":"","itunes_season_number":"","itunes_episode_type":"","filesize_raw":"","footnotes":""},"categories":[17],"tags":[],"class_list":["post-8188","post","type-post","status-publish","format-standard","has-post-thumbnail","hentry","category-news-it"],"acf":[],"yoast_head":"<!-- This site is optimized with the Yoast SEO plugin v26.1.1 - https:\/\/yoast.com\/wordpress\/plugins\/seo\/ -->\n<title>Territori accoglienti: l&#039;incontro a Roma con il presidente Fico - Euricse<\/title>\n<meta name=\"robots\" content=\"index, follow, max-snippet:-1, max-image-preview:large, max-video-preview:-1\" \/>\n<link rel=\"canonical\" href=\"https:\/\/euricse.eu\/it\/territori-accoglienti-lincontro-a-roma-con-il-presidente-fico\/\" \/>\n<meta property=\"og:locale\" content=\"it_IT\" \/>\n<meta property=\"og:type\" content=\"article\" \/>\n<meta property=\"og:title\" content=\"Territori accoglienti: l&#039;incontro a Roma con il presidente Fico - Euricse\" \/>\n<meta property=\"og:description\" content=\"Euricse e il Consorzio Nazionale Idee in Rete hanno incontrato a Montecitorio il presidente della Camera dei deputati, Roberto Fico. Un&#8217;occasione per presentare alla terza carica dello Stato il percorso di ricerca avviato in seguito al convegno \u201cTerritori accoglienti\u201d e ripercorrere &#8211; con i promotori &#8211; le direttrici di un studio sulle modalit\u00e0 in cui [&hellip;]\" \/>\n<meta property=\"og:url\" content=\"https:\/\/euricse.eu\/it\/territori-accoglienti-lincontro-a-roma-con-il-presidente-fico\/\" \/>\n<meta property=\"og:site_name\" content=\"Euricse\" \/>\n<meta property=\"article:published_time\" content=\"2019-01-29T12:11:13+00:00\" \/>\n<meta property=\"article:modified_time\" content=\"2019-01-29T12:15:37+00:00\" \/>\n<meta property=\"og:image\" content=\"https:\/\/euricse.eu\/wp-content\/uploads\/2019\/01\/15_01_2019_Fico_delegazione_ERI-9089-1024x683.jpg\" \/>\n\t<meta property=\"og:image:width\" content=\"1024\" \/>\n\t<meta property=\"og:image:height\" content=\"683\" \/>\n\t<meta property=\"og:image:type\" content=\"image\/jpeg\" \/>\n<meta name=\"author\" content=\"redazione\" \/>\n<meta name=\"twitter:card\" content=\"summary_large_image\" \/>\n<meta name=\"twitter:label1\" content=\"Scritto da\" \/>\n\t<meta name=\"twitter:data1\" content=\"redazione\" \/>\n\t<meta name=\"twitter:label2\" content=\"Tempo di lettura stimato\" \/>\n\t<meta name=\"twitter:data2\" content=\"2 minuti\" \/>\n<script type=\"application\/ld+json\" class=\"yoast-schema-graph\">{\"@context\":\"https:\/\/schema.org\",\"@graph\":[{\"@type\":\"WebPage\",\"@id\":\"https:\/\/euricse.eu\/it\/territori-accoglienti-lincontro-a-roma-con-il-presidente-fico\/\",\"url\":\"https:\/\/euricse.eu\/it\/territori-accoglienti-lincontro-a-roma-con-il-presidente-fico\/\",\"name\":\"Territori accoglienti: l'incontro a Roma con il presidente Fico - Euricse\",\"isPartOf\":{\"@id\":\"https:\/\/euricse.eu\/en\/#website\"},\"primaryImageOfPage\":{\"@id\":\"https:\/\/euricse.eu\/it\/territori-accoglienti-lincontro-a-roma-con-il-presidente-fico\/#primaryimage\"},\"image\":{\"@id\":\"https:\/\/euricse.eu\/it\/territori-accoglienti-lincontro-a-roma-con-il-presidente-fico\/#primaryimage\"},\"thumbnailUrl\":\"https:\/\/euricse.eu\/wp-content\/uploads\/2019\/01\/15_01_2019_Fico_delegazione_ERI-9089.jpg\",\"datePublished\":\"2019-01-29T12:11:13+00:00\",\"dateModified\":\"2019-01-29T12:15:37+00:00\",\"author\":{\"@id\":\"https:\/\/euricse.eu\/en\/#\/schema\/person\/46be9426d76e3114ba478b69f3d8040b\"},\"breadcrumb\":{\"@id\":\"https:\/\/euricse.eu\/it\/territori-accoglienti-lincontro-a-roma-con-il-presidente-fico\/#breadcrumb\"},\"inLanguage\":\"it-IT\",\"potentialAction\":[{\"@type\":\"ReadAction\",\"target\":[\"https:\/\/euricse.eu\/it\/territori-accoglienti-lincontro-a-roma-con-il-presidente-fico\/\"]}]},{\"@type\":\"ImageObject\",\"inLanguage\":\"it-IT\",\"@id\":\"https:\/\/euricse.eu\/it\/territori-accoglienti-lincontro-a-roma-con-il-presidente-fico\/#primaryimage\",\"url\":\"https:\/\/euricse.eu\/wp-content\/uploads\/2019\/01\/15_01_2019_Fico_delegazione_ERI-9089.jpg\",\"contentUrl\":\"https:\/\/euricse.eu\/wp-content\/uploads\/2019\/01\/15_01_2019_Fico_delegazione_ERI-9089.jpg\",\"width\":3600,\"height\":2400},{\"@type\":\"BreadcrumbList\",\"@id\":\"https:\/\/euricse.eu\/it\/territori-accoglienti-lincontro-a-roma-con-il-presidente-fico\/#breadcrumb\",\"itemListElement\":[{\"@type\":\"ListItem\",\"position\":1,\"name\":\"Home\",\"item\":\"https:\/\/euricse.eu\/it\/\"},{\"@type\":\"ListItem\",\"position\":2,\"name\":\"Territori accoglienti: l&#8217;incontro a Roma con il presidente Fico\"}]},{\"@type\":\"WebSite\",\"@id\":\"https:\/\/euricse.eu\/en\/#website\",\"url\":\"https:\/\/euricse.eu\/en\/\",\"name\":\"Euricse\",\"description\":\"Knowledge and innovation for cooperative and social enterprises.\",\"potentialAction\":[{\"@type\":\"SearchAction\",\"target\":{\"@type\":\"EntryPoint\",\"urlTemplate\":\"https:\/\/euricse.eu\/en\/?s={search_term_string}\"},\"query-input\":{\"@type\":\"PropertyValueSpecification\",\"valueRequired\":true,\"valueName\":\"search_term_string\"}}],\"inLanguage\":\"it-IT\"},{\"@type\":\"Person\",\"@id\":\"https:\/\/euricse.eu\/en\/#\/schema\/person\/46be9426d76e3114ba478b69f3d8040b\",\"name\":\"redazione\",\"image\":{\"@type\":\"ImageObject\",\"inLanguage\":\"it-IT\",\"@id\":\"https:\/\/euricse.eu\/en\/#\/schema\/person\/image\/\",\"url\":\"https:\/\/secure.gravatar.com\/avatar\/d1e5fb76fa001722a0822f32de0a8935d9c7a01b0f055f16dc71df73252c3c50?s=96&d=mm&r=g\",\"contentUrl\":\"https:\/\/secure.gravatar.com\/avatar\/d1e5fb76fa001722a0822f32de0a8935d9c7a01b0f055f16dc71df73252c3c50?s=96&d=mm&r=g\",\"caption\":\"redazione\"},\"url\":\"https:\/\/euricse.eu\/it\/author\/marikadmin\/\"}]}<\/script>\n<!-- \/ Yoast SEO plugin. -->","yoast_head_json":{"title":"Territori accoglienti: l'incontro a Roma con il presidente Fico - Euricse","robots":{"index":"index","follow":"follow","max-snippet":"max-snippet:-1","max-image-preview":"max-image-preview:large","max-video-preview":"max-video-preview:-1"},"canonical":"https:\/\/euricse.eu\/it\/territori-accoglienti-lincontro-a-roma-con-il-presidente-fico\/","og_locale":"it_IT","og_type":"article","og_title":"Territori accoglienti: l'incontro a Roma con il presidente Fico - Euricse","og_description":"Euricse e il Consorzio Nazionale Idee in Rete hanno incontrato a Montecitorio il presidente della Camera dei deputati, Roberto Fico. Un&#8217;occasione per presentare alla terza carica dello Stato il percorso di ricerca avviato in seguito al convegno \u201cTerritori accoglienti\u201d e ripercorrere &#8211; con i promotori &#8211; le direttrici di un studio sulle modalit\u00e0 in cui [&hellip;]","og_url":"https:\/\/euricse.eu\/it\/territori-accoglienti-lincontro-a-roma-con-il-presidente-fico\/","og_site_name":"Euricse","article_published_time":"2019-01-29T12:11:13+00:00","article_modified_time":"2019-01-29T12:15:37+00:00","og_image":[{"width":1024,"height":683,"url":"https:\/\/euricse.eu\/wp-content\/uploads\/2019\/01\/15_01_2019_Fico_delegazione_ERI-9089-1024x683.jpg","type":"image\/jpeg"}],"author":"redazione","twitter_card":"summary_large_image","twitter_misc":{"Scritto da":"redazione","Tempo di lettura stimato":"2 minuti"},"schema":{"@context":"https:\/\/schema.org","@graph":[{"@type":"WebPage","@id":"https:\/\/euricse.eu\/it\/territori-accoglienti-lincontro-a-roma-con-il-presidente-fico\/","url":"https:\/\/euricse.eu\/it\/territori-accoglienti-lincontro-a-roma-con-il-presidente-fico\/","name":"Territori accoglienti: l'incontro a Roma con il presidente Fico - Euricse","isPartOf":{"@id":"https:\/\/euricse.eu\/en\/#website"},"primaryImageOfPage":{"@id":"https:\/\/euricse.eu\/it\/territori-accoglienti-lincontro-a-roma-con-il-presidente-fico\/#primaryimage"},"image":{"@id":"https:\/\/euricse.eu\/it\/territori-accoglienti-lincontro-a-roma-con-il-presidente-fico\/#primaryimage"},"thumbnailUrl":"https:\/\/euricse.eu\/wp-content\/uploads\/2019\/01\/15_01_2019_Fico_delegazione_ERI-9089.jpg","datePublished":"2019-01-29T12:11:13+00:00","dateModified":"2019-01-29T12:15:37+00:00","author":{"@id":"https:\/\/euricse.eu\/en\/#\/schema\/person\/46be9426d76e3114ba478b69f3d8040b"},"breadcrumb":{"@id":"https:\/\/euricse.eu\/it\/territori-accoglienti-lincontro-a-roma-con-il-presidente-fico\/#breadcrumb"},"inLanguage":"it-IT","potentialAction":[{"@type":"ReadAction","target":["https:\/\/euricse.eu\/it\/territori-accoglienti-lincontro-a-roma-con-il-presidente-fico\/"]}]},{"@type":"ImageObject","inLanguage":"it-IT","@id":"https:\/\/euricse.eu\/it\/territori-accoglienti-lincontro-a-roma-con-il-presidente-fico\/#primaryimage","url":"https:\/\/euricse.eu\/wp-content\/uploads\/2019\/01\/15_01_2019_Fico_delegazione_ERI-9089.jpg","contentUrl":"https:\/\/euricse.eu\/wp-content\/uploads\/2019\/01\/15_01_2019_Fico_delegazione_ERI-9089.jpg","width":3600,"height":2400},{"@type":"BreadcrumbList","@id":"https:\/\/euricse.eu\/it\/territori-accoglienti-lincontro-a-roma-con-il-presidente-fico\/#breadcrumb","itemListElement":[{"@type":"ListItem","position":1,"name":"Home","item":"https:\/\/euricse.eu\/it\/"},{"@type":"ListItem","position":2,"name":"Territori accoglienti: l&#8217;incontro a Roma con il presidente Fico"}]},{"@type":"WebSite","@id":"https:\/\/euricse.eu\/en\/#website","url":"https:\/\/euricse.eu\/en\/","name":"Euricse","description":"Knowledge and innovation for cooperative and social enterprises.","potentialAction":[{"@type":"SearchAction","target":{"@type":"EntryPoint","urlTemplate":"https:\/\/euricse.eu\/en\/?s={search_term_string}"},"query-input":{"@type":"PropertyValueSpecification","valueRequired":true,"valueName":"search_term_string"}}],"inLanguage":"it-IT"},{"@type":"Person","@id":"https:\/\/euricse.eu\/en\/#\/schema\/person\/46be9426d76e3114ba478b69f3d8040b","name":"redazione","image":{"@type":"ImageObject","inLanguage":"it-IT","@id":"https:\/\/euricse.eu\/en\/#\/schema\/person\/image\/","url":"https:\/\/secure.gravatar.com\/avatar\/d1e5fb76fa001722a0822f32de0a8935d9c7a01b0f055f16dc71df73252c3c50?s=96&d=mm&r=g","contentUrl":"https:\/\/secure.gravatar.com\/avatar\/d1e5fb76fa001722a0822f32de0a8935d9c7a01b0f055f16dc71df73252c3c50?s=96&d=mm&r=g","caption":"redazione"},"url":"https:\/\/euricse.eu\/it\/author\/marikadmin\/"}]}},"_links":{"self":[{"href":"https:\/\/euricse.eu\/it\/wp-json\/wp\/v2\/posts\/8188","targetHints":{"allow":["GET"]}}],"collection":[{"href":"https:\/\/euricse.eu\/it\/wp-json\/wp\/v2\/posts"}],"about":[{"href":"https:\/\/euricse.eu\/it\/wp-json\/wp\/v2\/types\/post"}],"author":[{"embeddable":true,"href":"https:\/\/euricse.eu\/it\/wp-json\/wp\/v2\/users\/30"}],"replies":[{"embeddable":true,"href":"https:\/\/euricse.eu\/it\/wp-json\/wp\/v2\/comments?post=8188"}],"version-history":[{"count":0,"href":"https:\/\/euricse.eu\/it\/wp-json\/wp\/v2\/posts\/8188\/revisions"}],"wp:featuredmedia":[{"embeddable":true,"href":"https:\/\/euricse.eu\/it\/wp-json\/wp\/v2\/media\/8189"}],"wp:attachment":[{"href":"https:\/\/euricse.eu\/it\/wp-json\/wp\/v2\/media?parent=8188"}],"wp:term":[{"taxonomy":"category","embeddable":true,"href":"https:\/\/euricse.eu\/it\/wp-json\/wp\/v2\/categories?post=8188"},{"taxonomy":"post_tag","embeddable":true,"href":"https:\/\/euricse.eu\/it\/wp-json\/wp\/v2\/tags?post=8188"}],"curies":[{"name":"wp","href":"https:\/\/api.w.org\/{rel}","templated":true}]}}