{"id":8214,"date":"2019-01-31T19:24:54","date_gmt":"2019-01-31T19:24:54","guid":{"rendered":"https:\/\/euricse.staging.hgblu.com\/?p=8214"},"modified":"2019-01-31T19:24:54","modified_gmt":"2019-01-31T19:24:54","slug":"sviluppo-locale-loccasione-delle-imprese-di-comunita","status":"publish","type":"post","link":"https:\/\/euricse.eu\/it\/sviluppo-locale-loccasione-delle-imprese-di-comunita\/","title":{"rendered":"Sviluppo locale, l&#8217;occasione delle imprese di comunit\u00e0"},"content":{"rendered":"<p>Orvieto, presentato a Palazzo dei Sette il libro di Sforzi, Mori e Bernardoni<\/p>\n<p>Oliveti (Cittaslow): &#8220;Nei borghi c&#8217;\u00e8 fragilit\u00e0, ma anche voglia di rivincita e di riscatto&#8221;<\/p>\n<p>\u201cNei borghi e nelle aree interne c&#8217;\u00e8 fragilit\u00e0, ma c&#8217;\u00e8 anche voglia di rivincita, di riscatto e di progetto\u201d. Pier Giorgio Oliveti, segretario generale di Citt\u00e0 Slow International \u00e8 partito da qui. Indicando le sfumature in chiaroscuro dei piccoli territori italiani: in parte feriti da una lenta emorragia di abitanti e al tempo stesso capaci di slanci resilienti e innovative soluzioni di sviluppo locale. A Palazzo dei Sette, a Orvieto, Oliveti ha introdotto cos\u00ec la prima presentazione del libro &#8220;Imprese di comunit\u00e0. Innovazione istituzionale, partecipazione e sviluppo locale&#8221; (il Mulino) curato da Jacopo Sforzi e Pier Angelo Mori. Un volume frutto di un percorso di ricerca avviato negli ultimi anni da Euricse che analizza, nelle parole di Sforzi, \u201cuno strumento di sviluppo partecipato dai cittadini e capace di rispondere ai singoli bisogni dei territori\u201d.<\/p>\n<p><!--more--><br \/>\n\u201cLa domanda che ci poniamo tutti i giorni \u00e8 come avere un futuro di qualit\u00e0, come promuovere il ritorno all&#8217;antico tuttavia in modo nuovo, moderno \u2013 ha esordito Oliveti nel corso della serata di \u201cA scuola di Cittaslow &#8211; Tutti i giorni i 256 sindaci di Cittaslow, diffusi in oltre 30 Paesi, sono impegnati nel creare le basi di una economia resiliente, partecipata, aperta\u201d. Per le piccole cittadine, i borghi, le periferie di tutto il mondo &#8211; \u201cDal Giappone all&#8217;Appennino\u201d, ha precisato Oliveti \u2013 le criticit\u00e0 sono tante, sono note. \u201cI problemi esistono e sono persino gravi \u2013 ha detto ancora \u2013 ed \u00e8 per questo che promuoviamo una somma di microeconomie resistenti che possono dare un futuro di qualit\u00e0 alle giovani generazioni\u201d. \u201cOvvero costruendo opportunit\u00e0\u201d, ha fatto eco Daniela Brugnossi, sindaca di Monte Castello di Vibio. \u201cLe piccole comunit\u00e0 hanno delle fragilit\u00e0: basta poco per migliorare, ma basta poco persino per cambiare in peggio\u201d.<\/p>\n<p>Il municipio di Brugnossi ha declinato sul campo una soluzione originale: \u201cAbbiamo optato per le cooperative di comunit\u00e0 e l&#8217;abbiamo fatto \u2013 ha ricordato &#8211; per riportare l&#8217;uomo al centro; ricostruendo una nuova identit\u00e0 collettiva\u201d.<br \/>\nLo stesso \u00e8 accaduto a Ficulle, cos\u00ec come spiegato dal primo cittadino Gian Luigi Maravalle. \u201cI piccoli borghi \u2013 ha spiegato a Orvieto &#8211; devono trovare il modo di sopravvivere; facendo rete, ideando un sistema per lavorare insieme ed evitare d&#8217;essere schiacciati dai trend delle grandi citt\u00e0\u201d. Il sindaco ha poi citato i divari che separano il Paese. Gap sociali e gap territoriali. \u201cIl 90% del Paese \u00e8 area interna\u201d, ha detto.<br \/>\nDa nord a sud c&#8217;\u00e8 chi ha cercato di praticare percorsi di sviluppo alternativi. E il libro dedicato alle imprese di comunit\u00e0 ripercorre i tratti innovativi di tali esercizi d&#8217;innovazione. \u201cLa ricerca \u2013 ha esordito Jacopo Sforzi \u2013 nasce in seguito al riconoscimento di un fenomeno: a partire dal 2011, Legacoop attribuisce infatti l&#8217;etichetta \u201cimpresa di comunit\u00e0\u201d a un modello che andava avanti da tempo e che si differenziava rispetto alle forme tradizionali\u201d.<\/p>\n<p>Per comprenderne le specificit\u00e0, la governance, il funzionamento economico, Sforzi e Pier Angelo Mori hanno studiato circa venti casi maturi, disseminati in tutto il Paese. \u201cNel volume \u2013 ha spiegato Sforzi \u2013 si parla di innovazione istituzionale perch\u00e9 al centro di tale modello c&#8217;\u00e8 un nuovo modo di organizzare la produzione, attraverso il coinvolgimento dei cittadini che assumono un ruolo attivo nel definire le strategie, la programmazione e nella condivisione del progetto di sviluppo locale che s&#8217;intende adottare\u201d.<br \/>\nIl cambio di prospettiva \u00e8 evidente e segue un andamento orizzontale. \u201cI cittadini \u2013 ha spiegato ancora Sforzi \u2013 esplicitano le soluzioni che intendono scegliere per soddisfare i propri bisogni e, di pari passo, per amplificare la qualit\u00e0 della propria vita\u201d.<br \/>\nSia chiaro, ha avvertito Sforzi, quello delle imprese di comunit\u00e0 non \u00e8 un modello universalistico. \u201cOgni territorio ha una specificit\u00e0, ha dei bisogni e avr\u00e0 delle soluzioni diverse; i cittadini vanno quindi messi nelle condizioni di poterlo fare\u201d.<br \/>\nIl funzionamento dell&#8217;impresa di comunit\u00e0, ancora, implica la condivisione degli attori coinvolti, cos\u00ec come precisato da Andrea Bernardoni, Legacoopsociali e co-autore del volume. \u201cDeterminante \u2013 ha spiegato \u2013 sar\u00e0 il rapporto fra enti locali e imprese di comunit\u00e0 che, con simile premesse, sono lo strumento per produrre un reale cambiamento nel paradigma di sviluppo sino a oggi conosciuto\u201d. Trasformazioni tecnologiche, cambiamenti climatici, oscillazioni demografiche: \u00e8 lungo l&#8217;elenco delle variabili bisognose d&#8217;essere governate. \u201cI cittadini, collaborando con le comunit\u00e0 locali, hanno dimostrato di saper ricoprire un ruolo attivo nel disegnare prospettive di sviluppo realmente sostenibile\u201d.<br \/>\nLa sfida posta dalle imprese di comunit\u00e0 implica quindi il coinvolgimento delle parti, di tutte quante. Pubblico, privato. \u201cE della cooperazione \u2013 ha concluso Bernardoni \u2013 la cui sfida \u00e8 dare risposte innovative alle rapide trasformazioni in atto\u201d.<\/p>\n","protected":false},"excerpt":{"rendered":"<p>Orvieto, presentato a Palazzo dei Sette il libro di Sforzi, Mori e Bernardoni Oliveti (Cittaslow): &#8220;Nei borghi c&#8217;\u00e8 fragilit\u00e0, ma anche voglia di rivincita e di riscatto&#8221; \u201cNei borghi e nelle aree interne c&#8217;\u00e8 fragilit\u00e0, ma c&#8217;\u00e8 anche voglia di rivincita, di riscatto e di progetto\u201d. Pier Giorgio Oliveti, segretario generale di Citt\u00e0 Slow International [&hellip;]<\/p>\n","protected":false},"author":30,"featured_media":8181,"comment_status":"open","ping_status":"closed","sticky":false,"template":"","format":"standard","meta":{"_acf_changed":false,"episode_type":"","audio_file":"","cover_image":"","cover_image_id":"","duration":"","filesize":"","date_recorded":"","explicit":"","block":"","itunes_episode_number":"","itunes_title":"","itunes_season_number":"","itunes_episode_type":"","filesize_raw":"","footnotes":""},"categories":[17],"tags":[],"class_list":["post-8214","post","type-post","status-publish","format-standard","has-post-thumbnail","hentry","category-news-it"],"acf":[],"yoast_head":"<!-- This site is optimized with the Yoast SEO plugin v26.1.1 - https:\/\/yoast.com\/wordpress\/plugins\/seo\/ -->\n<title>Sviluppo locale, l&#039;occasione delle imprese di comunit\u00e0 - Euricse<\/title>\n<meta name=\"robots\" content=\"index, follow, max-snippet:-1, max-image-preview:large, max-video-preview:-1\" \/>\n<link rel=\"canonical\" href=\"https:\/\/euricse.eu\/it\/sviluppo-locale-loccasione-delle-imprese-di-comunita\/\" \/>\n<meta property=\"og:locale\" content=\"it_IT\" \/>\n<meta property=\"og:type\" content=\"article\" \/>\n<meta property=\"og:title\" content=\"Sviluppo locale, l&#039;occasione delle imprese di comunit\u00e0 - Euricse\" \/>\n<meta property=\"og:description\" content=\"Orvieto, presentato a Palazzo dei Sette il libro di Sforzi, Mori e Bernardoni Oliveti (Cittaslow): &#8220;Nei borghi c&#8217;\u00e8 fragilit\u00e0, ma anche voglia di rivincita e di riscatto&#8221; \u201cNei borghi e nelle aree interne c&#8217;\u00e8 fragilit\u00e0, ma c&#8217;\u00e8 anche voglia di rivincita, di riscatto e di progetto\u201d. Pier Giorgio Oliveti, segretario generale di Citt\u00e0 Slow International [&hellip;]\" \/>\n<meta property=\"og:url\" content=\"https:\/\/euricse.eu\/it\/sviluppo-locale-loccasione-delle-imprese-di-comunita\/\" \/>\n<meta property=\"og:site_name\" content=\"Euricse\" \/>\n<meta property=\"article:published_time\" content=\"2019-01-31T19:24:54+00:00\" \/>\n<meta property=\"og:image\" content=\"https:\/\/euricse.eu\/wp-content\/uploads\/2019\/01\/art-3929747_1920.jpg\" \/>\n\t<meta property=\"og:image:width\" content=\"1920\" \/>\n\t<meta property=\"og:image:height\" content=\"1280\" \/>\n\t<meta property=\"og:image:type\" content=\"image\/jpeg\" \/>\n<meta name=\"author\" content=\"redazione\" \/>\n<meta name=\"twitter:card\" content=\"summary_large_image\" \/>\n<meta name=\"twitter:label1\" content=\"Scritto da\" \/>\n\t<meta name=\"twitter:data1\" content=\"redazione\" \/>\n\t<meta name=\"twitter:label2\" content=\"Tempo di lettura stimato\" \/>\n\t<meta name=\"twitter:data2\" content=\"4 minuti\" \/>\n<script type=\"application\/ld+json\" class=\"yoast-schema-graph\">{\"@context\":\"https:\/\/schema.org\",\"@graph\":[{\"@type\":\"WebPage\",\"@id\":\"https:\/\/euricse.eu\/it\/sviluppo-locale-loccasione-delle-imprese-di-comunita\/\",\"url\":\"https:\/\/euricse.eu\/it\/sviluppo-locale-loccasione-delle-imprese-di-comunita\/\",\"name\":\"Sviluppo locale, l'occasione delle imprese di comunit\u00e0 - Euricse\",\"isPartOf\":{\"@id\":\"https:\/\/euricse.eu\/en\/#website\"},\"primaryImageOfPage\":{\"@id\":\"https:\/\/euricse.eu\/it\/sviluppo-locale-loccasione-delle-imprese-di-comunita\/#primaryimage\"},\"image\":{\"@id\":\"https:\/\/euricse.eu\/it\/sviluppo-locale-loccasione-delle-imprese-di-comunita\/#primaryimage\"},\"thumbnailUrl\":\"https:\/\/euricse.eu\/wp-content\/uploads\/2019\/01\/art-3929747_1920.jpg\",\"datePublished\":\"2019-01-31T19:24:54+00:00\",\"author\":{\"@id\":\"https:\/\/euricse.eu\/en\/#\/schema\/person\/46be9426d76e3114ba478b69f3d8040b\"},\"breadcrumb\":{\"@id\":\"https:\/\/euricse.eu\/it\/sviluppo-locale-loccasione-delle-imprese-di-comunita\/#breadcrumb\"},\"inLanguage\":\"it-IT\",\"potentialAction\":[{\"@type\":\"ReadAction\",\"target\":[\"https:\/\/euricse.eu\/it\/sviluppo-locale-loccasione-delle-imprese-di-comunita\/\"]}]},{\"@type\":\"ImageObject\",\"inLanguage\":\"it-IT\",\"@id\":\"https:\/\/euricse.eu\/it\/sviluppo-locale-loccasione-delle-imprese-di-comunita\/#primaryimage\",\"url\":\"https:\/\/euricse.eu\/wp-content\/uploads\/2019\/01\/art-3929747_1920.jpg\",\"contentUrl\":\"https:\/\/euricse.eu\/wp-content\/uploads\/2019\/01\/art-3929747_1920.jpg\",\"width\":1920,\"height\":1280},{\"@type\":\"BreadcrumbList\",\"@id\":\"https:\/\/euricse.eu\/it\/sviluppo-locale-loccasione-delle-imprese-di-comunita\/#breadcrumb\",\"itemListElement\":[{\"@type\":\"ListItem\",\"position\":1,\"name\":\"Home\",\"item\":\"https:\/\/euricse.eu\/it\/\"},{\"@type\":\"ListItem\",\"position\":2,\"name\":\"Sviluppo locale, l&#8217;occasione delle imprese di comunit\u00e0\"}]},{\"@type\":\"WebSite\",\"@id\":\"https:\/\/euricse.eu\/en\/#website\",\"url\":\"https:\/\/euricse.eu\/en\/\",\"name\":\"Euricse\",\"description\":\"Knowledge and innovation for cooperative and social enterprises.\",\"potentialAction\":[{\"@type\":\"SearchAction\",\"target\":{\"@type\":\"EntryPoint\",\"urlTemplate\":\"https:\/\/euricse.eu\/en\/?s={search_term_string}\"},\"query-input\":{\"@type\":\"PropertyValueSpecification\",\"valueRequired\":true,\"valueName\":\"search_term_string\"}}],\"inLanguage\":\"it-IT\"},{\"@type\":\"Person\",\"@id\":\"https:\/\/euricse.eu\/en\/#\/schema\/person\/46be9426d76e3114ba478b69f3d8040b\",\"name\":\"redazione\",\"image\":{\"@type\":\"ImageObject\",\"inLanguage\":\"it-IT\",\"@id\":\"https:\/\/euricse.eu\/en\/#\/schema\/person\/image\/\",\"url\":\"https:\/\/secure.gravatar.com\/avatar\/d1e5fb76fa001722a0822f32de0a8935d9c7a01b0f055f16dc71df73252c3c50?s=96&d=mm&r=g\",\"contentUrl\":\"https:\/\/secure.gravatar.com\/avatar\/d1e5fb76fa001722a0822f32de0a8935d9c7a01b0f055f16dc71df73252c3c50?s=96&d=mm&r=g\",\"caption\":\"redazione\"},\"url\":\"https:\/\/euricse.eu\/it\/author\/marikadmin\/\"}]}<\/script>\n<!-- \/ Yoast SEO plugin. -->","yoast_head_json":{"title":"Sviluppo locale, l'occasione delle imprese di comunit\u00e0 - Euricse","robots":{"index":"index","follow":"follow","max-snippet":"max-snippet:-1","max-image-preview":"max-image-preview:large","max-video-preview":"max-video-preview:-1"},"canonical":"https:\/\/euricse.eu\/it\/sviluppo-locale-loccasione-delle-imprese-di-comunita\/","og_locale":"it_IT","og_type":"article","og_title":"Sviluppo locale, l'occasione delle imprese di comunit\u00e0 - Euricse","og_description":"Orvieto, presentato a Palazzo dei Sette il libro di Sforzi, Mori e Bernardoni Oliveti (Cittaslow): &#8220;Nei borghi c&#8217;\u00e8 fragilit\u00e0, ma anche voglia di rivincita e di riscatto&#8221; \u201cNei borghi e nelle aree interne c&#8217;\u00e8 fragilit\u00e0, ma c&#8217;\u00e8 anche voglia di rivincita, di riscatto e di progetto\u201d. Pier Giorgio Oliveti, segretario generale di Citt\u00e0 Slow International [&hellip;]","og_url":"https:\/\/euricse.eu\/it\/sviluppo-locale-loccasione-delle-imprese-di-comunita\/","og_site_name":"Euricse","article_published_time":"2019-01-31T19:24:54+00:00","og_image":[{"width":1920,"height":1280,"url":"https:\/\/euricse.eu\/wp-content\/uploads\/2019\/01\/art-3929747_1920.jpg","type":"image\/jpeg"}],"author":"redazione","twitter_card":"summary_large_image","twitter_misc":{"Scritto da":"redazione","Tempo di lettura stimato":"4 minuti"},"schema":{"@context":"https:\/\/schema.org","@graph":[{"@type":"WebPage","@id":"https:\/\/euricse.eu\/it\/sviluppo-locale-loccasione-delle-imprese-di-comunita\/","url":"https:\/\/euricse.eu\/it\/sviluppo-locale-loccasione-delle-imprese-di-comunita\/","name":"Sviluppo locale, l'occasione delle imprese di comunit\u00e0 - Euricse","isPartOf":{"@id":"https:\/\/euricse.eu\/en\/#website"},"primaryImageOfPage":{"@id":"https:\/\/euricse.eu\/it\/sviluppo-locale-loccasione-delle-imprese-di-comunita\/#primaryimage"},"image":{"@id":"https:\/\/euricse.eu\/it\/sviluppo-locale-loccasione-delle-imprese-di-comunita\/#primaryimage"},"thumbnailUrl":"https:\/\/euricse.eu\/wp-content\/uploads\/2019\/01\/art-3929747_1920.jpg","datePublished":"2019-01-31T19:24:54+00:00","author":{"@id":"https:\/\/euricse.eu\/en\/#\/schema\/person\/46be9426d76e3114ba478b69f3d8040b"},"breadcrumb":{"@id":"https:\/\/euricse.eu\/it\/sviluppo-locale-loccasione-delle-imprese-di-comunita\/#breadcrumb"},"inLanguage":"it-IT","potentialAction":[{"@type":"ReadAction","target":["https:\/\/euricse.eu\/it\/sviluppo-locale-loccasione-delle-imprese-di-comunita\/"]}]},{"@type":"ImageObject","inLanguage":"it-IT","@id":"https:\/\/euricse.eu\/it\/sviluppo-locale-loccasione-delle-imprese-di-comunita\/#primaryimage","url":"https:\/\/euricse.eu\/wp-content\/uploads\/2019\/01\/art-3929747_1920.jpg","contentUrl":"https:\/\/euricse.eu\/wp-content\/uploads\/2019\/01\/art-3929747_1920.jpg","width":1920,"height":1280},{"@type":"BreadcrumbList","@id":"https:\/\/euricse.eu\/it\/sviluppo-locale-loccasione-delle-imprese-di-comunita\/#breadcrumb","itemListElement":[{"@type":"ListItem","position":1,"name":"Home","item":"https:\/\/euricse.eu\/it\/"},{"@type":"ListItem","position":2,"name":"Sviluppo locale, l&#8217;occasione delle imprese di comunit\u00e0"}]},{"@type":"WebSite","@id":"https:\/\/euricse.eu\/en\/#website","url":"https:\/\/euricse.eu\/en\/","name":"Euricse","description":"Knowledge and innovation for cooperative and social enterprises.","potentialAction":[{"@type":"SearchAction","target":{"@type":"EntryPoint","urlTemplate":"https:\/\/euricse.eu\/en\/?s={search_term_string}"},"query-input":{"@type":"PropertyValueSpecification","valueRequired":true,"valueName":"search_term_string"}}],"inLanguage":"it-IT"},{"@type":"Person","@id":"https:\/\/euricse.eu\/en\/#\/schema\/person\/46be9426d76e3114ba478b69f3d8040b","name":"redazione","image":{"@type":"ImageObject","inLanguage":"it-IT","@id":"https:\/\/euricse.eu\/en\/#\/schema\/person\/image\/","url":"https:\/\/secure.gravatar.com\/avatar\/d1e5fb76fa001722a0822f32de0a8935d9c7a01b0f055f16dc71df73252c3c50?s=96&d=mm&r=g","contentUrl":"https:\/\/secure.gravatar.com\/avatar\/d1e5fb76fa001722a0822f32de0a8935d9c7a01b0f055f16dc71df73252c3c50?s=96&d=mm&r=g","caption":"redazione"},"url":"https:\/\/euricse.eu\/it\/author\/marikadmin\/"}]}},"_links":{"self":[{"href":"https:\/\/euricse.eu\/it\/wp-json\/wp\/v2\/posts\/8214","targetHints":{"allow":["GET"]}}],"collection":[{"href":"https:\/\/euricse.eu\/it\/wp-json\/wp\/v2\/posts"}],"about":[{"href":"https:\/\/euricse.eu\/it\/wp-json\/wp\/v2\/types\/post"}],"author":[{"embeddable":true,"href":"https:\/\/euricse.eu\/it\/wp-json\/wp\/v2\/users\/30"}],"replies":[{"embeddable":true,"href":"https:\/\/euricse.eu\/it\/wp-json\/wp\/v2\/comments?post=8214"}],"version-history":[{"count":0,"href":"https:\/\/euricse.eu\/it\/wp-json\/wp\/v2\/posts\/8214\/revisions"}],"wp:featuredmedia":[{"embeddable":true,"href":"https:\/\/euricse.eu\/it\/wp-json\/wp\/v2\/media\/8181"}],"wp:attachment":[{"href":"https:\/\/euricse.eu\/it\/wp-json\/wp\/v2\/media?parent=8214"}],"wp:term":[{"taxonomy":"category","embeddable":true,"href":"https:\/\/euricse.eu\/it\/wp-json\/wp\/v2\/categories?post=8214"},{"taxonomy":"post_tag","embeddable":true,"href":"https:\/\/euricse.eu\/it\/wp-json\/wp\/v2\/tags?post=8214"}],"curies":[{"name":"wp","href":"https:\/\/api.w.org\/{rel}","templated":true}]}}